{"id":90244,"date":"2015-05-02T10:48:02","date_gmt":"2015-05-02T09:48:02","guid":{"rendered":"http:\/\/www.visit-ulcinj.com\/blog\/?p=90244"},"modified":"2015-05-02T10:48:02","modified_gmt":"2015-05-02T09:48:02","slug":"ivan-brajovic-izgradnja-autoputa-pocinje-11-maja","status":"publish","type":"post","link":"https:\/\/www.visit-ulcinj.com\/blog\/2015\/05\/02\/ivan-brajovic-izgradnja-autoputa-pocinje-11-maja\/","title":{"rendered":"Ivan Brajovi\u0107: Izgradnja autoputa po\u010dinje 11. maja"},"content":{"rendered":"<div id=\"sc_content_okvirSREDINA_TOPTX4\"><a href=\"http:\/\/www.visit-ulcinj.com\/blog\/wp-content\/uploads\/2015\/05\/Izgradnja-autoputa.jpg\"><img loading=\"lazy\" class=\"alignleft wp-image-90246\" src=\"http:\/\/www.visit-ulcinj.com\/blog\/wp-content\/uploads\/2015\/05\/Izgradnja-autoputa.jpg\" alt=\"Izgradnja autoputa\" width=\"508\" height=\"286\" srcset=\"https:\/\/www.visit-ulcinj.com\/blog\/wp-content\/uploads\/2015\/05\/Izgradnja-autoputa.jpg 629w, https:\/\/www.visit-ulcinj.com\/blog\/wp-content\/uploads\/2015\/05\/Izgradnja-autoputa-300x169.jpg 300w\" sizes=\"(max-width: 508px) 100vw, 508px\" \/><\/a>Izgradnja autoputa Bar-Boljare zvani\u010dno \u0107e po\u010deti 11. maja, najavio je ministar saobra\u0107aja i pomorstva Ivan Brajovi\u0107.<\/div>\n<div id=\"sc_content_okvirSREDINA_TOPTXOS\">\n<div id=\"sc_content_okvirSREDINA_TOPTX5\">On je, nakon obilaska klizi\u0161ta u Kru\u010dima, podsjetio da je ministar finansija Radoje \u017dugi\u0107 saop\u0161tio da je upla\u0107ena prva rata avansa, te da su time ispunjeni i posljednji uslovi za odre\u0111ivanje datuma po\u010detka radova na autoputu.&#8221;Ono \u0161to je <a id=\"xClaimOglasId-226064-1\" class=\"xClaimClass\" target=\"_blank\"><\/a>posebno va\u017eno za crnogorsku javnost jeste da od tog datuma te\u010de rok od 48 mjeseci za potpuni zavr\u0161etak prioritetne dionice autoputa Bar &#8211; Boljare, Smokovac &#8211; Uva\u010d &#8211; Mate\u0161evo&#8221;, istakao je Brajovi\u0107.<\/p>\n<p>Najavljeni novi projekti<\/p>\n<p>Ministar saobra\u0107aja i pomorstva obi\u0161ao je danas klizi\u0161te u Kru\u010dima koje je, kako se navodi u saop\u0161tenju, u potpunosti i trajno sanirano u roku koji je bio predvi\u0111en za taj posao.<\/p>\n<p>Brajovi\u0107 je kazao da je klizi\u0161te bilo aktivno dugi niz godina, te da je nakon velikih ki\u0161a bila potrebna njegova trajna sanacija koja je izvedena u predvi\u0111enom roku prije po\u010detka ljetnje turisti\u010dke sezone.<\/p>\n<p>Vrijednost radova bila je oko 445 hiljada eura, a radove su izveli preduze\u0107a Bemax i JU Briv.<\/p>\n<p>Osim toga, ministar je najavio mnoge <span id=\"xClaimOglasId-227531-2\" class=\"xClaimClass\">investicije<\/span> u projekte na putnoj infrastrukturi najju\u017enije crnogorske op\u0161tine.<\/p>\n<p>&#8220;Do kraja godine trebalo bi da po\u010dne i rekonstrukcija posljednje dionice puta od grani\u010dnog prelaza Sukobin do grada Ulcinja duge 13 ipo kilometara, a vrijednost radova \u0107e biti 9 miliona eura. Izabran je i projektant za dionicu puta Donje \u0106afe \u2013 Kameni\u010dki most \u2013 Krute, od koje 3 kilometra prolaze kroz teritoriju op\u0161tine Ulcinj&#8221;, stoji u saop\u0161tenju.<\/p>\n<p>Brajovi\u0107 je najavio i rekonstrukciju puta Rasti\u0161 \u2013 Ostros. U susret turisti\u010dkoj sezoni, radi se i redovno investiciono presvla\u010denje kolovoznog zastora na mnogim lokalitetima u na\u0161oj zemlji.<\/p>\n<p><strong>Izvor: CDM<\/strong><\/p>\n<\/div>\n<\/div>\n","protected":false},"excerpt":{"rendered":"<p>Izgradnja autoputa Bar-Boljare zvani\u010dno \u0107e po\u010deti 11. maja, najavio je ministar saobra\u0107aja i pomorstva Ivan Brajovi\u0107. On je, nakon obilaska klizi\u0161ta u Kru\u010dima, podsjetio da je ministar finansija Radoje \u017dugi\u0107 saop\u0161tio da je upla\u0107ena prva rata avansa, te da su time ispunjeni i posljednji uslovi za odre\u0111ivanje datuma po\u010detka radova na autoputu.&#8221;Ono \u0161to je posebno [&hellip;]<\/p>\n","protected":false},"author":1,"featured_media":0,"comment_status":"closed","ping_status":"closed","sticky":false,"template":"","format":"standard","meta":{"spay_email":"","jetpack_publicize_message":"","jetpack_is_tweetstorm":false,"jetpack_publicize_feature_enabled":true},"categories":[6950],"tags":[],"jetpack_publicize_connections":[],"yoast_head":"<!-- This site is optimized with the Yoast SEO plugin v19.1 - https:\/\/yoast.com\/wordpress\/plugins\/seo\/ -->\n<title>Ivan Brajovi\u0107: Izgradnja autoputa po\u010dinje 11. maja - Lajme nga Ulqini<\/title>\n<meta name=\"description\" content=\"Izgradnja autoputa Bar-Boljare zvani\u010dno \u0107e po\u010deti 11. maja, najavio je ministar saobra\u0107aja i pomorstva Ivan Brajovi\u0107. On je, nakon obilaska klizi\u0161ta u\" \/>\n<meta name=\"robots\" content=\"index, follow, max-snippet:-1, max-image-preview:large, max-video-preview:-1\" \/>\n<link rel=\"canonical\" href=\"https:\/\/www.visit-ulcinj.com\/blog\/2015\/05\/02\/ivan-brajovic-izgradnja-autoputa-pocinje-11-maja\/\" \/>\n<meta property=\"og:locale\" content=\"en_US\" \/>\n<meta property=\"og:type\" content=\"article\" \/>\n<meta property=\"og:title\" content=\"Ivan Brajovi\u0107: Izgradnja autoputa po\u010dinje 11. maja - Lajme nga Ulqini\" \/>\n<meta property=\"og:description\" content=\"Izgradnja autoputa Bar-Boljare zvani\u010dno \u0107e po\u010deti 11. maja, najavio je ministar saobra\u0107aja i pomorstva Ivan Brajovi\u0107. On je, nakon obilaska klizi\u0161ta u\" \/>\n<meta property=\"og:url\" content=\"https:\/\/www.visit-ulcinj.com\/blog\/2015\/05\/02\/ivan-brajovic-izgradnja-autoputa-pocinje-11-maja\/\" \/>\n<meta property=\"og:site_name\" content=\"Lajme nga Ulqini\" \/>\n<meta property=\"article:published_time\" content=\"2015-05-02T09:48:02+00:00\" \/>\n<meta property=\"og:image\" content=\"http:\/\/www.visit-ulcinj.com\/blog\/wp-content\/uploads\/2015\/05\/Izgradnja-autoputa.jpg\" \/>\n<meta name=\"twitter:label1\" content=\"Written by\" \/>\n\t<meta name=\"twitter:data1\" content=\"ulqini\" \/>\n\t<meta name=\"twitter:label2\" content=\"Est. reading time\" \/>\n\t<meta name=\"twitter:data2\" content=\"1 minute\" \/>\n<script type=\"application\/ld+json\" class=\"yoast-schema-graph\">{\"@context\":\"https:\/\/schema.org\",\"@graph\":[{\"@type\":\"WebSite\",\"@id\":\"https:\/\/www.visit-ulcinj.com\/blog\/#website\",\"url\":\"https:\/\/www.visit-ulcinj.com\/blog\/\",\"name\":\"Lajme nga Ulqini\",\"description\":\"Lajme,Vijesti,Ulqini,Ulqin,Crna Gora,Mali i Zi\",\"potentialAction\":[{\"@type\":\"SearchAction\",\"target\":{\"@type\":\"EntryPoint\",\"urlTemplate\":\"https:\/\/www.visit-ulcinj.com\/blog\/?s={search_term_string}\"},\"query-input\":\"required name=search_term_string\"}],\"inLanguage\":\"en-US\"},{\"@type\":\"ImageObject\",\"inLanguage\":\"en-US\",\"@id\":\"https:\/\/www.visit-ulcinj.com\/blog\/2015\/05\/02\/ivan-brajovic-izgradnja-autoputa-pocinje-11-maja\/#primaryimage\",\"url\":\"https:\/\/www.visit-ulcinj.com\/blog\/wp-content\/uploads\/2015\/05\/Izgradnja-autoputa.jpg\",\"contentUrl\":\"https:\/\/www.visit-ulcinj.com\/blog\/wp-content\/uploads\/2015\/05\/Izgradnja-autoputa.jpg\",\"width\":629,\"height\":354},{\"@type\":\"WebPage\",\"@id\":\"https:\/\/www.visit-ulcinj.com\/blog\/2015\/05\/02\/ivan-brajovic-izgradnja-autoputa-pocinje-11-maja\/#webpage\",\"url\":\"https:\/\/www.visit-ulcinj.com\/blog\/2015\/05\/02\/ivan-brajovic-izgradnja-autoputa-pocinje-11-maja\/\",\"name\":\"Ivan Brajovi\u0107: Izgradnja autoputa po\u010dinje 11. maja - Lajme nga Ulqini\",\"isPartOf\":{\"@id\":\"https:\/\/www.visit-ulcinj.com\/blog\/#website\"},\"primaryImageOfPage\":{\"@id\":\"https:\/\/www.visit-ulcinj.com\/blog\/2015\/05\/02\/ivan-brajovic-izgradnja-autoputa-pocinje-11-maja\/#primaryimage\"},\"datePublished\":\"2015-05-02T09:48:02+00:00\",\"dateModified\":\"2015-05-02T09:48:02+00:00\",\"author\":{\"@id\":\"https:\/\/www.visit-ulcinj.com\/blog\/#\/schema\/person\/dcab619c614d3038751c63bc2aadc06d\"},\"description\":\"Izgradnja autoputa Bar-Boljare zvani\u010dno \u0107e po\u010deti 11. maja, najavio je ministar saobra\u0107aja i pomorstva Ivan Brajovi\u0107. On je, nakon obilaska klizi\u0161ta u\",\"breadcrumb\":{\"@id\":\"https:\/\/www.visit-ulcinj.com\/blog\/2015\/05\/02\/ivan-brajovic-izgradnja-autoputa-pocinje-11-maja\/#breadcrumb\"},\"inLanguage\":\"en-US\",\"potentialAction\":[{\"@type\":\"ReadAction\",\"target\":[\"https:\/\/www.visit-ulcinj.com\/blog\/2015\/05\/02\/ivan-brajovic-izgradnja-autoputa-pocinje-11-maja\/\"]}]},{\"@type\":\"BreadcrumbList\",\"@id\":\"https:\/\/www.visit-ulcinj.com\/blog\/2015\/05\/02\/ivan-brajovic-izgradnja-autoputa-pocinje-11-maja\/#breadcrumb\",\"itemListElement\":[{\"@type\":\"ListItem\",\"position\":1,\"name\":\"Ivan Brajovi\u0107: Izgradnja autoputa po\u010dinje 11. maja\"}]},{\"@type\":\"Person\",\"@id\":\"https:\/\/www.visit-ulcinj.com\/blog\/#\/schema\/person\/dcab619c614d3038751c63bc2aadc06d\",\"name\":\"ulqini\",\"sameAs\":[\"http:\/\/www.visit-ulcinj.com\"],\"url\":\"https:\/\/www.visit-ulcinj.com\/blog\/author\/admin\/\"}]}<\/script>\n<!-- \/ Yoast SEO plugin. -->","yoast_head_json":{"title":"Ivan Brajovi\u0107: Izgradnja autoputa po\u010dinje 11. maja - Lajme nga Ulqini","description":"Izgradnja autoputa Bar-Boljare zvani\u010dno \u0107e po\u010deti 11. maja, najavio je ministar saobra\u0107aja i pomorstva Ivan Brajovi\u0107. On je, nakon obilaska klizi\u0161ta u","robots":{"index":"index","follow":"follow","max-snippet":"max-snippet:-1","max-image-preview":"max-image-preview:large","max-video-preview":"max-video-preview:-1"},"canonical":"https:\/\/www.visit-ulcinj.com\/blog\/2015\/05\/02\/ivan-brajovic-izgradnja-autoputa-pocinje-11-maja\/","og_locale":"en_US","og_type":"article","og_title":"Ivan Brajovi\u0107: Izgradnja autoputa po\u010dinje 11. maja - Lajme nga Ulqini","og_description":"Izgradnja autoputa Bar-Boljare zvani\u010dno \u0107e po\u010deti 11. maja, najavio je ministar saobra\u0107aja i pomorstva Ivan Brajovi\u0107. On je, nakon obilaska klizi\u0161ta u","og_url":"https:\/\/www.visit-ulcinj.com\/blog\/2015\/05\/02\/ivan-brajovic-izgradnja-autoputa-pocinje-11-maja\/","og_site_name":"Lajme nga Ulqini","article_published_time":"2015-05-02T09:48:02+00:00","og_image":[{"url":"http:\/\/www.visit-ulcinj.com\/blog\/wp-content\/uploads\/2015\/05\/Izgradnja-autoputa.jpg"}],"twitter_misc":{"Written by":"ulqini","Est. reading time":"1 minute"},"schema":{"@context":"https:\/\/schema.org","@graph":[{"@type":"WebSite","@id":"https:\/\/www.visit-ulcinj.com\/blog\/#website","url":"https:\/\/www.visit-ulcinj.com\/blog\/","name":"Lajme nga Ulqini","description":"Lajme,Vijesti,Ulqini,Ulqin,Crna Gora,Mali i Zi","potentialAction":[{"@type":"SearchAction","target":{"@type":"EntryPoint","urlTemplate":"https:\/\/www.visit-ulcinj.com\/blog\/?s={search_term_string}"},"query-input":"required name=search_term_string"}],"inLanguage":"en-US"},{"@type":"ImageObject","inLanguage":"en-US","@id":"https:\/\/www.visit-ulcinj.com\/blog\/2015\/05\/02\/ivan-brajovic-izgradnja-autoputa-pocinje-11-maja\/#primaryimage","url":"https:\/\/www.visit-ulcinj.com\/blog\/wp-content\/uploads\/2015\/05\/Izgradnja-autoputa.jpg","contentUrl":"https:\/\/www.visit-ulcinj.com\/blog\/wp-content\/uploads\/2015\/05\/Izgradnja-autoputa.jpg","width":629,"height":354},{"@type":"WebPage","@id":"https:\/\/www.visit-ulcinj.com\/blog\/2015\/05\/02\/ivan-brajovic-izgradnja-autoputa-pocinje-11-maja\/#webpage","url":"https:\/\/www.visit-ulcinj.com\/blog\/2015\/05\/02\/ivan-brajovic-izgradnja-autoputa-pocinje-11-maja\/","name":"Ivan Brajovi\u0107: Izgradnja autoputa po\u010dinje 11. maja - Lajme nga Ulqini","isPartOf":{"@id":"https:\/\/www.visit-ulcinj.com\/blog\/#website"},"primaryImageOfPage":{"@id":"https:\/\/www.visit-ulcinj.com\/blog\/2015\/05\/02\/ivan-brajovic-izgradnja-autoputa-pocinje-11-maja\/#primaryimage"},"datePublished":"2015-05-02T09:48:02+00:00","dateModified":"2015-05-02T09:48:02+00:00","author":{"@id":"https:\/\/www.visit-ulcinj.com\/blog\/#\/schema\/person\/dcab619c614d3038751c63bc2aadc06d"},"description":"Izgradnja autoputa Bar-Boljare zvani\u010dno \u0107e po\u010deti 11. maja, najavio je ministar saobra\u0107aja i pomorstva Ivan Brajovi\u0107. On je, nakon obilaska klizi\u0161ta u","breadcrumb":{"@id":"https:\/\/www.visit-ulcinj.com\/blog\/2015\/05\/02\/ivan-brajovic-izgradnja-autoputa-pocinje-11-maja\/#breadcrumb"},"inLanguage":"en-US","potentialAction":[{"@type":"ReadAction","target":["https:\/\/www.visit-ulcinj.com\/blog\/2015\/05\/02\/ivan-brajovic-izgradnja-autoputa-pocinje-11-maja\/"]}]},{"@type":"BreadcrumbList","@id":"https:\/\/www.visit-ulcinj.com\/blog\/2015\/05\/02\/ivan-brajovic-izgradnja-autoputa-pocinje-11-maja\/#breadcrumb","itemListElement":[{"@type":"ListItem","position":1,"name":"Ivan Brajovi\u0107: Izgradnja autoputa po\u010dinje 11. maja"}]},{"@type":"Person","@id":"https:\/\/www.visit-ulcinj.com\/blog\/#\/schema\/person\/dcab619c614d3038751c63bc2aadc06d","name":"ulqini","sameAs":["http:\/\/www.visit-ulcinj.com"],"url":"https:\/\/www.visit-ulcinj.com\/blog\/author\/admin\/"}]}},"jetpack_featured_media_url":"","jetpack_sharing_enabled":true,"jetpack_shortlink":"https:\/\/wp.me\/pe6lTn-nty","_links":{"self":[{"href":"https:\/\/www.visit-ulcinj.com\/blog\/wp-json\/wp\/v2\/posts\/90244"}],"collection":[{"href":"https:\/\/www.visit-ulcinj.com\/blog\/wp-json\/wp\/v2\/posts"}],"about":[{"href":"https:\/\/www.visit-ulcinj.com\/blog\/wp-json\/wp\/v2\/types\/post"}],"author":[{"embeddable":true,"href":"https:\/\/www.visit-ulcinj.com\/blog\/wp-json\/wp\/v2\/users\/1"}],"replies":[{"embeddable":true,"href":"https:\/\/www.visit-ulcinj.com\/blog\/wp-json\/wp\/v2\/comments?post=90244"}],"version-history":[{"count":1,"href":"https:\/\/www.visit-ulcinj.com\/blog\/wp-json\/wp\/v2\/posts\/90244\/revisions"}],"predecessor-version":[{"id":90247,"href":"https:\/\/www.visit-ulcinj.com\/blog\/wp-json\/wp\/v2\/posts\/90244\/revisions\/90247"}],"wp:attachment":[{"href":"https:\/\/www.visit-ulcinj.com\/blog\/wp-json\/wp\/v2\/media?parent=90244"}],"wp:term":[{"taxonomy":"category","embeddable":true,"href":"https:\/\/www.visit-ulcinj.com\/blog\/wp-json\/wp\/v2\/categories?post=90244"},{"taxonomy":"post_tag","embeddable":true,"href":"https:\/\/www.visit-ulcinj.com\/blog\/wp-json\/wp\/v2\/tags?post=90244"}],"curies":[{"name":"wp","href":"https:\/\/api.w.org\/{rel}","templated":true}]}}