{"id":90268,"date":"2015-05-04T15:27:24","date_gmt":"2015-05-04T14:27:24","guid":{"rendered":"http:\/\/www.visit-ulcinj.com\/blog\/?p=90268"},"modified":"2015-05-04T15:27:57","modified_gmt":"2015-05-04T14:27:57","slug":"poema-perpjekja-e-autorit-gjylaver-avdiut","status":"publish","type":"post","link":"https:\/\/www.visit-ulcinj.com\/blog\/2015\/05\/04\/poema-perpjekja-e-autorit-gjylaver-avdiut\/","title":{"rendered":"Poema &#8220;P\u00ebrpjekja&#8221; e autorit  Gjylaver  Avdiut"},"content":{"rendered":"<p><strong><em><a href=\"http:\/\/www.visit-ulcinj.com\/blog\/wp-content\/uploads\/2015\/05\/Poema-P\u00ebrpjekja-e-autorit-Gjylaver-Avdiut.jpg\"><img loading=\"lazy\" class=\"alignleft wp-image-90269 size-full\" src=\"http:\/\/www.visit-ulcinj.com\/blog\/wp-content\/uploads\/2015\/05\/Poema-P\u00ebrpjekja-e-autorit-Gjylaver-Avdiut.jpg\" alt=\"Poema-P\u00ebrpjekja e autorit-Gjylaver  Avdiut\" width=\"260\" height=\"389\" srcset=\"https:\/\/www.visit-ulcinj.com\/blog\/wp-content\/uploads\/2015\/05\/Poema-P\u00ebrpjekja-e-autorit-Gjylaver-Avdiut.jpg 260w, https:\/\/www.visit-ulcinj.com\/blog\/wp-content\/uploads\/2015\/05\/Poema-P\u00ebrpjekja-e-autorit-Gjylaver-Avdiut-201x300.jpg 201w\" sizes=\"(max-width: 260px) 100vw, 260px\" \/><\/a>Shkruan Muhamet Nika<\/em><\/strong><\/p>\n<p><strong><em>&#8211; Nj\u00eb \u00a0opinioni i shprehur pa gjykim?!<\/em><\/strong><\/p>\n<p>Autori Gjylaver Avdiu , nj\u00eb ish i p\u00ebrndjekur politik nga fshati Sukubin\u00eb &#8211; Komuna e Ulqiniti, lexuesve shqiptar\u00eb k\u00ebtyre dit\u00ebve, iu paraqitet me librin e tij t\u00eb radh\u00ebs( t\u00eb tretin), poem\u00ebn <strong>\u201c P\u00ebrpjekja\u201d. <\/strong><\/p>\n<p>Poema nis me vargjet e nj\u00eb realiteti absurd e aspak mik\u00ebprit\u00ebs p\u00ebr te si njeri. Procesi i ndjekjes armiq\u00ebsore , me tabllo kafkiane , ka nisur q\u00eb prej\u00a0\u00a0 momentit t\u00eb lindjes dhe si i till\u00eb vazhdoi e vazhdon sot e gjith\u00eb dit\u00ebn.<\/p>\n<p>Ai kujtohet dhe obligohet p\u00ebr gjith\u00eb misionin &#8211; njeri dhe shqiptar q\u00eb ka\u00a0\u00a0 duke u shprehet me vargjet<em>: T\u00eb tjer\u00ebt u g\u00ebzuan dhe u k\u00ebnaqen p\u00ebr lindjen t\u00ebnde!\/ Ti si u ndjeve\/?Askush s\u2019ta ka var!\/ Shpejt filluan t\u2019\u00eb zhgarravisin pa t\u00eb pyetur fare!\/ Edhe kur ti p\u00ebrp\u00ebliteshe duke qar\u00eb&#8230;<\/em><\/p>\n<p>Brenga dhe preokupimi i tij par\u00ebsor me t\u00eb cilin rritet dhe burr\u00ebrohet autori , n\u00eb k\u00ebt\u00eb mjedis t\u00eb but\u00eb , por tragjik buz\u00eb kufirit Shqiptaro-shqiptar\u00eb e b\u00ebn\u00eb tek ai edhe formatizimin e tij t\u00eb ardhsh\u00ebm patriotik e krijues t\u00eb cilit i q\u00ebndron besnik gjat\u00eb gjith\u00eb koh\u00ebs.<\/p>\n<p>Gjylaveri, me k\u00ebt\u00eb poem\u00eb, shpalos nj\u00eb vizion t\u00eb ri dhe shum\u00eb segmental i cili i siguron nj\u00eb platform\u00eb t\u00eb re t\u00eb filozofis\u00eb rreth kombit duke e l\u00ebn\u00eb at\u00eb\u201d disi t\u00eb pa th\u00ebn\u00eb\u201d n\u00eb krijimtari q\u00eb pritet ta vazhdoj\u00eb. Ai \u00ebsht\u00eb i vet\u00ebdijsh\u00ebm p\u00ebr vet\u00ebngarkes\u00ebn e imponuar q\u00eb prore e bart\u00eb dhe e ndjek si barr\u00eb duke e nxitur t\u00eb k\u00ebndoj\u00eb p\u00ebr misionin e shenjt si individ\u00eb dhe gjenerat\u00eb . Skenat neverit\u00ebse t\u00eb k\u00ebtij procesi apsurd q\u00eb ndodhin edhe kur\u00a0\u00a0 nuk priteshin , pra edhe pas thyerjeve shoq\u00ebrore t\u00eb viteve 90, duke t\u00eb kujtuar skenat e filmit shqiptar\u00eb \u201cVdekja e Kalit\u201d, jan\u00eb ato q\u00eb m\u00eb shum\u00eb e djegin at\u00eb andaj edhe k\u00ebndoi k\u00ebshtu:<\/p>\n<p><em>P\u00ebr\u00e7arja kishte marr\u00eb udh\u00eb.\/Ti u p\u00ebrpoqe q\u00eb t\u2019 bashkosh;\/ ata t\u00eb qeshnin pas shpine.\/T\u00eb tjer\u00ebve ua b\u00ebnin me sy\/ t\u00eb k\u00ebnaqur q\u00eb t\u00eb shfryt\u00ebzonin e gjoja t\u00eb korruptuan edhe ty&#8230;..<\/em><\/p>\n<p>Qasja e tij rreth problemit t\u00eb deformimeve shoq\u00ebrore q\u00eb te ky u dallua me nj\u00eb shp\u00ebrthim vullkanik- kur t\u00eb gjith\u00eb e llogarisnin t\u00eb heshtur e t\u00eb qet\u00ebsuar d\u00ebshmon se llava e tij do t\u00eb prek\u00eb edhe sot \u201cservil\u00ebt\u201d dhe kopuk\u00ebt e kombit, q\u00eb p\u00ebr momentin , po e b\u00ebjn\u00eb kund\u00ebrshtar\u00ebt e konceptit t\u00eb gravitetit komb\u00ebtar\u00eb kund\u00ebr tij. Por si duket Gjyli, \u00ebsht\u00eb vet\u00eb kuad\u00ebr t\u00eb merret me formimin e opinioneve pozitive , n\u00eb llogari t\u00eb vet\u00eb, ashtu si\u00e7 jan\u00eb t\u00eb gjith\u00eb ata, t\u00eb cil\u00ebt u d\u00ebnuan nj\u00ebher\u00eb e nj\u00eb koh\u00eb p\u00ebr propagand\u00eb armiq\u00ebsore.<\/p>\n<p>Shpresojm\u00eb dhe besojm\u00eb se kjo poem\u00eb me ciklin e fundit t\u00eb vet, do ta qes\u00eb n\u00eb shtegun t\u00eb cilin sipas neve e k\u00ebrkon gjat\u00eb gjith\u00eb jet\u00ebs.<\/p>\n","protected":false},"excerpt":{"rendered":"<p>Shkruan Muhamet Nika &#8211; Nj\u00eb \u00a0opinioni i shprehur pa gjykim?! Autori Gjylaver Avdiu , nj\u00eb ish i p\u00ebrndjekur politik nga fshati Sukubin\u00eb &#8211; Komuna e Ulqiniti, lexuesve shqiptar\u00eb k\u00ebtyre dit\u00ebve, iu paraqitet me librin e tij t\u00eb radh\u00ebs( t\u00eb tretin), poem\u00ebn \u201c P\u00ebrpjekja\u201d. Poema nis me vargjet e nj\u00eb realiteti absurd e aspak mik\u00ebprit\u00ebs p\u00ebr [&hellip;]<\/p>\n","protected":false},"author":1,"featured_media":0,"comment_status":"closed","ping_status":"closed","sticky":false,"template":"","format":"standard","meta":{"spay_email":"","jetpack_publicize_message":"","jetpack_is_tweetstorm":false,"jetpack_publicize_feature_enabled":true},"categories":[4],"tags":[],"jetpack_publicize_connections":[],"yoast_head":"<!-- This site is optimized with the Yoast SEO plugin v19.1 - https:\/\/yoast.com\/wordpress\/plugins\/seo\/ -->\n<title>Poema &quot;P\u00ebrpjekja&quot; e autorit Gjylaver Avdiut - Lajme nga Ulqini<\/title>\n<meta name=\"description\" content=\"Shkruan Muhamet Nika - Nj\u00eb \u00a0opinioni i shprehur pa gjykim?! Autori Gjylaver Avdiu , nj\u00eb ish i p\u00ebrndjekur politik nga fshati Sukubin\u00eb - Komuna e Ulqiniti,\" \/>\n<meta name=\"robots\" content=\"index, follow, max-snippet:-1, max-image-preview:large, max-video-preview:-1\" \/>\n<link rel=\"canonical\" href=\"https:\/\/www.visit-ulcinj.com\/blog\/2015\/05\/04\/poema-perpjekja-e-autorit-gjylaver-avdiut\/\" \/>\n<meta property=\"og:locale\" content=\"en_US\" \/>\n<meta property=\"og:type\" content=\"article\" \/>\n<meta property=\"og:title\" content=\"Poema &quot;P\u00ebrpjekja&quot; e autorit Gjylaver Avdiut - Lajme nga Ulqini\" \/>\n<meta property=\"og:description\" content=\"Shkruan Muhamet Nika - Nj\u00eb \u00a0opinioni i shprehur pa gjykim?! Autori Gjylaver Avdiu , nj\u00eb ish i p\u00ebrndjekur politik nga fshati Sukubin\u00eb - Komuna e Ulqiniti,\" \/>\n<meta property=\"og:url\" content=\"https:\/\/www.visit-ulcinj.com\/blog\/2015\/05\/04\/poema-perpjekja-e-autorit-gjylaver-avdiut\/\" \/>\n<meta property=\"og:site_name\" content=\"Lajme nga Ulqini\" \/>\n<meta property=\"article:published_time\" content=\"2015-05-04T14:27:24+00:00\" \/>\n<meta property=\"article:modified_time\" content=\"2015-05-04T14:27:57+00:00\" \/>\n<meta name=\"twitter:label1\" content=\"Written by\" \/>\n\t<meta name=\"twitter:data1\" content=\"ulqini\" \/>\n\t<meta name=\"twitter:label2\" content=\"Est. reading time\" \/>\n\t<meta name=\"twitter:data2\" content=\"3 minutes\" \/>\n<script type=\"application\/ld+json\" class=\"yoast-schema-graph\">{\"@context\":\"https:\/\/schema.org\",\"@graph\":[{\"@type\":\"WebSite\",\"@id\":\"https:\/\/www.visit-ulcinj.com\/blog\/#website\",\"url\":\"https:\/\/www.visit-ulcinj.com\/blog\/\",\"name\":\"Lajme nga Ulqini\",\"description\":\"Lajme,Vijesti,Ulqini,Ulqin,Crna Gora,Mali i Zi\",\"potentialAction\":[{\"@type\":\"SearchAction\",\"target\":{\"@type\":\"EntryPoint\",\"urlTemplate\":\"https:\/\/www.visit-ulcinj.com\/blog\/?s={search_term_string}\"},\"query-input\":\"required name=search_term_string\"}],\"inLanguage\":\"en-US\"},{\"@type\":\"WebPage\",\"@id\":\"https:\/\/www.visit-ulcinj.com\/blog\/2015\/05\/04\/poema-perpjekja-e-autorit-gjylaver-avdiut\/#webpage\",\"url\":\"https:\/\/www.visit-ulcinj.com\/blog\/2015\/05\/04\/poema-perpjekja-e-autorit-gjylaver-avdiut\/\",\"name\":\"Poema \\\"P\u00ebrpjekja\\\" e autorit Gjylaver Avdiut - Lajme nga Ulqini\",\"isPartOf\":{\"@id\":\"https:\/\/www.visit-ulcinj.com\/blog\/#website\"},\"datePublished\":\"2015-05-04T14:27:24+00:00\",\"dateModified\":\"2015-05-04T14:27:57+00:00\",\"author\":{\"@id\":\"https:\/\/www.visit-ulcinj.com\/blog\/#\/schema\/person\/dcab619c614d3038751c63bc2aadc06d\"},\"description\":\"Shkruan Muhamet Nika - Nj\u00eb \u00a0opinioni i shprehur pa gjykim?! Autori Gjylaver Avdiu , nj\u00eb ish i p\u00ebrndjekur politik nga fshati Sukubin\u00eb - Komuna e Ulqiniti,\",\"breadcrumb\":{\"@id\":\"https:\/\/www.visit-ulcinj.com\/blog\/2015\/05\/04\/poema-perpjekja-e-autorit-gjylaver-avdiut\/#breadcrumb\"},\"inLanguage\":\"en-US\",\"potentialAction\":[{\"@type\":\"ReadAction\",\"target\":[\"https:\/\/www.visit-ulcinj.com\/blog\/2015\/05\/04\/poema-perpjekja-e-autorit-gjylaver-avdiut\/\"]}]},{\"@type\":\"BreadcrumbList\",\"@id\":\"https:\/\/www.visit-ulcinj.com\/blog\/2015\/05\/04\/poema-perpjekja-e-autorit-gjylaver-avdiut\/#breadcrumb\",\"itemListElement\":[{\"@type\":\"ListItem\",\"position\":1,\"name\":\"Poema &#8220;P\u00ebrpjekja&#8221; e autorit Gjylaver Avdiut\"}]},{\"@type\":\"Person\",\"@id\":\"https:\/\/www.visit-ulcinj.com\/blog\/#\/schema\/person\/dcab619c614d3038751c63bc2aadc06d\",\"name\":\"ulqini\",\"sameAs\":[\"http:\/\/www.visit-ulcinj.com\"],\"url\":\"https:\/\/www.visit-ulcinj.com\/blog\/author\/admin\/\"}]}<\/script>\n<!-- \/ Yoast SEO plugin. -->","yoast_head_json":{"title":"Poema \"P\u00ebrpjekja\" e autorit Gjylaver Avdiut - Lajme nga Ulqini","description":"Shkruan Muhamet Nika - Nj\u00eb \u00a0opinioni i shprehur pa gjykim?! Autori Gjylaver Avdiu , nj\u00eb ish i p\u00ebrndjekur politik nga fshati Sukubin\u00eb - Komuna e Ulqiniti,","robots":{"index":"index","follow":"follow","max-snippet":"max-snippet:-1","max-image-preview":"max-image-preview:large","max-video-preview":"max-video-preview:-1"},"canonical":"https:\/\/www.visit-ulcinj.com\/blog\/2015\/05\/04\/poema-perpjekja-e-autorit-gjylaver-avdiut\/","og_locale":"en_US","og_type":"article","og_title":"Poema \"P\u00ebrpjekja\" e autorit Gjylaver Avdiut - Lajme nga Ulqini","og_description":"Shkruan Muhamet Nika - Nj\u00eb \u00a0opinioni i shprehur pa gjykim?! Autori Gjylaver Avdiu , nj\u00eb ish i p\u00ebrndjekur politik nga fshati Sukubin\u00eb - Komuna e Ulqiniti,","og_url":"https:\/\/www.visit-ulcinj.com\/blog\/2015\/05\/04\/poema-perpjekja-e-autorit-gjylaver-avdiut\/","og_site_name":"Lajme nga Ulqini","article_published_time":"2015-05-04T14:27:24+00:00","article_modified_time":"2015-05-04T14:27:57+00:00","twitter_misc":{"Written by":"ulqini","Est. reading time":"3 minutes"},"schema":{"@context":"https:\/\/schema.org","@graph":[{"@type":"WebSite","@id":"https:\/\/www.visit-ulcinj.com\/blog\/#website","url":"https:\/\/www.visit-ulcinj.com\/blog\/","name":"Lajme nga Ulqini","description":"Lajme,Vijesti,Ulqini,Ulqin,Crna Gora,Mali i Zi","potentialAction":[{"@type":"SearchAction","target":{"@type":"EntryPoint","urlTemplate":"https:\/\/www.visit-ulcinj.com\/blog\/?s={search_term_string}"},"query-input":"required name=search_term_string"}],"inLanguage":"en-US"},{"@type":"WebPage","@id":"https:\/\/www.visit-ulcinj.com\/blog\/2015\/05\/04\/poema-perpjekja-e-autorit-gjylaver-avdiut\/#webpage","url":"https:\/\/www.visit-ulcinj.com\/blog\/2015\/05\/04\/poema-perpjekja-e-autorit-gjylaver-avdiut\/","name":"Poema \"P\u00ebrpjekja\" e autorit Gjylaver Avdiut - Lajme nga Ulqini","isPartOf":{"@id":"https:\/\/www.visit-ulcinj.com\/blog\/#website"},"datePublished":"2015-05-04T14:27:24+00:00","dateModified":"2015-05-04T14:27:57+00:00","author":{"@id":"https:\/\/www.visit-ulcinj.com\/blog\/#\/schema\/person\/dcab619c614d3038751c63bc2aadc06d"},"description":"Shkruan Muhamet Nika - Nj\u00eb \u00a0opinioni i shprehur pa gjykim?! Autori Gjylaver Avdiu , nj\u00eb ish i p\u00ebrndjekur politik nga fshati Sukubin\u00eb - Komuna e Ulqiniti,","breadcrumb":{"@id":"https:\/\/www.visit-ulcinj.com\/blog\/2015\/05\/04\/poema-perpjekja-e-autorit-gjylaver-avdiut\/#breadcrumb"},"inLanguage":"en-US","potentialAction":[{"@type":"ReadAction","target":["https:\/\/www.visit-ulcinj.com\/blog\/2015\/05\/04\/poema-perpjekja-e-autorit-gjylaver-avdiut\/"]}]},{"@type":"BreadcrumbList","@id":"https:\/\/www.visit-ulcinj.com\/blog\/2015\/05\/04\/poema-perpjekja-e-autorit-gjylaver-avdiut\/#breadcrumb","itemListElement":[{"@type":"ListItem","position":1,"name":"Poema &#8220;P\u00ebrpjekja&#8221; e autorit Gjylaver Avdiut"}]},{"@type":"Person","@id":"https:\/\/www.visit-ulcinj.com\/blog\/#\/schema\/person\/dcab619c614d3038751c63bc2aadc06d","name":"ulqini","sameAs":["http:\/\/www.visit-ulcinj.com"],"url":"https:\/\/www.visit-ulcinj.com\/blog\/author\/admin\/"}]}},"jetpack_featured_media_url":"","jetpack_sharing_enabled":true,"jetpack_shortlink":"https:\/\/wp.me\/pe6lTn-ntW","_links":{"self":[{"href":"https:\/\/www.visit-ulcinj.com\/blog\/wp-json\/wp\/v2\/posts\/90268"}],"collection":[{"href":"https:\/\/www.visit-ulcinj.com\/blog\/wp-json\/wp\/v2\/posts"}],"about":[{"href":"https:\/\/www.visit-ulcinj.com\/blog\/wp-json\/wp\/v2\/types\/post"}],"author":[{"embeddable":true,"href":"https:\/\/www.visit-ulcinj.com\/blog\/wp-json\/wp\/v2\/users\/1"}],"replies":[{"embeddable":true,"href":"https:\/\/www.visit-ulcinj.com\/blog\/wp-json\/wp\/v2\/comments?post=90268"}],"version-history":[{"count":2,"href":"https:\/\/www.visit-ulcinj.com\/blog\/wp-json\/wp\/v2\/posts\/90268\/revisions"}],"predecessor-version":[{"id":90271,"href":"https:\/\/www.visit-ulcinj.com\/blog\/wp-json\/wp\/v2\/posts\/90268\/revisions\/90271"}],"wp:attachment":[{"href":"https:\/\/www.visit-ulcinj.com\/blog\/wp-json\/wp\/v2\/media?parent=90268"}],"wp:term":[{"taxonomy":"category","embeddable":true,"href":"https:\/\/www.visit-ulcinj.com\/blog\/wp-json\/wp\/v2\/categories?post=90268"},{"taxonomy":"post_tag","embeddable":true,"href":"https:\/\/www.visit-ulcinj.com\/blog\/wp-json\/wp\/v2\/tags?post=90268"}],"curies":[{"name":"wp","href":"https:\/\/api.w.org\/{rel}","templated":true}]}}