{"id":90312,"date":"2015-05-06T14:58:50","date_gmt":"2015-05-06T13:58:50","guid":{"rendered":"http:\/\/www.visit-ulcinj.com\/blog\/?p=90312"},"modified":"2015-05-08T20:56:43","modified_gmt":"2015-05-08T19:56:43","slug":"sharmi-ulqinit-josh-kosovaret-per-pushime","status":"publish","type":"post","link":"https:\/\/www.visit-ulcinj.com\/blog\/2015\/05\/06\/sharmi-ulqinit-josh-kosovaret-per-pushime\/","title":{"rendered":"Sharmi i Ulqinit josh kosovar\u00ebt p\u00ebr pushime &#8211; Video"},"content":{"rendered":"<p><a href=\"http:\/\/www.visit-ulcinj.com\/blog\/wp-content\/uploads\/2015\/05\/Fatmir-Gjeka-n\u00eb-panairin-e-turizmit-ne-Prishtin.jpg\"><img loading=\"lazy\" class=\"alignleft wp-image-90313\" src=\"http:\/\/www.visit-ulcinj.com\/blog\/wp-content\/uploads\/2015\/05\/Fatmir-Gjeka-n\u00eb-panairin-e-turizmit-ne-Prishtin.jpg\" alt=\"Fatmir Gjeka n\u00eb panairin e turizmit ne Prishtin\" width=\"508\" height=\"264\" srcset=\"https:\/\/www.visit-ulcinj.com\/blog\/wp-content\/uploads\/2015\/05\/Fatmir-Gjeka-n\u00eb-panairin-e-turizmit-ne-Prishtin.jpg 800w, https:\/\/www.visit-ulcinj.com\/blog\/wp-content\/uploads\/2015\/05\/Fatmir-Gjeka-n\u00eb-panairin-e-turizmit-ne-Prishtin-300x156.jpg 300w\" sizes=\"(max-width: 508px) 100vw, 508px\" \/><\/a>Qytetar\u00ebt e Kosov\u00ebs edhe sivjet destiancaion kryesor t\u00eb pushimeve pritet q\u00eb ta ken\u00eb Ulqinin, k\u00ebshtu, tha kryetari i k\u00ebsaj komue Fatmir Gjeka n\u00eb panairin e turizmit. \u00a0Ai tregoi se kan\u00eb b\u00ebr\u00eb p\u00ebrgatitjet adekuate n\u00eb t\u00eb gjitha sferat q\u00eb kan\u00eb t\u00eb b\u00ebjn\u00eb me zhvillimin e turizmit.<\/p>\n<p>\u201cQindra mij\u00ebra turist\u00eb kan\u00eb v\u00ebrshuar Ulqinin n\u00eb dit\u00ebt e para t\u00eb majit dhe presim q\u00eb\u00a0 gjat\u00eb t\u00ebr ver\u00ebs t\u00eb ket\u00eb num\u00ebr t\u00eb mjaftuesh\u00ebm t\u00eb turist\u00ebve sidomos aty nga Kosova, t\u00eb cil\u00ebt\u00a0 tashm\u00eb b\u00ebjn\u00eb turiz\u00ebm tradicional n\u00eb Ulqin, t\u00eb cilin e vler\u00ebsojn\u00eb se t\u00eb tyrin\u201d, tha Gjekaj.<\/p>\n<p>Ai beson se nuk kan\u00eb nevoj\u00eb t\u00eb b\u00ebjn\u00eb marketing t\u00eb madh n\u00eb Kosov\u00ebs, sepse tashm\u00eb qytetar\u00ebt jan\u00eb t\u00eb njohur me bregdetin, ofertat dhe t\u00eb gjitha \u00e7far\u00eb ofrojn\u00eb.<\/p>\n<p>Drejtoresha e Organizat\u00ebs Turistike t\u00eb Ulqinit Zana Hollaj Servan, tha se kosovar\u00ebt edhe sivjet destinacion kryesor p\u00ebr pushime do ta ken\u00eb Ulqinin e cila ofron atraksione t\u00eb shumta.<\/p>\n<p>Edhe ish kryetari e ish ministri G\u00ebzim Hajdinaga, ka k\u00ebrkuar nga qytetar\u00ebt e Kosov\u00ebs q\u00eb t\u00eb pushojn\u00eb n\u00eb Ulqin, t\u00eb cil\u00ebn e kan\u00eb edhe si \u00ebmb\u00eblsir\u00eb.<\/p>\n<p>E Selatin Gjeloshi, nga hoteli Mediteran, tregoi p\u00ebr portalin \u201cToskanapress.info\u201d se kan\u00eb b\u00ebr\u00eb p\u00ebrgatitje dhe invetsime adekuate p\u00ebr pushuesit q\u00eb zgjedhin k\u00ebt\u00eb hotel p\u00ebr t\u00eb pushuar.\u00a0 Ai tregoi se kan\u00eb kapacitete n\u00eb num\u00ebr t\u00eb mjaftuesh\u00ebm p\u00ebr akomodim.<\/p>\n<p>Nd\u00ebrsa p\u00ebr \u00e7mimet tha se jan\u00eb t\u00eb arsyeshme dhe m\u00eb t\u00eb lira se n\u00eb vendet e rajonit.<\/p>\n<p>Besim Toska<\/p>\n<p><strong>Toskanapress.info<\/strong><\/p>\n<p><iframe loading=\"lazy\" src=\"\/\/www.dailymotion.com\/embed\/video\/x2nym36?autoPlay=1\" width=\"508\" height=\"360\" frameborder=\"0\" allowfullscreen=\"allowfullscreen\"><\/iframe><\/p>\n","protected":false},"excerpt":{"rendered":"<p>Qytetar\u00ebt e Kosov\u00ebs edhe sivjet destiancaion kryesor t\u00eb pushimeve pritet q\u00eb ta ken\u00eb Ulqinin, k\u00ebshtu, tha kryetari i k\u00ebsaj komue Fatmir Gjeka n\u00eb panairin e turizmit. \u00a0Ai tregoi se kan\u00eb b\u00ebr\u00eb p\u00ebrgatitjet adekuate n\u00eb t\u00eb gjitha sferat q\u00eb kan\u00eb t\u00eb b\u00ebjn\u00eb me zhvillimin e turizmit. \u201cQindra mij\u00ebra turist\u00eb kan\u00eb v\u00ebrshuar Ulqinin n\u00eb dit\u00ebt e para [&hellip;]<\/p>\n","protected":false},"author":1,"featured_media":0,"comment_status":"closed","ping_status":"closed","sticky":false,"template":"","format":"standard","meta":{"spay_email":"","jetpack_publicize_message":"","jetpack_is_tweetstorm":false,"jetpack_publicize_feature_enabled":true},"categories":[1,14249],"tags":[],"jetpack_publicize_connections":[],"yoast_head":"<!-- This site is optimized with the Yoast SEO plugin v19.1 - https:\/\/yoast.com\/wordpress\/plugins\/seo\/ -->\n<title>Sharmi i Ulqinit josh kosovar\u00ebt p\u00ebr pushime - Video - Lajme nga Ulqini<\/title>\n<meta name=\"description\" content=\"Qytetar\u00ebt e Kosov\u00ebs edhe sivjet destiancaion kryesor t\u00eb pushimeve pritet q\u00eb ta ken\u00eb Ulqinin, k\u00ebshtu, tha kryetari i k\u00ebsaj komue Fatmir Gjeka n\u00eb panairin e\" \/>\n<meta name=\"robots\" content=\"index, follow, max-snippet:-1, max-image-preview:large, max-video-preview:-1\" \/>\n<link rel=\"canonical\" href=\"https:\/\/www.visit-ulcinj.com\/blog\/2015\/05\/06\/sharmi-ulqinit-josh-kosovaret-per-pushime\/\" \/>\n<meta property=\"og:locale\" content=\"en_US\" \/>\n<meta property=\"og:type\" content=\"article\" \/>\n<meta property=\"og:title\" content=\"Sharmi i Ulqinit josh kosovar\u00ebt p\u00ebr pushime - Video - Lajme nga Ulqini\" \/>\n<meta property=\"og:description\" content=\"Qytetar\u00ebt e Kosov\u00ebs edhe sivjet destiancaion kryesor t\u00eb pushimeve pritet q\u00eb ta ken\u00eb Ulqinin, k\u00ebshtu, tha kryetari i k\u00ebsaj komue Fatmir Gjeka n\u00eb panairin e\" \/>\n<meta property=\"og:url\" content=\"https:\/\/www.visit-ulcinj.com\/blog\/2015\/05\/06\/sharmi-ulqinit-josh-kosovaret-per-pushime\/\" \/>\n<meta property=\"og:site_name\" content=\"Lajme nga Ulqini\" \/>\n<meta property=\"article:published_time\" content=\"2015-05-06T13:58:50+00:00\" \/>\n<meta property=\"article:modified_time\" content=\"2015-05-08T19:56:43+00:00\" \/>\n<meta name=\"twitter:label1\" content=\"Written by\" \/>\n\t<meta name=\"twitter:data1\" content=\"ulqini\" \/>\n\t<meta name=\"twitter:label2\" content=\"Est. reading time\" \/>\n\t<meta name=\"twitter:data2\" content=\"1 minute\" \/>\n<script type=\"application\/ld+json\" class=\"yoast-schema-graph\">{\"@context\":\"https:\/\/schema.org\",\"@graph\":[{\"@type\":\"WebSite\",\"@id\":\"https:\/\/www.visit-ulcinj.com\/blog\/#website\",\"url\":\"https:\/\/www.visit-ulcinj.com\/blog\/\",\"name\":\"Lajme nga Ulqini\",\"description\":\"Lajme,Vijesti,Ulqini,Ulqin,Crna Gora,Mali i Zi\",\"potentialAction\":[{\"@type\":\"SearchAction\",\"target\":{\"@type\":\"EntryPoint\",\"urlTemplate\":\"https:\/\/www.visit-ulcinj.com\/blog\/?s={search_term_string}\"},\"query-input\":\"required name=search_term_string\"}],\"inLanguage\":\"en-US\"},{\"@type\":\"WebPage\",\"@id\":\"https:\/\/www.visit-ulcinj.com\/blog\/2015\/05\/06\/sharmi-ulqinit-josh-kosovaret-per-pushime\/#webpage\",\"url\":\"https:\/\/www.visit-ulcinj.com\/blog\/2015\/05\/06\/sharmi-ulqinit-josh-kosovaret-per-pushime\/\",\"name\":\"Sharmi i Ulqinit josh kosovar\u00ebt p\u00ebr pushime - Video - Lajme nga Ulqini\",\"isPartOf\":{\"@id\":\"https:\/\/www.visit-ulcinj.com\/blog\/#website\"},\"datePublished\":\"2015-05-06T13:58:50+00:00\",\"dateModified\":\"2015-05-08T19:56:43+00:00\",\"author\":{\"@id\":\"https:\/\/www.visit-ulcinj.com\/blog\/#\/schema\/person\/dcab619c614d3038751c63bc2aadc06d\"},\"description\":\"Qytetar\u00ebt e Kosov\u00ebs edhe sivjet destiancaion kryesor t\u00eb pushimeve pritet q\u00eb ta ken\u00eb Ulqinin, k\u00ebshtu, tha kryetari i k\u00ebsaj komue Fatmir Gjeka n\u00eb panairin e\",\"breadcrumb\":{\"@id\":\"https:\/\/www.visit-ulcinj.com\/blog\/2015\/05\/06\/sharmi-ulqinit-josh-kosovaret-per-pushime\/#breadcrumb\"},\"inLanguage\":\"en-US\",\"potentialAction\":[{\"@type\":\"ReadAction\",\"target\":[\"https:\/\/www.visit-ulcinj.com\/blog\/2015\/05\/06\/sharmi-ulqinit-josh-kosovaret-per-pushime\/\"]}]},{\"@type\":\"BreadcrumbList\",\"@id\":\"https:\/\/www.visit-ulcinj.com\/blog\/2015\/05\/06\/sharmi-ulqinit-josh-kosovaret-per-pushime\/#breadcrumb\",\"itemListElement\":[{\"@type\":\"ListItem\",\"position\":1,\"name\":\"Sharmi i Ulqinit josh kosovar\u00ebt p\u00ebr pushime &#8211; Video\"}]},{\"@type\":\"Person\",\"@id\":\"https:\/\/www.visit-ulcinj.com\/blog\/#\/schema\/person\/dcab619c614d3038751c63bc2aadc06d\",\"name\":\"ulqini\",\"sameAs\":[\"http:\/\/www.visit-ulcinj.com\"],\"url\":\"https:\/\/www.visit-ulcinj.com\/blog\/author\/admin\/\"}]}<\/script>\n<!-- \/ Yoast SEO plugin. -->","yoast_head_json":{"title":"Sharmi i Ulqinit josh kosovar\u00ebt p\u00ebr pushime - Video - Lajme nga Ulqini","description":"Qytetar\u00ebt e Kosov\u00ebs edhe sivjet destiancaion kryesor t\u00eb pushimeve pritet q\u00eb ta ken\u00eb Ulqinin, k\u00ebshtu, tha kryetari i k\u00ebsaj komue Fatmir Gjeka n\u00eb panairin e","robots":{"index":"index","follow":"follow","max-snippet":"max-snippet:-1","max-image-preview":"max-image-preview:large","max-video-preview":"max-video-preview:-1"},"canonical":"https:\/\/www.visit-ulcinj.com\/blog\/2015\/05\/06\/sharmi-ulqinit-josh-kosovaret-per-pushime\/","og_locale":"en_US","og_type":"article","og_title":"Sharmi i Ulqinit josh kosovar\u00ebt p\u00ebr pushime - Video - Lajme nga Ulqini","og_description":"Qytetar\u00ebt e Kosov\u00ebs edhe sivjet destiancaion kryesor t\u00eb pushimeve pritet q\u00eb ta ken\u00eb Ulqinin, k\u00ebshtu, tha kryetari i k\u00ebsaj komue Fatmir Gjeka n\u00eb panairin e","og_url":"https:\/\/www.visit-ulcinj.com\/blog\/2015\/05\/06\/sharmi-ulqinit-josh-kosovaret-per-pushime\/","og_site_name":"Lajme nga Ulqini","article_published_time":"2015-05-06T13:58:50+00:00","article_modified_time":"2015-05-08T19:56:43+00:00","twitter_misc":{"Written by":"ulqini","Est. reading time":"1 minute"},"schema":{"@context":"https:\/\/schema.org","@graph":[{"@type":"WebSite","@id":"https:\/\/www.visit-ulcinj.com\/blog\/#website","url":"https:\/\/www.visit-ulcinj.com\/blog\/","name":"Lajme nga Ulqini","description":"Lajme,Vijesti,Ulqini,Ulqin,Crna Gora,Mali i Zi","potentialAction":[{"@type":"SearchAction","target":{"@type":"EntryPoint","urlTemplate":"https:\/\/www.visit-ulcinj.com\/blog\/?s={search_term_string}"},"query-input":"required name=search_term_string"}],"inLanguage":"en-US"},{"@type":"WebPage","@id":"https:\/\/www.visit-ulcinj.com\/blog\/2015\/05\/06\/sharmi-ulqinit-josh-kosovaret-per-pushime\/#webpage","url":"https:\/\/www.visit-ulcinj.com\/blog\/2015\/05\/06\/sharmi-ulqinit-josh-kosovaret-per-pushime\/","name":"Sharmi i Ulqinit josh kosovar\u00ebt p\u00ebr pushime - Video - Lajme nga Ulqini","isPartOf":{"@id":"https:\/\/www.visit-ulcinj.com\/blog\/#website"},"datePublished":"2015-05-06T13:58:50+00:00","dateModified":"2015-05-08T19:56:43+00:00","author":{"@id":"https:\/\/www.visit-ulcinj.com\/blog\/#\/schema\/person\/dcab619c614d3038751c63bc2aadc06d"},"description":"Qytetar\u00ebt e Kosov\u00ebs edhe sivjet destiancaion kryesor t\u00eb pushimeve pritet q\u00eb ta ken\u00eb Ulqinin, k\u00ebshtu, tha kryetari i k\u00ebsaj komue Fatmir Gjeka n\u00eb panairin e","breadcrumb":{"@id":"https:\/\/www.visit-ulcinj.com\/blog\/2015\/05\/06\/sharmi-ulqinit-josh-kosovaret-per-pushime\/#breadcrumb"},"inLanguage":"en-US","potentialAction":[{"@type":"ReadAction","target":["https:\/\/www.visit-ulcinj.com\/blog\/2015\/05\/06\/sharmi-ulqinit-josh-kosovaret-per-pushime\/"]}]},{"@type":"BreadcrumbList","@id":"https:\/\/www.visit-ulcinj.com\/blog\/2015\/05\/06\/sharmi-ulqinit-josh-kosovaret-per-pushime\/#breadcrumb","itemListElement":[{"@type":"ListItem","position":1,"name":"Sharmi i Ulqinit josh kosovar\u00ebt p\u00ebr pushime &#8211; Video"}]},{"@type":"Person","@id":"https:\/\/www.visit-ulcinj.com\/blog\/#\/schema\/person\/dcab619c614d3038751c63bc2aadc06d","name":"ulqini","sameAs":["http:\/\/www.visit-ulcinj.com"],"url":"https:\/\/www.visit-ulcinj.com\/blog\/author\/admin\/"}]}},"jetpack_featured_media_url":"","jetpack_sharing_enabled":true,"jetpack_shortlink":"https:\/\/wp.me\/pe6lTn-nuE","_links":{"self":[{"href":"https:\/\/www.visit-ulcinj.com\/blog\/wp-json\/wp\/v2\/posts\/90312"}],"collection":[{"href":"https:\/\/www.visit-ulcinj.com\/blog\/wp-json\/wp\/v2\/posts"}],"about":[{"href":"https:\/\/www.visit-ulcinj.com\/blog\/wp-json\/wp\/v2\/types\/post"}],"author":[{"embeddable":true,"href":"https:\/\/www.visit-ulcinj.com\/blog\/wp-json\/wp\/v2\/users\/1"}],"replies":[{"embeddable":true,"href":"https:\/\/www.visit-ulcinj.com\/blog\/wp-json\/wp\/v2\/comments?post=90312"}],"version-history":[{"count":2,"href":"https:\/\/www.visit-ulcinj.com\/blog\/wp-json\/wp\/v2\/posts\/90312\/revisions"}],"predecessor-version":[{"id":90327,"href":"https:\/\/www.visit-ulcinj.com\/blog\/wp-json\/wp\/v2\/posts\/90312\/revisions\/90327"}],"wp:attachment":[{"href":"https:\/\/www.visit-ulcinj.com\/blog\/wp-json\/wp\/v2\/media?parent=90312"}],"wp:term":[{"taxonomy":"category","embeddable":true,"href":"https:\/\/www.visit-ulcinj.com\/blog\/wp-json\/wp\/v2\/categories?post=90312"},{"taxonomy":"post_tag","embeddable":true,"href":"https:\/\/www.visit-ulcinj.com\/blog\/wp-json\/wp\/v2\/tags?post=90312"}],"curies":[{"name":"wp","href":"https:\/\/api.w.org\/{rel}","templated":true}]}}