{"id":90324,"date":"2015-05-06T15:30:22","date_gmt":"2015-05-06T14:30:22","guid":{"rendered":"http:\/\/www.visit-ulcinj.com\/blog\/?p=90324"},"modified":"2015-05-06T15:38:54","modified_gmt":"2015-05-06T14:38:54","slug":"turisticka-organizacija-ulcinja-na-sajmu-turizma-u-pristini","status":"publish","type":"post","link":"https:\/\/www.visit-ulcinj.com\/blog\/2015\/05\/06\/turisticka-organizacija-ulcinja-na-sajmu-turizma-u-pristini\/","title":{"rendered":"Turisti\u010dka organizacija Ulcinja na  Sajmu turizma u Pri\u0161tini"},"content":{"rendered":"<p><strong>\u00a0<a href=\"http:\/\/www.visit-ulcinj.com\/blog\/wp-content\/uploads\/2015\/05\/OT-e-Ulqinit-n\u00eb-Panairin-Nd\u00ebrkomb\u00ebtar-t\u00eb-Turizmit-n\u00eb-Prishtin-.jpg\"><img loading=\"lazy\" class=\"alignleft wp-image-90316\" src=\"http:\/\/www.visit-ulcinj.com\/blog\/wp-content\/uploads\/2015\/05\/OT-e-Ulqinit-n\u00eb-Panairin-Nd\u00ebrkomb\u00ebtar-t\u00eb-Turizmit-n\u00eb-Prishtin-.jpg\" alt=\"OT e Ulqinit n\u00eb Panairin Nd\u00ebrkomb\u00ebtar t\u00eb Turizmit n\u00eb Prishtin-\" width=\"508\" height=\"285\" srcset=\"https:\/\/www.visit-ulcinj.com\/blog\/wp-content\/uploads\/2015\/05\/OT-e-Ulqinit-n\u00eb-Panairin-Nd\u00ebrkomb\u00ebtar-t\u00eb-Turizmit-n\u00eb-Prishtin-.jpg 999w, https:\/\/www.visit-ulcinj.com\/blog\/wp-content\/uploads\/2015\/05\/OT-e-Ulqinit-n\u00eb-Panairin-Nd\u00ebrkomb\u00ebtar-t\u00eb-Turizmit-n\u00eb-Prishtin--300x168.jpg 300w\" sizes=\"(max-width: 508px) 100vw, 508px\" \/><\/a>Sajam turizma u Pri\u0161tinu<\/strong><\/p>\n<p>Turisticka Organizacija Ulcinj i ove godine nastupa na sajmu turizma u Pristini koji se odrzava od 06 do 09.maja. Ove godine u saradnji sa Ministarstvom turizma, Nacionalnom turistickom organizacijom CG, lokalnim organizacijama Budve i Bara objedinila se cjelokupna ponuda Crne Gore na ovom sajmu. Delegaciju Ulcinja je predvodio predsjednik Opstine g.Fatmir Gjeka i direktorica TOU g.Zana Sarvan koji su imali cast da zvanicno otvaraju ovogodisnji sajam. Na ovom sajmu koji se odrzava vec 12 godina ima oko 30 izlagaca a posjecenost prvog dana je bila zaista velika. Vladalo je takodje veliko interesovanje za Ulcinj ali i za druge gradove u Crnoj Gori.<\/p>\n<p><a href=\"http:\/\/www.visit-ulcinj.com\/blog\/wp-content\/uploads\/2015\/05\/OT-e-Ulqinit-n\u00eb-Panairin-Nd\u00ebrkomb\u00ebtar-t\u00eb-Turizmit-n\u00eb-Prishtin-6.jpg\"><img loading=\"lazy\" class=\"alignleft wp-image-90318\" src=\"http:\/\/www.visit-ulcinj.com\/blog\/wp-content\/uploads\/2015\/05\/OT-e-Ulqinit-n\u00eb-Panairin-Nd\u00ebrkomb\u00ebtar-t\u00eb-Turizmit-n\u00eb-Prishtin-6.jpg\" alt=\"OT e Ulqinit n\u00eb Panairin Nd\u00ebrkomb\u00ebtar t\u00eb Turizmit n\u00eb Prishtin-6\" width=\"508\" height=\"286\" srcset=\"https:\/\/www.visit-ulcinj.com\/blog\/wp-content\/uploads\/2015\/05\/OT-e-Ulqinit-n\u00eb-Panairin-Nd\u00ebrkomb\u00ebtar-t\u00eb-Turizmit-n\u00eb-Prishtin-6.jpg 999w, https:\/\/www.visit-ulcinj.com\/blog\/wp-content\/uploads\/2015\/05\/OT-e-Ulqinit-n\u00eb-Panairin-Nd\u00ebrkomb\u00ebtar-t\u00eb-Turizmit-n\u00eb-Prishtin-6-300x169.jpg 300w\" sizes=\"(max-width: 508px) 100vw, 508px\" \/><\/a><\/p>\n<p>Turisticka Organizacija Ulcinj je takodje organizovala press konferenciju za medije sa Kosova gdje su bili prisutni poznate televizije kao sto su RTK, KTV, TV21, Tribuna, Tema, Express, Bota sot i mnogi drugi. Predstavljena je turisticka ponuda Ulcinja za ovu sezonu i pozvani su jos jednom svi gradjani Kosova da i ove godine izaberu Ulcinj kao njihovu destinaciju za ljetnje odmore. Takodje, u okviru press konferencije NTO Crne Gore je imala prezentaciju turisticke ponude za ovu godinu. Svi prisutni su imali prilike da uzivaju u koktelu koji je priredjen poslije konferencije i tradicionalnim poslasticama naseg grada.<\/p>\n<p>Od privrednika koji su predstavili svoju ponudu u sklopu naseg standa su bili hoteli Mediteran, Albatros, Grand, Sahara, Giovani Trade, plaza copacabana i mnogi drugi. Takodje treba napomenuti da gosti TO Ulcinj su bili i ambasador Crne Gore na Kosovu g.Radovan Miljanic i predsjednika Turistickog saveza Kosova g.Shkelzen Riza.<\/p>\n<p>Svakako se nadamo da ce broj turista sa Kosova ove sezone biti veci u odnosu na proslu godinu.<\/p>\n<p>Strucna sluzba TO Ulcinj<\/p>\n\n\t\t<style type=\"text\/css\">\n\t\t\t#gallery-1 {\n\t\t\t\tmargin: auto;\n\t\t\t}\n\t\t\t#gallery-1 .gallery-item {\n\t\t\t\tfloat: left;\n\t\t\t\tmargin-top: 10px;\n\t\t\t\ttext-align: center;\n\t\t\t\twidth: 33%;\n\t\t\t}\n\t\t\t#gallery-1 img {\n\t\t\t\tborder: 2px solid #cfcfcf;\n\t\t\t}\n\t\t\t#gallery-1 .gallery-caption {\n\t\t\t\tmargin-left: 0;\n\t\t\t}\n\t\t\t\/* see gallery_shortcode() in wp-includes\/media.php *\/\n\t\t<\/style>\n\t\t<div id='gallery-1' class='gallery galleryid-90324 gallery-columns-3 gallery-size-thumbnail'><dl class='gallery-item'>\n\t\t\t<dt class='gallery-icon landscape'>\n\t\t\t\t<a href='https:\/\/www.visit-ulcinj.com\/blog\/2015\/05\/06\/ot-e-ulqinit-ne-panairin-nderkombetar-te-turizmit-ne-prishtin\/ot-e-ulqinit-ne-panairin-nderkombetar-te-turizmit-ne-prishtin-selatin-gjeloshi\/'><img width=\"150\" height=\"150\" src=\"https:\/\/www.visit-ulcinj.com\/blog\/wp-content\/uploads\/2015\/05\/OT-e-Ulqinit-n\u00eb-Panairin-Nd\u00ebrkomb\u00ebtar-t\u00eb-Turizmit-n\u00eb-Prishtin-Selatin-Gjeloshi-150x150.jpg\" class=\"attachment-thumbnail size-thumbnail\" alt=\"\" loading=\"lazy\" \/><\/a>\n\t\t\t<\/dt><\/dl><dl class='gallery-item'>\n\t\t\t<dt class='gallery-icon landscape'>\n\t\t\t\t<a href='https:\/\/www.visit-ulcinj.com\/blog\/2015\/05\/06\/ot-e-ulqinit-ne-panairin-nderkombetar-te-turizmit-ne-prishtin\/ot-e-ulqinit-ne-panairin-nderkombetar-te-turizmit-ne-prishtin-3\/'><img width=\"150\" height=\"150\" src=\"https:\/\/www.visit-ulcinj.com\/blog\/wp-content\/uploads\/2015\/05\/OT-e-Ulqinit-n\u00eb-Panairin-Nd\u00ebrkomb\u00ebtar-t\u00eb-Turizmit-n\u00eb-Prishtin-3-150x150.jpg\" class=\"attachment-thumbnail size-thumbnail\" alt=\"\" loading=\"lazy\" \/><\/a>\n\t\t\t<\/dt><\/dl><dl class='gallery-item'>\n\t\t\t<dt class='gallery-icon landscape'>\n\t\t\t\t<a href='https:\/\/www.visit-ulcinj.com\/blog\/2015\/05\/06\/ot-e-ulqinit-ne-panairin-nderkombetar-te-turizmit-ne-prishtin\/ot-e-ulqinit-ne-panairin-nderkombetar-te-turizmit-ne-prishtin-2\/'><img width=\"150\" height=\"150\" src=\"https:\/\/www.visit-ulcinj.com\/blog\/wp-content\/uploads\/2015\/05\/OT-e-Ulqinit-n\u00eb-Panairin-Nd\u00ebrkomb\u00ebtar-t\u00eb-Turizmit-n\u00eb-Prishtin-2-150x150.jpg\" class=\"attachment-thumbnail size-thumbnail\" alt=\"\" loading=\"lazy\" \/><\/a>\n\t\t\t<\/dt><\/dl><br style=\"clear: both\" \/><dl class='gallery-item'>\n\t\t\t<dt class='gallery-icon landscape'>\n\t\t\t\t<a href='https:\/\/www.visit-ulcinj.com\/blog\/2015\/05\/06\/ot-e-ulqinit-ne-panairin-nderkombetar-te-turizmit-ne-prishtin\/ot-e-ulqinit-ne-panairin-nderkombetar-te-turizmit-ne-prishtin-5\/'><img width=\"150\" height=\"150\" src=\"https:\/\/www.visit-ulcinj.com\/blog\/wp-content\/uploads\/2015\/05\/OT-e-Ulqinit-n\u00eb-Panairin-Nd\u00ebrkomb\u00ebtar-t\u00eb-Turizmit-n\u00eb-Prishtin-5-150x150.jpg\" class=\"attachment-thumbnail size-thumbnail\" alt=\"\" loading=\"lazy\" \/><\/a>\n\t\t\t<\/dt><\/dl><dl class='gallery-item'>\n\t\t\t<dt class='gallery-icon landscape'>\n\t\t\t\t<a href='https:\/\/www.visit-ulcinj.com\/blog\/2015\/05\/06\/ot-e-ulqinit-ne-panairin-nderkombetar-te-turizmit-ne-prishtin\/ot-e-ulqinit-ne-panairin-nderkombetar-te-turizmit-ne-prishtin-4\/'><img width=\"150\" height=\"150\" src=\"https:\/\/www.visit-ulcinj.com\/blog\/wp-content\/uploads\/2015\/05\/OT-e-Ulqinit-n\u00eb-Panairin-Nd\u00ebrkomb\u00ebtar-t\u00eb-Turizmit-n\u00eb-Prishtin-4-150x150.jpg\" class=\"attachment-thumbnail size-thumbnail\" alt=\"\" loading=\"lazy\" \/><\/a>\n\t\t\t<\/dt><\/dl><dl class='gallery-item'>\n\t\t\t<dt class='gallery-icon landscape'>\n\t\t\t\t<a href='https:\/\/www.visit-ulcinj.com\/blog\/2015\/05\/06\/sharmi-ulqinit-josh-kosovaret-per-pushime\/fatmir-gjeka-ne-panairin-e-turizmit-ne-prishtin\/'><img width=\"150\" height=\"150\" src=\"https:\/\/www.visit-ulcinj.com\/blog\/wp-content\/uploads\/2015\/05\/Fatmir-Gjeka-n\u00eb-panairin-e-turizmit-ne-Prishtin-150x150.jpg\" class=\"attachment-thumbnail size-thumbnail\" alt=\"\" loading=\"lazy\" \/><\/a>\n\t\t\t<\/dt><\/dl><br style=\"clear: both\" \/>\n\t\t<\/div>\n\n","protected":false},"excerpt":{"rendered":"<p>\u00a0Sajam turizma u Pri\u0161tinu Turisticka Organizacija Ulcinj i ove godine nastupa na sajmu turizma u Pristini koji se odrzava od 06 do 09.maja. Ove godine u saradnji sa Ministarstvom turizma, Nacionalnom turistickom organizacijom CG, lokalnim organizacijama Budve i Bara objedinila se cjelokupna ponuda Crne Gore na ovom sajmu. Delegaciju Ulcinja je predvodio predsjednik Opstine g.Fatmir [&hellip;]<\/p>\n","protected":false},"author":1,"featured_media":0,"comment_status":"closed","ping_status":"closed","sticky":false,"template":"","format":"standard","meta":{"spay_email":"","jetpack_publicize_message":"","jetpack_is_tweetstorm":false,"jetpack_publicize_feature_enabled":true},"categories":[8337],"tags":[],"jetpack_publicize_connections":[],"yoast_head":"<!-- This site is optimized with the Yoast SEO plugin v19.1 - https:\/\/yoast.com\/wordpress\/plugins\/seo\/ -->\n<title>Turisti\u010dka organizacija Ulcinja na Sajmu turizma u Pri\u0161tini - Lajme nga Ulqini<\/title>\n<meta name=\"description\" content=\"\u00a0Sajam turizma u Pri\u0161tinu Turisticka Organizacija Ulcinj i ove godine nastupa na sajmu turizma u Pristini koji se odrzava od 06 do 09.maja. Ove godine u\" \/>\n<meta name=\"robots\" content=\"index, follow, max-snippet:-1, max-image-preview:large, max-video-preview:-1\" \/>\n<link rel=\"canonical\" href=\"https:\/\/www.visit-ulcinj.com\/blog\/2015\/05\/06\/turisticka-organizacija-ulcinja-na-sajmu-turizma-u-pristini\/\" \/>\n<meta property=\"og:locale\" content=\"en_US\" \/>\n<meta property=\"og:type\" content=\"article\" \/>\n<meta property=\"og:title\" content=\"Turisti\u010dka organizacija Ulcinja na Sajmu turizma u Pri\u0161tini - Lajme nga Ulqini\" \/>\n<meta property=\"og:description\" content=\"\u00a0Sajam turizma u Pri\u0161tinu Turisticka Organizacija Ulcinj i ove godine nastupa na sajmu turizma u Pristini koji se odrzava od 06 do 09.maja. Ove godine u\" \/>\n<meta property=\"og:url\" content=\"https:\/\/www.visit-ulcinj.com\/blog\/2015\/05\/06\/turisticka-organizacija-ulcinja-na-sajmu-turizma-u-pristini\/\" \/>\n<meta property=\"og:site_name\" content=\"Lajme nga Ulqini\" \/>\n<meta property=\"article:published_time\" content=\"2015-05-06T14:30:22+00:00\" \/>\n<meta property=\"article:modified_time\" content=\"2015-05-06T14:38:54+00:00\" \/>\n<meta property=\"og:image\" content=\"https:\/\/www.visit-ulcinj.com\/blog\/wp-content\/uploads\/2015\/05\/OT-e-Ulqinit-n\u00eb-Panairin-Nd\u00ebrkomb\u00ebtar-t\u00eb-Turizmit-n\u00eb-Prishtin-Selatin-Gjeloshi-150x150.jpg\" \/>\n<meta name=\"twitter:label1\" content=\"Written by\" \/>\n\t<meta name=\"twitter:data1\" content=\"ulqini\" \/>\n\t<meta name=\"twitter:label2\" content=\"Est. reading time\" \/>\n\t<meta name=\"twitter:data2\" content=\"1 minute\" \/>\n<script type=\"application\/ld+json\" class=\"yoast-schema-graph\">{\"@context\":\"https:\/\/schema.org\",\"@graph\":[{\"@type\":\"WebSite\",\"@id\":\"https:\/\/www.visit-ulcinj.com\/blog\/#website\",\"url\":\"https:\/\/www.visit-ulcinj.com\/blog\/\",\"name\":\"Lajme nga Ulqini\",\"description\":\"Lajme,Vijesti,Ulqini,Ulqin,Crna Gora,Mali i Zi\",\"potentialAction\":[{\"@type\":\"SearchAction\",\"target\":{\"@type\":\"EntryPoint\",\"urlTemplate\":\"https:\/\/www.visit-ulcinj.com\/blog\/?s={search_term_string}\"},\"query-input\":\"required name=search_term_string\"}],\"inLanguage\":\"en-US\"},{\"@type\":\"WebPage\",\"@id\":\"https:\/\/www.visit-ulcinj.com\/blog\/2015\/05\/06\/turisticka-organizacija-ulcinja-na-sajmu-turizma-u-pristini\/#webpage\",\"url\":\"https:\/\/www.visit-ulcinj.com\/blog\/2015\/05\/06\/turisticka-organizacija-ulcinja-na-sajmu-turizma-u-pristini\/\",\"name\":\"Turisti\u010dka organizacija Ulcinja na Sajmu turizma u Pri\u0161tini - Lajme nga Ulqini\",\"isPartOf\":{\"@id\":\"https:\/\/www.visit-ulcinj.com\/blog\/#website\"},\"datePublished\":\"2015-05-06T14:30:22+00:00\",\"dateModified\":\"2015-05-06T14:38:54+00:00\",\"author\":{\"@id\":\"https:\/\/www.visit-ulcinj.com\/blog\/#\/schema\/person\/dcab619c614d3038751c63bc2aadc06d\"},\"description\":\"\u00a0Sajam turizma u Pri\u0161tinu Turisticka Organizacija Ulcinj i ove godine nastupa na sajmu turizma u Pristini koji se odrzava od 06 do 09.maja. Ove godine u\",\"breadcrumb\":{\"@id\":\"https:\/\/www.visit-ulcinj.com\/blog\/2015\/05\/06\/turisticka-organizacija-ulcinja-na-sajmu-turizma-u-pristini\/#breadcrumb\"},\"inLanguage\":\"en-US\",\"potentialAction\":[{\"@type\":\"ReadAction\",\"target\":[\"https:\/\/www.visit-ulcinj.com\/blog\/2015\/05\/06\/turisticka-organizacija-ulcinja-na-sajmu-turizma-u-pristini\/\"]}]},{\"@type\":\"BreadcrumbList\",\"@id\":\"https:\/\/www.visit-ulcinj.com\/blog\/2015\/05\/06\/turisticka-organizacija-ulcinja-na-sajmu-turizma-u-pristini\/#breadcrumb\",\"itemListElement\":[{\"@type\":\"ListItem\",\"position\":1,\"name\":\"Turisti\u010dka organizacija Ulcinja na Sajmu turizma u Pri\u0161tini\"}]},{\"@type\":\"Person\",\"@id\":\"https:\/\/www.visit-ulcinj.com\/blog\/#\/schema\/person\/dcab619c614d3038751c63bc2aadc06d\",\"name\":\"ulqini\",\"sameAs\":[\"http:\/\/www.visit-ulcinj.com\"],\"url\":\"https:\/\/www.visit-ulcinj.com\/blog\/author\/admin\/\"}]}<\/script>\n<!-- \/ Yoast SEO plugin. -->","yoast_head_json":{"title":"Turisti\u010dka organizacija Ulcinja na Sajmu turizma u Pri\u0161tini - Lajme nga Ulqini","description":"\u00a0Sajam turizma u Pri\u0161tinu Turisticka Organizacija Ulcinj i ove godine nastupa na sajmu turizma u Pristini koji se odrzava od 06 do 09.maja. Ove godine u","robots":{"index":"index","follow":"follow","max-snippet":"max-snippet:-1","max-image-preview":"max-image-preview:large","max-video-preview":"max-video-preview:-1"},"canonical":"https:\/\/www.visit-ulcinj.com\/blog\/2015\/05\/06\/turisticka-organizacija-ulcinja-na-sajmu-turizma-u-pristini\/","og_locale":"en_US","og_type":"article","og_title":"Turisti\u010dka organizacija Ulcinja na Sajmu turizma u Pri\u0161tini - Lajme nga Ulqini","og_description":"\u00a0Sajam turizma u Pri\u0161tinu Turisticka Organizacija Ulcinj i ove godine nastupa na sajmu turizma u Pristini koji se odrzava od 06 do 09.maja. Ove godine u","og_url":"https:\/\/www.visit-ulcinj.com\/blog\/2015\/05\/06\/turisticka-organizacija-ulcinja-na-sajmu-turizma-u-pristini\/","og_site_name":"Lajme nga Ulqini","article_published_time":"2015-05-06T14:30:22+00:00","article_modified_time":"2015-05-06T14:38:54+00:00","og_image":[{"url":"https:\/\/www.visit-ulcinj.com\/blog\/wp-content\/uploads\/2015\/05\/OT-e-Ulqinit-n\u00eb-Panairin-Nd\u00ebrkomb\u00ebtar-t\u00eb-Turizmit-n\u00eb-Prishtin-Selatin-Gjeloshi-150x150.jpg"}],"twitter_misc":{"Written by":"ulqini","Est. reading time":"1 minute"},"schema":{"@context":"https:\/\/schema.org","@graph":[{"@type":"WebSite","@id":"https:\/\/www.visit-ulcinj.com\/blog\/#website","url":"https:\/\/www.visit-ulcinj.com\/blog\/","name":"Lajme nga Ulqini","description":"Lajme,Vijesti,Ulqini,Ulqin,Crna Gora,Mali i Zi","potentialAction":[{"@type":"SearchAction","target":{"@type":"EntryPoint","urlTemplate":"https:\/\/www.visit-ulcinj.com\/blog\/?s={search_term_string}"},"query-input":"required name=search_term_string"}],"inLanguage":"en-US"},{"@type":"WebPage","@id":"https:\/\/www.visit-ulcinj.com\/blog\/2015\/05\/06\/turisticka-organizacija-ulcinja-na-sajmu-turizma-u-pristini\/#webpage","url":"https:\/\/www.visit-ulcinj.com\/blog\/2015\/05\/06\/turisticka-organizacija-ulcinja-na-sajmu-turizma-u-pristini\/","name":"Turisti\u010dka organizacija Ulcinja na Sajmu turizma u Pri\u0161tini - Lajme nga Ulqini","isPartOf":{"@id":"https:\/\/www.visit-ulcinj.com\/blog\/#website"},"datePublished":"2015-05-06T14:30:22+00:00","dateModified":"2015-05-06T14:38:54+00:00","author":{"@id":"https:\/\/www.visit-ulcinj.com\/blog\/#\/schema\/person\/dcab619c614d3038751c63bc2aadc06d"},"description":"\u00a0Sajam turizma u Pri\u0161tinu Turisticka Organizacija Ulcinj i ove godine nastupa na sajmu turizma u Pristini koji se odrzava od 06 do 09.maja. Ove godine u","breadcrumb":{"@id":"https:\/\/www.visit-ulcinj.com\/blog\/2015\/05\/06\/turisticka-organizacija-ulcinja-na-sajmu-turizma-u-pristini\/#breadcrumb"},"inLanguage":"en-US","potentialAction":[{"@type":"ReadAction","target":["https:\/\/www.visit-ulcinj.com\/blog\/2015\/05\/06\/turisticka-organizacija-ulcinja-na-sajmu-turizma-u-pristini\/"]}]},{"@type":"BreadcrumbList","@id":"https:\/\/www.visit-ulcinj.com\/blog\/2015\/05\/06\/turisticka-organizacija-ulcinja-na-sajmu-turizma-u-pristini\/#breadcrumb","itemListElement":[{"@type":"ListItem","position":1,"name":"Turisti\u010dka organizacija Ulcinja na Sajmu turizma u Pri\u0161tini"}]},{"@type":"Person","@id":"https:\/\/www.visit-ulcinj.com\/blog\/#\/schema\/person\/dcab619c614d3038751c63bc2aadc06d","name":"ulqini","sameAs":["http:\/\/www.visit-ulcinj.com"],"url":"https:\/\/www.visit-ulcinj.com\/blog\/author\/admin\/"}]}},"jetpack_featured_media_url":"","jetpack_sharing_enabled":true,"jetpack_shortlink":"https:\/\/wp.me\/pe6lTn-nuQ","_links":{"self":[{"href":"https:\/\/www.visit-ulcinj.com\/blog\/wp-json\/wp\/v2\/posts\/90324"}],"collection":[{"href":"https:\/\/www.visit-ulcinj.com\/blog\/wp-json\/wp\/v2\/posts"}],"about":[{"href":"https:\/\/www.visit-ulcinj.com\/blog\/wp-json\/wp\/v2\/types\/post"}],"author":[{"embeddable":true,"href":"https:\/\/www.visit-ulcinj.com\/blog\/wp-json\/wp\/v2\/users\/1"}],"replies":[{"embeddable":true,"href":"https:\/\/www.visit-ulcinj.com\/blog\/wp-json\/wp\/v2\/comments?post=90324"}],"version-history":[{"count":2,"href":"https:\/\/www.visit-ulcinj.com\/blog\/wp-json\/wp\/v2\/posts\/90324\/revisions"}],"predecessor-version":[{"id":90326,"href":"https:\/\/www.visit-ulcinj.com\/blog\/wp-json\/wp\/v2\/posts\/90324\/revisions\/90326"}],"wp:attachment":[{"href":"https:\/\/www.visit-ulcinj.com\/blog\/wp-json\/wp\/v2\/media?parent=90324"}],"wp:term":[{"taxonomy":"category","embeddable":true,"href":"https:\/\/www.visit-ulcinj.com\/blog\/wp-json\/wp\/v2\/categories?post=90324"},{"taxonomy":"post_tag","embeddable":true,"href":"https:\/\/www.visit-ulcinj.com\/blog\/wp-json\/wp\/v2\/tags?post=90324"}],"curies":[{"name":"wp","href":"https:\/\/api.w.org\/{rel}","templated":true}]}}