{"id":90340,"date":"2015-05-07T20:39:02","date_gmt":"2015-05-07T19:39:02","guid":{"rendered":"http:\/\/www.visit-ulcinj.com\/blog\/?p=90340"},"modified":"2015-05-07T20:39:44","modified_gmt":"2015-05-07T19:39:44","slug":"kampione-e-malit-te-zi-elda-kurti-nga-kc-rei","status":"publish","type":"post","link":"https:\/\/www.visit-ulcinj.com\/blog\/2015\/05\/07\/kampione-e-malit-te-zi-elda-kurti-nga-kc-rei\/","title":{"rendered":"Kampione e Malit t\u00eb Zi ELDA KURTI nga KC ,,REI,,"},"content":{"rendered":"<p><a href=\"http:\/\/www.visit-ulcinj.com\/blog\/wp-content\/uploads\/2015\/05\/Klubit-t\u00eb-Karates-REI-hercegnovi-2.jpg\"><img loading=\"lazy\" class=\"alignleft wp-image-90341\" src=\"http:\/\/www.visit-ulcinj.com\/blog\/wp-content\/uploads\/2015\/05\/Klubit-t\u00eb-Karates-REI-hercegnovi-2.jpg\" alt=\"Klubit t\u00eb Karates -REI-hercegnovi-2\" width=\"508\" height=\"703\" \/><\/a>Me 3 maj 2015 n\u00eb Herceg Novi u mbajt Kampionati i Malit t\u00eb Zi p\u00ebr Fatosa ,Pioner dhe Shpresa n\u00eb t\u00eb cilin garuesit e Klubit t\u00eb Karates ,,REI,, u korurzuan me 14 medalje prej tyre 1 e art\u00eb ,2 t\u00eb argjendta dhe 11 t\u00eb bronzta.N\u00eb k\u00ebt kampionat Klubi i Karates ,,Rei,,u paraqit me 14 garues.Titullin Kampione e Malit t\u00eb Zi e fitoi : ELDA KURTI, N\u00ebnkampion t\u00eb Malit t\u00eb Zi u shpall\u00ebn : ADMIR SELLA DHE NEQE MOLLABEQIRI.Kurse me medalje t\u00eb bronzta n\u00eb individuale dhe ekipore u shpallen k\u00ebta garues: Elda Kurti,Sara Lukoviq,Suphije Vosha,Dion Vukovic,Xhenis Caushi,Jovan Brajoviq,Denis Kahari,Leart Rexha,Nece Mollabeqiri,Damir Subrahimoviq,Kerim Rashiti,Danilo Coguriq ,Hamza Cobiq dhe Agim Baftijari. Fitus t\u00eb medaljeve t\u00eb bronzta u korurzuan dhe ekipet n\u00eb kata.<\/p>\n<p>Trajneret Nail Shilo Kurti, Gjovan Shkreli dhe Edmond Mehmedi pergezojn garuesit p\u00ebr rezulltatet e arritura ,sepse garuesit e Karate Club ,,REI,,vazhdojn prej gare n\u00eb gar\u00eb te jen nd\u00ebr ekipet m\u00eb t\u00eb mira.VET EMRI THOT ,,REI,, RESPEKT<\/p>\n<p><strong class=\"_36\"><a id=\"js_1o\" href=\"https:\/\/www.facebook.com\/karate.clubrei\" data-hovercard=\"\/ajax\/hovercard\/hovercard.php?id=100006467874546&amp;extragetparams=%7B%7D\">Karate Club Rei Ulcinj-Ulqin<\/a><\/strong><\/p>\n\n\t\t<style type=\"text\/css\">\n\t\t\t#gallery-1 {\n\t\t\t\tmargin: auto;\n\t\t\t}\n\t\t\t#gallery-1 .gallery-item {\n\t\t\t\tfloat: left;\n\t\t\t\tmargin-top: 10px;\n\t\t\t\ttext-align: center;\n\t\t\t\twidth: 33%;\n\t\t\t}\n\t\t\t#gallery-1 img {\n\t\t\t\tborder: 2px solid #cfcfcf;\n\t\t\t}\n\t\t\t#gallery-1 .gallery-caption {\n\t\t\t\tmargin-left: 0;\n\t\t\t}\n\t\t\t\/* see gallery_shortcode() in wp-includes\/media.php *\/\n\t\t<\/style>\n\t\t<div id='gallery-1' class='gallery galleryid-90340 gallery-columns-3 gallery-size-thumbnail'><dl class='gallery-item'>\n\t\t\t<dt class='gallery-icon portrait'>\n\t\t\t\t<a href='https:\/\/www.visit-ulcinj.com\/blog\/2015\/05\/07\/kampione-e-malit-te-zi-elda-kurti-nga-kc-rei\/klubit-te-karates-rei-hercegnovi\/'><img width=\"150\" height=\"150\" src=\"https:\/\/www.visit-ulcinj.com\/blog\/wp-content\/uploads\/2015\/05\/Klubit-t\u00eb-Karates-REI-hercegnovi--150x150.jpg\" class=\"attachment-thumbnail size-thumbnail\" alt=\"\" loading=\"lazy\" \/><\/a>\n\t\t\t<\/dt><\/dl><dl class='gallery-item'>\n\t\t\t<dt class='gallery-icon portrait'>\n\t\t\t\t<a href='https:\/\/www.visit-ulcinj.com\/blog\/2015\/05\/07\/kampione-e-malit-te-zi-elda-kurti-nga-kc-rei\/klubit-te-karates-rei-hercegnovi-3\/'><img width=\"150\" height=\"150\" src=\"https:\/\/www.visit-ulcinj.com\/blog\/wp-content\/uploads\/2015\/05\/Klubit-t\u00eb-Karates-REI-hercegnovi-3-150x150.jpg\" class=\"attachment-thumbnail size-thumbnail\" alt=\"\" loading=\"lazy\" \/><\/a>\n\t\t\t<\/dt><\/dl><dl class='gallery-item'>\n\t\t\t<dt class='gallery-icon portrait'>\n\t\t\t\t<a href='https:\/\/www.visit-ulcinj.com\/blog\/2015\/05\/07\/kampione-e-malit-te-zi-elda-kurti-nga-kc-rei\/klubit-te-karates-rei-hercegnovi-4\/'><img width=\"150\" height=\"150\" src=\"https:\/\/www.visit-ulcinj.com\/blog\/wp-content\/uploads\/2015\/05\/Klubit-t\u00eb-Karates-REI-hercegnovi-4-150x150.jpg\" class=\"attachment-thumbnail size-thumbnail\" alt=\"\" loading=\"lazy\" \/><\/a>\n\t\t\t<\/dt><\/dl><br style=\"clear: both\" \/><dl class='gallery-item'>\n\t\t\t<dt class='gallery-icon landscape'>\n\t\t\t\t<a href='https:\/\/www.visit-ulcinj.com\/blog\/2015\/05\/07\/kampione-e-malit-te-zi-elda-kurti-nga-kc-rei\/klubit-te-karates-rei-hercegnovi-5\/'><img width=\"150\" height=\"150\" src=\"https:\/\/www.visit-ulcinj.com\/blog\/wp-content\/uploads\/2015\/05\/Klubit-t\u00eb-Karates-REI-hercegnovi-5-150x150.jpg\" class=\"attachment-thumbnail size-thumbnail\" alt=\"\" loading=\"lazy\" \/><\/a>\n\t\t\t<\/dt><\/dl><dl class='gallery-item'>\n\t\t\t<dt class='gallery-icon landscape'>\n\t\t\t\t<a href='https:\/\/www.visit-ulcinj.com\/blog\/2015\/05\/07\/kampione-e-malit-te-zi-elda-kurti-nga-kc-rei\/klubit-te-karates-rei-hercegnovi-1\/'><img width=\"150\" height=\"150\" src=\"https:\/\/www.visit-ulcinj.com\/blog\/wp-content\/uploads\/2015\/05\/Klubit-t\u00eb-Karates-REI-hercegnovi-1-150x150.jpg\" class=\"attachment-thumbnail size-thumbnail\" alt=\"\" loading=\"lazy\" \/><\/a>\n\t\t\t<\/dt><\/dl><dl class='gallery-item'>\n\t\t\t<dt class='gallery-icon portrait'>\n\t\t\t\t<a href='https:\/\/www.visit-ulcinj.com\/blog\/2015\/05\/07\/kampione-e-malit-te-zi-elda-kurti-nga-kc-rei\/klubit-te-karates-rei-hercegnovi-2\/'><img width=\"150\" height=\"150\" src=\"https:\/\/www.visit-ulcinj.com\/blog\/wp-content\/uploads\/2015\/05\/Klubit-t\u00eb-Karates-REI-hercegnovi-2-150x150.jpg\" class=\"attachment-thumbnail size-thumbnail\" alt=\"\" loading=\"lazy\" \/><\/a>\n\t\t\t<\/dt><\/dl><br style=\"clear: both\" \/>\n\t\t<\/div>\n\n","protected":false},"excerpt":{"rendered":"<p>Me 3 maj 2015 n\u00eb Herceg Novi u mbajt Kampionati i Malit t\u00eb Zi p\u00ebr Fatosa ,Pioner dhe Shpresa n\u00eb t\u00eb cilin garuesit e Klubit t\u00eb Karates ,,REI,, u korurzuan me 14 medalje prej tyre 1 e art\u00eb ,2 t\u00eb argjendta dhe 11 t\u00eb bronzta.N\u00eb k\u00ebt kampionat Klubi i Karates ,,Rei,,u paraqit me 14 garues.Titullin [&hellip;]<\/p>\n","protected":false},"author":1,"featured_media":0,"comment_status":"closed","ping_status":"closed","sticky":false,"template":"","format":"standard","meta":{"spay_email":"","jetpack_publicize_message":"","jetpack_is_tweetstorm":false,"jetpack_publicize_feature_enabled":true},"categories":[1],"tags":[],"jetpack_publicize_connections":[],"yoast_head":"<!-- This site is optimized with the Yoast SEO plugin v19.1 - https:\/\/yoast.com\/wordpress\/plugins\/seo\/ -->\n<title>Kampione e Malit t\u00eb Zi ELDA KURTI nga KC ,,REI,, - Lajme nga Ulqini<\/title>\n<meta name=\"description\" content=\"Me 3 maj 2015 n\u00eb Herceg Novi u mbajt Kampionati i Malit t\u00eb Zi p\u00ebr Fatosa ,Pioner dhe Shpresa n\u00eb t\u00eb cilin garuesit e Klubit t\u00eb Karates ,,REI,, u korurzuan\" \/>\n<meta name=\"robots\" content=\"index, follow, max-snippet:-1, max-image-preview:large, max-video-preview:-1\" \/>\n<link rel=\"canonical\" href=\"https:\/\/www.visit-ulcinj.com\/blog\/2015\/05\/07\/kampione-e-malit-te-zi-elda-kurti-nga-kc-rei\/\" \/>\n<meta property=\"og:locale\" content=\"en_US\" \/>\n<meta property=\"og:type\" content=\"article\" \/>\n<meta property=\"og:title\" content=\"Kampione e Malit t\u00eb Zi ELDA KURTI nga KC ,,REI,, - Lajme nga Ulqini\" \/>\n<meta property=\"og:description\" content=\"Me 3 maj 2015 n\u00eb Herceg Novi u mbajt Kampionati i Malit t\u00eb Zi p\u00ebr Fatosa ,Pioner dhe Shpresa n\u00eb t\u00eb cilin garuesit e Klubit t\u00eb Karates ,,REI,, u korurzuan\" \/>\n<meta property=\"og:url\" content=\"https:\/\/www.visit-ulcinj.com\/blog\/2015\/05\/07\/kampione-e-malit-te-zi-elda-kurti-nga-kc-rei\/\" \/>\n<meta property=\"og:site_name\" content=\"Lajme nga Ulqini\" \/>\n<meta property=\"article:published_time\" content=\"2015-05-07T19:39:02+00:00\" \/>\n<meta property=\"article:modified_time\" content=\"2015-05-07T19:39:44+00:00\" \/>\n<meta property=\"og:image\" content=\"https:\/\/www.visit-ulcinj.com\/blog\/wp-content\/uploads\/2015\/05\/Klubit-t\u00eb-Karates-REI-hercegnovi--150x150.jpg\" \/>\n<meta name=\"twitter:label1\" content=\"Written by\" \/>\n\t<meta name=\"twitter:data1\" content=\"ulqini\" \/>\n\t<meta name=\"twitter:label2\" content=\"Est. reading time\" \/>\n\t<meta name=\"twitter:data2\" content=\"1 minute\" \/>\n<script type=\"application\/ld+json\" class=\"yoast-schema-graph\">{\"@context\":\"https:\/\/schema.org\",\"@graph\":[{\"@type\":\"WebSite\",\"@id\":\"https:\/\/www.visit-ulcinj.com\/blog\/#website\",\"url\":\"https:\/\/www.visit-ulcinj.com\/blog\/\",\"name\":\"Lajme nga Ulqini\",\"description\":\"Lajme,Vijesti,Ulqini,Ulqin,Crna Gora,Mali i Zi\",\"potentialAction\":[{\"@type\":\"SearchAction\",\"target\":{\"@type\":\"EntryPoint\",\"urlTemplate\":\"https:\/\/www.visit-ulcinj.com\/blog\/?s={search_term_string}\"},\"query-input\":\"required name=search_term_string\"}],\"inLanguage\":\"en-US\"},{\"@type\":\"WebPage\",\"@id\":\"https:\/\/www.visit-ulcinj.com\/blog\/2015\/05\/07\/kampione-e-malit-te-zi-elda-kurti-nga-kc-rei\/#webpage\",\"url\":\"https:\/\/www.visit-ulcinj.com\/blog\/2015\/05\/07\/kampione-e-malit-te-zi-elda-kurti-nga-kc-rei\/\",\"name\":\"Kampione e Malit t\u00eb Zi ELDA KURTI nga KC ,,REI,, - Lajme nga Ulqini\",\"isPartOf\":{\"@id\":\"https:\/\/www.visit-ulcinj.com\/blog\/#website\"},\"datePublished\":\"2015-05-07T19:39:02+00:00\",\"dateModified\":\"2015-05-07T19:39:44+00:00\",\"author\":{\"@id\":\"https:\/\/www.visit-ulcinj.com\/blog\/#\/schema\/person\/dcab619c614d3038751c63bc2aadc06d\"},\"description\":\"Me 3 maj 2015 n\u00eb Herceg Novi u mbajt Kampionati i Malit t\u00eb Zi p\u00ebr Fatosa ,Pioner dhe Shpresa n\u00eb t\u00eb cilin garuesit e Klubit t\u00eb Karates ,,REI,, u korurzuan\",\"breadcrumb\":{\"@id\":\"https:\/\/www.visit-ulcinj.com\/blog\/2015\/05\/07\/kampione-e-malit-te-zi-elda-kurti-nga-kc-rei\/#breadcrumb\"},\"inLanguage\":\"en-US\",\"potentialAction\":[{\"@type\":\"ReadAction\",\"target\":[\"https:\/\/www.visit-ulcinj.com\/blog\/2015\/05\/07\/kampione-e-malit-te-zi-elda-kurti-nga-kc-rei\/\"]}]},{\"@type\":\"BreadcrumbList\",\"@id\":\"https:\/\/www.visit-ulcinj.com\/blog\/2015\/05\/07\/kampione-e-malit-te-zi-elda-kurti-nga-kc-rei\/#breadcrumb\",\"itemListElement\":[{\"@type\":\"ListItem\",\"position\":1,\"name\":\"Kampione e Malit t\u00eb Zi ELDA KURTI nga KC ,,REI,,\"}]},{\"@type\":\"Person\",\"@id\":\"https:\/\/www.visit-ulcinj.com\/blog\/#\/schema\/person\/dcab619c614d3038751c63bc2aadc06d\",\"name\":\"ulqini\",\"sameAs\":[\"http:\/\/www.visit-ulcinj.com\"],\"url\":\"https:\/\/www.visit-ulcinj.com\/blog\/author\/admin\/\"}]}<\/script>\n<!-- \/ Yoast SEO plugin. -->","yoast_head_json":{"title":"Kampione e Malit t\u00eb Zi ELDA KURTI nga KC ,,REI,, - Lajme nga Ulqini","description":"Me 3 maj 2015 n\u00eb Herceg Novi u mbajt Kampionati i Malit t\u00eb Zi p\u00ebr Fatosa ,Pioner dhe Shpresa n\u00eb t\u00eb cilin garuesit e Klubit t\u00eb Karates ,,REI,, u korurzuan","robots":{"index":"index","follow":"follow","max-snippet":"max-snippet:-1","max-image-preview":"max-image-preview:large","max-video-preview":"max-video-preview:-1"},"canonical":"https:\/\/www.visit-ulcinj.com\/blog\/2015\/05\/07\/kampione-e-malit-te-zi-elda-kurti-nga-kc-rei\/","og_locale":"en_US","og_type":"article","og_title":"Kampione e Malit t\u00eb Zi ELDA KURTI nga KC ,,REI,, - Lajme nga Ulqini","og_description":"Me 3 maj 2015 n\u00eb Herceg Novi u mbajt Kampionati i Malit t\u00eb Zi p\u00ebr Fatosa ,Pioner dhe Shpresa n\u00eb t\u00eb cilin garuesit e Klubit t\u00eb Karates ,,REI,, u korurzuan","og_url":"https:\/\/www.visit-ulcinj.com\/blog\/2015\/05\/07\/kampione-e-malit-te-zi-elda-kurti-nga-kc-rei\/","og_site_name":"Lajme nga Ulqini","article_published_time":"2015-05-07T19:39:02+00:00","article_modified_time":"2015-05-07T19:39:44+00:00","og_image":[{"url":"https:\/\/www.visit-ulcinj.com\/blog\/wp-content\/uploads\/2015\/05\/Klubit-t\u00eb-Karates-REI-hercegnovi--150x150.jpg"}],"twitter_misc":{"Written by":"ulqini","Est. reading time":"1 minute"},"schema":{"@context":"https:\/\/schema.org","@graph":[{"@type":"WebSite","@id":"https:\/\/www.visit-ulcinj.com\/blog\/#website","url":"https:\/\/www.visit-ulcinj.com\/blog\/","name":"Lajme nga Ulqini","description":"Lajme,Vijesti,Ulqini,Ulqin,Crna Gora,Mali i Zi","potentialAction":[{"@type":"SearchAction","target":{"@type":"EntryPoint","urlTemplate":"https:\/\/www.visit-ulcinj.com\/blog\/?s={search_term_string}"},"query-input":"required name=search_term_string"}],"inLanguage":"en-US"},{"@type":"WebPage","@id":"https:\/\/www.visit-ulcinj.com\/blog\/2015\/05\/07\/kampione-e-malit-te-zi-elda-kurti-nga-kc-rei\/#webpage","url":"https:\/\/www.visit-ulcinj.com\/blog\/2015\/05\/07\/kampione-e-malit-te-zi-elda-kurti-nga-kc-rei\/","name":"Kampione e Malit t\u00eb Zi ELDA KURTI nga KC ,,REI,, - Lajme nga Ulqini","isPartOf":{"@id":"https:\/\/www.visit-ulcinj.com\/blog\/#website"},"datePublished":"2015-05-07T19:39:02+00:00","dateModified":"2015-05-07T19:39:44+00:00","author":{"@id":"https:\/\/www.visit-ulcinj.com\/blog\/#\/schema\/person\/dcab619c614d3038751c63bc2aadc06d"},"description":"Me 3 maj 2015 n\u00eb Herceg Novi u mbajt Kampionati i Malit t\u00eb Zi p\u00ebr Fatosa ,Pioner dhe Shpresa n\u00eb t\u00eb cilin garuesit e Klubit t\u00eb Karates ,,REI,, u korurzuan","breadcrumb":{"@id":"https:\/\/www.visit-ulcinj.com\/blog\/2015\/05\/07\/kampione-e-malit-te-zi-elda-kurti-nga-kc-rei\/#breadcrumb"},"inLanguage":"en-US","potentialAction":[{"@type":"ReadAction","target":["https:\/\/www.visit-ulcinj.com\/blog\/2015\/05\/07\/kampione-e-malit-te-zi-elda-kurti-nga-kc-rei\/"]}]},{"@type":"BreadcrumbList","@id":"https:\/\/www.visit-ulcinj.com\/blog\/2015\/05\/07\/kampione-e-malit-te-zi-elda-kurti-nga-kc-rei\/#breadcrumb","itemListElement":[{"@type":"ListItem","position":1,"name":"Kampione e Malit t\u00eb Zi ELDA KURTI nga KC ,,REI,,"}]},{"@type":"Person","@id":"https:\/\/www.visit-ulcinj.com\/blog\/#\/schema\/person\/dcab619c614d3038751c63bc2aadc06d","name":"ulqini","sameAs":["http:\/\/www.visit-ulcinj.com"],"url":"https:\/\/www.visit-ulcinj.com\/blog\/author\/admin\/"}]}},"jetpack_featured_media_url":"","jetpack_sharing_enabled":true,"jetpack_shortlink":"https:\/\/wp.me\/pe6lTn-nv6","_links":{"self":[{"href":"https:\/\/www.visit-ulcinj.com\/blog\/wp-json\/wp\/v2\/posts\/90340"}],"collection":[{"href":"https:\/\/www.visit-ulcinj.com\/blog\/wp-json\/wp\/v2\/posts"}],"about":[{"href":"https:\/\/www.visit-ulcinj.com\/blog\/wp-json\/wp\/v2\/types\/post"}],"author":[{"embeddable":true,"href":"https:\/\/www.visit-ulcinj.com\/blog\/wp-json\/wp\/v2\/users\/1"}],"replies":[{"embeddable":true,"href":"https:\/\/www.visit-ulcinj.com\/blog\/wp-json\/wp\/v2\/comments?post=90340"}],"version-history":[{"count":1,"href":"https:\/\/www.visit-ulcinj.com\/blog\/wp-json\/wp\/v2\/posts\/90340\/revisions"}],"predecessor-version":[{"id":90347,"href":"https:\/\/www.visit-ulcinj.com\/blog\/wp-json\/wp\/v2\/posts\/90340\/revisions\/90347"}],"wp:attachment":[{"href":"https:\/\/www.visit-ulcinj.com\/blog\/wp-json\/wp\/v2\/media?parent=90340"}],"wp:term":[{"taxonomy":"category","embeddable":true,"href":"https:\/\/www.visit-ulcinj.com\/blog\/wp-json\/wp\/v2\/categories?post=90340"},{"taxonomy":"post_tag","embeddable":true,"href":"https:\/\/www.visit-ulcinj.com\/blog\/wp-json\/wp\/v2\/tags?post=90340"}],"curies":[{"name":"wp","href":"https:\/\/api.w.org\/{rel}","templated":true}]}}