{"id":90365,"date":"2015-05-08T11:26:29","date_gmt":"2015-05-08T10:26:29","guid":{"rendered":"http:\/\/www.visit-ulcinj.com\/blog\/?p=90365"},"modified":"2015-05-08T11:40:30","modified_gmt":"2015-05-08T10:40:30","slug":"muhamed-spuzha-tani-te-flase-une","status":"publish","type":"post","link":"https:\/\/www.visit-ulcinj.com\/blog\/2015\/05\/08\/muhamed-spuzha-tani-te-flase-une\/","title":{"rendered":"Muhamed Spuzha: \u201cTani do t\u00eb flas\u00eb un\u00eb\u201d"},"content":{"rendered":"<div class=\"entry\">\n<p><a href=\"http:\/\/www.visit-ulcinj.com\/blog\/wp-content\/uploads\/2014\/08\/Muho-Spuza-Ulcinj-DPS.jpg\"><img loading=\"lazy\" class=\"alignleft wp-image-84675\" src=\"http:\/\/www.visit-ulcinj.com\/blog\/wp-content\/uploads\/2014\/08\/Muho-Spuza-Ulcinj-DPS.jpg\" alt=\"Muho-Spuza-Ulcinj-DPS\" width=\"508\" height=\"381\" srcset=\"https:\/\/www.visit-ulcinj.com\/blog\/wp-content\/uploads\/2014\/08\/Muho-Spuza-Ulcinj-DPS.jpg 600w, https:\/\/www.visit-ulcinj.com\/blog\/wp-content\/uploads\/2014\/08\/Muho-Spuza-Ulcinj-DPS-300x225.jpg 300w\" sizes=\"(max-width: 508px) 100vw, 508px\" \/><\/a>An\u00ebtar\u00ebt e rebeluar t\u00eb PDS-s\u00eb s\u00eb Ulqinit kan\u00eb paralajm\u00ebruar se dit\u00ebt e ardhshme do t\u00eb organizojn\u00eb konferenc\u00eb p\u00ebr shtyp n\u00eb t\u00eb cil\u00ebn do t\u00eb flasin mbi arsyet p\u00ebr t\u00eb cil\u00ebt k\u00ebrkuan shkarkimin e kryetarit t\u00eb KK-s\u00eb Loro Nrekiq.<\/p>\n<p>An\u00ebtar\u00ebt e KK Muhamed Spuzha dhe Arijan Lamoviq k\u00ebt\u00eb informat\u00eb e v\u00ebrtetuan p\u00ebr gazet\u00ebn \u201cDan\u201d. \u201c\u00c7do gj\u00eb q\u00eb kam p\u00ebr t\u00eb th\u00ebn\u00eb mbi ndodhit\u00eb n\u00eb parti do ti them haptas para gazetar\u00ebve, me em\u00ebr dhe mbiem\u00ebr. Duroni edhe disa dit\u00eb, t\u00eb gjith\u00eb do t\u00eb jeni t\u00eb njoftuar\u201d, tha Spuzha, raporton portali Ul.info.<\/p>\n<p>P\u00ebrndryshe, n\u00eb v\u00ebrejtjet e disa an\u00ebtar\u00ebve t\u00eb KK-s\u00eb se ai edhe m\u00eb her\u00ebt i tha informatat gazetar\u00ebve, Spuzha n\u00eb mbledhjen e k\u00ebtij organi t\u00eb mart\u00ebn ka th\u00ebn\u00eb se kjo nuk \u00ebsht\u00eb e v\u00ebrtet. \u201cTani do t\u00eb flas\u00eb un\u00eb\u201d, tha ai duke kritikuar r\u00ebnd\u00eb drejtuesit e PDS-s\u00eb n\u00eb Ulqin.<\/p>\n<\/div>\n","protected":false},"excerpt":{"rendered":"<p>An\u00ebtar\u00ebt e rebeluar t\u00eb PDS-s\u00eb s\u00eb Ulqinit kan\u00eb paralajm\u00ebruar se dit\u00ebt e ardhshme do t\u00eb organizojn\u00eb konferenc\u00eb p\u00ebr shtyp n\u00eb t\u00eb cil\u00ebn do t\u00eb flasin mbi arsyet p\u00ebr t\u00eb cil\u00ebt k\u00ebrkuan shkarkimin e kryetarit t\u00eb KK-s\u00eb Loro Nrekiq. An\u00ebtar\u00ebt e KK Muhamed Spuzha dhe Arijan Lamoviq k\u00ebt\u00eb informat\u00eb e v\u00ebrtetuan p\u00ebr gazet\u00ebn \u201cDan\u201d. \u201c\u00c7do gj\u00eb [&hellip;]<\/p>\n","protected":false},"author":1,"featured_media":0,"comment_status":"closed","ping_status":"closed","sticky":false,"template":"","format":"standard","meta":{"spay_email":"","jetpack_publicize_message":"","jetpack_is_tweetstorm":false,"jetpack_publicize_feature_enabled":true},"categories":[1,6],"tags":[],"jetpack_publicize_connections":[],"yoast_head":"<!-- This site is optimized with the Yoast SEO plugin v19.1 - https:\/\/yoast.com\/wordpress\/plugins\/seo\/ -->\n<title>Muhamed Spuzha: \u201cTani do t\u00eb flas\u00eb un\u00eb\u201d - Lajme nga Ulqini<\/title>\n<meta name=\"description\" content=\"An\u00ebtar\u00ebt e rebeluar t\u00eb PDS-s\u00eb s\u00eb Ulqinit kan\u00eb paralajm\u00ebruar se dit\u00ebt e ardhshme do t\u00eb organizojn\u00eb konferenc\u00eb p\u00ebr shtyp n\u00eb t\u00eb cil\u00ebn do t\u00eb flasin mbi arsyet\" \/>\n<meta name=\"robots\" content=\"index, follow, max-snippet:-1, max-image-preview:large, max-video-preview:-1\" \/>\n<link rel=\"canonical\" href=\"https:\/\/www.visit-ulcinj.com\/blog\/2015\/05\/08\/muhamed-spuzha-tani-te-flase-une\/\" \/>\n<meta property=\"og:locale\" content=\"en_US\" \/>\n<meta property=\"og:type\" content=\"article\" \/>\n<meta property=\"og:title\" content=\"Muhamed Spuzha: \u201cTani do t\u00eb flas\u00eb un\u00eb\u201d - Lajme nga Ulqini\" \/>\n<meta property=\"og:description\" content=\"An\u00ebtar\u00ebt e rebeluar t\u00eb PDS-s\u00eb s\u00eb Ulqinit kan\u00eb paralajm\u00ebruar se dit\u00ebt e ardhshme do t\u00eb organizojn\u00eb konferenc\u00eb p\u00ebr shtyp n\u00eb t\u00eb cil\u00ebn do t\u00eb flasin mbi arsyet\" \/>\n<meta property=\"og:url\" content=\"https:\/\/www.visit-ulcinj.com\/blog\/2015\/05\/08\/muhamed-spuzha-tani-te-flase-une\/\" \/>\n<meta property=\"og:site_name\" content=\"Lajme nga Ulqini\" \/>\n<meta property=\"article:published_time\" content=\"2015-05-08T10:26:29+00:00\" \/>\n<meta property=\"article:modified_time\" content=\"2015-05-08T10:40:30+00:00\" \/>\n<meta property=\"og:image\" content=\"http:\/\/www.visit-ulcinj.com\/blog\/wp-content\/uploads\/2014\/08\/Muho-Spuza-Ulcinj-DPS.jpg\" \/>\n<meta name=\"twitter:label1\" content=\"Written by\" \/>\n\t<meta name=\"twitter:data1\" content=\"ulqini\" \/>\n\t<meta name=\"twitter:label2\" content=\"Est. reading time\" \/>\n\t<meta name=\"twitter:data2\" content=\"1 minute\" \/>\n<script type=\"application\/ld+json\" class=\"yoast-schema-graph\">{\"@context\":\"https:\/\/schema.org\",\"@graph\":[{\"@type\":\"WebSite\",\"@id\":\"https:\/\/www.visit-ulcinj.com\/blog\/#website\",\"url\":\"https:\/\/www.visit-ulcinj.com\/blog\/\",\"name\":\"Lajme nga Ulqini\",\"description\":\"Lajme,Vijesti,Ulqini,Ulqin,Crna Gora,Mali i Zi\",\"potentialAction\":[{\"@type\":\"SearchAction\",\"target\":{\"@type\":\"EntryPoint\",\"urlTemplate\":\"https:\/\/www.visit-ulcinj.com\/blog\/?s={search_term_string}\"},\"query-input\":\"required name=search_term_string\"}],\"inLanguage\":\"en-US\"},{\"@type\":\"ImageObject\",\"inLanguage\":\"en-US\",\"@id\":\"https:\/\/www.visit-ulcinj.com\/blog\/2015\/05\/08\/muhamed-spuzha-tani-te-flase-une\/#primaryimage\",\"url\":\"https:\/\/www.visit-ulcinj.com\/blog\/wp-content\/uploads\/2014\/08\/Muho-Spuza-Ulcinj-DPS.jpg\",\"contentUrl\":\"https:\/\/www.visit-ulcinj.com\/blog\/wp-content\/uploads\/2014\/08\/Muho-Spuza-Ulcinj-DPS.jpg\",\"width\":600,\"height\":450},{\"@type\":\"WebPage\",\"@id\":\"https:\/\/www.visit-ulcinj.com\/blog\/2015\/05\/08\/muhamed-spuzha-tani-te-flase-une\/#webpage\",\"url\":\"https:\/\/www.visit-ulcinj.com\/blog\/2015\/05\/08\/muhamed-spuzha-tani-te-flase-une\/\",\"name\":\"Muhamed Spuzha: \u201cTani do t\u00eb flas\u00eb un\u00eb\u201d - Lajme nga Ulqini\",\"isPartOf\":{\"@id\":\"https:\/\/www.visit-ulcinj.com\/blog\/#website\"},\"primaryImageOfPage\":{\"@id\":\"https:\/\/www.visit-ulcinj.com\/blog\/2015\/05\/08\/muhamed-spuzha-tani-te-flase-une\/#primaryimage\"},\"datePublished\":\"2015-05-08T10:26:29+00:00\",\"dateModified\":\"2015-05-08T10:40:30+00:00\",\"author\":{\"@id\":\"https:\/\/www.visit-ulcinj.com\/blog\/#\/schema\/person\/dcab619c614d3038751c63bc2aadc06d\"},\"description\":\"An\u00ebtar\u00ebt e rebeluar t\u00eb PDS-s\u00eb s\u00eb Ulqinit kan\u00eb paralajm\u00ebruar se dit\u00ebt e ardhshme do t\u00eb organizojn\u00eb konferenc\u00eb p\u00ebr shtyp n\u00eb t\u00eb cil\u00ebn do t\u00eb flasin mbi arsyet\",\"breadcrumb\":{\"@id\":\"https:\/\/www.visit-ulcinj.com\/blog\/2015\/05\/08\/muhamed-spuzha-tani-te-flase-une\/#breadcrumb\"},\"inLanguage\":\"en-US\",\"potentialAction\":[{\"@type\":\"ReadAction\",\"target\":[\"https:\/\/www.visit-ulcinj.com\/blog\/2015\/05\/08\/muhamed-spuzha-tani-te-flase-une\/\"]}]},{\"@type\":\"BreadcrumbList\",\"@id\":\"https:\/\/www.visit-ulcinj.com\/blog\/2015\/05\/08\/muhamed-spuzha-tani-te-flase-une\/#breadcrumb\",\"itemListElement\":[{\"@type\":\"ListItem\",\"position\":1,\"name\":\"Muhamed Spuzha: \u201cTani do t\u00eb flas\u00eb un\u00eb\u201d\"}]},{\"@type\":\"Person\",\"@id\":\"https:\/\/www.visit-ulcinj.com\/blog\/#\/schema\/person\/dcab619c614d3038751c63bc2aadc06d\",\"name\":\"ulqini\",\"sameAs\":[\"http:\/\/www.visit-ulcinj.com\"],\"url\":\"https:\/\/www.visit-ulcinj.com\/blog\/author\/admin\/\"}]}<\/script>\n<!-- \/ Yoast SEO plugin. -->","yoast_head_json":{"title":"Muhamed Spuzha: \u201cTani do t\u00eb flas\u00eb un\u00eb\u201d - Lajme nga Ulqini","description":"An\u00ebtar\u00ebt e rebeluar t\u00eb PDS-s\u00eb s\u00eb Ulqinit kan\u00eb paralajm\u00ebruar se dit\u00ebt e ardhshme do t\u00eb organizojn\u00eb konferenc\u00eb p\u00ebr shtyp n\u00eb t\u00eb cil\u00ebn do t\u00eb flasin mbi arsyet","robots":{"index":"index","follow":"follow","max-snippet":"max-snippet:-1","max-image-preview":"max-image-preview:large","max-video-preview":"max-video-preview:-1"},"canonical":"https:\/\/www.visit-ulcinj.com\/blog\/2015\/05\/08\/muhamed-spuzha-tani-te-flase-une\/","og_locale":"en_US","og_type":"article","og_title":"Muhamed Spuzha: \u201cTani do t\u00eb flas\u00eb un\u00eb\u201d - Lajme nga Ulqini","og_description":"An\u00ebtar\u00ebt e rebeluar t\u00eb PDS-s\u00eb s\u00eb Ulqinit kan\u00eb paralajm\u00ebruar se dit\u00ebt e ardhshme do t\u00eb organizojn\u00eb konferenc\u00eb p\u00ebr shtyp n\u00eb t\u00eb cil\u00ebn do t\u00eb flasin mbi arsyet","og_url":"https:\/\/www.visit-ulcinj.com\/blog\/2015\/05\/08\/muhamed-spuzha-tani-te-flase-une\/","og_site_name":"Lajme nga Ulqini","article_published_time":"2015-05-08T10:26:29+00:00","article_modified_time":"2015-05-08T10:40:30+00:00","og_image":[{"url":"http:\/\/www.visit-ulcinj.com\/blog\/wp-content\/uploads\/2014\/08\/Muho-Spuza-Ulcinj-DPS.jpg"}],"twitter_misc":{"Written by":"ulqini","Est. reading time":"1 minute"},"schema":{"@context":"https:\/\/schema.org","@graph":[{"@type":"WebSite","@id":"https:\/\/www.visit-ulcinj.com\/blog\/#website","url":"https:\/\/www.visit-ulcinj.com\/blog\/","name":"Lajme nga Ulqini","description":"Lajme,Vijesti,Ulqini,Ulqin,Crna Gora,Mali i Zi","potentialAction":[{"@type":"SearchAction","target":{"@type":"EntryPoint","urlTemplate":"https:\/\/www.visit-ulcinj.com\/blog\/?s={search_term_string}"},"query-input":"required name=search_term_string"}],"inLanguage":"en-US"},{"@type":"ImageObject","inLanguage":"en-US","@id":"https:\/\/www.visit-ulcinj.com\/blog\/2015\/05\/08\/muhamed-spuzha-tani-te-flase-une\/#primaryimage","url":"https:\/\/www.visit-ulcinj.com\/blog\/wp-content\/uploads\/2014\/08\/Muho-Spuza-Ulcinj-DPS.jpg","contentUrl":"https:\/\/www.visit-ulcinj.com\/blog\/wp-content\/uploads\/2014\/08\/Muho-Spuza-Ulcinj-DPS.jpg","width":600,"height":450},{"@type":"WebPage","@id":"https:\/\/www.visit-ulcinj.com\/blog\/2015\/05\/08\/muhamed-spuzha-tani-te-flase-une\/#webpage","url":"https:\/\/www.visit-ulcinj.com\/blog\/2015\/05\/08\/muhamed-spuzha-tani-te-flase-une\/","name":"Muhamed Spuzha: \u201cTani do t\u00eb flas\u00eb un\u00eb\u201d - Lajme nga Ulqini","isPartOf":{"@id":"https:\/\/www.visit-ulcinj.com\/blog\/#website"},"primaryImageOfPage":{"@id":"https:\/\/www.visit-ulcinj.com\/blog\/2015\/05\/08\/muhamed-spuzha-tani-te-flase-une\/#primaryimage"},"datePublished":"2015-05-08T10:26:29+00:00","dateModified":"2015-05-08T10:40:30+00:00","author":{"@id":"https:\/\/www.visit-ulcinj.com\/blog\/#\/schema\/person\/dcab619c614d3038751c63bc2aadc06d"},"description":"An\u00ebtar\u00ebt e rebeluar t\u00eb PDS-s\u00eb s\u00eb Ulqinit kan\u00eb paralajm\u00ebruar se dit\u00ebt e ardhshme do t\u00eb organizojn\u00eb konferenc\u00eb p\u00ebr shtyp n\u00eb t\u00eb cil\u00ebn do t\u00eb flasin mbi arsyet","breadcrumb":{"@id":"https:\/\/www.visit-ulcinj.com\/blog\/2015\/05\/08\/muhamed-spuzha-tani-te-flase-une\/#breadcrumb"},"inLanguage":"en-US","potentialAction":[{"@type":"ReadAction","target":["https:\/\/www.visit-ulcinj.com\/blog\/2015\/05\/08\/muhamed-spuzha-tani-te-flase-une\/"]}]},{"@type":"BreadcrumbList","@id":"https:\/\/www.visit-ulcinj.com\/blog\/2015\/05\/08\/muhamed-spuzha-tani-te-flase-une\/#breadcrumb","itemListElement":[{"@type":"ListItem","position":1,"name":"Muhamed Spuzha: \u201cTani do t\u00eb flas\u00eb un\u00eb\u201d"}]},{"@type":"Person","@id":"https:\/\/www.visit-ulcinj.com\/blog\/#\/schema\/person\/dcab619c614d3038751c63bc2aadc06d","name":"ulqini","sameAs":["http:\/\/www.visit-ulcinj.com"],"url":"https:\/\/www.visit-ulcinj.com\/blog\/author\/admin\/"}]}},"jetpack_featured_media_url":"","jetpack_sharing_enabled":true,"jetpack_shortlink":"https:\/\/wp.me\/pe6lTn-nvv","_links":{"self":[{"href":"https:\/\/www.visit-ulcinj.com\/blog\/wp-json\/wp\/v2\/posts\/90365"}],"collection":[{"href":"https:\/\/www.visit-ulcinj.com\/blog\/wp-json\/wp\/v2\/posts"}],"about":[{"href":"https:\/\/www.visit-ulcinj.com\/blog\/wp-json\/wp\/v2\/types\/post"}],"author":[{"embeddable":true,"href":"https:\/\/www.visit-ulcinj.com\/blog\/wp-json\/wp\/v2\/users\/1"}],"replies":[{"embeddable":true,"href":"https:\/\/www.visit-ulcinj.com\/blog\/wp-json\/wp\/v2\/comments?post=90365"}],"version-history":[{"count":1,"href":"https:\/\/www.visit-ulcinj.com\/blog\/wp-json\/wp\/v2\/posts\/90365\/revisions"}],"predecessor-version":[{"id":90366,"href":"https:\/\/www.visit-ulcinj.com\/blog\/wp-json\/wp\/v2\/posts\/90365\/revisions\/90366"}],"wp:attachment":[{"href":"https:\/\/www.visit-ulcinj.com\/blog\/wp-json\/wp\/v2\/media?parent=90365"}],"wp:term":[{"taxonomy":"category","embeddable":true,"href":"https:\/\/www.visit-ulcinj.com\/blog\/wp-json\/wp\/v2\/categories?post=90365"},{"taxonomy":"post_tag","embeddable":true,"href":"https:\/\/www.visit-ulcinj.com\/blog\/wp-json\/wp\/v2\/tags?post=90365"}],"curies":[{"name":"wp","href":"https:\/\/api.w.org\/{rel}","templated":true}]}}