{"id":90382,"date":"2015-05-08T16:59:08","date_gmt":"2015-05-08T15:59:08","guid":{"rendered":"http:\/\/www.visit-ulcinj.com\/blog\/?p=90382"},"modified":"2015-05-08T16:59:08","modified_gmt":"2015-05-08T15:59:08","slug":"mali-zi-syte-dhe-mendjen-tek-turistet-nga-kosova","status":"publish","type":"post","link":"https:\/\/www.visit-ulcinj.com\/blog\/2015\/05\/08\/mali-zi-syte-dhe-mendjen-tek-turistet-nga-kosova\/","title":{"rendered":"Mali i Zi syt\u00eb dhe mendjen tek turist\u00ebt nga Kosova"},"content":{"rendered":"<div class=\"entry-content\">\n<p><a href=\"http:\/\/www.visit-ulcinj.com\/blog\/wp-content\/uploads\/2015\/05\/OT-e-Ulqinit-n\u00eb-Panairin-Nd\u00ebrkomb\u00ebtar-t\u00eb-Turizmit-n\u00eb-Prishtin-5.jpg\"><img loading=\"lazy\" class=\"alignleft wp-image-90319\" src=\"http:\/\/www.visit-ulcinj.com\/blog\/wp-content\/uploads\/2015\/05\/OT-e-Ulqinit-n\u00eb-Panairin-Nd\u00ebrkomb\u00ebtar-t\u00eb-Turizmit-n\u00eb-Prishtin-5.jpg\" alt=\"OT e Ulqinit n\u00eb Panairin Nd\u00ebrkomb\u00ebtar t\u00eb Turizmit n\u00eb Prishtin-5\" width=\"508\" height=\"286\" srcset=\"https:\/\/www.visit-ulcinj.com\/blog\/wp-content\/uploads\/2015\/05\/OT-e-Ulqinit-n\u00eb-Panairin-Nd\u00ebrkomb\u00ebtar-t\u00eb-Turizmit-n\u00eb-Prishtin-5.jpg 999w, https:\/\/www.visit-ulcinj.com\/blog\/wp-content\/uploads\/2015\/05\/OT-e-Ulqinit-n\u00eb-Panairin-Nd\u00ebrkomb\u00ebtar-t\u00eb-Turizmit-n\u00eb-Prishtin-5-300x169.jpg 300w\" sizes=\"(max-width: 508px) 100vw, 508px\" \/><\/a>Po i g\u00ebzohen shum\u00eb koh\u00ebs s\u00eb ngroht\u00eb e cila po mbret\u00ebron n\u00eb k\u00ebt\u00eb fillim maj, duke u lutur q\u00eb temperatura edhe m\u00eb larta t\u00eb mbret\u00ebrojn\u00eb gjat\u00eb gjith\u00eb vver\u00ebs s\u00eb sivjetme e m\u00eb gjat\u00eb. \u00a0Duke par\u00eb se qytetar\u00ebt e Kosov\u00ebs vazhdojn\u00eb \u00a0t\u00eb mbeten turist\u00ebt m\u00eb tradicional dhe m\u00eb besnik\u00ebt e Ulqinit, kjo po joshet q\u00eb t\u00eb zgjerohet n\u00eb t\u00ebr\u00eb Malin e Zi.<\/p>\n<p>P\u00ebr promovimin, joshjen, t\u00ebrheqjen dhe rritjen e numrit t\u00eb turist\u00ebve n\u00eb jo vet\u00ebm n\u00eb Ulqin, por n\u00eb t\u00ebr\u00eb vij\u00ebn bregdetare t\u00eb Malit t\u00eb Zi, n\u00eb Kosov\u00eb jan\u00eb angazhuar si asnj\u00ebher\u00eb m\u00eb par\u00eb zyrtar\u00eb nga Ministria e Turizmit e Organizata Turistike e Malit t\u00eb Zi, si dhe organizatat turistike t\u00eb Ulqinit, Budv\u00ebs e Barit.<\/p>\n<p>Jo vet\u00ebm Ulqini, por i gjith\u00eb Mali i Zi jan\u00eb destinacion turistik m\u00eb atraktiv dhe i vizituar nga turist\u00ebt e vendeve t\u00eb ndryshme\u00a0 dhe t\u00eb ci\u00eblt mahniten me bukurit\u00eb, atraksionet, manifestimet, plazhet, liqenet, lumenjt\u00eb, me monumentet kulturo-historike, me banor\u00ebt dhe m\u00ebnyr\u00ebn gjenerale, me atmosfer\u00ebn freskuese p\u00ebr shpirtin.<br \/>\n\u201cQytetar\u00ebt e Kosov\u00ebs edhe sivjet destianacion kryesor t\u00eb pushimeve do ta ken\u00eb Ulqinin, ku mij\u00ebra kan\u00eb v\u00ebrshuar Ulqinin n\u00eb dit\u00ebt e para t\u00eb majit dhe presim q\u00eb\u00a0 gjat\u00eb t\u00ebr ver\u00ebs t\u00eb ket\u00eb num\u00ebr edhe m\u00eb t\u00eb madh t\u00eb turist\u00ebve nga Kosova, t\u00eb cil\u00ebt\u00a0 tashm\u00eb b\u00ebjn\u00eb turiz\u00ebm tradicional n\u00eb Ulqin\u201d, tha p\u00ebr portalin \u201cToskanapress.info\u201d Fatmir Gjekaj, kryetar i Komun\u00ebs s\u00eb Ulqinit.<\/p>\n<p>Suad Gjelovi\u00e7, k\u00ebshilltar p\u00ebr destinacion n\u00eb Departmantin e Ministris\u00eb s\u00eb Turizmit, tha p\u00ebr \u201cToskanapress.info\u201d \u00a0se promovimi dhe joshja e turist\u00ebve, ka nj\u00eb r\u00ebnd\u00ebsi t\u00eb madhe p\u00ebr rritjen e turist\u00ebve.<\/p>\n<p>Sivjet jan\u00eb b\u00ebr\u00eb organizime dhe do t\u00eb ket\u00eb sh\u00ebrbime m\u00eb cil\u00ebsore t\u00eb t\u00eb gjitha sh\u00ebrbimeve. Do t\u00eb ket\u00eb edhe mainfestime kulturore e festival nd\u00ebkromb\u00ebtare.<\/p>\n<p>Ai tregoi se qeveria,ka b\u00ebr\u00eb planin p\u00ebr sezon\u00eb turistike, ku jan\u00eb t\u00eb p\u00ebrfshira t\u00eb gjitha institucionet adekuate me q\u00ebllim q\u00eb sezona turistike t\u00eb jet\u00eb e sukeshme.<\/p>\n<p>G\u00ebzim Hajdinaga, nga Organizata Komb\u00ebtare e Turizmit, e cili koh\u00eb m\u00eb par\u00eb ishte kryetar e minist\u00ebr, tha p\u00ebr \u201cToskanapress.info\u201d se Ulqini dhe Mali i zi do t\u00eb mbetet i konkurruesh\u00ebm, \u00a0pasi mbetet vendi m\u00eb i \u201clir\u00eb\u201d n\u00eb rajon dhe ofron bukurin\u00eb e uj\u00ebrave dhe madh\u00ebshtin\u00eb e tradit\u00ebs.<\/p>\n<p><strong>\u201c<\/strong>Normalisht se Ulqini ka nj\u00eb tradit\u00eb shum\u00eb vje\u00e7are p\u00ebr turizmin dhe \u00a0Edhe \u201cRruga e Kombit\u201d ka ndikuar n\u00eb ardhjen e turist\u00ebve nga Kosova n\u00eb Ulqin. Qyteti i Ulqinit, \u00ebsht\u00eb nj\u00eb perl\u00eb e v\u00ebrtet\u00eb\u201d, tha Hajdinaga.<\/p>\n<p>Zana Hollaj Servan, drejtoresh e Organizat\u00ebs Turistike t\u00eb Ulqinit, tha se pa dyshim se kosovar\u00ebt edhe sivjet \u00a0n\u00eb num\u00ebr t\u00eb madh do t\u00eb jen\u00eb n\u00eb Ulqin, ku pushojn\u00eb me vite t\u00eb t\u00ebra.<\/p>\n<p><strong><br \/>\n<\/strong>Emil Kukalj, nga Organizata Komb\u00ebtare e Turizmit, tha se presin q\u00eb t\u00eb ket\u00eb rritje t\u00eb turist\u00ebve nga Kosova, kjo bazohet n\u00eb baz\u00eb t\u00eb ngirtjeve vit pas viti. Nga viti 2012 numri i turist\u00ebve \u00ebsht\u00eb n\u00eb rritje, ku at\u00eb vit ishin 31 mij\u00eb e 300, m\u00eb 2013 35 mij\u00eb e 327 dhe n\u00eb vitin 2014, ishin 38 mij\u00eb e 61 turist\u00eb nga Kosova.<\/p>\n<p>Ai tregoi se Mali i Zi, ofron atraksione t\u00eb mrekullueshme q\u00eb duhet vizituar, duke eksploruar bregdetin, natyr\u00ebn e llojllojshme, malet, trash\u00ebgimin\u00eb historike dhe kulturore.<\/p>\n<p>\u201cTurist\u00ebt mund t\u00eb zbulojn\u00eb e p\u00ebrjetojn\u00eb bukurit\u00eb e shumta dhe Mali i Zi, mbetet mbetet destinacion t\u00ebrheq\u00ebs p\u00ebr vizitor\u00ebt\u201d, tha Kukalj.<\/p>\n<p>Biljana Bozhevi\u00e7, zyrtare nga Organizata e Turizmit, tregoi se qytetar\u00ebt e Kosov\u00ebs q\u00eb jan\u00eb t\u00eb interesuar p\u00ebr plazhet e Malit t\u00eb Zi p\u00ebr kat\u00ebr or\u00eb mund t\u00eb arrijn\u00eb aty n\u00ebp\u00ebrmjet autostrad\u00ebs shqiptare.<\/p>\n<p>Ajo tregoi se kan\u00eb vij\u00eb bregdetare mbi 200 kilometra dhe at\u00eb shum\u00eb interesante q\u00eb \u00ebsht\u00eb destinacion tipik tropikal me gur, ran\u00eb, guralec\u00eb shk\u00ebmbor, t\u00eb vogla e t\u00eb m\u00ebdha t\u00eb egra dhe t\u00eb paprekura.<\/p>\n<p>\u201cMali i Zi, \u00ebsht\u00eb ende nj\u00eb xhevahir i pazbuluar, peisazhet e mrekullueshme, me malet e larta, liqene t\u00eb fshehura, kullotat e shumta dhe pyjet e pika ndryshme t\u00eb \u00a0lumenjve t\u00eb shpejt\u00eb malore q\u00eb jan\u00eb shum\u00eb t\u00ebrheq\u00ebse p\u00ebr vizitor\u00eb. \u201d, tha Boxhevi\u00e7.<\/p>\n<p>Po ashtu ka edhe trash\u00ebgimi, bukuri t\u00eb shumta natyrore e kulturore q\u00eb duhet shijuar natyr\u00ebn e pacenuar me shum\u00eb mund\u00ebsi p\u00ebr pushime.<\/p>\n<p>Vendi ofron kapacitete t\u00eb mjaftueshme p\u00ebr strehim q\u00eb jan\u00eb t\u00eb ndryshme nga hotelet e vogla n\u00eb komplekset e m\u00ebdha luksoze. Po ashtu edhe sht\u00ebpit\u00eb private ofrojn\u00eb oferta t\u00eb pasura e t\u00eb lira<\/p>\n<p>Akomodimet n\u00eb Malin\u00eb e zi sillen n\u00eb nga 6, 8,12 35 deri n\u00eb 60 euro\u00a0nd\u00ebrsa akomodimet private e hotele.Vendi ka 17 plazhe q\u00eb zotrojn\u00eb flamurin blu. \u00a0Nuk mungojn\u00eb as manifestimet e ndryshme q\u00eb jan\u00eb preznete p\u00ebr arg\u00ebtimin e turist\u00ebve. N\u00eb an\u00ebn tjet\u00ebr edhe kuzhina tradicionale ofrohet nga nj\u00eb pjes\u00eb e madhe e restouranteve q\u00eb nga koh\u00ebrat e lashta dhe hapin dyert\u00eb dhe na ofrojn\u00eb produktet e tyre.<\/p>\n<p>Aleksandra Petkovi\u00e7, nga Organizata Turistike e Budv\u00ebs, tregon se po joshin at\u00eb \u00e7far\u00eb ofrojn\u00eb dhe k\u00ebrkojn\u00eb nga turist\u00ebt e Kosov\u00ebs q\u00eb t\u00eb pushojn\u00eb n\u00eb plazhet e Budv\u00ebs. \u00a0Nga Prishtina p\u00ebr pes\u00eb or\u00eb arrihet n\u00eb Budva.<\/p>\n<p>Nikoleta Nik\u00e7evi\u00e7, nga Organizata Turistike e Barit, fton qytetar\u00ebt e Kosov\u00ebs q\u00eb t\u00eb pushojn\u00eb edhe n\u00eb plazhet e k\u00ebsaj komune, t\u00eb cilat jan\u00eb mjaft t\u00ebrheq\u00ebse. Sipas saj nevojiten kat\u00ebr or\u00eb e gjys\u00ebm p\u00ebr t\u00eb arritur tek destinacioni mjaft t\u00ebrheq\u00ebs.<\/p>\n<p><strong>Besim Toska<\/strong><\/p>\n<p><strong>Toskanapress.info<\/strong><\/p>\n<\/div>\n","protected":false},"excerpt":{"rendered":"<p>Po i g\u00ebzohen shum\u00eb koh\u00ebs s\u00eb ngroht\u00eb e cila po mbret\u00ebron n\u00eb k\u00ebt\u00eb fillim maj, duke u lutur q\u00eb temperatura edhe m\u00eb larta t\u00eb mbret\u00ebrojn\u00eb gjat\u00eb gjith\u00eb vver\u00ebs s\u00eb sivjetme e m\u00eb gjat\u00eb. \u00a0Duke par\u00eb se qytetar\u00ebt e Kosov\u00ebs vazhdojn\u00eb \u00a0t\u00eb mbeten turist\u00ebt m\u00eb tradicional dhe m\u00eb besnik\u00ebt e Ulqinit, kjo po joshet q\u00eb t\u00eb [&hellip;]<\/p>\n","protected":false},"author":1,"featured_media":0,"comment_status":"closed","ping_status":"closed","sticky":false,"template":"","format":"standard","meta":{"spay_email":"","jetpack_publicize_message":"","jetpack_is_tweetstorm":false,"jetpack_publicize_feature_enabled":true},"categories":[10],"tags":[],"jetpack_publicize_connections":[],"yoast_head":"<!-- This site is optimized with the Yoast SEO plugin v19.1 - https:\/\/yoast.com\/wordpress\/plugins\/seo\/ -->\n<title>Mali i Zi syt\u00eb dhe mendjen tek turist\u00ebt nga Kosova - Lajme nga Ulqini<\/title>\n<meta name=\"description\" content=\"Po i g\u00ebzohen shum\u00eb koh\u00ebs s\u00eb ngroht\u00eb e cila po mbret\u00ebron n\u00eb k\u00ebt\u00eb fillim maj, duke u lutur q\u00eb temperatura edhe m\u00eb larta t\u00eb mbret\u00ebrojn\u00eb gjat\u00eb gjith\u00eb vver\u00ebs\" \/>\n<meta name=\"robots\" content=\"index, follow, max-snippet:-1, max-image-preview:large, max-video-preview:-1\" \/>\n<link rel=\"canonical\" href=\"https:\/\/www.visit-ulcinj.com\/blog\/2015\/05\/08\/mali-zi-syte-dhe-mendjen-tek-turistet-nga-kosova\/\" \/>\n<meta property=\"og:locale\" content=\"en_US\" \/>\n<meta property=\"og:type\" content=\"article\" \/>\n<meta property=\"og:title\" content=\"Mali i Zi syt\u00eb dhe mendjen tek turist\u00ebt nga Kosova - Lajme nga Ulqini\" \/>\n<meta property=\"og:description\" content=\"Po i g\u00ebzohen shum\u00eb koh\u00ebs s\u00eb ngroht\u00eb e cila po mbret\u00ebron n\u00eb k\u00ebt\u00eb fillim maj, duke u lutur q\u00eb temperatura edhe m\u00eb larta t\u00eb mbret\u00ebrojn\u00eb gjat\u00eb gjith\u00eb vver\u00ebs\" \/>\n<meta property=\"og:url\" content=\"https:\/\/www.visit-ulcinj.com\/blog\/2015\/05\/08\/mali-zi-syte-dhe-mendjen-tek-turistet-nga-kosova\/\" \/>\n<meta property=\"og:site_name\" content=\"Lajme nga Ulqini\" \/>\n<meta property=\"article:published_time\" content=\"2015-05-08T15:59:08+00:00\" \/>\n<meta name=\"twitter:label1\" content=\"Written by\" \/>\n\t<meta name=\"twitter:data1\" content=\"ulqini\" \/>\n\t<meta name=\"twitter:label2\" content=\"Est. reading time\" \/>\n\t<meta name=\"twitter:data2\" content=\"5 minutes\" \/>\n<script type=\"application\/ld+json\" class=\"yoast-schema-graph\">{\"@context\":\"https:\/\/schema.org\",\"@graph\":[{\"@type\":\"WebSite\",\"@id\":\"https:\/\/www.visit-ulcinj.com\/blog\/#website\",\"url\":\"https:\/\/www.visit-ulcinj.com\/blog\/\",\"name\":\"Lajme nga Ulqini\",\"description\":\"Lajme,Vijesti,Ulqini,Ulqin,Crna Gora,Mali i Zi\",\"potentialAction\":[{\"@type\":\"SearchAction\",\"target\":{\"@type\":\"EntryPoint\",\"urlTemplate\":\"https:\/\/www.visit-ulcinj.com\/blog\/?s={search_term_string}\"},\"query-input\":\"required name=search_term_string\"}],\"inLanguage\":\"en-US\"},{\"@type\":\"WebPage\",\"@id\":\"https:\/\/www.visit-ulcinj.com\/blog\/2015\/05\/08\/mali-zi-syte-dhe-mendjen-tek-turistet-nga-kosova\/#webpage\",\"url\":\"https:\/\/www.visit-ulcinj.com\/blog\/2015\/05\/08\/mali-zi-syte-dhe-mendjen-tek-turistet-nga-kosova\/\",\"name\":\"Mali i Zi syt\u00eb dhe mendjen tek turist\u00ebt nga Kosova - Lajme nga Ulqini\",\"isPartOf\":{\"@id\":\"https:\/\/www.visit-ulcinj.com\/blog\/#website\"},\"datePublished\":\"2015-05-08T15:59:08+00:00\",\"dateModified\":\"2015-05-08T15:59:08+00:00\",\"author\":{\"@id\":\"https:\/\/www.visit-ulcinj.com\/blog\/#\/schema\/person\/dcab619c614d3038751c63bc2aadc06d\"},\"description\":\"Po i g\u00ebzohen shum\u00eb koh\u00ebs s\u00eb ngroht\u00eb e cila po mbret\u00ebron n\u00eb k\u00ebt\u00eb fillim maj, duke u lutur q\u00eb temperatura edhe m\u00eb larta t\u00eb mbret\u00ebrojn\u00eb gjat\u00eb gjith\u00eb vver\u00ebs\",\"breadcrumb\":{\"@id\":\"https:\/\/www.visit-ulcinj.com\/blog\/2015\/05\/08\/mali-zi-syte-dhe-mendjen-tek-turistet-nga-kosova\/#breadcrumb\"},\"inLanguage\":\"en-US\",\"potentialAction\":[{\"@type\":\"ReadAction\",\"target\":[\"https:\/\/www.visit-ulcinj.com\/blog\/2015\/05\/08\/mali-zi-syte-dhe-mendjen-tek-turistet-nga-kosova\/\"]}]},{\"@type\":\"BreadcrumbList\",\"@id\":\"https:\/\/www.visit-ulcinj.com\/blog\/2015\/05\/08\/mali-zi-syte-dhe-mendjen-tek-turistet-nga-kosova\/#breadcrumb\",\"itemListElement\":[{\"@type\":\"ListItem\",\"position\":1,\"name\":\"Mali i Zi syt\u00eb dhe mendjen tek turist\u00ebt nga Kosova\"}]},{\"@type\":\"Person\",\"@id\":\"https:\/\/www.visit-ulcinj.com\/blog\/#\/schema\/person\/dcab619c614d3038751c63bc2aadc06d\",\"name\":\"ulqini\",\"sameAs\":[\"http:\/\/www.visit-ulcinj.com\"],\"url\":\"https:\/\/www.visit-ulcinj.com\/blog\/author\/admin\/\"}]}<\/script>\n<!-- \/ Yoast SEO plugin. -->","yoast_head_json":{"title":"Mali i Zi syt\u00eb dhe mendjen tek turist\u00ebt nga Kosova - Lajme nga Ulqini","description":"Po i g\u00ebzohen shum\u00eb koh\u00ebs s\u00eb ngroht\u00eb e cila po mbret\u00ebron n\u00eb k\u00ebt\u00eb fillim maj, duke u lutur q\u00eb temperatura edhe m\u00eb larta t\u00eb mbret\u00ebrojn\u00eb gjat\u00eb gjith\u00eb vver\u00ebs","robots":{"index":"index","follow":"follow","max-snippet":"max-snippet:-1","max-image-preview":"max-image-preview:large","max-video-preview":"max-video-preview:-1"},"canonical":"https:\/\/www.visit-ulcinj.com\/blog\/2015\/05\/08\/mali-zi-syte-dhe-mendjen-tek-turistet-nga-kosova\/","og_locale":"en_US","og_type":"article","og_title":"Mali i Zi syt\u00eb dhe mendjen tek turist\u00ebt nga Kosova - Lajme nga Ulqini","og_description":"Po i g\u00ebzohen shum\u00eb koh\u00ebs s\u00eb ngroht\u00eb e cila po mbret\u00ebron n\u00eb k\u00ebt\u00eb fillim maj, duke u lutur q\u00eb temperatura edhe m\u00eb larta t\u00eb mbret\u00ebrojn\u00eb gjat\u00eb gjith\u00eb vver\u00ebs","og_url":"https:\/\/www.visit-ulcinj.com\/blog\/2015\/05\/08\/mali-zi-syte-dhe-mendjen-tek-turistet-nga-kosova\/","og_site_name":"Lajme nga Ulqini","article_published_time":"2015-05-08T15:59:08+00:00","twitter_misc":{"Written by":"ulqini","Est. reading time":"5 minutes"},"schema":{"@context":"https:\/\/schema.org","@graph":[{"@type":"WebSite","@id":"https:\/\/www.visit-ulcinj.com\/blog\/#website","url":"https:\/\/www.visit-ulcinj.com\/blog\/","name":"Lajme nga Ulqini","description":"Lajme,Vijesti,Ulqini,Ulqin,Crna Gora,Mali i Zi","potentialAction":[{"@type":"SearchAction","target":{"@type":"EntryPoint","urlTemplate":"https:\/\/www.visit-ulcinj.com\/blog\/?s={search_term_string}"},"query-input":"required name=search_term_string"}],"inLanguage":"en-US"},{"@type":"WebPage","@id":"https:\/\/www.visit-ulcinj.com\/blog\/2015\/05\/08\/mali-zi-syte-dhe-mendjen-tek-turistet-nga-kosova\/#webpage","url":"https:\/\/www.visit-ulcinj.com\/blog\/2015\/05\/08\/mali-zi-syte-dhe-mendjen-tek-turistet-nga-kosova\/","name":"Mali i Zi syt\u00eb dhe mendjen tek turist\u00ebt nga Kosova - Lajme nga Ulqini","isPartOf":{"@id":"https:\/\/www.visit-ulcinj.com\/blog\/#website"},"datePublished":"2015-05-08T15:59:08+00:00","dateModified":"2015-05-08T15:59:08+00:00","author":{"@id":"https:\/\/www.visit-ulcinj.com\/blog\/#\/schema\/person\/dcab619c614d3038751c63bc2aadc06d"},"description":"Po i g\u00ebzohen shum\u00eb koh\u00ebs s\u00eb ngroht\u00eb e cila po mbret\u00ebron n\u00eb k\u00ebt\u00eb fillim maj, duke u lutur q\u00eb temperatura edhe m\u00eb larta t\u00eb mbret\u00ebrojn\u00eb gjat\u00eb gjith\u00eb vver\u00ebs","breadcrumb":{"@id":"https:\/\/www.visit-ulcinj.com\/blog\/2015\/05\/08\/mali-zi-syte-dhe-mendjen-tek-turistet-nga-kosova\/#breadcrumb"},"inLanguage":"en-US","potentialAction":[{"@type":"ReadAction","target":["https:\/\/www.visit-ulcinj.com\/blog\/2015\/05\/08\/mali-zi-syte-dhe-mendjen-tek-turistet-nga-kosova\/"]}]},{"@type":"BreadcrumbList","@id":"https:\/\/www.visit-ulcinj.com\/blog\/2015\/05\/08\/mali-zi-syte-dhe-mendjen-tek-turistet-nga-kosova\/#breadcrumb","itemListElement":[{"@type":"ListItem","position":1,"name":"Mali i Zi syt\u00eb dhe mendjen tek turist\u00ebt nga Kosova"}]},{"@type":"Person","@id":"https:\/\/www.visit-ulcinj.com\/blog\/#\/schema\/person\/dcab619c614d3038751c63bc2aadc06d","name":"ulqini","sameAs":["http:\/\/www.visit-ulcinj.com"],"url":"https:\/\/www.visit-ulcinj.com\/blog\/author\/admin\/"}]}},"jetpack_featured_media_url":"","jetpack_sharing_enabled":true,"jetpack_shortlink":"https:\/\/wp.me\/pe6lTn-nvM","_links":{"self":[{"href":"https:\/\/www.visit-ulcinj.com\/blog\/wp-json\/wp\/v2\/posts\/90382"}],"collection":[{"href":"https:\/\/www.visit-ulcinj.com\/blog\/wp-json\/wp\/v2\/posts"}],"about":[{"href":"https:\/\/www.visit-ulcinj.com\/blog\/wp-json\/wp\/v2\/types\/post"}],"author":[{"embeddable":true,"href":"https:\/\/www.visit-ulcinj.com\/blog\/wp-json\/wp\/v2\/users\/1"}],"replies":[{"embeddable":true,"href":"https:\/\/www.visit-ulcinj.com\/blog\/wp-json\/wp\/v2\/comments?post=90382"}],"version-history":[{"count":1,"href":"https:\/\/www.visit-ulcinj.com\/blog\/wp-json\/wp\/v2\/posts\/90382\/revisions"}],"predecessor-version":[{"id":90383,"href":"https:\/\/www.visit-ulcinj.com\/blog\/wp-json\/wp\/v2\/posts\/90382\/revisions\/90383"}],"wp:attachment":[{"href":"https:\/\/www.visit-ulcinj.com\/blog\/wp-json\/wp\/v2\/media?parent=90382"}],"wp:term":[{"taxonomy":"category","embeddable":true,"href":"https:\/\/www.visit-ulcinj.com\/blog\/wp-json\/wp\/v2\/categories?post=90382"},{"taxonomy":"post_tag","embeddable":true,"href":"https:\/\/www.visit-ulcinj.com\/blog\/wp-json\/wp\/v2\/tags?post=90382"}],"curies":[{"name":"wp","href":"https:\/\/api.w.org\/{rel}","templated":true}]}}