{"id":90412,"date":"2015-05-10T15:20:13","date_gmt":"2015-05-10T14:20:13","guid":{"rendered":"http:\/\/www.visit-ulcinj.com\/blog\/?p=90412"},"modified":"2015-05-10T15:20:13","modified_gmt":"2015-05-10T14:20:13","slug":"perfundon-operacioni-policise-ne-kumanove-22-te-vdekur-mes-tyre-8-police","status":"publish","type":"post","link":"https:\/\/www.visit-ulcinj.com\/blog\/2015\/05\/10\/perfundon-operacioni-policise-ne-kumanove-22-te-vdekur-mes-tyre-8-police\/","title":{"rendered":"P\u00ebrfundon operacioni i policis\u00eb n\u00eb Kumanov\u00eb, 22 t\u00eb vdekur, mes tyre 8 polic\u00eb"},"content":{"rendered":"<p><strong><a href=\"http:\/\/www.visit-ulcinj.com\/blog\/wp-content\/uploads\/2015\/05\/operacioni-i-policis\u00eb-n\u00eb-Kumanov\u00eb.jpg\"><img loading=\"lazy\" class=\"alignleft wp-image-90413\" src=\"http:\/\/www.visit-ulcinj.com\/blog\/wp-content\/uploads\/2015\/05\/operacioni-i-policis\u00eb-n\u00eb-Kumanov\u00eb.jpg\" alt=\"operacioni i policis\u00eb n\u00eb Kumanov\u00eb\" width=\"508\" height=\"305\" \/><\/a>Ministria e Pun\u00ebve t\u00eb Brendshme e Maqedonis\u00eb ka p\u00ebrmbyllur aksionin policor n\u00eb lagjen e \u201cTrimave\u201d n\u00eb Kumanov\u00eb me nj\u00eb bilanc tragjik.<\/strong><\/p>\n<p>Z\u00ebdh\u00ebn\u00ebsi i policis\u00eb, Ivo Kotevski tha se n\u00eb p\u00ebrleshjen e armatosur kan\u00eb humbur jet\u00ebn 8 polic\u00eb dhe 14 pjes\u00ebtar\u00eb t\u00eb grupit t\u00eb armatosur, t\u00eb cil\u00ebt ai i ka quajtur \u201cpersona me uniform\u00eb\u201d. Ai b\u00ebri t\u00eb ditur se 37 polic\u00eb jan\u00eb plagosur, nd\u00ebrsa 30 persona t\u00eb armatosur i jan\u00eb dor\u00ebzuar policis\u00eb.<\/p>\n<p>Kotesvki tha se organizator\u00eb t\u00eb sulmit kan\u00eb qen\u00eb 5 persona, tre prej t\u00eb cil\u00ebve i jan\u00eb dor\u00ebzuar policis\u00eb.<\/p>\n<p>Q\u00ebllimi i grupit t\u00eb armatosur, sipas policis\u00eb, ka qen\u00eb q\u00eb nga fillimi i majit t\u00eb nis\u00eb me sulme ndaj institucioneve.<\/p>\n<p>Operacioni i policis\u00eb maqedonase n\u00eb lagjen e \u201cTrimave\u201d n\u00eb Kumanov\u00eb, t\u00eb banuar me shqiptar\u00eb, q\u00eb ndodhet rreth 700 metra nga qendra e qytetit, nisi m\u00ebngjesin e dit\u00ebs s\u00eb shtun\u00eb.<\/p>\n<p>N\u00eb k\u00ebt\u00eb lokalitet u stacionuan forca t\u00eb shumta t\u00eb policis\u00eb, t\u00eb cilat bllokuan rrug\u00ebn drejt lagjes ku ka ndodhur p\u00ebrleshja.<\/p>\n<p>Sipas ministres s\u00eb Brendshme, sulmuesit ishin nga Maqedonia dhe nga nj\u00eb vend fqinj, t\u00eb cilit nuk ia p\u00ebrmendi emrin. Jankullovska tha se personat e armatosur ishin t\u00eb pajisur me arm\u00eb automatike, granata dhe snajper.<\/p>\n<p>Nd\u00ebrkoh\u00eb, p\u00ebrfaq\u00ebsit\u00eb e SHBA-ve dhe BE-s\u00eb n\u00eb Shkup d\u00ebnuan dhun\u00ebn dhe b\u00ebn\u00eb thirrje p\u00ebr t\u00eb ruajtur qet\u00ebsin\u00eb, e p\u00ebr t\u00eb shmangur p\u00ebrshkall\u00ebzimin e situat\u00ebs. Edhe partit\u00eb politike shqiptare kan\u00eb b\u00ebr\u00eb thirrje p\u00ebr qet\u00ebsi dhe kan\u00eb ftuar qytetar\u00ebt, q\u00eb t\u00eb mos bien pre e provokimeve.<\/p>\n<p>Qeveria e Maqedonis\u00eb ka mbajtur nj\u00eb seanc\u00eb t\u00eb jasht\u00ebzakonshme p\u00ebr t\u00eb diskutuar mbi k\u00ebt\u00eb ngjarje t\u00eb r\u00ebnd\u00eb, p\u00ebr t\u00eb cil\u00ebn ka shpallur edhe dy dit\u00eb zie, duke nisur nga dita e diel 10 Maj, e deri t\u00eb h\u00ebn\u00ebn m\u00eb 11 Maj.<\/p>\n<p><strong>\/ Top Channel<\/strong><\/p>\n","protected":false},"excerpt":{"rendered":"<p>Ministria e Pun\u00ebve t\u00eb Brendshme e Maqedonis\u00eb ka p\u00ebrmbyllur aksionin policor n\u00eb lagjen e \u201cTrimave\u201d n\u00eb Kumanov\u00eb me nj\u00eb bilanc tragjik. Z\u00ebdh\u00ebn\u00ebsi i policis\u00eb, Ivo Kotevski tha se n\u00eb p\u00ebrleshjen e armatosur kan\u00eb humbur jet\u00ebn 8 polic\u00eb dhe 14 pjes\u00ebtar\u00eb t\u00eb grupit t\u00eb armatosur, t\u00eb cil\u00ebt ai i ka quajtur \u201cpersona me uniform\u00eb\u201d. Ai b\u00ebri [&hellip;]<\/p>\n","protected":false},"author":1,"featured_media":0,"comment_status":"closed","ping_status":"closed","sticky":false,"template":"","format":"standard","meta":{"spay_email":"","jetpack_publicize_message":"","jetpack_is_tweetstorm":false,"jetpack_publicize_feature_enabled":true},"categories":[14],"tags":[],"jetpack_publicize_connections":[],"yoast_head":"<!-- This site is optimized with the Yoast SEO plugin v19.1 - https:\/\/yoast.com\/wordpress\/plugins\/seo\/ -->\n<title>P\u00ebrfundon operacioni i policis\u00eb n\u00eb Kumanov\u00eb, 22 t\u00eb vdekur, mes tyre 8 polic\u00eb - Lajme nga Ulqini<\/title>\n<meta name=\"description\" content=\"Ministria e Pun\u00ebve t\u00eb Brendshme e Maqedonis\u00eb ka p\u00ebrmbyllur aksionin policor n\u00eb lagjen e \u201cTrimave\u201d n\u00eb Kumanov\u00eb me nj\u00eb bilanc tragjik. Z\u00ebdh\u00ebn\u00ebsi i policis\u00eb,\" \/>\n<meta name=\"robots\" content=\"index, follow, max-snippet:-1, max-image-preview:large, max-video-preview:-1\" \/>\n<link rel=\"canonical\" href=\"https:\/\/www.visit-ulcinj.com\/blog\/2015\/05\/10\/perfundon-operacioni-policise-ne-kumanove-22-te-vdekur-mes-tyre-8-police\/\" \/>\n<meta property=\"og:locale\" content=\"en_US\" \/>\n<meta property=\"og:type\" content=\"article\" \/>\n<meta property=\"og:title\" content=\"P\u00ebrfundon operacioni i policis\u00eb n\u00eb Kumanov\u00eb, 22 t\u00eb vdekur, mes tyre 8 polic\u00eb - Lajme nga Ulqini\" \/>\n<meta property=\"og:description\" content=\"Ministria e Pun\u00ebve t\u00eb Brendshme e Maqedonis\u00eb ka p\u00ebrmbyllur aksionin policor n\u00eb lagjen e \u201cTrimave\u201d n\u00eb Kumanov\u00eb me nj\u00eb bilanc tragjik. Z\u00ebdh\u00ebn\u00ebsi i policis\u00eb,\" \/>\n<meta property=\"og:url\" content=\"https:\/\/www.visit-ulcinj.com\/blog\/2015\/05\/10\/perfundon-operacioni-policise-ne-kumanove-22-te-vdekur-mes-tyre-8-police\/\" \/>\n<meta property=\"og:site_name\" content=\"Lajme nga Ulqini\" \/>\n<meta property=\"article:published_time\" content=\"2015-05-10T14:20:13+00:00\" \/>\n<meta name=\"twitter:label1\" content=\"Written by\" \/>\n\t<meta name=\"twitter:data1\" content=\"ulqini\" \/>\n\t<meta name=\"twitter:label2\" content=\"Est. reading time\" \/>\n\t<meta name=\"twitter:data2\" content=\"2 minutes\" \/>\n<script type=\"application\/ld+json\" class=\"yoast-schema-graph\">{\"@context\":\"https:\/\/schema.org\",\"@graph\":[{\"@type\":\"WebSite\",\"@id\":\"https:\/\/www.visit-ulcinj.com\/blog\/#website\",\"url\":\"https:\/\/www.visit-ulcinj.com\/blog\/\",\"name\":\"Lajme nga Ulqini\",\"description\":\"Lajme,Vijesti,Ulqini,Ulqin,Crna Gora,Mali i Zi\",\"potentialAction\":[{\"@type\":\"SearchAction\",\"target\":{\"@type\":\"EntryPoint\",\"urlTemplate\":\"https:\/\/www.visit-ulcinj.com\/blog\/?s={search_term_string}\"},\"query-input\":\"required name=search_term_string\"}],\"inLanguage\":\"en-US\"},{\"@type\":\"WebPage\",\"@id\":\"https:\/\/www.visit-ulcinj.com\/blog\/2015\/05\/10\/perfundon-operacioni-policise-ne-kumanove-22-te-vdekur-mes-tyre-8-police\/#webpage\",\"url\":\"https:\/\/www.visit-ulcinj.com\/blog\/2015\/05\/10\/perfundon-operacioni-policise-ne-kumanove-22-te-vdekur-mes-tyre-8-police\/\",\"name\":\"P\u00ebrfundon operacioni i policis\u00eb n\u00eb Kumanov\u00eb, 22 t\u00eb vdekur, mes tyre 8 polic\u00eb - Lajme nga Ulqini\",\"isPartOf\":{\"@id\":\"https:\/\/www.visit-ulcinj.com\/blog\/#website\"},\"datePublished\":\"2015-05-10T14:20:13+00:00\",\"dateModified\":\"2015-05-10T14:20:13+00:00\",\"author\":{\"@id\":\"https:\/\/www.visit-ulcinj.com\/blog\/#\/schema\/person\/dcab619c614d3038751c63bc2aadc06d\"},\"description\":\"Ministria e Pun\u00ebve t\u00eb Brendshme e Maqedonis\u00eb ka p\u00ebrmbyllur aksionin policor n\u00eb lagjen e \u201cTrimave\u201d n\u00eb Kumanov\u00eb me nj\u00eb bilanc tragjik. Z\u00ebdh\u00ebn\u00ebsi i policis\u00eb,\",\"breadcrumb\":{\"@id\":\"https:\/\/www.visit-ulcinj.com\/blog\/2015\/05\/10\/perfundon-operacioni-policise-ne-kumanove-22-te-vdekur-mes-tyre-8-police\/#breadcrumb\"},\"inLanguage\":\"en-US\",\"potentialAction\":[{\"@type\":\"ReadAction\",\"target\":[\"https:\/\/www.visit-ulcinj.com\/blog\/2015\/05\/10\/perfundon-operacioni-policise-ne-kumanove-22-te-vdekur-mes-tyre-8-police\/\"]}]},{\"@type\":\"BreadcrumbList\",\"@id\":\"https:\/\/www.visit-ulcinj.com\/blog\/2015\/05\/10\/perfundon-operacioni-policise-ne-kumanove-22-te-vdekur-mes-tyre-8-police\/#breadcrumb\",\"itemListElement\":[{\"@type\":\"ListItem\",\"position\":1,\"name\":\"P\u00ebrfundon operacioni i policis\u00eb n\u00eb Kumanov\u00eb, 22 t\u00eb vdekur, mes tyre 8 polic\u00eb\"}]},{\"@type\":\"Person\",\"@id\":\"https:\/\/www.visit-ulcinj.com\/blog\/#\/schema\/person\/dcab619c614d3038751c63bc2aadc06d\",\"name\":\"ulqini\",\"sameAs\":[\"http:\/\/www.visit-ulcinj.com\"],\"url\":\"https:\/\/www.visit-ulcinj.com\/blog\/author\/admin\/\"}]}<\/script>\n<!-- \/ Yoast SEO plugin. -->","yoast_head_json":{"title":"P\u00ebrfundon operacioni i policis\u00eb n\u00eb Kumanov\u00eb, 22 t\u00eb vdekur, mes tyre 8 polic\u00eb - Lajme nga Ulqini","description":"Ministria e Pun\u00ebve t\u00eb Brendshme e Maqedonis\u00eb ka p\u00ebrmbyllur aksionin policor n\u00eb lagjen e \u201cTrimave\u201d n\u00eb Kumanov\u00eb me nj\u00eb bilanc tragjik. Z\u00ebdh\u00ebn\u00ebsi i policis\u00eb,","robots":{"index":"index","follow":"follow","max-snippet":"max-snippet:-1","max-image-preview":"max-image-preview:large","max-video-preview":"max-video-preview:-1"},"canonical":"https:\/\/www.visit-ulcinj.com\/blog\/2015\/05\/10\/perfundon-operacioni-policise-ne-kumanove-22-te-vdekur-mes-tyre-8-police\/","og_locale":"en_US","og_type":"article","og_title":"P\u00ebrfundon operacioni i policis\u00eb n\u00eb Kumanov\u00eb, 22 t\u00eb vdekur, mes tyre 8 polic\u00eb - Lajme nga Ulqini","og_description":"Ministria e Pun\u00ebve t\u00eb Brendshme e Maqedonis\u00eb ka p\u00ebrmbyllur aksionin policor n\u00eb lagjen e \u201cTrimave\u201d n\u00eb Kumanov\u00eb me nj\u00eb bilanc tragjik. Z\u00ebdh\u00ebn\u00ebsi i policis\u00eb,","og_url":"https:\/\/www.visit-ulcinj.com\/blog\/2015\/05\/10\/perfundon-operacioni-policise-ne-kumanove-22-te-vdekur-mes-tyre-8-police\/","og_site_name":"Lajme nga Ulqini","article_published_time":"2015-05-10T14:20:13+00:00","twitter_misc":{"Written by":"ulqini","Est. reading time":"2 minutes"},"schema":{"@context":"https:\/\/schema.org","@graph":[{"@type":"WebSite","@id":"https:\/\/www.visit-ulcinj.com\/blog\/#website","url":"https:\/\/www.visit-ulcinj.com\/blog\/","name":"Lajme nga Ulqini","description":"Lajme,Vijesti,Ulqini,Ulqin,Crna Gora,Mali i Zi","potentialAction":[{"@type":"SearchAction","target":{"@type":"EntryPoint","urlTemplate":"https:\/\/www.visit-ulcinj.com\/blog\/?s={search_term_string}"},"query-input":"required name=search_term_string"}],"inLanguage":"en-US"},{"@type":"WebPage","@id":"https:\/\/www.visit-ulcinj.com\/blog\/2015\/05\/10\/perfundon-operacioni-policise-ne-kumanove-22-te-vdekur-mes-tyre-8-police\/#webpage","url":"https:\/\/www.visit-ulcinj.com\/blog\/2015\/05\/10\/perfundon-operacioni-policise-ne-kumanove-22-te-vdekur-mes-tyre-8-police\/","name":"P\u00ebrfundon operacioni i policis\u00eb n\u00eb Kumanov\u00eb, 22 t\u00eb vdekur, mes tyre 8 polic\u00eb - Lajme nga Ulqini","isPartOf":{"@id":"https:\/\/www.visit-ulcinj.com\/blog\/#website"},"datePublished":"2015-05-10T14:20:13+00:00","dateModified":"2015-05-10T14:20:13+00:00","author":{"@id":"https:\/\/www.visit-ulcinj.com\/blog\/#\/schema\/person\/dcab619c614d3038751c63bc2aadc06d"},"description":"Ministria e Pun\u00ebve t\u00eb Brendshme e Maqedonis\u00eb ka p\u00ebrmbyllur aksionin policor n\u00eb lagjen e \u201cTrimave\u201d n\u00eb Kumanov\u00eb me nj\u00eb bilanc tragjik. Z\u00ebdh\u00ebn\u00ebsi i policis\u00eb,","breadcrumb":{"@id":"https:\/\/www.visit-ulcinj.com\/blog\/2015\/05\/10\/perfundon-operacioni-policise-ne-kumanove-22-te-vdekur-mes-tyre-8-police\/#breadcrumb"},"inLanguage":"en-US","potentialAction":[{"@type":"ReadAction","target":["https:\/\/www.visit-ulcinj.com\/blog\/2015\/05\/10\/perfundon-operacioni-policise-ne-kumanove-22-te-vdekur-mes-tyre-8-police\/"]}]},{"@type":"BreadcrumbList","@id":"https:\/\/www.visit-ulcinj.com\/blog\/2015\/05\/10\/perfundon-operacioni-policise-ne-kumanove-22-te-vdekur-mes-tyre-8-police\/#breadcrumb","itemListElement":[{"@type":"ListItem","position":1,"name":"P\u00ebrfundon operacioni i policis\u00eb n\u00eb Kumanov\u00eb, 22 t\u00eb vdekur, mes tyre 8 polic\u00eb"}]},{"@type":"Person","@id":"https:\/\/www.visit-ulcinj.com\/blog\/#\/schema\/person\/dcab619c614d3038751c63bc2aadc06d","name":"ulqini","sameAs":["http:\/\/www.visit-ulcinj.com"],"url":"https:\/\/www.visit-ulcinj.com\/blog\/author\/admin\/"}]}},"jetpack_featured_media_url":"","jetpack_sharing_enabled":true,"jetpack_shortlink":"https:\/\/wp.me\/pe6lTn-nwg","_links":{"self":[{"href":"https:\/\/www.visit-ulcinj.com\/blog\/wp-json\/wp\/v2\/posts\/90412"}],"collection":[{"href":"https:\/\/www.visit-ulcinj.com\/blog\/wp-json\/wp\/v2\/posts"}],"about":[{"href":"https:\/\/www.visit-ulcinj.com\/blog\/wp-json\/wp\/v2\/types\/post"}],"author":[{"embeddable":true,"href":"https:\/\/www.visit-ulcinj.com\/blog\/wp-json\/wp\/v2\/users\/1"}],"replies":[{"embeddable":true,"href":"https:\/\/www.visit-ulcinj.com\/blog\/wp-json\/wp\/v2\/comments?post=90412"}],"version-history":[{"count":1,"href":"https:\/\/www.visit-ulcinj.com\/blog\/wp-json\/wp\/v2\/posts\/90412\/revisions"}],"predecessor-version":[{"id":90414,"href":"https:\/\/www.visit-ulcinj.com\/blog\/wp-json\/wp\/v2\/posts\/90412\/revisions\/90414"}],"wp:attachment":[{"href":"https:\/\/www.visit-ulcinj.com\/blog\/wp-json\/wp\/v2\/media?parent=90412"}],"wp:term":[{"taxonomy":"category","embeddable":true,"href":"https:\/\/www.visit-ulcinj.com\/blog\/wp-json\/wp\/v2\/categories?post=90412"},{"taxonomy":"post_tag","embeddable":true,"href":"https:\/\/www.visit-ulcinj.com\/blog\/wp-json\/wp\/v2\/tags?post=90412"}],"curies":[{"name":"wp","href":"https:\/\/api.w.org\/{rel}","templated":true}]}}