{"id":90415,"date":"2015-05-10T17:57:44","date_gmt":"2015-05-10T16:57:44","guid":{"rendered":"http:\/\/www.visit-ulcinj.com\/blog\/?p=90415"},"modified":"2015-05-10T17:57:44","modified_gmt":"2015-05-10T16:57:44","slug":"dritan-abazovic-makedonija-dokaz-da-rezimi-mogu-da-proizvedu-nasilje-ako-su-ugrozeni","status":"publish","type":"post","link":"https:\/\/www.visit-ulcinj.com\/blog\/2015\/05\/10\/dritan-abazovic-makedonija-dokaz-da-rezimi-mogu-da-proizvedu-nasilje-ako-su-ugrozeni\/","title":{"rendered":"Dritan Abazovi\u0107: Makedonija dokaz da re\u017eimi mogu da proizvedu nasilje ako su ugro\u017eeni"},"content":{"rendered":"<p><strong><a href=\"http:\/\/www.visit-ulcinj.com\/blog\/wp-content\/uploads\/2015\/05\/kumanova.jpg\"><img loading=\"lazy\" class=\"alignleft wp-image-90416\" src=\"http:\/\/www.visit-ulcinj.com\/blog\/wp-content\/uploads\/2015\/05\/kumanova.jpg\" alt=\"kumanova\" width=\"508\" height=\"303\" \/><\/a>&#8220;Ono \u0161to treba da poslu\u017ei kao velika opomena i gra\u0111anima Crne Gore, to je da u trenutku kad do\u0111e do demonta\u017ee ovda\u0161njeg re\u017eima, mogu se o\u010dekivati sli\u010dne stvari. Ne mislim na nacionalne konflikte, ali mislim na raznorazne manipulacije koje \u0107e imati za cilj da skrenu pa\u017enju sa ne\u010dega \u0161to je evidentni problem&#8221;, naveo je Abazovi\u0107<\/strong><\/p>\n<p>De\u0161avanja u Makedoniji predstavljaju jo\u0161 jedan dokaz da je Balkan vrlo zapaljiv, i da ukorijenjeni re\u017eimi u svakom trenutku, kad osjete da su ugro\u017eeni, mogu da proizvedu nasilje, smatraju u Gra\u0111anskom pokretu URA.<\/p>\n<p>Potpredsjednik URA, Dritan Abazovi\u0107, upozorio je da se sli\u010dne stvari mogu o\u010dekivati i u Crnoj Gori u trenutku kad, kako je naveo, do\u0111e do demonta\u017ee aktuelnog re\u017eima.<\/p>\n<p>&#8220;Ovo je jo\u0161 jedan dokaz da je Balkan vrlo zapaljiv, i da re\u017eimi koji su se ukorijenili u svakom trenutku, kad god osjete da su ugro\u017eeni, mogu da proizvedu nasilje\u201d, naveo je Abazovi\u0107 u izjavi dostavljenoj agenciji Mina.<\/p>\n<p>Prema njegovim rije\u010dima, u Makedoniji sve upu\u0107uje na scenario koji se mogao o\u010dekivati.<\/p>\n<p>&#8220;A to je da su nakon te\u0161kih optu\u017ebi na ra\u010dun Vlade Nikole Gruevskog pokrenute sve mogu\u0107e akcije da se suzbiju aktivnosti opozicije&#8221;, dodao je Abazovi\u0107.<\/p>\n<p>On je rekao da je svako ko je malo bolje upu\u0107en u situaciju u Makedoniji mogao da o\u010dekuje da \u0107e do\u0107i do konflikata koji bi, kako je naveo, trebalo ponovo da probude nacionalne vampire i poslu\u017ee kao pokrivalica za sve \u0161tetne i kriminalne radnje koje je, vjerovatno, radio i taj re\u017eim.<\/p>\n<p>&#8220;Klju\u010dno je to da su se na Balkanu toliko kriminalne strukture uvezale sa ljudima na vlasti, i da su zbog \u017eelje da sa\u010duvaju svoje prljave biznise spremne da izazivaju svaku vrstu konflikta, pa \u010dak i ratni&#8221;, naglasio je Abazovi\u0107.<\/p>\n<p>On je kazao da se nada da \u0107e narod Makedonije, i Makedonci i Albanci, shvatiti da iza toga stoji politi\u010dka pozadina, i da nijedan \u010dovjek pojedina\u010dno, nijedan zvani\u010dnik, bio premijer, ministar ili biznismen, nije vrijedan prolivanja krvi nevinog naroda.<\/p>\n<p>&#8220;Ono \u0161to treba da poslu\u017ei kao velika opomena i gra\u0111anima Crne Gore, to je da u trenutku kad do\u0111e do demonta\u017ee ovda\u0161njeg re\u017eima, mogu se o\u010dekivati sli\u010dne stvari. Ne mislim na nacionalne konflikte, ali mislim na raznorazne manipulacije koje \u0107e imati za cilj da skrenu pa\u017enju sa ne\u010dega \u0161to je evidentni problem&#8221;, naveo je Abazovi\u0107.<\/p>\n<p>U Makedoniji je, kako je kazao, to bilo ne\u0161to nalik aferi Snimak, \u201ci da bi se sve to prikrilo, de\u0161avaju se razne grozote koje nije bilo te\u0161ko predvidjeti\u201d.<\/p>\n<p>&#8220;Kao gra\u0111anin Crne Gore i kao politi\u010dar, moram se osvrnuti na nedemokratsku praksu, i upozoriti da bilo kakva temeljna nit izme\u0111u organizovanog kriminala i ljudi koji vr\u0161e vlast treba da bude prekinuta\u201d, rekao je Abazovi\u0107.<\/p>\n<p>On smatra da de\u0161avanja u Makedoniji treba da budu velika opomena i Evropskoj uniji. \u201cJer to \u0161to se danas de\u0161ava u Makedoniji, sjutra se mo\u017ee desiti u Crnoj Gori, u Albaniji, na Kosovu i bilo gdje&#8221;.<\/p>\n<p>&#8220;Mislim da svi moramo da smognemo snage da shvatimo da politi\u010dka elita ne smije da bude ispred interesa gra\u0111ana i mira i stabilnosti cijelog regiona&#8221;, zaklju\u010dio je Abazovi\u0107.<\/p>\n<p><strong>Izvor: MINA \/ Vijesti Online<\/strong><\/p>\n","protected":false},"excerpt":{"rendered":"<p>&#8220;Ono \u0161to treba da poslu\u017ei kao velika opomena i gra\u0111anima Crne Gore, to je da u trenutku kad do\u0111e do demonta\u017ee ovda\u0161njeg re\u017eima, mogu se o\u010dekivati sli\u010dne stvari. Ne mislim na nacionalne konflikte, ali mislim na raznorazne manipulacije koje \u0107e imati za cilj da skrenu pa\u017enju sa ne\u010dega \u0161to je evidentni problem&#8221;, naveo je Abazovi\u0107 [&hellip;]<\/p>\n","protected":false},"author":1,"featured_media":0,"comment_status":"closed","ping_status":"closed","sticky":false,"template":"","format":"standard","meta":{"spay_email":"","jetpack_publicize_message":"","jetpack_is_tweetstorm":false,"jetpack_publicize_feature_enabled":true},"categories":[8337],"tags":[],"jetpack_publicize_connections":[],"yoast_head":"<!-- This site is optimized with the Yoast SEO plugin v19.1 - https:\/\/yoast.com\/wordpress\/plugins\/seo\/ -->\n<title>Dritan Abazovi\u0107: Makedonija dokaz da re\u017eimi mogu da proizvedu nasilje ako su ugro\u017eeni - Lajme nga Ulqini<\/title>\n<meta name=\"description\" content=\"&quot;Ono \u0161to treba da poslu\u017ei kao velika opomena i gra\u0111anima Crne Gore, to je da u trenutku kad do\u0111e do demonta\u017ee ovda\u0161njeg re\u017eima, mogu se o\u010dekivati sli\u010dne\" \/>\n<meta name=\"robots\" content=\"index, follow, max-snippet:-1, max-image-preview:large, max-video-preview:-1\" \/>\n<link rel=\"canonical\" href=\"https:\/\/www.visit-ulcinj.com\/blog\/2015\/05\/10\/dritan-abazovic-makedonija-dokaz-da-rezimi-mogu-da-proizvedu-nasilje-ako-su-ugrozeni\/\" \/>\n<meta property=\"og:locale\" content=\"en_US\" \/>\n<meta property=\"og:type\" content=\"article\" \/>\n<meta property=\"og:title\" content=\"Dritan Abazovi\u0107: Makedonija dokaz da re\u017eimi mogu da proizvedu nasilje ako su ugro\u017eeni - Lajme nga Ulqini\" \/>\n<meta property=\"og:description\" content=\"&quot;Ono \u0161to treba da poslu\u017ei kao velika opomena i gra\u0111anima Crne Gore, to je da u trenutku kad do\u0111e do demonta\u017ee ovda\u0161njeg re\u017eima, mogu se o\u010dekivati sli\u010dne\" \/>\n<meta property=\"og:url\" content=\"https:\/\/www.visit-ulcinj.com\/blog\/2015\/05\/10\/dritan-abazovic-makedonija-dokaz-da-rezimi-mogu-da-proizvedu-nasilje-ako-su-ugrozeni\/\" \/>\n<meta property=\"og:site_name\" content=\"Lajme nga Ulqini\" \/>\n<meta property=\"article:published_time\" content=\"2015-05-10T16:57:44+00:00\" \/>\n<meta property=\"og:image\" content=\"http:\/\/www.visit-ulcinj.com\/blog\/wp-content\/uploads\/2015\/05\/kumanova.jpg\" \/>\n<meta name=\"twitter:label1\" content=\"Written by\" \/>\n\t<meta name=\"twitter:data1\" content=\"ulqini\" \/>\n\t<meta name=\"twitter:label2\" content=\"Est. reading time\" \/>\n\t<meta name=\"twitter:data2\" content=\"3 minutes\" \/>\n<script type=\"application\/ld+json\" class=\"yoast-schema-graph\">{\"@context\":\"https:\/\/schema.org\",\"@graph\":[{\"@type\":\"WebSite\",\"@id\":\"https:\/\/www.visit-ulcinj.com\/blog\/#website\",\"url\":\"https:\/\/www.visit-ulcinj.com\/blog\/\",\"name\":\"Lajme nga Ulqini\",\"description\":\"Lajme,Vijesti,Ulqini,Ulqin,Crna Gora,Mali i Zi\",\"potentialAction\":[{\"@type\":\"SearchAction\",\"target\":{\"@type\":\"EntryPoint\",\"urlTemplate\":\"https:\/\/www.visit-ulcinj.com\/blog\/?s={search_term_string}\"},\"query-input\":\"required name=search_term_string\"}],\"inLanguage\":\"en-US\"},{\"@type\":\"ImageObject\",\"inLanguage\":\"en-US\",\"@id\":\"https:\/\/www.visit-ulcinj.com\/blog\/2015\/05\/10\/dritan-abazovic-makedonija-dokaz-da-rezimi-mogu-da-proizvedu-nasilje-ako-su-ugrozeni\/#primaryimage\",\"url\":\"http:\/\/www.visit-ulcinj.com\/blog\/wp-content\/uploads\/2015\/05\/kumanova.jpg\",\"contentUrl\":\"http:\/\/www.visit-ulcinj.com\/blog\/wp-content\/uploads\/2015\/05\/kumanova.jpg\"},{\"@type\":\"WebPage\",\"@id\":\"https:\/\/www.visit-ulcinj.com\/blog\/2015\/05\/10\/dritan-abazovic-makedonija-dokaz-da-rezimi-mogu-da-proizvedu-nasilje-ako-su-ugrozeni\/#webpage\",\"url\":\"https:\/\/www.visit-ulcinj.com\/blog\/2015\/05\/10\/dritan-abazovic-makedonija-dokaz-da-rezimi-mogu-da-proizvedu-nasilje-ako-su-ugrozeni\/\",\"name\":\"Dritan Abazovi\u0107: Makedonija dokaz da re\u017eimi mogu da proizvedu nasilje ako su ugro\u017eeni - Lajme nga Ulqini\",\"isPartOf\":{\"@id\":\"https:\/\/www.visit-ulcinj.com\/blog\/#website\"},\"primaryImageOfPage\":{\"@id\":\"https:\/\/www.visit-ulcinj.com\/blog\/2015\/05\/10\/dritan-abazovic-makedonija-dokaz-da-rezimi-mogu-da-proizvedu-nasilje-ako-su-ugrozeni\/#primaryimage\"},\"datePublished\":\"2015-05-10T16:57:44+00:00\",\"dateModified\":\"2015-05-10T16:57:44+00:00\",\"author\":{\"@id\":\"https:\/\/www.visit-ulcinj.com\/blog\/#\/schema\/person\/dcab619c614d3038751c63bc2aadc06d\"},\"description\":\"\\\"Ono \u0161to treba da poslu\u017ei kao velika opomena i gra\u0111anima Crne Gore, to je da u trenutku kad do\u0111e do demonta\u017ee ovda\u0161njeg re\u017eima, mogu se o\u010dekivati sli\u010dne\",\"breadcrumb\":{\"@id\":\"https:\/\/www.visit-ulcinj.com\/blog\/2015\/05\/10\/dritan-abazovic-makedonija-dokaz-da-rezimi-mogu-da-proizvedu-nasilje-ako-su-ugrozeni\/#breadcrumb\"},\"inLanguage\":\"en-US\",\"potentialAction\":[{\"@type\":\"ReadAction\",\"target\":[\"https:\/\/www.visit-ulcinj.com\/blog\/2015\/05\/10\/dritan-abazovic-makedonija-dokaz-da-rezimi-mogu-da-proizvedu-nasilje-ako-su-ugrozeni\/\"]}]},{\"@type\":\"BreadcrumbList\",\"@id\":\"https:\/\/www.visit-ulcinj.com\/blog\/2015\/05\/10\/dritan-abazovic-makedonija-dokaz-da-rezimi-mogu-da-proizvedu-nasilje-ako-su-ugrozeni\/#breadcrumb\",\"itemListElement\":[{\"@type\":\"ListItem\",\"position\":1,\"name\":\"Dritan Abazovi\u0107: Makedonija dokaz da re\u017eimi mogu da proizvedu nasilje ako su ugro\u017eeni\"}]},{\"@type\":\"Person\",\"@id\":\"https:\/\/www.visit-ulcinj.com\/blog\/#\/schema\/person\/dcab619c614d3038751c63bc2aadc06d\",\"name\":\"ulqini\",\"sameAs\":[\"http:\/\/www.visit-ulcinj.com\"],\"url\":\"https:\/\/www.visit-ulcinj.com\/blog\/author\/admin\/\"}]}<\/script>\n<!-- \/ Yoast SEO plugin. -->","yoast_head_json":{"title":"Dritan Abazovi\u0107: Makedonija dokaz da re\u017eimi mogu da proizvedu nasilje ako su ugro\u017eeni - Lajme nga Ulqini","description":"\"Ono \u0161to treba da poslu\u017ei kao velika opomena i gra\u0111anima Crne Gore, to je da u trenutku kad do\u0111e do demonta\u017ee ovda\u0161njeg re\u017eima, mogu se o\u010dekivati sli\u010dne","robots":{"index":"index","follow":"follow","max-snippet":"max-snippet:-1","max-image-preview":"max-image-preview:large","max-video-preview":"max-video-preview:-1"},"canonical":"https:\/\/www.visit-ulcinj.com\/blog\/2015\/05\/10\/dritan-abazovic-makedonija-dokaz-da-rezimi-mogu-da-proizvedu-nasilje-ako-su-ugrozeni\/","og_locale":"en_US","og_type":"article","og_title":"Dritan Abazovi\u0107: Makedonija dokaz da re\u017eimi mogu da proizvedu nasilje ako su ugro\u017eeni - Lajme nga Ulqini","og_description":"\"Ono \u0161to treba da poslu\u017ei kao velika opomena i gra\u0111anima Crne Gore, to je da u trenutku kad do\u0111e do demonta\u017ee ovda\u0161njeg re\u017eima, mogu se o\u010dekivati sli\u010dne","og_url":"https:\/\/www.visit-ulcinj.com\/blog\/2015\/05\/10\/dritan-abazovic-makedonija-dokaz-da-rezimi-mogu-da-proizvedu-nasilje-ako-su-ugrozeni\/","og_site_name":"Lajme nga Ulqini","article_published_time":"2015-05-10T16:57:44+00:00","og_image":[{"url":"http:\/\/www.visit-ulcinj.com\/blog\/wp-content\/uploads\/2015\/05\/kumanova.jpg"}],"twitter_misc":{"Written by":"ulqini","Est. reading time":"3 minutes"},"schema":{"@context":"https:\/\/schema.org","@graph":[{"@type":"WebSite","@id":"https:\/\/www.visit-ulcinj.com\/blog\/#website","url":"https:\/\/www.visit-ulcinj.com\/blog\/","name":"Lajme nga Ulqini","description":"Lajme,Vijesti,Ulqini,Ulqin,Crna Gora,Mali i Zi","potentialAction":[{"@type":"SearchAction","target":{"@type":"EntryPoint","urlTemplate":"https:\/\/www.visit-ulcinj.com\/blog\/?s={search_term_string}"},"query-input":"required name=search_term_string"}],"inLanguage":"en-US"},{"@type":"ImageObject","inLanguage":"en-US","@id":"https:\/\/www.visit-ulcinj.com\/blog\/2015\/05\/10\/dritan-abazovic-makedonija-dokaz-da-rezimi-mogu-da-proizvedu-nasilje-ako-su-ugrozeni\/#primaryimage","url":"http:\/\/www.visit-ulcinj.com\/blog\/wp-content\/uploads\/2015\/05\/kumanova.jpg","contentUrl":"http:\/\/www.visit-ulcinj.com\/blog\/wp-content\/uploads\/2015\/05\/kumanova.jpg"},{"@type":"WebPage","@id":"https:\/\/www.visit-ulcinj.com\/blog\/2015\/05\/10\/dritan-abazovic-makedonija-dokaz-da-rezimi-mogu-da-proizvedu-nasilje-ako-su-ugrozeni\/#webpage","url":"https:\/\/www.visit-ulcinj.com\/blog\/2015\/05\/10\/dritan-abazovic-makedonija-dokaz-da-rezimi-mogu-da-proizvedu-nasilje-ako-su-ugrozeni\/","name":"Dritan Abazovi\u0107: Makedonija dokaz da re\u017eimi mogu da proizvedu nasilje ako su ugro\u017eeni - Lajme nga Ulqini","isPartOf":{"@id":"https:\/\/www.visit-ulcinj.com\/blog\/#website"},"primaryImageOfPage":{"@id":"https:\/\/www.visit-ulcinj.com\/blog\/2015\/05\/10\/dritan-abazovic-makedonija-dokaz-da-rezimi-mogu-da-proizvedu-nasilje-ako-su-ugrozeni\/#primaryimage"},"datePublished":"2015-05-10T16:57:44+00:00","dateModified":"2015-05-10T16:57:44+00:00","author":{"@id":"https:\/\/www.visit-ulcinj.com\/blog\/#\/schema\/person\/dcab619c614d3038751c63bc2aadc06d"},"description":"\"Ono \u0161to treba da poslu\u017ei kao velika opomena i gra\u0111anima Crne Gore, to je da u trenutku kad do\u0111e do demonta\u017ee ovda\u0161njeg re\u017eima, mogu se o\u010dekivati sli\u010dne","breadcrumb":{"@id":"https:\/\/www.visit-ulcinj.com\/blog\/2015\/05\/10\/dritan-abazovic-makedonija-dokaz-da-rezimi-mogu-da-proizvedu-nasilje-ako-su-ugrozeni\/#breadcrumb"},"inLanguage":"en-US","potentialAction":[{"@type":"ReadAction","target":["https:\/\/www.visit-ulcinj.com\/blog\/2015\/05\/10\/dritan-abazovic-makedonija-dokaz-da-rezimi-mogu-da-proizvedu-nasilje-ako-su-ugrozeni\/"]}]},{"@type":"BreadcrumbList","@id":"https:\/\/www.visit-ulcinj.com\/blog\/2015\/05\/10\/dritan-abazovic-makedonija-dokaz-da-rezimi-mogu-da-proizvedu-nasilje-ako-su-ugrozeni\/#breadcrumb","itemListElement":[{"@type":"ListItem","position":1,"name":"Dritan Abazovi\u0107: Makedonija dokaz da re\u017eimi mogu da proizvedu nasilje ako su ugro\u017eeni"}]},{"@type":"Person","@id":"https:\/\/www.visit-ulcinj.com\/blog\/#\/schema\/person\/dcab619c614d3038751c63bc2aadc06d","name":"ulqini","sameAs":["http:\/\/www.visit-ulcinj.com"],"url":"https:\/\/www.visit-ulcinj.com\/blog\/author\/admin\/"}]}},"jetpack_featured_media_url":"","jetpack_sharing_enabled":true,"jetpack_shortlink":"https:\/\/wp.me\/pe6lTn-nwj","_links":{"self":[{"href":"https:\/\/www.visit-ulcinj.com\/blog\/wp-json\/wp\/v2\/posts\/90415"}],"collection":[{"href":"https:\/\/www.visit-ulcinj.com\/blog\/wp-json\/wp\/v2\/posts"}],"about":[{"href":"https:\/\/www.visit-ulcinj.com\/blog\/wp-json\/wp\/v2\/types\/post"}],"author":[{"embeddable":true,"href":"https:\/\/www.visit-ulcinj.com\/blog\/wp-json\/wp\/v2\/users\/1"}],"replies":[{"embeddable":true,"href":"https:\/\/www.visit-ulcinj.com\/blog\/wp-json\/wp\/v2\/comments?post=90415"}],"version-history":[{"count":1,"href":"https:\/\/www.visit-ulcinj.com\/blog\/wp-json\/wp\/v2\/posts\/90415\/revisions"}],"predecessor-version":[{"id":90417,"href":"https:\/\/www.visit-ulcinj.com\/blog\/wp-json\/wp\/v2\/posts\/90415\/revisions\/90417"}],"wp:attachment":[{"href":"https:\/\/www.visit-ulcinj.com\/blog\/wp-json\/wp\/v2\/media?parent=90415"}],"wp:term":[{"taxonomy":"category","embeddable":true,"href":"https:\/\/www.visit-ulcinj.com\/blog\/wp-json\/wp\/v2\/categories?post=90415"},{"taxonomy":"post_tag","embeddable":true,"href":"https:\/\/www.visit-ulcinj.com\/blog\/wp-json\/wp\/v2\/tags?post=90415"}],"curies":[{"name":"wp","href":"https:\/\/api.w.org\/{rel}","templated":true}]}}