{"id":90418,"date":"2015-05-10T18:54:47","date_gmt":"2015-05-10T17:54:47","guid":{"rendered":"http:\/\/www.visit-ulcinj.com\/blog\/?p=90418"},"modified":"2015-05-10T18:57:59","modified_gmt":"2015-05-10T17:57:59","slug":"shkallet-publike-ne-plazhin-e-vogel-te-ulqinit-rrezik-per-kembesore","status":"publish","type":"post","link":"https:\/\/www.visit-ulcinj.com\/blog\/2015\/05\/10\/shkallet-publike-ne-plazhin-e-vogel-te-ulqinit-rrezik-per-kembesore\/","title":{"rendered":"Shkall\u00ebt publike n\u00eb plazhin e vog\u00ebl t\u00eb Ulqinit, rrezik p\u00ebr k\u00ebmb\u00ebsor\u00eb"},"content":{"rendered":"<h4>Shkall\u00ebt publike n\u00eb plazhin e vog\u00ebl t\u00eb Ulqinit jan\u00eb t\u00ebr\u00ebsisht t\u00eb shkat\u00ebrruara n\u00eb hyrjen e dyt\u00eb t\u00eb plazhit.<\/h4>\n<p><a href=\"http:\/\/www.visit-ulcinj.com\/blog\/wp-content\/uploads\/2015\/05\/Shkall\u00ebt-publike-plazha-vogel-ulqin.jpg\"><img loading=\"lazy\" class=\"alignleft wp-image-90419\" src=\"http:\/\/www.visit-ulcinj.com\/blog\/wp-content\/uploads\/2015\/05\/Shkall\u00ebt-publike-plazha-vogel-ulqin.jpg\" alt=\"Shkall\u00ebt publike-plazha-vogel-ulqin\" width=\"508\" height=\"724\" \/><\/a><\/p>\n<p>Ato sipas Naim Flamurit q\u00eb asht\u00eb dhe autori i k\u00ebtyre fotografiave thot\u00eb se jan\u00eb aq t\u00eb d\u00ebmtuara sa mund t\u00eb thyesh k\u00ebmb\u00ebt n\u00ebse nuk ke kujdes.<\/p>\n<p><strong><a id=\"js_h\" href=\"https:\/\/www.facebook.com\/nflamuri?fref=photo\" data-hovercard=\"\/ajax\/hovercard\/user.php?id=100000192240691\">Naim Flamuri <\/a>Facebook<\/strong><\/p>\n\n\t\t<style type=\"text\/css\">\n\t\t\t#gallery-1 {\n\t\t\t\tmargin: auto;\n\t\t\t}\n\t\t\t#gallery-1 .gallery-item {\n\t\t\t\tfloat: left;\n\t\t\t\tmargin-top: 10px;\n\t\t\t\ttext-align: center;\n\t\t\t\twidth: 33%;\n\t\t\t}\n\t\t\t#gallery-1 img {\n\t\t\t\tborder: 2px solid #cfcfcf;\n\t\t\t}\n\t\t\t#gallery-1 .gallery-caption {\n\t\t\t\tmargin-left: 0;\n\t\t\t}\n\t\t\t\/* see gallery_shortcode() in wp-includes\/media.php *\/\n\t\t<\/style>\n\t\t<div id='gallery-1' class='gallery galleryid-90418 gallery-columns-3 gallery-size-thumbnail'><dl class='gallery-item'>\n\t\t\t<dt class='gallery-icon portrait'>\n\t\t\t\t<a href='https:\/\/www.visit-ulcinj.com\/blog\/2015\/05\/10\/shkallet-publike-ne-plazhin-e-vogel-te-ulqinit-rrezik-per-kembesore\/shkallet-publike-plazha-vogel-ulqin-1\/'><img width=\"150\" height=\"150\" src=\"https:\/\/www.visit-ulcinj.com\/blog\/wp-content\/uploads\/2015\/05\/Shkall\u00ebt-publike-plazha-vogel-ulqin-1-150x150.jpg\" class=\"attachment-thumbnail size-thumbnail\" alt=\"\" loading=\"lazy\" \/><\/a>\n\t\t\t<\/dt><\/dl><dl class='gallery-item'>\n\t\t\t<dt class='gallery-icon portrait'>\n\t\t\t\t<a href='https:\/\/www.visit-ulcinj.com\/blog\/2015\/05\/10\/shkallet-publike-ne-plazhin-e-vogel-te-ulqinit-rrezik-per-kembesore\/shkallet-publike-plazha-vogel-ulqin-2\/'><img width=\"150\" height=\"150\" src=\"https:\/\/www.visit-ulcinj.com\/blog\/wp-content\/uploads\/2015\/05\/Shkall\u00ebt-publike-plazha-vogel-ulqin-2-150x150.jpg\" class=\"attachment-thumbnail size-thumbnail\" alt=\"\" loading=\"lazy\" \/><\/a>\n\t\t\t<\/dt><\/dl>\n\t\t\t<br style='clear: both' \/>\n\t\t<\/div>\n\n","protected":false},"excerpt":{"rendered":"<p>Shkall\u00ebt publike n\u00eb plazhin e vog\u00ebl t\u00eb Ulqinit jan\u00eb t\u00ebr\u00ebsisht t\u00eb shkat\u00ebrruara n\u00eb hyrjen e dyt\u00eb t\u00eb plazhit. Ato sipas Naim Flamurit q\u00eb asht\u00eb dhe autori i k\u00ebtyre fotografiave thot\u00eb se jan\u00eb aq t\u00eb d\u00ebmtuara sa mund t\u00eb thyesh k\u00ebmb\u00ebt n\u00ebse nuk ke kujdes. Naim Flamuri Facebook<\/p>\n","protected":false},"author":1,"featured_media":0,"comment_status":"closed","ping_status":"closed","sticky":false,"template":"","format":"standard","meta":{"spay_email":"","jetpack_publicize_message":"","jetpack_is_tweetstorm":false,"jetpack_publicize_feature_enabled":true},"categories":[11],"tags":[],"jetpack_publicize_connections":[],"yoast_head":"<!-- This site is optimized with the Yoast SEO plugin v19.1 - https:\/\/yoast.com\/wordpress\/plugins\/seo\/ -->\n<title>Shkall\u00ebt publike n\u00eb plazhin e vog\u00ebl t\u00eb Ulqinit, rrezik p\u00ebr k\u00ebmb\u00ebsor\u00eb - Lajme nga Ulqini<\/title>\n<meta name=\"description\" content=\"Shkall\u00ebt publike n\u00eb plazhin e vog\u00ebl t\u00eb Ulqinit jan\u00eb t\u00ebr\u00ebsisht t\u00eb shkat\u00ebrruara n\u00eb hyrjen e dyt\u00eb t\u00eb plazhit. Ato sipas Naim Flamurit q\u00eb asht\u00eb dhe autori i\" \/>\n<meta name=\"robots\" content=\"index, follow, max-snippet:-1, max-image-preview:large, max-video-preview:-1\" \/>\n<link rel=\"canonical\" href=\"https:\/\/www.visit-ulcinj.com\/blog\/2015\/05\/10\/shkallet-publike-ne-plazhin-e-vogel-te-ulqinit-rrezik-per-kembesore\/\" \/>\n<meta property=\"og:locale\" content=\"en_US\" \/>\n<meta property=\"og:type\" content=\"article\" \/>\n<meta property=\"og:title\" content=\"Shkall\u00ebt publike n\u00eb plazhin e vog\u00ebl t\u00eb Ulqinit, rrezik p\u00ebr k\u00ebmb\u00ebsor\u00eb - Lajme nga Ulqini\" \/>\n<meta property=\"og:description\" content=\"Shkall\u00ebt publike n\u00eb plazhin e vog\u00ebl t\u00eb Ulqinit jan\u00eb t\u00ebr\u00ebsisht t\u00eb shkat\u00ebrruara n\u00eb hyrjen e dyt\u00eb t\u00eb plazhit. Ato sipas Naim Flamurit q\u00eb asht\u00eb dhe autori i\" \/>\n<meta property=\"og:url\" content=\"https:\/\/www.visit-ulcinj.com\/blog\/2015\/05\/10\/shkallet-publike-ne-plazhin-e-vogel-te-ulqinit-rrezik-per-kembesore\/\" \/>\n<meta property=\"og:site_name\" content=\"Lajme nga Ulqini\" \/>\n<meta property=\"article:published_time\" content=\"2015-05-10T17:54:47+00:00\" \/>\n<meta property=\"article:modified_time\" content=\"2015-05-10T17:57:59+00:00\" \/>\n<meta property=\"og:image\" content=\"https:\/\/www.visit-ulcinj.com\/blog\/wp-content\/uploads\/2015\/05\/Shkall\u00ebt-publike-plazha-vogel-ulqin-1-150x150.jpg\" \/>\n<meta name=\"twitter:label1\" content=\"Written by\" \/>\n\t<meta name=\"twitter:data1\" content=\"ulqini\" \/>\n<script type=\"application\/ld+json\" class=\"yoast-schema-graph\">{\"@context\":\"https:\/\/schema.org\",\"@graph\":[{\"@type\":\"WebSite\",\"@id\":\"https:\/\/www.visit-ulcinj.com\/blog\/#website\",\"url\":\"https:\/\/www.visit-ulcinj.com\/blog\/\",\"name\":\"Lajme nga Ulqini\",\"description\":\"Lajme,Vijesti,Ulqini,Ulqin,Crna Gora,Mali i Zi\",\"potentialAction\":[{\"@type\":\"SearchAction\",\"target\":{\"@type\":\"EntryPoint\",\"urlTemplate\":\"https:\/\/www.visit-ulcinj.com\/blog\/?s={search_term_string}\"},\"query-input\":\"required name=search_term_string\"}],\"inLanguage\":\"en-US\"},{\"@type\":\"WebPage\",\"@id\":\"https:\/\/www.visit-ulcinj.com\/blog\/2015\/05\/10\/shkallet-publike-ne-plazhin-e-vogel-te-ulqinit-rrezik-per-kembesore\/#webpage\",\"url\":\"https:\/\/www.visit-ulcinj.com\/blog\/2015\/05\/10\/shkallet-publike-ne-plazhin-e-vogel-te-ulqinit-rrezik-per-kembesore\/\",\"name\":\"Shkall\u00ebt publike n\u00eb plazhin e vog\u00ebl t\u00eb Ulqinit, rrezik p\u00ebr k\u00ebmb\u00ebsor\u00eb - Lajme nga Ulqini\",\"isPartOf\":{\"@id\":\"https:\/\/www.visit-ulcinj.com\/blog\/#website\"},\"datePublished\":\"2015-05-10T17:54:47+00:00\",\"dateModified\":\"2015-05-10T17:57:59+00:00\",\"author\":{\"@id\":\"https:\/\/www.visit-ulcinj.com\/blog\/#\/schema\/person\/dcab619c614d3038751c63bc2aadc06d\"},\"description\":\"Shkall\u00ebt publike n\u00eb plazhin e vog\u00ebl t\u00eb Ulqinit jan\u00eb t\u00ebr\u00ebsisht t\u00eb shkat\u00ebrruara n\u00eb hyrjen e dyt\u00eb t\u00eb plazhit. Ato sipas Naim Flamurit q\u00eb asht\u00eb dhe autori i\",\"breadcrumb\":{\"@id\":\"https:\/\/www.visit-ulcinj.com\/blog\/2015\/05\/10\/shkallet-publike-ne-plazhin-e-vogel-te-ulqinit-rrezik-per-kembesore\/#breadcrumb\"},\"inLanguage\":\"en-US\",\"potentialAction\":[{\"@type\":\"ReadAction\",\"target\":[\"https:\/\/www.visit-ulcinj.com\/blog\/2015\/05\/10\/shkallet-publike-ne-plazhin-e-vogel-te-ulqinit-rrezik-per-kembesore\/\"]}]},{\"@type\":\"BreadcrumbList\",\"@id\":\"https:\/\/www.visit-ulcinj.com\/blog\/2015\/05\/10\/shkallet-publike-ne-plazhin-e-vogel-te-ulqinit-rrezik-per-kembesore\/#breadcrumb\",\"itemListElement\":[{\"@type\":\"ListItem\",\"position\":1,\"name\":\"Shkall\u00ebt publike n\u00eb plazhin e vog\u00ebl t\u00eb Ulqinit, rrezik p\u00ebr k\u00ebmb\u00ebsor\u00eb\"}]},{\"@type\":\"Person\",\"@id\":\"https:\/\/www.visit-ulcinj.com\/blog\/#\/schema\/person\/dcab619c614d3038751c63bc2aadc06d\",\"name\":\"ulqini\",\"sameAs\":[\"http:\/\/www.visit-ulcinj.com\"],\"url\":\"https:\/\/www.visit-ulcinj.com\/blog\/author\/admin\/\"}]}<\/script>\n<!-- \/ Yoast SEO plugin. -->","yoast_head_json":{"title":"Shkall\u00ebt publike n\u00eb plazhin e vog\u00ebl t\u00eb Ulqinit, rrezik p\u00ebr k\u00ebmb\u00ebsor\u00eb - Lajme nga Ulqini","description":"Shkall\u00ebt publike n\u00eb plazhin e vog\u00ebl t\u00eb Ulqinit jan\u00eb t\u00ebr\u00ebsisht t\u00eb shkat\u00ebrruara n\u00eb hyrjen e dyt\u00eb t\u00eb plazhit. Ato sipas Naim Flamurit q\u00eb asht\u00eb dhe autori i","robots":{"index":"index","follow":"follow","max-snippet":"max-snippet:-1","max-image-preview":"max-image-preview:large","max-video-preview":"max-video-preview:-1"},"canonical":"https:\/\/www.visit-ulcinj.com\/blog\/2015\/05\/10\/shkallet-publike-ne-plazhin-e-vogel-te-ulqinit-rrezik-per-kembesore\/","og_locale":"en_US","og_type":"article","og_title":"Shkall\u00ebt publike n\u00eb plazhin e vog\u00ebl t\u00eb Ulqinit, rrezik p\u00ebr k\u00ebmb\u00ebsor\u00eb - Lajme nga Ulqini","og_description":"Shkall\u00ebt publike n\u00eb plazhin e vog\u00ebl t\u00eb Ulqinit jan\u00eb t\u00ebr\u00ebsisht t\u00eb shkat\u00ebrruara n\u00eb hyrjen e dyt\u00eb t\u00eb plazhit. Ato sipas Naim Flamurit q\u00eb asht\u00eb dhe autori i","og_url":"https:\/\/www.visit-ulcinj.com\/blog\/2015\/05\/10\/shkallet-publike-ne-plazhin-e-vogel-te-ulqinit-rrezik-per-kembesore\/","og_site_name":"Lajme nga Ulqini","article_published_time":"2015-05-10T17:54:47+00:00","article_modified_time":"2015-05-10T17:57:59+00:00","og_image":[{"url":"https:\/\/www.visit-ulcinj.com\/blog\/wp-content\/uploads\/2015\/05\/Shkall\u00ebt-publike-plazha-vogel-ulqin-1-150x150.jpg"}],"twitter_misc":{"Written by":"ulqini"},"schema":{"@context":"https:\/\/schema.org","@graph":[{"@type":"WebSite","@id":"https:\/\/www.visit-ulcinj.com\/blog\/#website","url":"https:\/\/www.visit-ulcinj.com\/blog\/","name":"Lajme nga Ulqini","description":"Lajme,Vijesti,Ulqini,Ulqin,Crna Gora,Mali i Zi","potentialAction":[{"@type":"SearchAction","target":{"@type":"EntryPoint","urlTemplate":"https:\/\/www.visit-ulcinj.com\/blog\/?s={search_term_string}"},"query-input":"required name=search_term_string"}],"inLanguage":"en-US"},{"@type":"WebPage","@id":"https:\/\/www.visit-ulcinj.com\/blog\/2015\/05\/10\/shkallet-publike-ne-plazhin-e-vogel-te-ulqinit-rrezik-per-kembesore\/#webpage","url":"https:\/\/www.visit-ulcinj.com\/blog\/2015\/05\/10\/shkallet-publike-ne-plazhin-e-vogel-te-ulqinit-rrezik-per-kembesore\/","name":"Shkall\u00ebt publike n\u00eb plazhin e vog\u00ebl t\u00eb Ulqinit, rrezik p\u00ebr k\u00ebmb\u00ebsor\u00eb - Lajme nga Ulqini","isPartOf":{"@id":"https:\/\/www.visit-ulcinj.com\/blog\/#website"},"datePublished":"2015-05-10T17:54:47+00:00","dateModified":"2015-05-10T17:57:59+00:00","author":{"@id":"https:\/\/www.visit-ulcinj.com\/blog\/#\/schema\/person\/dcab619c614d3038751c63bc2aadc06d"},"description":"Shkall\u00ebt publike n\u00eb plazhin e vog\u00ebl t\u00eb Ulqinit jan\u00eb t\u00ebr\u00ebsisht t\u00eb shkat\u00ebrruara n\u00eb hyrjen e dyt\u00eb t\u00eb plazhit. Ato sipas Naim Flamurit q\u00eb asht\u00eb dhe autori i","breadcrumb":{"@id":"https:\/\/www.visit-ulcinj.com\/blog\/2015\/05\/10\/shkallet-publike-ne-plazhin-e-vogel-te-ulqinit-rrezik-per-kembesore\/#breadcrumb"},"inLanguage":"en-US","potentialAction":[{"@type":"ReadAction","target":["https:\/\/www.visit-ulcinj.com\/blog\/2015\/05\/10\/shkallet-publike-ne-plazhin-e-vogel-te-ulqinit-rrezik-per-kembesore\/"]}]},{"@type":"BreadcrumbList","@id":"https:\/\/www.visit-ulcinj.com\/blog\/2015\/05\/10\/shkallet-publike-ne-plazhin-e-vogel-te-ulqinit-rrezik-per-kembesore\/#breadcrumb","itemListElement":[{"@type":"ListItem","position":1,"name":"Shkall\u00ebt publike n\u00eb plazhin e vog\u00ebl t\u00eb Ulqinit, rrezik p\u00ebr k\u00ebmb\u00ebsor\u00eb"}]},{"@type":"Person","@id":"https:\/\/www.visit-ulcinj.com\/blog\/#\/schema\/person\/dcab619c614d3038751c63bc2aadc06d","name":"ulqini","sameAs":["http:\/\/www.visit-ulcinj.com"],"url":"https:\/\/www.visit-ulcinj.com\/blog\/author\/admin\/"}]}},"jetpack_featured_media_url":"","jetpack_sharing_enabled":true,"jetpack_shortlink":"https:\/\/wp.me\/pe6lTn-nwm","_links":{"self":[{"href":"https:\/\/www.visit-ulcinj.com\/blog\/wp-json\/wp\/v2\/posts\/90418"}],"collection":[{"href":"https:\/\/www.visit-ulcinj.com\/blog\/wp-json\/wp\/v2\/posts"}],"about":[{"href":"https:\/\/www.visit-ulcinj.com\/blog\/wp-json\/wp\/v2\/types\/post"}],"author":[{"embeddable":true,"href":"https:\/\/www.visit-ulcinj.com\/blog\/wp-json\/wp\/v2\/users\/1"}],"replies":[{"embeddable":true,"href":"https:\/\/www.visit-ulcinj.com\/blog\/wp-json\/wp\/v2\/comments?post=90418"}],"version-history":[{"count":2,"href":"https:\/\/www.visit-ulcinj.com\/blog\/wp-json\/wp\/v2\/posts\/90418\/revisions"}],"predecessor-version":[{"id":90423,"href":"https:\/\/www.visit-ulcinj.com\/blog\/wp-json\/wp\/v2\/posts\/90418\/revisions\/90423"}],"wp:attachment":[{"href":"https:\/\/www.visit-ulcinj.com\/blog\/wp-json\/wp\/v2\/media?parent=90418"}],"wp:term":[{"taxonomy":"category","embeddable":true,"href":"https:\/\/www.visit-ulcinj.com\/blog\/wp-json\/wp\/v2\/categories?post=90418"},{"taxonomy":"post_tag","embeddable":true,"href":"https:\/\/www.visit-ulcinj.com\/blog\/wp-json\/wp\/v2\/tags?post=90418"}],"curies":[{"name":"wp","href":"https:\/\/api.w.org\/{rel}","templated":true}]}}