{"id":90457,"date":"2015-05-12T14:30:34","date_gmt":"2015-05-12T13:30:34","guid":{"rendered":"http:\/\/www.visit-ulcinj.com\/blog\/?p=90457"},"modified":"2015-05-12T14:30:34","modified_gmt":"2015-05-12T13:30:34","slug":"ishte-shkuarja-ne-festival-te-gjirokaster-nga-ulqini-nje-corganizim-orgnizuar","status":"publish","type":"post","link":"https:\/\/www.visit-ulcinj.com\/blog\/2015\/05\/12\/ishte-shkuarja-ne-festival-te-gjirokaster-nga-ulqini-nje-corganizim-orgnizuar\/","title":{"rendered":"A ishte shkuarja n\u00eb festival t\u00eb Gjirokast\u00ebr nga Ulqini nj\u00eb \u00e7\u2019organizim i orgnizuar&#8230;?!"},"content":{"rendered":"<p><strong><em><a href=\"http:\/\/www.visit-ulcinj.com\/blog\/wp-content\/uploads\/2015\/05\/Festivali-i-Gjirokastr\u00ebs-Ulqini-prezent-5.jpg\"><img loading=\"lazy\" class=\"alignleft wp-image-90440\" src=\"http:\/\/www.visit-ulcinj.com\/blog\/wp-content\/uploads\/2015\/05\/Festivali-i-Gjirokastr\u00ebs-Ulqini-prezent-5.jpg\" alt=\"Festivali i Gjirokastr\u00ebs-Ulqini-prezent-5\" width=\"508\" height=\"339\" srcset=\"https:\/\/www.visit-ulcinj.com\/blog\/wp-content\/uploads\/2015\/05\/Festivali-i-Gjirokastr\u00ebs-Ulqini-prezent-5.jpg 960w, https:\/\/www.visit-ulcinj.com\/blog\/wp-content\/uploads\/2015\/05\/Festivali-i-Gjirokastr\u00ebs-Ulqini-prezent-5-300x200.jpg 300w\" sizes=\"(max-width: 508px) 100vw, 508px\" \/><\/a>Shkruan Muhmet Nika<\/em><\/strong><\/p>\n<p>Thjesht\u00eb nga 1204 artist\u00eb q\u00eb prezantuan n\u00eb festivalin e sivjetsh\u00ebm t\u00eb Gjirokastr\u00ebs i ra q\u00eb mbi 100 e sa \u00a0persona t\u00eb ishin nga Ulqini, kurse edhe vet\u00eb Kosova , me siguri, nuk pati m\u00eb shum\u00eb se 100 persona atje..?!<\/p>\n<p>Por n\u00eb se pyesim:\u00a0\u00a0 Se a \u00ebsht\u00eb kjo , rezultat i organizimit t\u00eb mir\u00ebfillt\u00eb t\u00eb shoqatave prezantuese dhe institucioneve ulqinake q\u00eb u rrinin pas, apo \u00a0mos ndoshta ishte e kund\u00ebrta?! Ne na duket q\u00eb fjala \u00ebsht\u00eb m\u00eb shum\u00eb p\u00ebr t\u00eb dyt\u00ebn?!<\/p>\n<p>&#8211; <strong><em>Thjesht\u00eb p\u00ebr gjith\u00eb k\u00ebt\u00eb q\u00eb ngjau Ermali , nga Top \u00c7en\u00eblli, do t\u00eb ish shprehur me romuze, se shkuarja sivjet n\u00eb Gjirokast\u00ebr ishte\u201d.. nj\u00eb \u00e7\u2019 organizim i organizuar.\u201d?!!!<\/em><\/strong><\/p>\n<p>Sipas njohurive tona q\u00eb kemi dhe informacionit cekim q\u00eb shikuar realisht kapacitet p\u00ebr t\u00eb prezantuar artistikisht dhe mbase me vlera qytetin e Ulqinit atje do t\u00eb mund t\u00eb kish ndodhur , sikur p\u00ebrzgjedhja t\u00eb ishte b\u00ebr\u00eb mbi baz\u00ebn e nj\u00eb konkursi t\u00eb ngritur nga nj\u00eb \u201cmeritum\u201d kulturor i formuar enkas nga pushteti vendor, ashtu si b\u00ebn\u00eb t\u00eb gjith\u00eb bota?!!<\/p>\n<p><strong><em>Partit\u00eb dhe shoqatat\u00a0\u00a0 n\u00eb Ulqin..?!!<\/em><\/strong><\/p>\n<p>K\u00ebtu n\u00eb Ulqin , k\u00ebshtu si ka ardhur puna, tashm\u00eb po duket se \u00ebsht\u00eb krejt e zakonshme q\u00eb \u00e7do subjekt politik t\u00eb ket\u00eb shoq\u00ebrin\u00eb kulturore t\u00eb veten e cila prezanton partin\u00eb e jo trev\u00ebn apo mjedisin nga e cila vjen. Tjet\u00ebr , shikuar nga anash , gjithashtu del q\u00eb kur partit\u00eb pretendojn\u00eb se ishin m\u00eb interesante\u00a0\u00a0 n\u00eb qytet , i binte q\u00eb vlerat komb\u00ebtare t\u00eb prezantoheshin nga shoqatat e qytetit dhe kur mund t\u00eb pritet q\u00eb lufta politike t\u00eb b\u00ebhet n\u00eb rrethin\u00eb apo n\u00eb An\u00eb t\u00eb Malit , prezantimi kulturor b\u00ebhet nga rrethina. Shikuar nga ajo se kush na prezantoi sivjet n\u00eb festivalin e Gjirokastr\u00ebs , del q\u00eb partit\u00eb m\u00eb n\u00eb Ulqin, nuk llogarisin n\u00eb ndikim dhe gara politike prite t\u00eb b\u00ebhet n\u00eb rrethin\u00eb bashk\u00eb me An\u00eb t\u00eb Malit.<\/p>\n<p>Prezantimi , i bie t\u00eb ishte\u00a0\u00a0 edhe\u201dbarometer \u201c i zgjedhjeve t\u00eb ardhshme . Bile n\u00eb An\u00eb t\u00eb Malit do t\u00eb jet\u00eb ndeshja edhe m\u00eb e fort\u00eb sepse nga kjo trev\u00eb prezantuan dy shoqata ?! Ajo e An\u00ebs s\u00eb Malit- pro Gjek\u00ebs dhe\u00a0\u00a0 Tradita q\u00eb anon nga Forca e Re Demokratike. Kjo t\u00eb pakt\u00ebn konkludohet nga udh\u00ebheqja e shoqat\u00ebs BKA-s\u00eb(Tradit\u00ebs), q\u00eb po i b\u00ebn\u00eb nj\u00eb rivalitet t\u00eb heshtur Gjek\u00ebs, si kryetar komune- kuptohet si dekor i Forc\u00ebs dhe logjistik\u00eb e saj, sidomos <strong><em>\u201c n\u00eb koh\u00ebn e p\u00ebrmbytjeve n\u00eb An\u00eb t\u00eb Mali- kujto, koha e kryetar Cungut&#8230;\u201d?!<\/em><\/strong><\/p>\n<p>K\u00ebtu si grupim i ri paraqitet edhe Shoqata Buzuku e cila , pasi u p\u00ebr\u00e7a dhe u suprimua n\u00eb pjes\u00ebmarrje q\u00ebllimisht nga drejtoria e kultur\u00ebs, gj\u00ebrat jan\u00eb m\u00eb se t\u00eb qarta. Por \u00a0k\u00ebsaj t\u00eb fundit, si duket \u201ci r\u00ebn\u00eb n\u00eb hall&#8230;\u201d, i doli n\u00eb ndihm\u00eb vet\u00eb kryetari Gjeka, duke reduktuar minutat e programit t\u00eb Shoqat\u00ebs s\u00eb An\u00ebs s\u00eb Malit n\u00eb llogari t\u00eb prezantimit t\u00eb Buzukut dhe duke e sponsorizuar edhe vet\u00eb at\u00eb. Madje pasi shoqata kultivon apo prezanton fundi i fundit edhe vlerat e melosit t\u00eb shqiptar\u00ebve t\u00eb besimit katolik\u00eb veprimi i kryetarit ishte i prer\u00eb &#8211; pro pjes\u00ebmarrjes.. .?! <strong><em>Bile thuhet se ai qysh para nisjes ish shprehur haptas , q\u00eb n\u00ebse nuk merren edhe k\u00ebto t\u00eb Buzukut , lirisht mund edhe t\u00eb mos shkohej fare n\u00eb festival&#8230;?!! <\/em><\/strong><\/p>\n","protected":false},"excerpt":{"rendered":"<p>Shkruan Muhmet Nika Thjesht\u00eb nga 1204 artist\u00eb q\u00eb prezantuan n\u00eb festivalin e sivjetsh\u00ebm t\u00eb Gjirokastr\u00ebs i ra q\u00eb mbi 100 e sa \u00a0persona t\u00eb ishin nga Ulqini, kurse edhe vet\u00eb Kosova , me siguri, nuk pati m\u00eb shum\u00eb se 100 persona atje..?! Por n\u00eb se pyesim:\u00a0\u00a0 Se a \u00ebsht\u00eb kjo , rezultat i organizimit t\u00eb [&hellip;]<\/p>\n","protected":false},"author":1,"featured_media":0,"comment_status":"closed","ping_status":"closed","sticky":false,"template":"","format":"standard","meta":{"spay_email":"","jetpack_publicize_message":"","jetpack_is_tweetstorm":false,"jetpack_publicize_feature_enabled":true},"categories":[14249],"tags":[],"jetpack_publicize_connections":[],"yoast_head":"<!-- This site is optimized with the Yoast SEO plugin v19.1 - https:\/\/yoast.com\/wordpress\/plugins\/seo\/ -->\n<title>A ishte shkuarja n\u00eb festival t\u00eb Gjirokast\u00ebr nga Ulqini nj\u00eb \u00e7\u2019organizim i orgnizuar...?! - Lajme nga Ulqini<\/title>\n<meta name=\"description\" content=\"Shkruan Muhmet Nika Thjesht\u00eb nga 1204 artist\u00eb q\u00eb prezantuan n\u00eb festivalin e sivjetsh\u00ebm t\u00eb Gjirokastr\u00ebs i ra q\u00eb mbi 100 e sa \u00a0persona t\u00eb ishin nga Ulqini,\" \/>\n<meta name=\"robots\" content=\"index, follow, max-snippet:-1, max-image-preview:large, max-video-preview:-1\" \/>\n<link rel=\"canonical\" href=\"https:\/\/www.visit-ulcinj.com\/blog\/2015\/05\/12\/ishte-shkuarja-ne-festival-te-gjirokaster-nga-ulqini-nje-corganizim-orgnizuar\/\" \/>\n<meta property=\"og:locale\" content=\"en_US\" \/>\n<meta property=\"og:type\" content=\"article\" \/>\n<meta property=\"og:title\" content=\"A ishte shkuarja n\u00eb festival t\u00eb Gjirokast\u00ebr nga Ulqini nj\u00eb \u00e7\u2019organizim i orgnizuar...?! - Lajme nga Ulqini\" \/>\n<meta property=\"og:description\" content=\"Shkruan Muhmet Nika Thjesht\u00eb nga 1204 artist\u00eb q\u00eb prezantuan n\u00eb festivalin e sivjetsh\u00ebm t\u00eb Gjirokastr\u00ebs i ra q\u00eb mbi 100 e sa \u00a0persona t\u00eb ishin nga Ulqini,\" \/>\n<meta property=\"og:url\" content=\"https:\/\/www.visit-ulcinj.com\/blog\/2015\/05\/12\/ishte-shkuarja-ne-festival-te-gjirokaster-nga-ulqini-nje-corganizim-orgnizuar\/\" \/>\n<meta property=\"og:site_name\" content=\"Lajme nga Ulqini\" \/>\n<meta property=\"article:published_time\" content=\"2015-05-12T13:30:34+00:00\" \/>\n<meta name=\"twitter:label1\" content=\"Written by\" \/>\n\t<meta name=\"twitter:data1\" content=\"ulqini\" \/>\n\t<meta name=\"twitter:label2\" content=\"Est. reading time\" \/>\n\t<meta name=\"twitter:data2\" content=\"3 minutes\" \/>\n<script type=\"application\/ld+json\" class=\"yoast-schema-graph\">{\"@context\":\"https:\/\/schema.org\",\"@graph\":[{\"@type\":\"WebSite\",\"@id\":\"https:\/\/www.visit-ulcinj.com\/blog\/#website\",\"url\":\"https:\/\/www.visit-ulcinj.com\/blog\/\",\"name\":\"Lajme nga Ulqini\",\"description\":\"Lajme,Vijesti,Ulqini,Ulqin,Crna Gora,Mali i Zi\",\"potentialAction\":[{\"@type\":\"SearchAction\",\"target\":{\"@type\":\"EntryPoint\",\"urlTemplate\":\"https:\/\/www.visit-ulcinj.com\/blog\/?s={search_term_string}\"},\"query-input\":\"required name=search_term_string\"}],\"inLanguage\":\"en-US\"},{\"@type\":\"WebPage\",\"@id\":\"https:\/\/www.visit-ulcinj.com\/blog\/2015\/05\/12\/ishte-shkuarja-ne-festival-te-gjirokaster-nga-ulqini-nje-corganizim-orgnizuar\/#webpage\",\"url\":\"https:\/\/www.visit-ulcinj.com\/blog\/2015\/05\/12\/ishte-shkuarja-ne-festival-te-gjirokaster-nga-ulqini-nje-corganizim-orgnizuar\/\",\"name\":\"A ishte shkuarja n\u00eb festival t\u00eb Gjirokast\u00ebr nga Ulqini nj\u00eb \u00e7\u2019organizim i orgnizuar...?! - Lajme nga Ulqini\",\"isPartOf\":{\"@id\":\"https:\/\/www.visit-ulcinj.com\/blog\/#website\"},\"datePublished\":\"2015-05-12T13:30:34+00:00\",\"dateModified\":\"2015-05-12T13:30:34+00:00\",\"author\":{\"@id\":\"https:\/\/www.visit-ulcinj.com\/blog\/#\/schema\/person\/dcab619c614d3038751c63bc2aadc06d\"},\"description\":\"Shkruan Muhmet Nika Thjesht\u00eb nga 1204 artist\u00eb q\u00eb prezantuan n\u00eb festivalin e sivjetsh\u00ebm t\u00eb Gjirokastr\u00ebs i ra q\u00eb mbi 100 e sa \u00a0persona t\u00eb ishin nga Ulqini,\",\"breadcrumb\":{\"@id\":\"https:\/\/www.visit-ulcinj.com\/blog\/2015\/05\/12\/ishte-shkuarja-ne-festival-te-gjirokaster-nga-ulqini-nje-corganizim-orgnizuar\/#breadcrumb\"},\"inLanguage\":\"en-US\",\"potentialAction\":[{\"@type\":\"ReadAction\",\"target\":[\"https:\/\/www.visit-ulcinj.com\/blog\/2015\/05\/12\/ishte-shkuarja-ne-festival-te-gjirokaster-nga-ulqini-nje-corganizim-orgnizuar\/\"]}]},{\"@type\":\"BreadcrumbList\",\"@id\":\"https:\/\/www.visit-ulcinj.com\/blog\/2015\/05\/12\/ishte-shkuarja-ne-festival-te-gjirokaster-nga-ulqini-nje-corganizim-orgnizuar\/#breadcrumb\",\"itemListElement\":[{\"@type\":\"ListItem\",\"position\":1,\"name\":\"A ishte shkuarja n\u00eb festival t\u00eb Gjirokast\u00ebr nga Ulqini nj\u00eb \u00e7\u2019organizim i orgnizuar&#8230;?!\"}]},{\"@type\":\"Person\",\"@id\":\"https:\/\/www.visit-ulcinj.com\/blog\/#\/schema\/person\/dcab619c614d3038751c63bc2aadc06d\",\"name\":\"ulqini\",\"sameAs\":[\"http:\/\/www.visit-ulcinj.com\"],\"url\":\"https:\/\/www.visit-ulcinj.com\/blog\/author\/admin\/\"}]}<\/script>\n<!-- \/ Yoast SEO plugin. -->","yoast_head_json":{"title":"A ishte shkuarja n\u00eb festival t\u00eb Gjirokast\u00ebr nga Ulqini nj\u00eb \u00e7\u2019organizim i orgnizuar...?! - Lajme nga Ulqini","description":"Shkruan Muhmet Nika Thjesht\u00eb nga 1204 artist\u00eb q\u00eb prezantuan n\u00eb festivalin e sivjetsh\u00ebm t\u00eb Gjirokastr\u00ebs i ra q\u00eb mbi 100 e sa \u00a0persona t\u00eb ishin nga Ulqini,","robots":{"index":"index","follow":"follow","max-snippet":"max-snippet:-1","max-image-preview":"max-image-preview:large","max-video-preview":"max-video-preview:-1"},"canonical":"https:\/\/www.visit-ulcinj.com\/blog\/2015\/05\/12\/ishte-shkuarja-ne-festival-te-gjirokaster-nga-ulqini-nje-corganizim-orgnizuar\/","og_locale":"en_US","og_type":"article","og_title":"A ishte shkuarja n\u00eb festival t\u00eb Gjirokast\u00ebr nga Ulqini nj\u00eb \u00e7\u2019organizim i orgnizuar...?! - Lajme nga Ulqini","og_description":"Shkruan Muhmet Nika Thjesht\u00eb nga 1204 artist\u00eb q\u00eb prezantuan n\u00eb festivalin e sivjetsh\u00ebm t\u00eb Gjirokastr\u00ebs i ra q\u00eb mbi 100 e sa \u00a0persona t\u00eb ishin nga Ulqini,","og_url":"https:\/\/www.visit-ulcinj.com\/blog\/2015\/05\/12\/ishte-shkuarja-ne-festival-te-gjirokaster-nga-ulqini-nje-corganizim-orgnizuar\/","og_site_name":"Lajme nga Ulqini","article_published_time":"2015-05-12T13:30:34+00:00","twitter_misc":{"Written by":"ulqini","Est. reading time":"3 minutes"},"schema":{"@context":"https:\/\/schema.org","@graph":[{"@type":"WebSite","@id":"https:\/\/www.visit-ulcinj.com\/blog\/#website","url":"https:\/\/www.visit-ulcinj.com\/blog\/","name":"Lajme nga Ulqini","description":"Lajme,Vijesti,Ulqini,Ulqin,Crna Gora,Mali i Zi","potentialAction":[{"@type":"SearchAction","target":{"@type":"EntryPoint","urlTemplate":"https:\/\/www.visit-ulcinj.com\/blog\/?s={search_term_string}"},"query-input":"required name=search_term_string"}],"inLanguage":"en-US"},{"@type":"WebPage","@id":"https:\/\/www.visit-ulcinj.com\/blog\/2015\/05\/12\/ishte-shkuarja-ne-festival-te-gjirokaster-nga-ulqini-nje-corganizim-orgnizuar\/#webpage","url":"https:\/\/www.visit-ulcinj.com\/blog\/2015\/05\/12\/ishte-shkuarja-ne-festival-te-gjirokaster-nga-ulqini-nje-corganizim-orgnizuar\/","name":"A ishte shkuarja n\u00eb festival t\u00eb Gjirokast\u00ebr nga Ulqini nj\u00eb \u00e7\u2019organizim i orgnizuar...?! - Lajme nga Ulqini","isPartOf":{"@id":"https:\/\/www.visit-ulcinj.com\/blog\/#website"},"datePublished":"2015-05-12T13:30:34+00:00","dateModified":"2015-05-12T13:30:34+00:00","author":{"@id":"https:\/\/www.visit-ulcinj.com\/blog\/#\/schema\/person\/dcab619c614d3038751c63bc2aadc06d"},"description":"Shkruan Muhmet Nika Thjesht\u00eb nga 1204 artist\u00eb q\u00eb prezantuan n\u00eb festivalin e sivjetsh\u00ebm t\u00eb Gjirokastr\u00ebs i ra q\u00eb mbi 100 e sa \u00a0persona t\u00eb ishin nga Ulqini,","breadcrumb":{"@id":"https:\/\/www.visit-ulcinj.com\/blog\/2015\/05\/12\/ishte-shkuarja-ne-festival-te-gjirokaster-nga-ulqini-nje-corganizim-orgnizuar\/#breadcrumb"},"inLanguage":"en-US","potentialAction":[{"@type":"ReadAction","target":["https:\/\/www.visit-ulcinj.com\/blog\/2015\/05\/12\/ishte-shkuarja-ne-festival-te-gjirokaster-nga-ulqini-nje-corganizim-orgnizuar\/"]}]},{"@type":"BreadcrumbList","@id":"https:\/\/www.visit-ulcinj.com\/blog\/2015\/05\/12\/ishte-shkuarja-ne-festival-te-gjirokaster-nga-ulqini-nje-corganizim-orgnizuar\/#breadcrumb","itemListElement":[{"@type":"ListItem","position":1,"name":"A ishte shkuarja n\u00eb festival t\u00eb Gjirokast\u00ebr nga Ulqini nj\u00eb \u00e7\u2019organizim i orgnizuar&#8230;?!"}]},{"@type":"Person","@id":"https:\/\/www.visit-ulcinj.com\/blog\/#\/schema\/person\/dcab619c614d3038751c63bc2aadc06d","name":"ulqini","sameAs":["http:\/\/www.visit-ulcinj.com"],"url":"https:\/\/www.visit-ulcinj.com\/blog\/author\/admin\/"}]}},"jetpack_featured_media_url":"","jetpack_sharing_enabled":true,"jetpack_shortlink":"https:\/\/wp.me\/pe6lTn-nwZ","_links":{"self":[{"href":"https:\/\/www.visit-ulcinj.com\/blog\/wp-json\/wp\/v2\/posts\/90457"}],"collection":[{"href":"https:\/\/www.visit-ulcinj.com\/blog\/wp-json\/wp\/v2\/posts"}],"about":[{"href":"https:\/\/www.visit-ulcinj.com\/blog\/wp-json\/wp\/v2\/types\/post"}],"author":[{"embeddable":true,"href":"https:\/\/www.visit-ulcinj.com\/blog\/wp-json\/wp\/v2\/users\/1"}],"replies":[{"embeddable":true,"href":"https:\/\/www.visit-ulcinj.com\/blog\/wp-json\/wp\/v2\/comments?post=90457"}],"version-history":[{"count":1,"href":"https:\/\/www.visit-ulcinj.com\/blog\/wp-json\/wp\/v2\/posts\/90457\/revisions"}],"predecessor-version":[{"id":90458,"href":"https:\/\/www.visit-ulcinj.com\/blog\/wp-json\/wp\/v2\/posts\/90457\/revisions\/90458"}],"wp:attachment":[{"href":"https:\/\/www.visit-ulcinj.com\/blog\/wp-json\/wp\/v2\/media?parent=90457"}],"wp:term":[{"taxonomy":"category","embeddable":true,"href":"https:\/\/www.visit-ulcinj.com\/blog\/wp-json\/wp\/v2\/categories?post=90457"},{"taxonomy":"post_tag","embeddable":true,"href":"https:\/\/www.visit-ulcinj.com\/blog\/wp-json\/wp\/v2\/tags?post=90457"}],"curies":[{"name":"wp","href":"https:\/\/api.w.org\/{rel}","templated":true}]}}