{"id":90459,"date":"2015-05-12T14:36:10","date_gmt":"2015-05-12T13:36:10","guid":{"rendered":"http:\/\/www.visit-ulcinj.com\/blog\/?p=90459"},"modified":"2015-05-12T14:36:10","modified_gmt":"2015-05-12T13:36:10","slug":"pse-kryetaret-e-komunes-sup-komunikonin-poste-te-mbyllur","status":"publish","type":"post","link":"https:\/\/www.visit-ulcinj.com\/blog\/2015\/05\/12\/pse-kryetaret-e-komunes-sup-komunikonin-poste-te-mbyllur\/","title":{"rendered":"Pse kryetar\u00ebt e komun\u00ebs me SUP komunikonin me post\u00eb t\u00eb mbyllur ..?!!"},"content":{"rendered":"<p><strong> Shkruan Muhamet Nika<\/strong><\/p>\n<p>Me t\u00eb marr\u00eb funksionin e shefit t\u00eb arkivit dhe t\u00eb byros\u00eb qytetare n\u00eb Komun\u00eb t\u00eb Ulqinit, gjat\u00eb vitit 20011, pata marr\u00eb masat p\u00ebr t\u00eb kontrolluar m\u00ebnyr\u00ebn e komunikimit t\u00eb kryetarit t\u00eb komun\u00ebs me institucionin e policis\u00eb p\u00ebr mes akteve t\u00eb nd\u00ebrsjella. K\u00ebt\u00eb gj\u00eb po e b\u00ebja, pik\u00eb s\u00eb pari, sepse pun\u00ebtor\u00ebt e sh\u00ebrbimit mu ankuan n\u00eb komunikim t\u00eb pa zakont\u00eb t\u00eb kryetarit me k\u00ebt\u00eb organ q\u00eb rezultonte t\u00eb ishte shum\u00eb sekret&#8230;?!! Kurse si praktik\u00eb e till\u00eb komunikimi v\u00ebrtetohej se kish nisur \u00a0q\u00eb nga ata\u00a0\u00a0 t\u00eb cil\u00ebt kishin qen\u00eb edhe m\u00eb her\u00ebt kryetar\u00eb. Nd\u00ebrsa arsyeja tjet\u00ebr ishte sepse me dekret arkivi dhe byroja qytetare i bie t\u00eb jen\u00eb kapia e vetme e hyrje-daljes s\u00eb ligjshme t\u00eb k\u00ebsaj poste. N\u00eb k\u00ebt\u00eb m\u00ebnyr\u00eb ajo l\u00eb gjurm\u00ebt p\u00ebrkat\u00ebse p\u00ebrmes protokollimit dhe arkivimit &#8230;?!!<\/p>\n<p>\u00c7\u2019 \u00ebsht\u00eb e v\u00ebrteta , shikuar holl\u00eb e holl\u00eb, ky kontrollim m\u00eb imponohej edhe me ligj, pasi m\u00eb ishte t\u00ebrhequr v\u00ebrejtja nga ana e pun\u00ebtor\u00ebve . Pa \u00e7ka se nd\u00ebrprerja e k\u00ebsaj praktike t\u00eb komunikimit do t\u00eb m\u00eb hidhte kund\u00ebr kryetarit t\u00eb komun\u00ebs dhe aq m\u00eb tep\u00ebr dyshimi m\u00eb lindi kur hetova se p\u00ebr k\u00ebt\u00eb komunikimi nuk kish insistuar vet\u00eb kryetari, por sekretaria e tij e kabinetit.<\/p>\n<p><strong><em>Po cila do t\u00eb ket\u00eb qen\u00eb arsyeja e komunikimit t\u00eb fsheht\u00eb t\u00eb kryetarit t\u00eb komun\u00ebs me \u201cSup\u201d?!!<\/em><\/strong><\/p>\n<p>Mendojm\u00eb se komunikimi me post\u00eb t\u00eb mbyllur me siguri b\u00ebhej p\u00ebr t\u2019iu shmangur daljes n\u00eb opinion t\u00eb shum\u00eb informatave e akuzave kompromituese q\u00eb do duhej t\u00eb lidheshin me pun\u00ebn e dyshimt\u00eb t\u00eb cilat dihet se fillimisht nisin nga policia. Cekim se kjo u d\u00ebshmuan edhe nga rreth 6000 faqe dokumentacion t\u00eb sekuestruara nga inspektor\u00ebt shtet\u00ebror pas kontrolleve t\u00eb shpeshta q\u00eb po b\u00ebheshin.<\/p>\n<p>Duke e nd\u00ebrprer\u00eb k\u00ebt\u00eb praktik\u00eb konspirative t\u00eb komunikimit dhe t\u00eb \u201cftohjes\u201d me kryetar \u00a0mu imponua q\u00eb t\u2019i drejtohem me let\u00ebr kabinetit rreth k\u00ebsaj \u00e7\u00ebshtje si m\u00eb posht\u00eb duke iu t\u00ebrhequr v\u00ebrejtjen.<\/p>\n<p>Mir\u00ebpo edhe p\u00ebr kundrejt k\u00ebsaj ata pranuan q\u00eb post\u00ebn gjithnj\u00eb t\u00eb vazhdojn\u00eb ta b\u00ebnin n\u00eb m\u00ebnyr\u00ebn e vet, por duke mos k\u00ebrkuar m\u00eb ndihm\u00eb nga sh\u00ebrbimi t\u00eb shp\u00ebrndarjes s\u00eb saj ..?!<\/p>\n<p><a href=\"http:\/\/www.visit-ulcinj.com\/blog\/wp-content\/uploads\/2015\/05\/Posta-kabinet-Ul.jpg\"><img loading=\"lazy\" class=\"alignleft wp-image-90460\" src=\"http:\/\/www.visit-ulcinj.com\/blog\/wp-content\/uploads\/2015\/05\/Posta-kabinet-Ul.jpg\" alt=\"Posta-kabinet-Ul\" width=\"508\" height=\"700\" srcset=\"https:\/\/www.visit-ulcinj.com\/blog\/wp-content\/uploads\/2015\/05\/Posta-kabinet-Ul.jpg 627w, https:\/\/www.visit-ulcinj.com\/blog\/wp-content\/uploads\/2015\/05\/Posta-kabinet-Ul-218x300.jpg 218w\" sizes=\"(max-width: 508px) 100vw, 508px\" \/><\/a><\/p>\n","protected":false},"excerpt":{"rendered":"<p>Shkruan Muhamet Nika Me t\u00eb marr\u00eb funksionin e shefit t\u00eb arkivit dhe t\u00eb byros\u00eb qytetare n\u00eb Komun\u00eb t\u00eb Ulqinit, gjat\u00eb vitit 20011, pata marr\u00eb masat p\u00ebr t\u00eb kontrolluar m\u00ebnyr\u00ebn e komunikimit t\u00eb kryetarit t\u00eb komun\u00ebs me institucionin e policis\u00eb p\u00ebr mes akteve t\u00eb nd\u00ebrsjella. K\u00ebt\u00eb gj\u00eb po e b\u00ebja, pik\u00eb s\u00eb pari, sepse pun\u00ebtor\u00ebt e [&hellip;]<\/p>\n","protected":false},"author":1,"featured_media":0,"comment_status":"closed","ping_status":"closed","sticky":false,"template":"","format":"standard","meta":{"spay_email":"","jetpack_publicize_message":"","jetpack_is_tweetstorm":false,"jetpack_publicize_feature_enabled":true},"categories":[8],"tags":[],"jetpack_publicize_connections":[],"yoast_head":"<!-- This site is optimized with the Yoast SEO plugin v19.1 - https:\/\/yoast.com\/wordpress\/plugins\/seo\/ -->\n<title>Pse kryetar\u00ebt e komun\u00ebs me SUP komunikonin me post\u00eb t\u00eb mbyllur ..?!! - Lajme nga Ulqini<\/title>\n<meta name=\"description\" content=\"Shkruan Muhamet Nika Me t\u00eb marr\u00eb funksionin e shefit t\u00eb arkivit dhe t\u00eb byros\u00eb qytetare n\u00eb Komun\u00eb t\u00eb Ulqinit, gjat\u00eb vitit 20011, pata marr\u00eb masat p\u00ebr t\u00eb\" \/>\n<meta name=\"robots\" content=\"index, follow, max-snippet:-1, max-image-preview:large, max-video-preview:-1\" \/>\n<link rel=\"canonical\" href=\"https:\/\/www.visit-ulcinj.com\/blog\/2015\/05\/12\/pse-kryetaret-e-komunes-sup-komunikonin-poste-te-mbyllur\/\" \/>\n<meta property=\"og:locale\" content=\"en_US\" \/>\n<meta property=\"og:type\" content=\"article\" \/>\n<meta property=\"og:title\" content=\"Pse kryetar\u00ebt e komun\u00ebs me SUP komunikonin me post\u00eb t\u00eb mbyllur ..?!! - Lajme nga Ulqini\" \/>\n<meta property=\"og:description\" content=\"Shkruan Muhamet Nika Me t\u00eb marr\u00eb funksionin e shefit t\u00eb arkivit dhe t\u00eb byros\u00eb qytetare n\u00eb Komun\u00eb t\u00eb Ulqinit, gjat\u00eb vitit 20011, pata marr\u00eb masat p\u00ebr t\u00eb\" \/>\n<meta property=\"og:url\" content=\"https:\/\/www.visit-ulcinj.com\/blog\/2015\/05\/12\/pse-kryetaret-e-komunes-sup-komunikonin-poste-te-mbyllur\/\" \/>\n<meta property=\"og:site_name\" content=\"Lajme nga Ulqini\" \/>\n<meta property=\"article:published_time\" content=\"2015-05-12T13:36:10+00:00\" \/>\n<meta property=\"og:image\" content=\"http:\/\/www.visit-ulcinj.com\/blog\/wp-content\/uploads\/2015\/05\/Posta-kabinet-Ul.jpg\" \/>\n<meta name=\"twitter:label1\" content=\"Written by\" \/>\n\t<meta name=\"twitter:data1\" content=\"ulqini\" \/>\n\t<meta name=\"twitter:label2\" content=\"Est. reading time\" \/>\n\t<meta name=\"twitter:data2\" content=\"2 minutes\" \/>\n<script type=\"application\/ld+json\" class=\"yoast-schema-graph\">{\"@context\":\"https:\/\/schema.org\",\"@graph\":[{\"@type\":\"WebSite\",\"@id\":\"https:\/\/www.visit-ulcinj.com\/blog\/#website\",\"url\":\"https:\/\/www.visit-ulcinj.com\/blog\/\",\"name\":\"Lajme nga Ulqini\",\"description\":\"Lajme,Vijesti,Ulqini,Ulqin,Crna Gora,Mali i Zi\",\"potentialAction\":[{\"@type\":\"SearchAction\",\"target\":{\"@type\":\"EntryPoint\",\"urlTemplate\":\"https:\/\/www.visit-ulcinj.com\/blog\/?s={search_term_string}\"},\"query-input\":\"required name=search_term_string\"}],\"inLanguage\":\"en-US\"},{\"@type\":\"ImageObject\",\"inLanguage\":\"en-US\",\"@id\":\"https:\/\/www.visit-ulcinj.com\/blog\/2015\/05\/12\/pse-kryetaret-e-komunes-sup-komunikonin-poste-te-mbyllur\/#primaryimage\",\"url\":\"https:\/\/www.visit-ulcinj.com\/blog\/wp-content\/uploads\/2015\/05\/Posta-kabinet-Ul.jpg\",\"contentUrl\":\"https:\/\/www.visit-ulcinj.com\/blog\/wp-content\/uploads\/2015\/05\/Posta-kabinet-Ul.jpg\",\"width\":627,\"height\":864},{\"@type\":\"WebPage\",\"@id\":\"https:\/\/www.visit-ulcinj.com\/blog\/2015\/05\/12\/pse-kryetaret-e-komunes-sup-komunikonin-poste-te-mbyllur\/#webpage\",\"url\":\"https:\/\/www.visit-ulcinj.com\/blog\/2015\/05\/12\/pse-kryetaret-e-komunes-sup-komunikonin-poste-te-mbyllur\/\",\"name\":\"Pse kryetar\u00ebt e komun\u00ebs me SUP komunikonin me post\u00eb t\u00eb mbyllur ..?!! - Lajme nga Ulqini\",\"isPartOf\":{\"@id\":\"https:\/\/www.visit-ulcinj.com\/blog\/#website\"},\"primaryImageOfPage\":{\"@id\":\"https:\/\/www.visit-ulcinj.com\/blog\/2015\/05\/12\/pse-kryetaret-e-komunes-sup-komunikonin-poste-te-mbyllur\/#primaryimage\"},\"datePublished\":\"2015-05-12T13:36:10+00:00\",\"dateModified\":\"2015-05-12T13:36:10+00:00\",\"author\":{\"@id\":\"https:\/\/www.visit-ulcinj.com\/blog\/#\/schema\/person\/dcab619c614d3038751c63bc2aadc06d\"},\"description\":\"Shkruan Muhamet Nika Me t\u00eb marr\u00eb funksionin e shefit t\u00eb arkivit dhe t\u00eb byros\u00eb qytetare n\u00eb Komun\u00eb t\u00eb Ulqinit, gjat\u00eb vitit 20011, pata marr\u00eb masat p\u00ebr t\u00eb\",\"breadcrumb\":{\"@id\":\"https:\/\/www.visit-ulcinj.com\/blog\/2015\/05\/12\/pse-kryetaret-e-komunes-sup-komunikonin-poste-te-mbyllur\/#breadcrumb\"},\"inLanguage\":\"en-US\",\"potentialAction\":[{\"@type\":\"ReadAction\",\"target\":[\"https:\/\/www.visit-ulcinj.com\/blog\/2015\/05\/12\/pse-kryetaret-e-komunes-sup-komunikonin-poste-te-mbyllur\/\"]}]},{\"@type\":\"BreadcrumbList\",\"@id\":\"https:\/\/www.visit-ulcinj.com\/blog\/2015\/05\/12\/pse-kryetaret-e-komunes-sup-komunikonin-poste-te-mbyllur\/#breadcrumb\",\"itemListElement\":[{\"@type\":\"ListItem\",\"position\":1,\"name\":\"Pse kryetar\u00ebt e komun\u00ebs me SUP komunikonin me post\u00eb t\u00eb mbyllur ..?!!\"}]},{\"@type\":\"Person\",\"@id\":\"https:\/\/www.visit-ulcinj.com\/blog\/#\/schema\/person\/dcab619c614d3038751c63bc2aadc06d\",\"name\":\"ulqini\",\"sameAs\":[\"http:\/\/www.visit-ulcinj.com\"],\"url\":\"https:\/\/www.visit-ulcinj.com\/blog\/author\/admin\/\"}]}<\/script>\n<!-- \/ Yoast SEO plugin. -->","yoast_head_json":{"title":"Pse kryetar\u00ebt e komun\u00ebs me SUP komunikonin me post\u00eb t\u00eb mbyllur ..?!! - Lajme nga Ulqini","description":"Shkruan Muhamet Nika Me t\u00eb marr\u00eb funksionin e shefit t\u00eb arkivit dhe t\u00eb byros\u00eb qytetare n\u00eb Komun\u00eb t\u00eb Ulqinit, gjat\u00eb vitit 20011, pata marr\u00eb masat p\u00ebr t\u00eb","robots":{"index":"index","follow":"follow","max-snippet":"max-snippet:-1","max-image-preview":"max-image-preview:large","max-video-preview":"max-video-preview:-1"},"canonical":"https:\/\/www.visit-ulcinj.com\/blog\/2015\/05\/12\/pse-kryetaret-e-komunes-sup-komunikonin-poste-te-mbyllur\/","og_locale":"en_US","og_type":"article","og_title":"Pse kryetar\u00ebt e komun\u00ebs me SUP komunikonin me post\u00eb t\u00eb mbyllur ..?!! - Lajme nga Ulqini","og_description":"Shkruan Muhamet Nika Me t\u00eb marr\u00eb funksionin e shefit t\u00eb arkivit dhe t\u00eb byros\u00eb qytetare n\u00eb Komun\u00eb t\u00eb Ulqinit, gjat\u00eb vitit 20011, pata marr\u00eb masat p\u00ebr t\u00eb","og_url":"https:\/\/www.visit-ulcinj.com\/blog\/2015\/05\/12\/pse-kryetaret-e-komunes-sup-komunikonin-poste-te-mbyllur\/","og_site_name":"Lajme nga Ulqini","article_published_time":"2015-05-12T13:36:10+00:00","og_image":[{"url":"http:\/\/www.visit-ulcinj.com\/blog\/wp-content\/uploads\/2015\/05\/Posta-kabinet-Ul.jpg"}],"twitter_misc":{"Written by":"ulqini","Est. reading time":"2 minutes"},"schema":{"@context":"https:\/\/schema.org","@graph":[{"@type":"WebSite","@id":"https:\/\/www.visit-ulcinj.com\/blog\/#website","url":"https:\/\/www.visit-ulcinj.com\/blog\/","name":"Lajme nga Ulqini","description":"Lajme,Vijesti,Ulqini,Ulqin,Crna Gora,Mali i Zi","potentialAction":[{"@type":"SearchAction","target":{"@type":"EntryPoint","urlTemplate":"https:\/\/www.visit-ulcinj.com\/blog\/?s={search_term_string}"},"query-input":"required name=search_term_string"}],"inLanguage":"en-US"},{"@type":"ImageObject","inLanguage":"en-US","@id":"https:\/\/www.visit-ulcinj.com\/blog\/2015\/05\/12\/pse-kryetaret-e-komunes-sup-komunikonin-poste-te-mbyllur\/#primaryimage","url":"https:\/\/www.visit-ulcinj.com\/blog\/wp-content\/uploads\/2015\/05\/Posta-kabinet-Ul.jpg","contentUrl":"https:\/\/www.visit-ulcinj.com\/blog\/wp-content\/uploads\/2015\/05\/Posta-kabinet-Ul.jpg","width":627,"height":864},{"@type":"WebPage","@id":"https:\/\/www.visit-ulcinj.com\/blog\/2015\/05\/12\/pse-kryetaret-e-komunes-sup-komunikonin-poste-te-mbyllur\/#webpage","url":"https:\/\/www.visit-ulcinj.com\/blog\/2015\/05\/12\/pse-kryetaret-e-komunes-sup-komunikonin-poste-te-mbyllur\/","name":"Pse kryetar\u00ebt e komun\u00ebs me SUP komunikonin me post\u00eb t\u00eb mbyllur ..?!! - Lajme nga Ulqini","isPartOf":{"@id":"https:\/\/www.visit-ulcinj.com\/blog\/#website"},"primaryImageOfPage":{"@id":"https:\/\/www.visit-ulcinj.com\/blog\/2015\/05\/12\/pse-kryetaret-e-komunes-sup-komunikonin-poste-te-mbyllur\/#primaryimage"},"datePublished":"2015-05-12T13:36:10+00:00","dateModified":"2015-05-12T13:36:10+00:00","author":{"@id":"https:\/\/www.visit-ulcinj.com\/blog\/#\/schema\/person\/dcab619c614d3038751c63bc2aadc06d"},"description":"Shkruan Muhamet Nika Me t\u00eb marr\u00eb funksionin e shefit t\u00eb arkivit dhe t\u00eb byros\u00eb qytetare n\u00eb Komun\u00eb t\u00eb Ulqinit, gjat\u00eb vitit 20011, pata marr\u00eb masat p\u00ebr t\u00eb","breadcrumb":{"@id":"https:\/\/www.visit-ulcinj.com\/blog\/2015\/05\/12\/pse-kryetaret-e-komunes-sup-komunikonin-poste-te-mbyllur\/#breadcrumb"},"inLanguage":"en-US","potentialAction":[{"@type":"ReadAction","target":["https:\/\/www.visit-ulcinj.com\/blog\/2015\/05\/12\/pse-kryetaret-e-komunes-sup-komunikonin-poste-te-mbyllur\/"]}]},{"@type":"BreadcrumbList","@id":"https:\/\/www.visit-ulcinj.com\/blog\/2015\/05\/12\/pse-kryetaret-e-komunes-sup-komunikonin-poste-te-mbyllur\/#breadcrumb","itemListElement":[{"@type":"ListItem","position":1,"name":"Pse kryetar\u00ebt e komun\u00ebs me SUP komunikonin me post\u00eb t\u00eb mbyllur ..?!!"}]},{"@type":"Person","@id":"https:\/\/www.visit-ulcinj.com\/blog\/#\/schema\/person\/dcab619c614d3038751c63bc2aadc06d","name":"ulqini","sameAs":["http:\/\/www.visit-ulcinj.com"],"url":"https:\/\/www.visit-ulcinj.com\/blog\/author\/admin\/"}]}},"jetpack_featured_media_url":"","jetpack_sharing_enabled":true,"jetpack_shortlink":"https:\/\/wp.me\/pe6lTn-nx1","_links":{"self":[{"href":"https:\/\/www.visit-ulcinj.com\/blog\/wp-json\/wp\/v2\/posts\/90459"}],"collection":[{"href":"https:\/\/www.visit-ulcinj.com\/blog\/wp-json\/wp\/v2\/posts"}],"about":[{"href":"https:\/\/www.visit-ulcinj.com\/blog\/wp-json\/wp\/v2\/types\/post"}],"author":[{"embeddable":true,"href":"https:\/\/www.visit-ulcinj.com\/blog\/wp-json\/wp\/v2\/users\/1"}],"replies":[{"embeddable":true,"href":"https:\/\/www.visit-ulcinj.com\/blog\/wp-json\/wp\/v2\/comments?post=90459"}],"version-history":[{"count":1,"href":"https:\/\/www.visit-ulcinj.com\/blog\/wp-json\/wp\/v2\/posts\/90459\/revisions"}],"predecessor-version":[{"id":90461,"href":"https:\/\/www.visit-ulcinj.com\/blog\/wp-json\/wp\/v2\/posts\/90459\/revisions\/90461"}],"wp:attachment":[{"href":"https:\/\/www.visit-ulcinj.com\/blog\/wp-json\/wp\/v2\/media?parent=90459"}],"wp:term":[{"taxonomy":"category","embeddable":true,"href":"https:\/\/www.visit-ulcinj.com\/blog\/wp-json\/wp\/v2\/categories?post=90459"},{"taxonomy":"post_tag","embeddable":true,"href":"https:\/\/www.visit-ulcinj.com\/blog\/wp-json\/wp\/v2\/tags?post=90459"}],"curies":[{"name":"wp","href":"https:\/\/api.w.org\/{rel}","templated":true}]}}