{"id":90466,"date":"2015-05-12T22:50:42","date_gmt":"2015-05-12T21:50:42","guid":{"rendered":"http:\/\/www.visit-ulcinj.com\/blog\/?p=90466"},"modified":"2015-05-12T22:50:42","modified_gmt":"2015-05-12T21:50:42","slug":"vajzat-e-kk-ulqini-shpallen-nenkampione-te-malit-te-zi-ne-kata-dhe-luftera-ekipore","status":"publish","type":"post","link":"https:\/\/www.visit-ulcinj.com\/blog\/2015\/05\/12\/vajzat-e-kk-ulqini-shpallen-nenkampione-te-malit-te-zi-ne-kata-dhe-luftera-ekipore\/","title":{"rendered":"Vajzat e KK \u201cUlqini\u201d shpallen n\u00ebnkampione t\u00eb Malit t\u00eb Zi n\u00eb kata dhe luft\u00ebra ekipore"},"content":{"rendered":"<p><a href=\"http:\/\/www.visit-ulcinj.com\/blog\/wp-content\/uploads\/2015\/05\/Vajzat-e-KK-Ulqini-shpallen-n\u00ebnkampione-t\u00eb-Malit-t\u00eb-Zi.jpg\"><img loading=\"lazy\" class=\"alignleft wp-image-90467\" src=\"http:\/\/www.visit-ulcinj.com\/blog\/wp-content\/uploads\/2015\/05\/Vajzat-e-KK-Ulqini-shpallen-n\u00ebnkampione-t\u00eb-Malit-t\u00eb-Zi.jpg\" alt=\"Vajzat e KK -Ulqini- shpallen n\u00ebnkampione t\u00eb Malit t\u00eb Zi\" width=\"508\" height=\"677\" srcset=\"https:\/\/www.visit-ulcinj.com\/blog\/wp-content\/uploads\/2015\/05\/Vajzat-e-KK-Ulqini-shpallen-n\u00ebnkampione-t\u00eb-Malit-t\u00eb-Zi.jpg 720w, https:\/\/www.visit-ulcinj.com\/blog\/wp-content\/uploads\/2015\/05\/Vajzat-e-KK-Ulqini-shpallen-n\u00ebnkampione-t\u00eb-Malit-t\u00eb-Zi-225x300.jpg 225w\" sizes=\"(max-width: 508px) 100vw, 508px\" \/><\/a>Klubi i Karates\u00eb \u201cUlqini\u201d mori pjes\u00eb fundjav\u00ebn e kaluar n\u00eb dy gara &#8211; n\u00eb Kampionatin e Malit t\u00eb Zi p\u00ebr senior\u00eb dhe n\u00eb Turneun internacional n\u00eb Bjello Pole.<\/p>\n<p>M\u00eb 10 maj 2015 n\u00eb Podgoric\u00eb u mbajt Kampionati i Malit t\u00eb Zi p\u00ebr senior\u00eb. <span class=\"text_exposed_show\"><br \/>\nKlubi i Karates\u00eb \u201cUlqini\u201d n\u00eb k\u00ebt\u00eb turne nd\u00ebrkomb\u00ebtar mori pjes\u00eb me 8 garues, t\u00eb cil\u00ebt u kuror\u00ebzuan me gjithsej 8 medalje: 4 t\u00eb argjendta dhe 4 t\u00eb bronzta.<\/span><\/p>\n<p><a href=\"http:\/\/www.visit-ulcinj.com\/blog\/wp-content\/uploads\/2015\/05\/Vajzat-e-KK-Ulqini-shpallen-n\u00ebnkampione-t\u00eb-Malit-t\u00eb-Zi-2.jpg\"><img loading=\"lazy\" class=\"alignleft wp-image-90469\" src=\"http:\/\/www.visit-ulcinj.com\/blog\/wp-content\/uploads\/2015\/05\/Vajzat-e-KK-Ulqini-shpallen-n\u00ebnkampione-t\u00eb-Malit-t\u00eb-Zi-2.jpg\" alt=\"Vajzat e KK -Ulqini- shpallen n\u00ebnkampione t\u00eb Malit t\u00eb Zi-2\" width=\"508\" height=\"677\" srcset=\"https:\/\/www.visit-ulcinj.com\/blog\/wp-content\/uploads\/2015\/05\/Vajzat-e-KK-Ulqini-shpallen-n\u00ebnkampione-t\u00eb-Malit-t\u00eb-Zi-2.jpg 720w, https:\/\/www.visit-ulcinj.com\/blog\/wp-content\/uploads\/2015\/05\/Vajzat-e-KK-Ulqini-shpallen-n\u00ebnkampione-t\u00eb-Malit-t\u00eb-Zi-2-225x300.jpg 225w\" sizes=\"(max-width: 508px) 100vw, 508px\" \/><\/a><\/p>\n<div class=\"text_exposed_show\">\n<p>N\u00ebnkampione t\u00eb Malit t\u00eb Zi n\u00eb luft\u00ebra individuale u shpall\u00ebn Antigona Rama +68kg dhe Hantije Ibro\u00e7i -61kg. Me medaljen e bronzt\u00eb n\u00eb luft\u00ebra individuale u kuror\u00ebzua Albion Duraku -60kg.<\/p>\n<p>Ekipi i vajzave n\u00eb luft\u00ebra dhe kata u shpall n\u00ebnkampion t\u00eb Malit t\u00eb Zi t\u00eb cilat ishin n\u00eb p\u00ebrb\u00ebrje nga Seida Suma, Hantije Ibro\u00e7i dhe Antigona Rama, nd\u00ebrsa ekipi i djemve n\u00eb luft\u00ebra dhe kata arrit\u00ebn t\u00eb renditen n\u00eb vendin e tret\u00eb ekipi i katave ishte n\u00eb p\u00ebrb\u00ebrje nga Edin Kraja, Marko Daboviq dhe Albion Duraku, nd\u00ebrsa n\u00eb luft\u00ebra ishte n\u00eb p\u00ebrb\u00ebrje nga Viktor Curoviq, Allmir Hajdari, Albion Duraku, Edin Kraja dhe Marko Daboviq.<\/p>\n<p>Kjo \u00ebsht\u00eb edhe nj\u00eb arritje e shk\u00eblqyeshme e klubit ton\u00eb, sepse nuk \u00ebsht\u00eb leht\u00eb t\u00eb jesh n\u00eb mesin e m\u00eb t\u00eb mir\u00ebve n\u00eb konkurrenc\u00ebn e senior\u00ebve. Do t\u00eb vazhdojm\u00eb t\u00eb punojm\u00eb me k\u00ebto ekipe, q\u00eb edhe n\u00eb t\u00eb ardhmen t\u00eb marrim pjes\u00eb me sukses edhe n\u00eb gara t\u00eb tjera p\u00ebr senior\u00eb, shprehen t\u00eb k\u00ebnaqur trajner\u00ebt e klubit Naim Duraku, Blerim Sukaliq, Ruzhdi Rama dhe kryetrajneri Kujtim Sukaliq.<\/p>\n<p><a href=\"http:\/\/www.visit-ulcinj.com\/blog\/wp-content\/uploads\/2015\/05\/Vajzat-e-KK-Ulqini-shpallen-n\u00ebnkampione-t\u00eb-Malit-t\u00eb-Zi-1.jpg\"><img loading=\"lazy\" class=\"alignleft wp-image-90468\" src=\"http:\/\/www.visit-ulcinj.com\/blog\/wp-content\/uploads\/2015\/05\/Vajzat-e-KK-Ulqini-shpallen-n\u00ebnkampione-t\u00eb-Malit-t\u00eb-Zi-1.jpg\" alt=\"Vajzat e KK -Ulqini- shpallen n\u00ebnkampione t\u00eb Malit t\u00eb Zi-1\" width=\"508\" height=\"286\" srcset=\"https:\/\/www.visit-ulcinj.com\/blog\/wp-content\/uploads\/2015\/05\/Vajzat-e-KK-Ulqini-shpallen-n\u00ebnkampione-t\u00eb-Malit-t\u00eb-Zi-1.jpg 960w, https:\/\/www.visit-ulcinj.com\/blog\/wp-content\/uploads\/2015\/05\/Vajzat-e-KK-Ulqini-shpallen-n\u00ebnkampione-t\u00eb-Malit-t\u00eb-Zi-1-300x169.jpg 300w\" sizes=\"(max-width: 508px) 100vw, 508px\" \/><\/a><\/p>\n<p>Nd\u00ebrsa, m\u00eb 9 maj 2015 u mbajt turneu internacional i Karates\u00eb \u201eTrofej Bijelo Polje\u201c, n\u00eb Bjello Pole. Klubi i karates\u00eb \u201cUlqini\u201d n\u00eb k\u00ebt\u00eb turne u paraqit me gjenerata t\u00eb reja, t\u00eb cil\u00ebt arrit\u00ebn t\u00eb fitojn\u00eb 9 medalje: 6 medalje t\u00eb arta dhe 3 t\u00eb argjendta.<\/p>\n<p>Ekipi profesional i trajner\u00ebve i KK \u201cUlqini\u201d fal\u00ebnderojn\u00eb nd\u00ebrmarrjen \u201cFinal Trade\u201d, prind\u00ebrit e garuesve, si dhe kryesin\u00eb e k\u00ebtij klubi n\u00eb krye me Gjorgje Daboviq dhe Skender Tahirin p\u00ebr ndihm\u00ebn e dh\u00ebn\u00eb p\u00ebr pjes\u00ebmarrje n\u00eb k\u00ebto gara.<\/p>\n<p><a href=\"http:\/\/www.visit-ulcinj.com\/blog\/wp-content\/uploads\/2015\/05\/Vajzat-e-KK-Ulqini-shpallen-n\u00ebnkampione-t\u00eb-Malit-t\u00eb-Zi-3.jpg\"><img loading=\"lazy\" class=\"alignleft wp-image-90470\" src=\"http:\/\/www.visit-ulcinj.com\/blog\/wp-content\/uploads\/2015\/05\/Vajzat-e-KK-Ulqini-shpallen-n\u00ebnkampione-t\u00eb-Malit-t\u00eb-Zi-3.jpg\" alt=\"Vajzat e KK -Ulqini- shpallen n\u00ebnkampione t\u00eb Malit t\u00eb Zi-3\" width=\"508\" height=\"381\" srcset=\"https:\/\/www.visit-ulcinj.com\/blog\/wp-content\/uploads\/2015\/05\/Vajzat-e-KK-Ulqini-shpallen-n\u00ebnkampione-t\u00eb-Malit-t\u00eb-Zi-3.jpg 960w, https:\/\/www.visit-ulcinj.com\/blog\/wp-content\/uploads\/2015\/05\/Vajzat-e-KK-Ulqini-shpallen-n\u00ebnkampione-t\u00eb-Malit-t\u00eb-Zi-3-300x225.jpg 300w\" sizes=\"(max-width: 508px) 100vw, 508px\" \/><\/a><\/p>\n<p>Sh\u00ebrbimi informativ i Klubit t\u00eb Karates\u00eb \u201cUlqini\u201d<\/p>\n<\/div>\n","protected":false},"excerpt":{"rendered":"<p>Klubi i Karates\u00eb \u201cUlqini\u201d mori pjes\u00eb fundjav\u00ebn e kaluar n\u00eb dy gara &#8211; n\u00eb Kampionatin e Malit t\u00eb Zi p\u00ebr senior\u00eb dhe n\u00eb Turneun internacional n\u00eb Bjello Pole. M\u00eb 10 maj 2015 n\u00eb Podgoric\u00eb u mbajt Kampionati i Malit t\u00eb Zi p\u00ebr senior\u00eb. Klubi i Karates\u00eb \u201cUlqini\u201d n\u00eb k\u00ebt\u00eb turne nd\u00ebrkomb\u00ebtar mori pjes\u00eb me 8 [&hellip;]<\/p>\n","protected":false},"author":1,"featured_media":0,"comment_status":"closed","ping_status":"closed","sticky":false,"template":"","format":"standard","meta":{"spay_email":"","jetpack_publicize_message":"","jetpack_is_tweetstorm":false,"jetpack_publicize_feature_enabled":true},"categories":[3],"tags":[],"jetpack_publicize_connections":[],"yoast_head":"<!-- This site is optimized with the Yoast SEO plugin v19.1 - https:\/\/yoast.com\/wordpress\/plugins\/seo\/ -->\n<title>Vajzat e KK \u201cUlqini\u201d shpallen n\u00ebnkampione t\u00eb Malit t\u00eb Zi n\u00eb kata dhe luft\u00ebra ekipore - Lajme nga Ulqini<\/title>\n<meta name=\"description\" content=\"Klubi i Karates\u00eb \u201cUlqini\u201d mori pjes\u00eb fundjav\u00ebn e kaluar n\u00eb dy gara - n\u00eb Kampionatin e Malit t\u00eb Zi p\u00ebr senior\u00eb dhe n\u00eb Turneun internacional n\u00eb Bjello Pole.\" \/>\n<meta name=\"robots\" content=\"index, follow, max-snippet:-1, max-image-preview:large, max-video-preview:-1\" \/>\n<link rel=\"canonical\" href=\"https:\/\/www.visit-ulcinj.com\/blog\/2015\/05\/12\/vajzat-e-kk-ulqini-shpallen-nenkampione-te-malit-te-zi-ne-kata-dhe-luftera-ekipore\/\" \/>\n<meta property=\"og:locale\" content=\"en_US\" \/>\n<meta property=\"og:type\" content=\"article\" \/>\n<meta property=\"og:title\" content=\"Vajzat e KK \u201cUlqini\u201d shpallen n\u00ebnkampione t\u00eb Malit t\u00eb Zi n\u00eb kata dhe luft\u00ebra ekipore - Lajme nga Ulqini\" \/>\n<meta property=\"og:description\" content=\"Klubi i Karates\u00eb \u201cUlqini\u201d mori pjes\u00eb fundjav\u00ebn e kaluar n\u00eb dy gara - n\u00eb Kampionatin e Malit t\u00eb Zi p\u00ebr senior\u00eb dhe n\u00eb Turneun internacional n\u00eb Bjello Pole.\" \/>\n<meta property=\"og:url\" content=\"https:\/\/www.visit-ulcinj.com\/blog\/2015\/05\/12\/vajzat-e-kk-ulqini-shpallen-nenkampione-te-malit-te-zi-ne-kata-dhe-luftera-ekipore\/\" \/>\n<meta property=\"og:site_name\" content=\"Lajme nga Ulqini\" \/>\n<meta property=\"article:published_time\" content=\"2015-05-12T21:50:42+00:00\" \/>\n<meta name=\"twitter:label1\" content=\"Written by\" \/>\n\t<meta name=\"twitter:data1\" content=\"ulqini\" \/>\n\t<meta name=\"twitter:label2\" content=\"Est. reading time\" \/>\n\t<meta name=\"twitter:data2\" content=\"2 minutes\" \/>\n<script type=\"application\/ld+json\" class=\"yoast-schema-graph\">{\"@context\":\"https:\/\/schema.org\",\"@graph\":[{\"@type\":\"WebSite\",\"@id\":\"https:\/\/www.visit-ulcinj.com\/blog\/#website\",\"url\":\"https:\/\/www.visit-ulcinj.com\/blog\/\",\"name\":\"Lajme nga Ulqini\",\"description\":\"Lajme,Vijesti,Ulqini,Ulqin,Crna Gora,Mali i Zi\",\"potentialAction\":[{\"@type\":\"SearchAction\",\"target\":{\"@type\":\"EntryPoint\",\"urlTemplate\":\"https:\/\/www.visit-ulcinj.com\/blog\/?s={search_term_string}\"},\"query-input\":\"required name=search_term_string\"}],\"inLanguage\":\"en-US\"},{\"@type\":\"WebPage\",\"@id\":\"https:\/\/www.visit-ulcinj.com\/blog\/2015\/05\/12\/vajzat-e-kk-ulqini-shpallen-nenkampione-te-malit-te-zi-ne-kata-dhe-luftera-ekipore\/#webpage\",\"url\":\"https:\/\/www.visit-ulcinj.com\/blog\/2015\/05\/12\/vajzat-e-kk-ulqini-shpallen-nenkampione-te-malit-te-zi-ne-kata-dhe-luftera-ekipore\/\",\"name\":\"Vajzat e KK \u201cUlqini\u201d shpallen n\u00ebnkampione t\u00eb Malit t\u00eb Zi n\u00eb kata dhe luft\u00ebra ekipore - Lajme nga Ulqini\",\"isPartOf\":{\"@id\":\"https:\/\/www.visit-ulcinj.com\/blog\/#website\"},\"datePublished\":\"2015-05-12T21:50:42+00:00\",\"dateModified\":\"2015-05-12T21:50:42+00:00\",\"author\":{\"@id\":\"https:\/\/www.visit-ulcinj.com\/blog\/#\/schema\/person\/dcab619c614d3038751c63bc2aadc06d\"},\"description\":\"Klubi i Karates\u00eb \u201cUlqini\u201d mori pjes\u00eb fundjav\u00ebn e kaluar n\u00eb dy gara - n\u00eb Kampionatin e Malit t\u00eb Zi p\u00ebr senior\u00eb dhe n\u00eb Turneun internacional n\u00eb Bjello Pole.\",\"breadcrumb\":{\"@id\":\"https:\/\/www.visit-ulcinj.com\/blog\/2015\/05\/12\/vajzat-e-kk-ulqini-shpallen-nenkampione-te-malit-te-zi-ne-kata-dhe-luftera-ekipore\/#breadcrumb\"},\"inLanguage\":\"en-US\",\"potentialAction\":[{\"@type\":\"ReadAction\",\"target\":[\"https:\/\/www.visit-ulcinj.com\/blog\/2015\/05\/12\/vajzat-e-kk-ulqini-shpallen-nenkampione-te-malit-te-zi-ne-kata-dhe-luftera-ekipore\/\"]}]},{\"@type\":\"BreadcrumbList\",\"@id\":\"https:\/\/www.visit-ulcinj.com\/blog\/2015\/05\/12\/vajzat-e-kk-ulqini-shpallen-nenkampione-te-malit-te-zi-ne-kata-dhe-luftera-ekipore\/#breadcrumb\",\"itemListElement\":[{\"@type\":\"ListItem\",\"position\":1,\"name\":\"Vajzat e KK \u201cUlqini\u201d shpallen n\u00ebnkampione t\u00eb Malit t\u00eb Zi n\u00eb kata dhe luft\u00ebra ekipore\"}]},{\"@type\":\"Person\",\"@id\":\"https:\/\/www.visit-ulcinj.com\/blog\/#\/schema\/person\/dcab619c614d3038751c63bc2aadc06d\",\"name\":\"ulqini\",\"sameAs\":[\"http:\/\/www.visit-ulcinj.com\"],\"url\":\"https:\/\/www.visit-ulcinj.com\/blog\/author\/admin\/\"}]}<\/script>\n<!-- \/ Yoast SEO plugin. -->","yoast_head_json":{"title":"Vajzat e KK \u201cUlqini\u201d shpallen n\u00ebnkampione t\u00eb Malit t\u00eb Zi n\u00eb kata dhe luft\u00ebra ekipore - Lajme nga Ulqini","description":"Klubi i Karates\u00eb \u201cUlqini\u201d mori pjes\u00eb fundjav\u00ebn e kaluar n\u00eb dy gara - n\u00eb Kampionatin e Malit t\u00eb Zi p\u00ebr senior\u00eb dhe n\u00eb Turneun internacional n\u00eb Bjello Pole.","robots":{"index":"index","follow":"follow","max-snippet":"max-snippet:-1","max-image-preview":"max-image-preview:large","max-video-preview":"max-video-preview:-1"},"canonical":"https:\/\/www.visit-ulcinj.com\/blog\/2015\/05\/12\/vajzat-e-kk-ulqini-shpallen-nenkampione-te-malit-te-zi-ne-kata-dhe-luftera-ekipore\/","og_locale":"en_US","og_type":"article","og_title":"Vajzat e KK \u201cUlqini\u201d shpallen n\u00ebnkampione t\u00eb Malit t\u00eb Zi n\u00eb kata dhe luft\u00ebra ekipore - Lajme nga Ulqini","og_description":"Klubi i Karates\u00eb \u201cUlqini\u201d mori pjes\u00eb fundjav\u00ebn e kaluar n\u00eb dy gara - n\u00eb Kampionatin e Malit t\u00eb Zi p\u00ebr senior\u00eb dhe n\u00eb Turneun internacional n\u00eb Bjello Pole.","og_url":"https:\/\/www.visit-ulcinj.com\/blog\/2015\/05\/12\/vajzat-e-kk-ulqini-shpallen-nenkampione-te-malit-te-zi-ne-kata-dhe-luftera-ekipore\/","og_site_name":"Lajme nga Ulqini","article_published_time":"2015-05-12T21:50:42+00:00","twitter_misc":{"Written by":"ulqini","Est. reading time":"2 minutes"},"schema":{"@context":"https:\/\/schema.org","@graph":[{"@type":"WebSite","@id":"https:\/\/www.visit-ulcinj.com\/blog\/#website","url":"https:\/\/www.visit-ulcinj.com\/blog\/","name":"Lajme nga Ulqini","description":"Lajme,Vijesti,Ulqini,Ulqin,Crna Gora,Mali i Zi","potentialAction":[{"@type":"SearchAction","target":{"@type":"EntryPoint","urlTemplate":"https:\/\/www.visit-ulcinj.com\/blog\/?s={search_term_string}"},"query-input":"required name=search_term_string"}],"inLanguage":"en-US"},{"@type":"WebPage","@id":"https:\/\/www.visit-ulcinj.com\/blog\/2015\/05\/12\/vajzat-e-kk-ulqini-shpallen-nenkampione-te-malit-te-zi-ne-kata-dhe-luftera-ekipore\/#webpage","url":"https:\/\/www.visit-ulcinj.com\/blog\/2015\/05\/12\/vajzat-e-kk-ulqini-shpallen-nenkampione-te-malit-te-zi-ne-kata-dhe-luftera-ekipore\/","name":"Vajzat e KK \u201cUlqini\u201d shpallen n\u00ebnkampione t\u00eb Malit t\u00eb Zi n\u00eb kata dhe luft\u00ebra ekipore - Lajme nga Ulqini","isPartOf":{"@id":"https:\/\/www.visit-ulcinj.com\/blog\/#website"},"datePublished":"2015-05-12T21:50:42+00:00","dateModified":"2015-05-12T21:50:42+00:00","author":{"@id":"https:\/\/www.visit-ulcinj.com\/blog\/#\/schema\/person\/dcab619c614d3038751c63bc2aadc06d"},"description":"Klubi i Karates\u00eb \u201cUlqini\u201d mori pjes\u00eb fundjav\u00ebn e kaluar n\u00eb dy gara - n\u00eb Kampionatin e Malit t\u00eb Zi p\u00ebr senior\u00eb dhe n\u00eb Turneun internacional n\u00eb Bjello Pole.","breadcrumb":{"@id":"https:\/\/www.visit-ulcinj.com\/blog\/2015\/05\/12\/vajzat-e-kk-ulqini-shpallen-nenkampione-te-malit-te-zi-ne-kata-dhe-luftera-ekipore\/#breadcrumb"},"inLanguage":"en-US","potentialAction":[{"@type":"ReadAction","target":["https:\/\/www.visit-ulcinj.com\/blog\/2015\/05\/12\/vajzat-e-kk-ulqini-shpallen-nenkampione-te-malit-te-zi-ne-kata-dhe-luftera-ekipore\/"]}]},{"@type":"BreadcrumbList","@id":"https:\/\/www.visit-ulcinj.com\/blog\/2015\/05\/12\/vajzat-e-kk-ulqini-shpallen-nenkampione-te-malit-te-zi-ne-kata-dhe-luftera-ekipore\/#breadcrumb","itemListElement":[{"@type":"ListItem","position":1,"name":"Vajzat e KK \u201cUlqini\u201d shpallen n\u00ebnkampione t\u00eb Malit t\u00eb Zi n\u00eb kata dhe luft\u00ebra ekipore"}]},{"@type":"Person","@id":"https:\/\/www.visit-ulcinj.com\/blog\/#\/schema\/person\/dcab619c614d3038751c63bc2aadc06d","name":"ulqini","sameAs":["http:\/\/www.visit-ulcinj.com"],"url":"https:\/\/www.visit-ulcinj.com\/blog\/author\/admin\/"}]}},"jetpack_featured_media_url":"","jetpack_sharing_enabled":true,"jetpack_shortlink":"https:\/\/wp.me\/pe6lTn-nx8","_links":{"self":[{"href":"https:\/\/www.visit-ulcinj.com\/blog\/wp-json\/wp\/v2\/posts\/90466"}],"collection":[{"href":"https:\/\/www.visit-ulcinj.com\/blog\/wp-json\/wp\/v2\/posts"}],"about":[{"href":"https:\/\/www.visit-ulcinj.com\/blog\/wp-json\/wp\/v2\/types\/post"}],"author":[{"embeddable":true,"href":"https:\/\/www.visit-ulcinj.com\/blog\/wp-json\/wp\/v2\/users\/1"}],"replies":[{"embeddable":true,"href":"https:\/\/www.visit-ulcinj.com\/blog\/wp-json\/wp\/v2\/comments?post=90466"}],"version-history":[{"count":1,"href":"https:\/\/www.visit-ulcinj.com\/blog\/wp-json\/wp\/v2\/posts\/90466\/revisions"}],"predecessor-version":[{"id":90471,"href":"https:\/\/www.visit-ulcinj.com\/blog\/wp-json\/wp\/v2\/posts\/90466\/revisions\/90471"}],"wp:attachment":[{"href":"https:\/\/www.visit-ulcinj.com\/blog\/wp-json\/wp\/v2\/media?parent=90466"}],"wp:term":[{"taxonomy":"category","embeddable":true,"href":"https:\/\/www.visit-ulcinj.com\/blog\/wp-json\/wp\/v2\/categories?post=90466"},{"taxonomy":"post_tag","embeddable":true,"href":"https:\/\/www.visit-ulcinj.com\/blog\/wp-json\/wp\/v2\/tags?post=90466"}],"curies":[{"name":"wp","href":"https:\/\/api.w.org\/{rel}","templated":true}]}}