{"id":90472,"date":"2015-05-13T09:20:13","date_gmt":"2015-05-13T08:20:13","guid":{"rendered":"http:\/\/www.visit-ulcinj.com\/blog\/?p=90472"},"modified":"2015-05-16T07:10:47","modified_gmt":"2015-05-16T06:10:47","slug":"ashensori-ne-kala-mjeti-qe-shkakton-shqetesime-ne-ulqin-reagon-g-nimanbegu-dhe-xh-peroviqi","status":"publish","type":"post","link":"https:\/\/www.visit-ulcinj.com\/blog\/2015\/05\/13\/ashensori-ne-kala-mjeti-qe-shkakton-shqetesime-ne-ulqin-reagon-g-nimanbegu-dhe-xh-peroviqi\/","title":{"rendered":"Ashensori n\u00eb Kala, mjeti q\u00eb shkakton shqet\u00ebsime n\u00eb Ulqin&#8230;Reagon G. Nimanbegu dhe Xh. Peroviqi &#8211; Video"},"content":{"rendered":"<p><strong>\u00c7FAR\u00cb \u00a0FATIT \u00a0PO KRIJON \u00a0PUSHTETI \u00a0N\u00cb \u00a0ULQIN?<\/strong><\/p>\n<p><a href=\"http:\/\/www.visit-ulcinj.com\/blog\/wp-content\/uploads\/2015\/05\/Ashensori-n\u00eb-Kala-te-Ulqinit.jpg\"><img loading=\"lazy\" class=\"alignleft wp-image-90473\" src=\"http:\/\/www.visit-ulcinj.com\/blog\/wp-content\/uploads\/2015\/05\/Ashensori-n\u00eb-Kala-te-Ulqinit.jpg\" alt=\"Ashensori n\u00eb Kala te Ulqinit\" width=\"508\" height=\"520\" srcset=\"https:\/\/www.visit-ulcinj.com\/blog\/wp-content\/uploads\/2015\/05\/Ashensori-n\u00eb-Kala-te-Ulqinit.jpg 938w, https:\/\/www.visit-ulcinj.com\/blog\/wp-content\/uploads\/2015\/05\/Ashensori-n\u00eb-Kala-te-Ulqinit-293x300.jpg 293w\" sizes=\"(max-width: 508px) 100vw, 508px\" \/><\/a><\/p>\n<p>Kompromisat q\u00eb do t\u00eb \u00e7elin rrug\u00ebn e devastimit urban, shoq\u00ebror dhe moral<\/p>\n<p>Nga kontaktet dhe informatat q\u00eb kam marr koh\u00ebn e fundit duket fare e qart\u00eb q\u00eb \u00ebsht\u00eb fare pran\u00eb realizimit t\u00eb nj\u00eb kompromisi t\u00eb radh\u00ebs n\u00eb Komun\u00ebn ton\u00eb, e kjo \u00ebsht\u00eb legalizimi i pozit\u00ebs s\u00eb liftit p\u00ebr Kala?!<\/p>\n<p>Sa p\u00ebr kujtes\u00eb, ai lift u nis n\u00eb tok\u00eb t\u00eb shtetit, pa leje nga asnj\u00eb institucion, dhe ka mbet si nje monument dhune, arrogance dhe paaft\u00ebsije t\u00eb institucioneve si n\u00eb Ulqin dhe n\u00eb Mal t\u00eb Zi. Sigurisht q\u00eb paraqet shenj\u00ebn e nj\u00eb koh\u00eb kur ligji nuk \u00ebsht\u00eb i nj\u00ebjt\u00eb p\u00ebr t\u00eb gjith\u00eb.<\/p>\n<p>Nj\u00eb \u00a0Komision i ngritur nga Kryetari i Komun\u00ebs, q\u00eb tju them t\u00eb drejt\u00ebn disa njer\u00ebz nuk I njoh fare, e kan\u00eb marr\u00eb p\u00ebrsip\u00ebr q\u00eb t\u00eb p\u00ebrcaktojn\u00eb vendin e liftit pa konsultime publike dhe t\u00eb mbyllur n\u00eb zyre t\u00eb kabinetit. Sidoqoft\u00eb ato po e marrin p\u00ebrgjegj\u00ebsin n\u00ebs\u00eb kjo ndodh dhe n\u00ebs\u00eb legalizohet edhe nj\u00eb her\u00eb nj\u00eb devastim i Kalas\u00eb 27 shekullore Ilire \u00a0(sic theksuan n\u00eb Prezantimin e tyre Francezet q\u00eb k\u00ebto dit\u00eb paraqit\u00ebn vizionin e tyre p\u00ebr Kala). Ato nga gjith\u00eb nd\u00ebrtimet pohuan q\u00eb jan\u00eb vet\u00ebm tre objekte q\u00eb duhet rrenuar:<\/p>\n<ol>\n<li>Hoteli pa leje<\/li>\n<li>Nj\u00eb objekt i vog\u00ebl n\u00eb hyrje dhe<\/li>\n<li>Lifti privat pa leje.<\/li>\n<\/ol>\n<p>Kurse medijt q\u00eb ishin present n\u00eb Kala as q\u00eb e permend\u00ebn fare q\u00ebndrimin e arhitekt\u00ebve t\u00eb shkoll\u00ebs s\u00eb famshme franceze p\u00ebr ruajtjen e objekteve kulturore. Vet\u00ebm lavdata anash e k\u00ebndit p\u00ebr projekt por jo esenc\u00ebn e gjith\u00eb k\u00ebsaj bisede. Esenca ishte q\u00eb ai objekt duhet rr\u00ebzuar dhe ky \u00ebsht\u00eb q\u00ebndrim I paansh\u00ebn I njer\u00ebzve q\u00eb nuk e vun\u00eb \u00a0n\u00eb pyetje reputacionin e vet\u00eb p\u00ebr nj\u00eb grusht eurosh.<\/p>\n<p>Neve na shtrohet nj\u00eb pyetje: A jemi apo nuk jemi p\u00ebr nd\u00ebrtimin e liftit. Po sigurishqt q\u00eb po dhe p\u00ebr k\u00ebt\u00eb francez\u00ebt kan dh\u00ebn\u00eb zgjidhje ato jan\u00eb n\u00eb dy tunele hyr\u00ebse q\u00eb nuk demtojn\u00eb \u00a0agresivisht pamjen e Kalas\u00eb.<\/p>\n<p>Kurse si p\u00ebr \u00e7udi t\u00eb gjith\u00eb zgjidhjet p\u00ebr lift jan\u00eb n\u00eb t\u00eb nj\u00ebjtin vend ku \u00ebsht\u00eb b\u00ebr\u00eb krimi urbanistik n\u00eb 2007\/8. A e meriton Ulqini dhe Kalaja legalizimin e tij?<\/p>\n<p>Vendimi i k\u00ebti komisioni p\u00ebr mua \u00ebsht\u00eb thelbesor p\u00ebr funksionimin e pushtetit n\u00eb Ulqin. Besoj q\u00eb akter\u00ebt kryesor e dijn\u00eb k\u00ebt\u00eb.<\/p>\n<p>Ky vendim nuk \u00ebsht\u00eb \u00e7\u00ebshtje \u201carhitekt\u00ebsh\u201d por \u00ebsht\u00eb \u00e7\u00ebshtje e t\u00eb gjith\u00eb neve. Prandaj k\u00ebrkoj p\u00ebrkrahje n\u00eb aktivitetet p\u00ebr t\u00eb mund\u00ebsuar m\u00eb dinjitet p\u00ebr Kala dhe p\u00ebr Ulqin.<\/p>\n<p><strong>Genci \u00a0Nimanbegu, Deputet \u00a0dhe \u00a0Kryetar i KKSH-s\u00eb<\/strong><\/p>\n<p>Komisioni i p\u00ebrber\u00eb nga 9 an\u00ebtar nes\u00ebr gjat\u00eb dit\u00ebs do t\u00eb shpall\u00eb fituesin e konkursit, i cili sipas t\u00eb gjitha gjasave do t\u00eb parashikoj\u00eb ashensorin i cili \u00e7on n\u00eb pron\u00eb private n\u00eb Kala.<\/p>\n<p>Pra nes\u00ebr do t\u00eb marrim vesh\u00a0emrin e arkitektit fitues, por q\u00eb\u00a0sot dijm\u00eb emrat antar\u00ebve t\u00eb komisionit q\u00eb do t\u00eb vendosin a do t\u00eb hyj\u00eb Kalaja e Ulqinit n\u00eb UNESCO apo JO!<\/p>\n<p>An\u00ebtar\u00ebt e Komisionit:<br \/>\n<strong>Fatmir Gjeka<\/strong><br \/>\n<strong> Zana Sarvan<\/strong><br \/>\n<strong> Suada Ismailaga<\/strong><br \/>\n<strong> Nikola Drakiq<\/strong><br \/>\n<strong> Mustafa Gorana<\/strong><br \/>\n<strong> Rifat Alilhoxhiq<\/strong><br \/>\n<strong> Fuad Mavriq<\/strong><br \/>\n<strong> Dunja Bilalagiq<\/strong><br \/>\n<strong> Mirlinda Cena<\/strong><\/p>\n<p class=\"entry-title\"><strong>Sot komisioni votoi\u00a0 kund\u00ebr kalas\u00eb n\u00eb UNESCO<\/strong><\/p>\n<p>Antar\u00ebt e komisionit q\u00eb votuan jan:<\/p>\n<p><strong>Fatmir Gjeka\u00a0\u00a0\u00a0\u00a0\u00a0\u00a0\u00a0\u00a0 PO<\/strong><\/p>\n<p><strong>Zana Sarvan\u00a0\u00a0\u00a0\u00a0\u00a0\u00a0\u00a0\u00a0\u00a0 PO<\/strong><\/p>\n<p><strong>Suada Ismailaga\u00a0\u00a0 PO<\/strong><\/p>\n<p><strong>Nikolla Drakiq\u00a0\u00a0\u00a0\u00a0\u00a0\u00a0 PO<\/strong><\/p>\n<p><strong>Mustaf Gorana\u00a0\u00a0 nuk ka votuar<br \/>\n<\/strong><\/p>\n<p><strong>Rifat Alilhoxhiq\u00a0\u00a0\u00a0\u00a0 PO<\/strong><\/p>\n<p><strong>Fuad Mavriq\u00a0\u00a0\u00a0\u00a0\u00a0\u00a0\u00a0\u00a0 PO<\/strong><\/p>\n<p><strong>Dunja Bilalagiq\u00a0\u00a0\u00a0\u00a0 PO<\/strong><\/p>\n<p><strong>Mirlinda Cena\u00a0\u00a0\u00a0\u00a0\u00a0 PO<\/strong><\/p>\n<p><iframe loading=\"lazy\" src=\"https:\/\/www.youtube.com\/embed\/X3AgE0VXuak\" width=\"508\" height=\"360\" frameborder=\"0\" allowfullscreen=\"allowfullscreen\"><\/iframe><\/p>\n","protected":false},"excerpt":{"rendered":"<p>\u00c7FAR\u00cb \u00a0FATIT \u00a0PO KRIJON \u00a0PUSHTETI \u00a0N\u00cb \u00a0ULQIN? Kompromisat q\u00eb do t\u00eb \u00e7elin rrug\u00ebn e devastimit urban, shoq\u00ebror dhe moral Nga kontaktet dhe informatat q\u00eb kam marr koh\u00ebn e fundit duket fare e qart\u00eb q\u00eb \u00ebsht\u00eb fare pran\u00eb realizimit t\u00eb nj\u00eb kompromisi t\u00eb radh\u00ebs n\u00eb Komun\u00ebn ton\u00eb, e kjo \u00ebsht\u00eb legalizimi i pozit\u00ebs s\u00eb liftit p\u00ebr [&hellip;]<\/p>\n","protected":false},"author":1,"featured_media":0,"comment_status":"closed","ping_status":"closed","sticky":false,"template":"","format":"standard","meta":{"spay_email":"","jetpack_publicize_message":"","jetpack_is_tweetstorm":false,"jetpack_publicize_feature_enabled":true},"categories":[1,11],"tags":[],"jetpack_publicize_connections":[],"yoast_head":"<!-- This site is optimized with the Yoast SEO plugin v19.1 - https:\/\/yoast.com\/wordpress\/plugins\/seo\/ -->\n<title>Ashensori n\u00eb Kala, mjeti q\u00eb shkakton shqet\u00ebsime n\u00eb Ulqin...Reagon G. Nimanbegu dhe Xh. Peroviqi - Video - Lajme nga Ulqini<\/title>\n<meta name=\"description\" content=\"\u00c7FAR\u00cb \u00a0FATIT \u00a0PO KRIJON \u00a0PUSHTETI \u00a0N\u00cb \u00a0ULQIN? Kompromisat q\u00eb do t\u00eb \u00e7elin rrug\u00ebn e devastimit urban, shoq\u00ebror dhe moral Nga kontaktet dhe informatat q\u00eb kam\" \/>\n<meta name=\"robots\" content=\"index, follow, max-snippet:-1, max-image-preview:large, max-video-preview:-1\" \/>\n<link rel=\"canonical\" href=\"https:\/\/www.visit-ulcinj.com\/blog\/2015\/05\/13\/ashensori-ne-kala-mjeti-qe-shkakton-shqetesime-ne-ulqin-reagon-g-nimanbegu-dhe-xh-peroviqi\/\" \/>\n<meta property=\"og:locale\" content=\"en_US\" \/>\n<meta property=\"og:type\" content=\"article\" \/>\n<meta property=\"og:title\" content=\"Ashensori n\u00eb Kala, mjeti q\u00eb shkakton shqet\u00ebsime n\u00eb Ulqin...Reagon G. Nimanbegu dhe Xh. Peroviqi - Video - Lajme nga Ulqini\" \/>\n<meta property=\"og:description\" content=\"\u00c7FAR\u00cb \u00a0FATIT \u00a0PO KRIJON \u00a0PUSHTETI \u00a0N\u00cb \u00a0ULQIN? Kompromisat q\u00eb do t\u00eb \u00e7elin rrug\u00ebn e devastimit urban, shoq\u00ebror dhe moral Nga kontaktet dhe informatat q\u00eb kam\" \/>\n<meta property=\"og:url\" content=\"https:\/\/www.visit-ulcinj.com\/blog\/2015\/05\/13\/ashensori-ne-kala-mjeti-qe-shkakton-shqetesime-ne-ulqin-reagon-g-nimanbegu-dhe-xh-peroviqi\/\" \/>\n<meta property=\"og:site_name\" content=\"Lajme nga Ulqini\" \/>\n<meta property=\"article:published_time\" content=\"2015-05-13T08:20:13+00:00\" \/>\n<meta property=\"article:modified_time\" content=\"2015-05-16T06:10:47+00:00\" \/>\n<meta name=\"twitter:label1\" content=\"Written by\" \/>\n\t<meta name=\"twitter:data1\" content=\"ulqini\" \/>\n\t<meta name=\"twitter:label2\" content=\"Est. reading time\" \/>\n\t<meta name=\"twitter:data2\" content=\"3 minutes\" \/>\n<script type=\"application\/ld+json\" class=\"yoast-schema-graph\">{\"@context\":\"https:\/\/schema.org\",\"@graph\":[{\"@type\":\"WebSite\",\"@id\":\"https:\/\/www.visit-ulcinj.com\/blog\/#website\",\"url\":\"https:\/\/www.visit-ulcinj.com\/blog\/\",\"name\":\"Lajme nga Ulqini\",\"description\":\"Lajme,Vijesti,Ulqini,Ulqin,Crna Gora,Mali i Zi\",\"potentialAction\":[{\"@type\":\"SearchAction\",\"target\":{\"@type\":\"EntryPoint\",\"urlTemplate\":\"https:\/\/www.visit-ulcinj.com\/blog\/?s={search_term_string}\"},\"query-input\":\"required name=search_term_string\"}],\"inLanguage\":\"en-US\"},{\"@type\":\"WebPage\",\"@id\":\"https:\/\/www.visit-ulcinj.com\/blog\/2015\/05\/13\/ashensori-ne-kala-mjeti-qe-shkakton-shqetesime-ne-ulqin-reagon-g-nimanbegu-dhe-xh-peroviqi\/#webpage\",\"url\":\"https:\/\/www.visit-ulcinj.com\/blog\/2015\/05\/13\/ashensori-ne-kala-mjeti-qe-shkakton-shqetesime-ne-ulqin-reagon-g-nimanbegu-dhe-xh-peroviqi\/\",\"name\":\"Ashensori n\u00eb Kala, mjeti q\u00eb shkakton shqet\u00ebsime n\u00eb Ulqin...Reagon G. Nimanbegu dhe Xh. Peroviqi - Video - Lajme nga Ulqini\",\"isPartOf\":{\"@id\":\"https:\/\/www.visit-ulcinj.com\/blog\/#website\"},\"datePublished\":\"2015-05-13T08:20:13+00:00\",\"dateModified\":\"2015-05-16T06:10:47+00:00\",\"author\":{\"@id\":\"https:\/\/www.visit-ulcinj.com\/blog\/#\/schema\/person\/dcab619c614d3038751c63bc2aadc06d\"},\"description\":\"\u00c7FAR\u00cb \u00a0FATIT \u00a0PO KRIJON \u00a0PUSHTETI \u00a0N\u00cb \u00a0ULQIN? Kompromisat q\u00eb do t\u00eb \u00e7elin rrug\u00ebn e devastimit urban, shoq\u00ebror dhe moral Nga kontaktet dhe informatat q\u00eb kam\",\"breadcrumb\":{\"@id\":\"https:\/\/www.visit-ulcinj.com\/blog\/2015\/05\/13\/ashensori-ne-kala-mjeti-qe-shkakton-shqetesime-ne-ulqin-reagon-g-nimanbegu-dhe-xh-peroviqi\/#breadcrumb\"},\"inLanguage\":\"en-US\",\"potentialAction\":[{\"@type\":\"ReadAction\",\"target\":[\"https:\/\/www.visit-ulcinj.com\/blog\/2015\/05\/13\/ashensori-ne-kala-mjeti-qe-shkakton-shqetesime-ne-ulqin-reagon-g-nimanbegu-dhe-xh-peroviqi\/\"]}]},{\"@type\":\"BreadcrumbList\",\"@id\":\"https:\/\/www.visit-ulcinj.com\/blog\/2015\/05\/13\/ashensori-ne-kala-mjeti-qe-shkakton-shqetesime-ne-ulqin-reagon-g-nimanbegu-dhe-xh-peroviqi\/#breadcrumb\",\"itemListElement\":[{\"@type\":\"ListItem\",\"position\":1,\"name\":\"Ashensori n\u00eb Kala, mjeti q\u00eb shkakton shqet\u00ebsime n\u00eb Ulqin&#8230;Reagon G. Nimanbegu dhe Xh. Peroviqi &#8211; Video\"}]},{\"@type\":\"Person\",\"@id\":\"https:\/\/www.visit-ulcinj.com\/blog\/#\/schema\/person\/dcab619c614d3038751c63bc2aadc06d\",\"name\":\"ulqini\",\"sameAs\":[\"http:\/\/www.visit-ulcinj.com\"],\"url\":\"https:\/\/www.visit-ulcinj.com\/blog\/author\/admin\/\"}]}<\/script>\n<!-- \/ Yoast SEO plugin. -->","yoast_head_json":{"title":"Ashensori n\u00eb Kala, mjeti q\u00eb shkakton shqet\u00ebsime n\u00eb Ulqin...Reagon G. Nimanbegu dhe Xh. Peroviqi - Video - Lajme nga Ulqini","description":"\u00c7FAR\u00cb \u00a0FATIT \u00a0PO KRIJON \u00a0PUSHTETI \u00a0N\u00cb \u00a0ULQIN? Kompromisat q\u00eb do t\u00eb \u00e7elin rrug\u00ebn e devastimit urban, shoq\u00ebror dhe moral Nga kontaktet dhe informatat q\u00eb kam","robots":{"index":"index","follow":"follow","max-snippet":"max-snippet:-1","max-image-preview":"max-image-preview:large","max-video-preview":"max-video-preview:-1"},"canonical":"https:\/\/www.visit-ulcinj.com\/blog\/2015\/05\/13\/ashensori-ne-kala-mjeti-qe-shkakton-shqetesime-ne-ulqin-reagon-g-nimanbegu-dhe-xh-peroviqi\/","og_locale":"en_US","og_type":"article","og_title":"Ashensori n\u00eb Kala, mjeti q\u00eb shkakton shqet\u00ebsime n\u00eb Ulqin...Reagon G. Nimanbegu dhe Xh. Peroviqi - Video - Lajme nga Ulqini","og_description":"\u00c7FAR\u00cb \u00a0FATIT \u00a0PO KRIJON \u00a0PUSHTETI \u00a0N\u00cb \u00a0ULQIN? Kompromisat q\u00eb do t\u00eb \u00e7elin rrug\u00ebn e devastimit urban, shoq\u00ebror dhe moral Nga kontaktet dhe informatat q\u00eb kam","og_url":"https:\/\/www.visit-ulcinj.com\/blog\/2015\/05\/13\/ashensori-ne-kala-mjeti-qe-shkakton-shqetesime-ne-ulqin-reagon-g-nimanbegu-dhe-xh-peroviqi\/","og_site_name":"Lajme nga Ulqini","article_published_time":"2015-05-13T08:20:13+00:00","article_modified_time":"2015-05-16T06:10:47+00:00","twitter_misc":{"Written by":"ulqini","Est. reading time":"3 minutes"},"schema":{"@context":"https:\/\/schema.org","@graph":[{"@type":"WebSite","@id":"https:\/\/www.visit-ulcinj.com\/blog\/#website","url":"https:\/\/www.visit-ulcinj.com\/blog\/","name":"Lajme nga Ulqini","description":"Lajme,Vijesti,Ulqini,Ulqin,Crna Gora,Mali i Zi","potentialAction":[{"@type":"SearchAction","target":{"@type":"EntryPoint","urlTemplate":"https:\/\/www.visit-ulcinj.com\/blog\/?s={search_term_string}"},"query-input":"required name=search_term_string"}],"inLanguage":"en-US"},{"@type":"WebPage","@id":"https:\/\/www.visit-ulcinj.com\/blog\/2015\/05\/13\/ashensori-ne-kala-mjeti-qe-shkakton-shqetesime-ne-ulqin-reagon-g-nimanbegu-dhe-xh-peroviqi\/#webpage","url":"https:\/\/www.visit-ulcinj.com\/blog\/2015\/05\/13\/ashensori-ne-kala-mjeti-qe-shkakton-shqetesime-ne-ulqin-reagon-g-nimanbegu-dhe-xh-peroviqi\/","name":"Ashensori n\u00eb Kala, mjeti q\u00eb shkakton shqet\u00ebsime n\u00eb Ulqin...Reagon G. Nimanbegu dhe Xh. Peroviqi - Video - Lajme nga Ulqini","isPartOf":{"@id":"https:\/\/www.visit-ulcinj.com\/blog\/#website"},"datePublished":"2015-05-13T08:20:13+00:00","dateModified":"2015-05-16T06:10:47+00:00","author":{"@id":"https:\/\/www.visit-ulcinj.com\/blog\/#\/schema\/person\/dcab619c614d3038751c63bc2aadc06d"},"description":"\u00c7FAR\u00cb \u00a0FATIT \u00a0PO KRIJON \u00a0PUSHTETI \u00a0N\u00cb \u00a0ULQIN? Kompromisat q\u00eb do t\u00eb \u00e7elin rrug\u00ebn e devastimit urban, shoq\u00ebror dhe moral Nga kontaktet dhe informatat q\u00eb kam","breadcrumb":{"@id":"https:\/\/www.visit-ulcinj.com\/blog\/2015\/05\/13\/ashensori-ne-kala-mjeti-qe-shkakton-shqetesime-ne-ulqin-reagon-g-nimanbegu-dhe-xh-peroviqi\/#breadcrumb"},"inLanguage":"en-US","potentialAction":[{"@type":"ReadAction","target":["https:\/\/www.visit-ulcinj.com\/blog\/2015\/05\/13\/ashensori-ne-kala-mjeti-qe-shkakton-shqetesime-ne-ulqin-reagon-g-nimanbegu-dhe-xh-peroviqi\/"]}]},{"@type":"BreadcrumbList","@id":"https:\/\/www.visit-ulcinj.com\/blog\/2015\/05\/13\/ashensori-ne-kala-mjeti-qe-shkakton-shqetesime-ne-ulqin-reagon-g-nimanbegu-dhe-xh-peroviqi\/#breadcrumb","itemListElement":[{"@type":"ListItem","position":1,"name":"Ashensori n\u00eb Kala, mjeti q\u00eb shkakton shqet\u00ebsime n\u00eb Ulqin&#8230;Reagon G. Nimanbegu dhe Xh. Peroviqi &#8211; Video"}]},{"@type":"Person","@id":"https:\/\/www.visit-ulcinj.com\/blog\/#\/schema\/person\/dcab619c614d3038751c63bc2aadc06d","name":"ulqini","sameAs":["http:\/\/www.visit-ulcinj.com"],"url":"https:\/\/www.visit-ulcinj.com\/blog\/author\/admin\/"}]}},"jetpack_featured_media_url":"","jetpack_sharing_enabled":true,"jetpack_shortlink":"https:\/\/wp.me\/pe6lTn-nxe","_links":{"self":[{"href":"https:\/\/www.visit-ulcinj.com\/blog\/wp-json\/wp\/v2\/posts\/90472"}],"collection":[{"href":"https:\/\/www.visit-ulcinj.com\/blog\/wp-json\/wp\/v2\/posts"}],"about":[{"href":"https:\/\/www.visit-ulcinj.com\/blog\/wp-json\/wp\/v2\/types\/post"}],"author":[{"embeddable":true,"href":"https:\/\/www.visit-ulcinj.com\/blog\/wp-json\/wp\/v2\/users\/1"}],"replies":[{"embeddable":true,"href":"https:\/\/www.visit-ulcinj.com\/blog\/wp-json\/wp\/v2\/comments?post=90472"}],"version-history":[{"count":5,"href":"https:\/\/www.visit-ulcinj.com\/blog\/wp-json\/wp\/v2\/posts\/90472\/revisions"}],"predecessor-version":[{"id":90478,"href":"https:\/\/www.visit-ulcinj.com\/blog\/wp-json\/wp\/v2\/posts\/90472\/revisions\/90478"}],"wp:attachment":[{"href":"https:\/\/www.visit-ulcinj.com\/blog\/wp-json\/wp\/v2\/media?parent=90472"}],"wp:term":[{"taxonomy":"category","embeddable":true,"href":"https:\/\/www.visit-ulcinj.com\/blog\/wp-json\/wp\/v2\/categories?post=90472"},{"taxonomy":"post_tag","embeddable":true,"href":"https:\/\/www.visit-ulcinj.com\/blog\/wp-json\/wp\/v2\/tags?post=90472"}],"curies":[{"name":"wp","href":"https:\/\/api.w.org\/{rel}","templated":true}]}}