{"id":90490,"date":"2015-05-15T06:33:00","date_gmt":"2015-05-15T05:33:00","guid":{"rendered":"http:\/\/www.visit-ulcinj.com\/blog\/?p=90490"},"modified":"2015-05-15T06:33:00","modified_gmt":"2015-05-15T05:33:00","slug":"leona-markiq-perseri-kampione-e-malit-te-zi","status":"publish","type":"post","link":"https:\/\/www.visit-ulcinj.com\/blog\/2015\/05\/15\/leona-markiq-perseri-kampione-e-malit-te-zi\/","title":{"rendered":"Leona Markiq p\u00ebrs\u00ebri kampione e Malit t\u00eb Zi!"},"content":{"rendered":"<p><a href=\"http:\/\/www.visit-ulcinj.com\/blog\/wp-content\/uploads\/2015\/05\/KarateClub-Champion-Ulcinj-Leona-Markic.jpg\"><img loading=\"lazy\" class=\"alignleft wp-image-90491\" src=\"http:\/\/www.visit-ulcinj.com\/blog\/wp-content\/uploads\/2015\/05\/KarateClub-Champion-Ulcinj-Leona-Markic.jpg\" alt=\"KarateClub Champion Ulcinj-Leona-Markic\" width=\"508\" height=\"597\" srcset=\"https:\/\/www.visit-ulcinj.com\/blog\/wp-content\/uploads\/2015\/05\/KarateClub-Champion-Ulcinj-Leona-Markic.jpg 480w, https:\/\/www.visit-ulcinj.com\/blog\/wp-content\/uploads\/2015\/05\/KarateClub-Champion-Ulcinj-Leona-Markic-255x300.jpg 255w\" sizes=\"(max-width: 508px) 100vw, 508px\" \/><\/a>Me date 03.05.2015 ne Herceg Novi,u mbajt kampionati shteteror ne karate per kategorine e fatosave,pioniereve te rinj,pioniereve dhe shpresave.Ky kampionat mblodhi gjithsej 349 sportiste nga Mali I Zi. Klubi I karatese Champion duhej te merrte pjese me 21 garues por shkaqe financiare u paraqit vetem me 12 garues.Gjithsesi suksesi nuk mungoi!<\/p>\n<p><a href=\"http:\/\/www.visit-ulcinj.com\/blog\/wp-content\/uploads\/2015\/05\/KarateClub-Champion-Ulcinj-1.jpg\"><img loading=\"lazy\" class=\"alignleft wp-image-90493\" src=\"http:\/\/www.visit-ulcinj.com\/blog\/wp-content\/uploads\/2015\/05\/KarateClub-Champion-Ulcinj-1.jpg\" alt=\"KarateClub Champion Ulcinj-1\" width=\"508\" height=\"381\" srcset=\"https:\/\/www.visit-ulcinj.com\/blog\/wp-content\/uploads\/2015\/05\/KarateClub-Champion-Ulcinj-1.jpg 640w, https:\/\/www.visit-ulcinj.com\/blog\/wp-content\/uploads\/2015\/05\/KarateClub-Champion-Ulcinj-1-300x225.jpg 300w\" sizes=\"(max-width: 508px) 100vw, 508px\" \/><\/a><br \/>\nGaruesit e kk Champion te cilet u shperblyen me medalje:<br \/>\nLeona Markiq-medalja e arte ne luft<span class=\"text_exposed_show\">era individuale dhe medalja a bronzte ne kata ekipore<br \/>\nEliza Markiq-medalja e argjendte ne luftera individuale dhe bronzi ne kata ekipore<br \/>\nHaris Gurzakoviq-2 medalje bronzi,ne luftera individuale dhe kata ekipore<br \/>\nMihailo Bojanoviq-medalje bronzi ne luftera individuale<\/span><\/p>\n<p><span class=\"text_exposed_show\"><a href=\"http:\/\/www.visit-ulcinj.com\/blog\/wp-content\/uploads\/2015\/05\/KarateClub-Champion-Ulcinj-.jpg\"><img loading=\"lazy\" class=\"alignleft wp-image-90492\" src=\"http:\/\/www.visit-ulcinj.com\/blog\/wp-content\/uploads\/2015\/05\/KarateClub-Champion-Ulcinj-.jpg\" alt=\"KarateClub Champion Ulcinj-\" width=\"508\" height=\"381\" srcset=\"https:\/\/www.visit-ulcinj.com\/blog\/wp-content\/uploads\/2015\/05\/KarateClub-Champion-Ulcinj-.jpg 640w, https:\/\/www.visit-ulcinj.com\/blog\/wp-content\/uploads\/2015\/05\/KarateClub-Champion-Ulcinj--300x225.jpg 300w\" sizes=\"(max-width: 508px) 100vw, 508px\" \/><\/a><br \/>\nFahreta Elezoviq-Medalje argjendi ne kata ekipore dhe bronzi ne luftera individuale<br \/>\nDanilo Glenxha-2 medalje bronzi,ne kata individuale dhe kata ekipore<br \/>\nInes Kandiq-medalje argjendi ne kata ekipore<br \/>\nGabriela Deliq-medalje argjendi ne kata ekipore<br \/>\nAnja Dashiq-medalje argjendi ne kata ekipore<br \/>\nAdmir Elezoviq-medalje argjendi ne kata ekipore<br \/>\nMahmud Karagjuzoviq-medalje bronzi ne kata ekipore<br \/>\nAllmir Kahari-medalje bronzi ne kata ekipore<br \/>\nAleksa Stojanoviq-medalje bronzi ne kata ekipore<\/span><\/p>\n<p><span class=\"text_exposed_show\"><a href=\"http:\/\/www.visit-ulcinj.com\/blog\/wp-content\/uploads\/2015\/05\/KarateClub-Champion-Ulcinj-2.jpg\"><img loading=\"lazy\" class=\"alignleft wp-image-90494\" src=\"http:\/\/www.visit-ulcinj.com\/blog\/wp-content\/uploads\/2015\/05\/KarateClub-Champion-Ulcinj-2.jpg\" alt=\"KarateClub Champion Ulcinj-2\" width=\"508\" height=\"381\" srcset=\"https:\/\/www.visit-ulcinj.com\/blog\/wp-content\/uploads\/2015\/05\/KarateClub-Champion-Ulcinj-2.jpg 640w, https:\/\/www.visit-ulcinj.com\/blog\/wp-content\/uploads\/2015\/05\/KarateClub-Champion-Ulcinj-2-300x225.jpg 300w\" sizes=\"(max-width: 508px) 100vw, 508px\" \/><\/a><br \/>\nTraineri I klubit te karatese Champion,Lek Markiqi qe njeherit eshte dhe selektori I ketyre grupmoshave,I uron te gjithe garuesit e qytetit te Ulqinit,te cilet u shperblyen me medalje dhe u bene pjese e perfaqesueses se Malit te Zi.<\/span><\/p>\n","protected":false},"excerpt":{"rendered":"<p>Me date 03.05.2015 ne Herceg Novi,u mbajt kampionati shteteror ne karate per kategorine e fatosave,pioniereve te rinj,pioniereve dhe shpresave.Ky kampionat mblodhi gjithsej 349 sportiste nga Mali I Zi. Klubi I karatese Champion duhej te merrte pjese me 21 garues por shkaqe financiare u paraqit vetem me 12 garues.Gjithsesi suksesi nuk mungoi! Garuesit e kk Champion [&hellip;]<\/p>\n","protected":false},"author":1,"featured_media":0,"comment_status":"closed","ping_status":"closed","sticky":false,"template":"","format":"standard","meta":{"spay_email":"","jetpack_publicize_message":"","jetpack_is_tweetstorm":false,"jetpack_publicize_feature_enabled":true},"categories":[12],"tags":[],"jetpack_publicize_connections":[],"yoast_head":"<!-- This site is optimized with the Yoast SEO plugin v19.1 - https:\/\/yoast.com\/wordpress\/plugins\/seo\/ -->\n<title>Leona Markiq p\u00ebrs\u00ebri kampione e Malit t\u00eb Zi! - Lajme nga Ulqini<\/title>\n<meta name=\"description\" content=\"Me date 03.05.2015 ne Herceg Novi,u mbajt kampionati shteteror ne karate per kategorine e fatosave,pioniereve te rinj,pioniereve dhe shpresave.Ky\" \/>\n<meta name=\"robots\" content=\"index, follow, max-snippet:-1, max-image-preview:large, max-video-preview:-1\" \/>\n<link rel=\"canonical\" href=\"https:\/\/www.visit-ulcinj.com\/blog\/2015\/05\/15\/leona-markiq-perseri-kampione-e-malit-te-zi\/\" \/>\n<meta property=\"og:locale\" content=\"en_US\" \/>\n<meta property=\"og:type\" content=\"article\" \/>\n<meta property=\"og:title\" content=\"Leona Markiq p\u00ebrs\u00ebri kampione e Malit t\u00eb Zi! - Lajme nga Ulqini\" \/>\n<meta property=\"og:description\" content=\"Me date 03.05.2015 ne Herceg Novi,u mbajt kampionati shteteror ne karate per kategorine e fatosave,pioniereve te rinj,pioniereve dhe shpresave.Ky\" \/>\n<meta property=\"og:url\" content=\"https:\/\/www.visit-ulcinj.com\/blog\/2015\/05\/15\/leona-markiq-perseri-kampione-e-malit-te-zi\/\" \/>\n<meta property=\"og:site_name\" content=\"Lajme nga Ulqini\" \/>\n<meta property=\"article:published_time\" content=\"2015-05-15T05:33:00+00:00\" \/>\n<meta property=\"og:image\" content=\"http:\/\/www.visit-ulcinj.com\/blog\/wp-content\/uploads\/2015\/05\/KarateClub-Champion-Ulcinj-Leona-Markic.jpg\" \/>\n<meta name=\"twitter:label1\" content=\"Written by\" \/>\n\t<meta name=\"twitter:data1\" content=\"ulqini\" \/>\n\t<meta name=\"twitter:label2\" content=\"Est. reading time\" \/>\n\t<meta name=\"twitter:data2\" content=\"1 minute\" \/>\n<script type=\"application\/ld+json\" class=\"yoast-schema-graph\">{\"@context\":\"https:\/\/schema.org\",\"@graph\":[{\"@type\":\"WebSite\",\"@id\":\"https:\/\/www.visit-ulcinj.com\/blog\/#website\",\"url\":\"https:\/\/www.visit-ulcinj.com\/blog\/\",\"name\":\"Lajme nga Ulqini\",\"description\":\"Lajme,Vijesti,Ulqini,Ulqin,Crna Gora,Mali i Zi\",\"potentialAction\":[{\"@type\":\"SearchAction\",\"target\":{\"@type\":\"EntryPoint\",\"urlTemplate\":\"https:\/\/www.visit-ulcinj.com\/blog\/?s={search_term_string}\"},\"query-input\":\"required name=search_term_string\"}],\"inLanguage\":\"en-US\"},{\"@type\":\"ImageObject\",\"inLanguage\":\"en-US\",\"@id\":\"https:\/\/www.visit-ulcinj.com\/blog\/2015\/05\/15\/leona-markiq-perseri-kampione-e-malit-te-zi\/#primaryimage\",\"url\":\"https:\/\/www.visit-ulcinj.com\/blog\/wp-content\/uploads\/2015\/05\/KarateClub-Champion-Ulcinj-Leona-Markic.jpg\",\"contentUrl\":\"https:\/\/www.visit-ulcinj.com\/blog\/wp-content\/uploads\/2015\/05\/KarateClub-Champion-Ulcinj-Leona-Markic.jpg\",\"width\":480,\"height\":564},{\"@type\":\"WebPage\",\"@id\":\"https:\/\/www.visit-ulcinj.com\/blog\/2015\/05\/15\/leona-markiq-perseri-kampione-e-malit-te-zi\/#webpage\",\"url\":\"https:\/\/www.visit-ulcinj.com\/blog\/2015\/05\/15\/leona-markiq-perseri-kampione-e-malit-te-zi\/\",\"name\":\"Leona Markiq p\u00ebrs\u00ebri kampione e Malit t\u00eb Zi! - Lajme nga Ulqini\",\"isPartOf\":{\"@id\":\"https:\/\/www.visit-ulcinj.com\/blog\/#website\"},\"primaryImageOfPage\":{\"@id\":\"https:\/\/www.visit-ulcinj.com\/blog\/2015\/05\/15\/leona-markiq-perseri-kampione-e-malit-te-zi\/#primaryimage\"},\"datePublished\":\"2015-05-15T05:33:00+00:00\",\"dateModified\":\"2015-05-15T05:33:00+00:00\",\"author\":{\"@id\":\"https:\/\/www.visit-ulcinj.com\/blog\/#\/schema\/person\/dcab619c614d3038751c63bc2aadc06d\"},\"description\":\"Me date 03.05.2015 ne Herceg Novi,u mbajt kampionati shteteror ne karate per kategorine e fatosave,pioniereve te rinj,pioniereve dhe shpresave.Ky\",\"breadcrumb\":{\"@id\":\"https:\/\/www.visit-ulcinj.com\/blog\/2015\/05\/15\/leona-markiq-perseri-kampione-e-malit-te-zi\/#breadcrumb\"},\"inLanguage\":\"en-US\",\"potentialAction\":[{\"@type\":\"ReadAction\",\"target\":[\"https:\/\/www.visit-ulcinj.com\/blog\/2015\/05\/15\/leona-markiq-perseri-kampione-e-malit-te-zi\/\"]}]},{\"@type\":\"BreadcrumbList\",\"@id\":\"https:\/\/www.visit-ulcinj.com\/blog\/2015\/05\/15\/leona-markiq-perseri-kampione-e-malit-te-zi\/#breadcrumb\",\"itemListElement\":[{\"@type\":\"ListItem\",\"position\":1,\"name\":\"Leona Markiq p\u00ebrs\u00ebri kampione e Malit t\u00eb Zi!\"}]},{\"@type\":\"Person\",\"@id\":\"https:\/\/www.visit-ulcinj.com\/blog\/#\/schema\/person\/dcab619c614d3038751c63bc2aadc06d\",\"name\":\"ulqini\",\"sameAs\":[\"http:\/\/www.visit-ulcinj.com\"],\"url\":\"https:\/\/www.visit-ulcinj.com\/blog\/author\/admin\/\"}]}<\/script>\n<!-- \/ Yoast SEO plugin. -->","yoast_head_json":{"title":"Leona Markiq p\u00ebrs\u00ebri kampione e Malit t\u00eb Zi! - Lajme nga Ulqini","description":"Me date 03.05.2015 ne Herceg Novi,u mbajt kampionati shteteror ne karate per kategorine e fatosave,pioniereve te rinj,pioniereve dhe shpresave.Ky","robots":{"index":"index","follow":"follow","max-snippet":"max-snippet:-1","max-image-preview":"max-image-preview:large","max-video-preview":"max-video-preview:-1"},"canonical":"https:\/\/www.visit-ulcinj.com\/blog\/2015\/05\/15\/leona-markiq-perseri-kampione-e-malit-te-zi\/","og_locale":"en_US","og_type":"article","og_title":"Leona Markiq p\u00ebrs\u00ebri kampione e Malit t\u00eb Zi! - Lajme nga Ulqini","og_description":"Me date 03.05.2015 ne Herceg Novi,u mbajt kampionati shteteror ne karate per kategorine e fatosave,pioniereve te rinj,pioniereve dhe shpresave.Ky","og_url":"https:\/\/www.visit-ulcinj.com\/blog\/2015\/05\/15\/leona-markiq-perseri-kampione-e-malit-te-zi\/","og_site_name":"Lajme nga Ulqini","article_published_time":"2015-05-15T05:33:00+00:00","og_image":[{"url":"http:\/\/www.visit-ulcinj.com\/blog\/wp-content\/uploads\/2015\/05\/KarateClub-Champion-Ulcinj-Leona-Markic.jpg"}],"twitter_misc":{"Written by":"ulqini","Est. reading time":"1 minute"},"schema":{"@context":"https:\/\/schema.org","@graph":[{"@type":"WebSite","@id":"https:\/\/www.visit-ulcinj.com\/blog\/#website","url":"https:\/\/www.visit-ulcinj.com\/blog\/","name":"Lajme nga Ulqini","description":"Lajme,Vijesti,Ulqini,Ulqin,Crna Gora,Mali i Zi","potentialAction":[{"@type":"SearchAction","target":{"@type":"EntryPoint","urlTemplate":"https:\/\/www.visit-ulcinj.com\/blog\/?s={search_term_string}"},"query-input":"required name=search_term_string"}],"inLanguage":"en-US"},{"@type":"ImageObject","inLanguage":"en-US","@id":"https:\/\/www.visit-ulcinj.com\/blog\/2015\/05\/15\/leona-markiq-perseri-kampione-e-malit-te-zi\/#primaryimage","url":"https:\/\/www.visit-ulcinj.com\/blog\/wp-content\/uploads\/2015\/05\/KarateClub-Champion-Ulcinj-Leona-Markic.jpg","contentUrl":"https:\/\/www.visit-ulcinj.com\/blog\/wp-content\/uploads\/2015\/05\/KarateClub-Champion-Ulcinj-Leona-Markic.jpg","width":480,"height":564},{"@type":"WebPage","@id":"https:\/\/www.visit-ulcinj.com\/blog\/2015\/05\/15\/leona-markiq-perseri-kampione-e-malit-te-zi\/#webpage","url":"https:\/\/www.visit-ulcinj.com\/blog\/2015\/05\/15\/leona-markiq-perseri-kampione-e-malit-te-zi\/","name":"Leona Markiq p\u00ebrs\u00ebri kampione e Malit t\u00eb Zi! - Lajme nga Ulqini","isPartOf":{"@id":"https:\/\/www.visit-ulcinj.com\/blog\/#website"},"primaryImageOfPage":{"@id":"https:\/\/www.visit-ulcinj.com\/blog\/2015\/05\/15\/leona-markiq-perseri-kampione-e-malit-te-zi\/#primaryimage"},"datePublished":"2015-05-15T05:33:00+00:00","dateModified":"2015-05-15T05:33:00+00:00","author":{"@id":"https:\/\/www.visit-ulcinj.com\/blog\/#\/schema\/person\/dcab619c614d3038751c63bc2aadc06d"},"description":"Me date 03.05.2015 ne Herceg Novi,u mbajt kampionati shteteror ne karate per kategorine e fatosave,pioniereve te rinj,pioniereve dhe shpresave.Ky","breadcrumb":{"@id":"https:\/\/www.visit-ulcinj.com\/blog\/2015\/05\/15\/leona-markiq-perseri-kampione-e-malit-te-zi\/#breadcrumb"},"inLanguage":"en-US","potentialAction":[{"@type":"ReadAction","target":["https:\/\/www.visit-ulcinj.com\/blog\/2015\/05\/15\/leona-markiq-perseri-kampione-e-malit-te-zi\/"]}]},{"@type":"BreadcrumbList","@id":"https:\/\/www.visit-ulcinj.com\/blog\/2015\/05\/15\/leona-markiq-perseri-kampione-e-malit-te-zi\/#breadcrumb","itemListElement":[{"@type":"ListItem","position":1,"name":"Leona Markiq p\u00ebrs\u00ebri kampione e Malit t\u00eb Zi!"}]},{"@type":"Person","@id":"https:\/\/www.visit-ulcinj.com\/blog\/#\/schema\/person\/dcab619c614d3038751c63bc2aadc06d","name":"ulqini","sameAs":["http:\/\/www.visit-ulcinj.com"],"url":"https:\/\/www.visit-ulcinj.com\/blog\/author\/admin\/"}]}},"jetpack_featured_media_url":"","jetpack_sharing_enabled":true,"jetpack_shortlink":"https:\/\/wp.me\/pe6lTn-nxw","_links":{"self":[{"href":"https:\/\/www.visit-ulcinj.com\/blog\/wp-json\/wp\/v2\/posts\/90490"}],"collection":[{"href":"https:\/\/www.visit-ulcinj.com\/blog\/wp-json\/wp\/v2\/posts"}],"about":[{"href":"https:\/\/www.visit-ulcinj.com\/blog\/wp-json\/wp\/v2\/types\/post"}],"author":[{"embeddable":true,"href":"https:\/\/www.visit-ulcinj.com\/blog\/wp-json\/wp\/v2\/users\/1"}],"replies":[{"embeddable":true,"href":"https:\/\/www.visit-ulcinj.com\/blog\/wp-json\/wp\/v2\/comments?post=90490"}],"version-history":[{"count":1,"href":"https:\/\/www.visit-ulcinj.com\/blog\/wp-json\/wp\/v2\/posts\/90490\/revisions"}],"predecessor-version":[{"id":90495,"href":"https:\/\/www.visit-ulcinj.com\/blog\/wp-json\/wp\/v2\/posts\/90490\/revisions\/90495"}],"wp:attachment":[{"href":"https:\/\/www.visit-ulcinj.com\/blog\/wp-json\/wp\/v2\/media?parent=90490"}],"wp:term":[{"taxonomy":"category","embeddable":true,"href":"https:\/\/www.visit-ulcinj.com\/blog\/wp-json\/wp\/v2\/categories?post=90490"},{"taxonomy":"post_tag","embeddable":true,"href":"https:\/\/www.visit-ulcinj.com\/blog\/wp-json\/wp\/v2\/tags?post=90490"}],"curies":[{"name":"wp","href":"https:\/\/api.w.org\/{rel}","templated":true}]}}