{"id":90502,"date":"2015-05-15T22:17:09","date_gmt":"2015-05-15T21:17:09","guid":{"rendered":"http:\/\/www.visit-ulcinj.com\/blog\/?p=90502"},"modified":"2015-05-15T22:17:09","modified_gmt":"2015-05-15T21:17:09","slug":"shkreli-na-ishte-dikure-besa-e-shqiptarit","status":"publish","type":"post","link":"https:\/\/www.visit-ulcinj.com\/blog\/2015\/05\/15\/shkreli-na-ishte-dikure-besa-e-shqiptarit\/","title":{"rendered":"Shkreli: Na ishte dikur\u00eb besa e Shqiptarit!"},"content":{"rendered":"<p><a href=\"http:\/\/www.visit-ulcinj.com\/blog\/wp-content\/uploads\/2014\/08\/Frank-Shkreli.jpg\"><img loading=\"lazy\" class=\"alignleft size-full wp-image-84592\" src=\"http:\/\/www.visit-ulcinj.com\/blog\/wp-content\/uploads\/2014\/08\/Frank-Shkreli.jpg\" alt=\"Frank-Shkreli\" width=\"267\" height=\"148\" \/><\/a>\u00a0 Nga Frank Shkreli<\/p>\n<p>Disa dit\u00eb m\u00eb par\u00eb Presidenti i Shqip\u00ebris\u00eb, Bujar Nishani vizitoi kryeqytetin e shtetit t\u00eb New \u00a0York-ut,\u00a0 Albany,\u00a0 ku ishte ftuar p\u00ebr t\u00eb marr\u00eb pjes\u00eb\u00a0n\u00eb ceremonit\u00eb q\u00eb u zhvilluan\u00a0nga\u00a0legjislatura e New Yorkut &#8212;\u00a0ku tani b\u00ebn pjes\u00eb edhe Shqiptaro-Amerikani Mark Gjonaj, \u00a0i cili ndihmoi n\u00eb organizimin e k\u00ebtij manifestimi prestigjoz &#8212;\u00a0p\u00ebr t\u00eb nderuar Bes\u00ebn e shqiptar\u00ebve\u00a0dhe rolin q\u00eb shqiptar\u00ebt luajt\u00ebn gjat\u00eb Luft\u00ebs s\u00eb dyt\u00eb Bot\u00ebrore n\u00eb shp\u00ebtimin e hebrejve gjat\u00eb asaj periudhe.\u00a0\u00a0 Presidenti Nishani, n\u00eb rolin e tij t\u00eb kryetarit t\u00eb shtetit shqiptar mori pjes\u00eb n\u00eb k\u00ebto ceremoni q\u00eb n\u00eb t\u00eb v\u00ebrtet\u00eb\u00a0e pasqyruan kombin\u00a0shqiptar n\u00eb drit\u00ebn ma pozitive q\u00eb \u00ebsht\u00eb e mundur,\u00a0fal\u00eb rolit q\u00eb kan\u00eb luajtur\u00a0disa familje shqiptare n\u00eb shp\u00ebtimin e hebrejve gjat\u00eb luft\u00ebs s\u00eb Dyt\u00eb Bot\u00ebrore.\u00a0 Me t\u00eb drejt\u00eb dhe me\u00a0krenari u tha se Shqip\u00ebria ishte\u00a0i vetmi vend n\u00eb Europ\u00eb\u00a0i cili kishte m\u00eb shum\u00eb hebrenj\u00eb n\u00eb mbarim t\u00eb luft\u00ebs se sa n\u00eb fillim t\u00eb luft\u00ebs dhe kjo iu atribua faktit se shqiptar\u00ebt jo vet\u00ebm mbrojt\u00ebn hebrenjt\u00eb q\u00eb jetonin n\u00eb Shqip\u00ebri, por strehuan edhe t\u00eb tjer\u00eb q\u00eb po arratiseshin nga vendet e tjera europiane. Ishte ky me t\u00eb v\u00ebrtet\u00eb nj\u00eb moment krenarie p\u00ebr t\u00eb gjith\u00eb shqiptar\u00ebt, por sidomos p\u00ebr ne q\u00eb jetojm\u00eb n\u00eb Shtetet e Bashkuara, p\u00ebr faktin\u00a0se vendi yn\u00eb\u00a0i adaptuar e gj\u00ebn\u00eb rastin dhe merr\u00a0kurajon p\u00ebr t\u00eb njohur k\u00ebt\u00eb tradit\u00eb morale me vler\u00eb t\u00eb\u00a0shqiptar\u00ebve, q\u00eb i ka dalluar ata gjat\u00eb shekujve\u00a0&#8212; Bes\u00ebn e dh\u00ebn\u00eb.<\/p>\n<p>&nbsp;<\/p>\n<p>Besa e dh\u00ebn\u00eb, nderi, dhe burr\u00ebnia s\u00eb bashku me mikpritjen jan\u00eb\u00a0veti morale q\u00eb e kan\u00eb dalluar dikur\u00eb kombin shqiptar nga t\u00eb tjer\u00ebt.\u00a0 Besa ishte e pandar\u00eb nga vetit\u00eb e tjera t\u00eb shqiptarit: nderi e burr\u00ebnia.\u00a0 Kur thehej besa, humbej edhe nderi edhe burr\u00ebria.\u00a0 K\u00ebto veti pra,\u00a0ishin dikur\u00eb d\u00ebshmi e nj\u00eb superioriteti moral t\u00eb shqiptar\u00ebve q\u00eb\u00a0i kishte\u00a0dalluar ata nd\u00ebr shekuj\u00a0dhe\u00a0i jepte nder kombit, si\u00a0p\u00ebrball\u00eb\u00a0miq\u00ebve ashtu\u00a0dhe nga\u00a0armiqt\u00eb.\u00a0 K\u00ebto veti ishin parime t\u00eb prera,\u00a0 karakteristika n\u00eb baz\u00eb t\u00eb cilave\u00a0jetojshin\u00a0dhe zhvillonin aktivitetet gjysh\u00ebrit dhe st\u00ebrgjysh\u00ebrit e shqiptar\u00ebve.<\/p>\n<p>&nbsp;<\/p>\n<p>Ishte Besa, pik\u00eb s\u00eb pari n\u00eb\u00a0Zotin, natyrisht secili n\u00eb fen\u00eb e vet\u00eb.\u00a0 Bazuar n\u00eb tradit\u00ebn goj\u00ebdhanore,\u00a0vetit\u00eb komb\u00ebtare si besa, s\u00eb bashku me nderin dhe burr\u00ebrin\u00eb\u00a0i bashkonte\u00a0shqiptar\u00ebt me nj\u00ebri tjetrin, pa marr\u00eb parasysh\u00eb dallimet.\u00a0\u00a0Bazuar n\u00eb k\u00ebto parime, ata\u00a0gjat\u00eb shekujve kishin gjetur nj\u00eb\u00a0bashkjetes\u00eb t\u00eb nder\u00ebshme me nj\u00ebri tjet\u00ebrin.<\/p>\n<p>&nbsp;<\/p>\n<p>Besa ndaj vetvetes dhe besa ndaj nj\u00ebri tjetrit!\u00a0 Megjith\u00ebse t\u00eb varf\u00ebr, besa, nderi dhe burr\u00ebnia b\u00ebnin q\u00eb bashkjetesa dhe respekti p\u00ebr nj\u00ebri tjetrin t\u00eb lul\u00ebzonin megjith\u00eb rrethanat e v\u00ebshtira n\u00ebn t\u00eb cilat jetonin shqiptar\u00ebt. Sh\u00ebrbenin q\u00eb t\u00eb\u00a0vendoseshin dhe t\u00eb ruheshin\u00a0lidhjet dhe miq\u00ebsit\u00eb midis tyre,\u00a0pa marr\u00eb parasysh\u00eb ndryshimet politike,\u00a0fetare ose krahinore.\u00a0 Besa ishte bes\u00eb, fjal\u00eb e dh\u00ebn\u00eb e fjal\u00eb e mbajtur!\u00a0\u00a0 &#8220;Burri lidhet p\u00ebr fjalet, e kau p\u00ebr brinash&#8221;. \u00a0Dikur, por edhe sot\u00a0nd\u00ebr malet tona b\u00ebhet be,\u00a0&#8221;P\u00ebr bes\u00eb&#8221; dhe\u00a0kur takoheshin dy burra\u00a0p\u00ebrsh\u00ebndesnin nj\u00ebri tjetrin: &#8220;A je Burr\u00eb? Me fjal\u00eb t\u00eb tjera, &#8220;A je burr\u00eb\u00a0i bes\u00ebs?<\/p>\n<p>&nbsp;<\/p>\n<p>Pastaj na erdhi &#8220;progresi&#8221; i ideologjive t\u00eb huaja, imponuar nga t\u00eb huajt me q\u00ebllim p\u00ebr t\u00eb ndryshuar njeriun shqiptar, me misionin q\u00eb me \u00e7do kusht\u00a0duhej krijuar &#8220;njeriu i\u00a0ri&#8221;. N\u00eb rend t\u00eb par\u00eb duke hedhur posht\u00eb dhe duke\u00a0i p\u00ebrbuzur k\u00ebto veti tradicionale autoktone t\u00eb shqiptar\u00ebve, p\u00ebrfshir\u00eb Bes\u00ebn e dh\u00ebn\u00eb\u00a0&#8212; nevoja k\u00ebto\u00a0shpirt\u00ebrore dhe morale\u00a0t\u00eb kombit, mbi t\u00eb cilat ishte\u00a0bazuar jeta dhe veprimtaria e shqiptarit, brez pas brezi.\u00a0\u00a0P\u00ebr nj\u00eb gjys\u00ebm shekulli ideolog\u00ebt komunist\u00eb\u00a0i kan\u00eb cil\u00ebsuar ato\u00a0veti\u00a0shekullore t\u00eb shqiptar\u00ebve si t\u00eb kalbura,\u00a0t\u00eb nj\u00eb shoq\u00ebrie t\u00eb\u00a0prapambetur dhe sipas tyre,\u00a0tradita k\u00ebto t\u00eb pa asnj\u00eb vler\u00eb q\u00eb nuk i sh\u00ebrbejn\u00eb p\u00ebrparimit mdoern dhe \u00a0t\u00eb cilat kan\u00eb shkaktuar vet\u00ebm\u00a0nj\u00eb fosilizim t\u00eb\u00a0jet\u00ebs s\u00eb kombit.<\/p>\n<p>&nbsp;<\/p>\n<p>Mir\u00ebpo, ceremonit\u00eb n\u00eb legjislatur\u00ebn e\u00a0New Yorkut dhe pjesmarrja e kryetarit t\u00eb shtetit shqiptar, Bujar Nishanit n\u00eb\u00a0ato ceremoni\u00a0k\u00ebt\u00eb muaj, tregojn\u00eb se traditat\u00a0q\u00eb i kan\u00eb dalluar shqiptar\u00ebt nd\u00ebr shekuj, si\u00e7 jan\u00eb Besa, Nderi, Burr\u00ebnia dhe Mikpritja,\u00a0e\u00a0b\u00ebjn\u00eb krenar kombin shqiptar, jo vet\u00ebm me veten e vet, por dhe para t\u00eb tjerve t\u00eb cil\u00ebt i vler\u00ebsojn\u00eb k\u00ebto veti njer\u00ebzore &#8212; vlera k\u00ebto\u00a0t\u00eb cilat\u00a0jan\u00eb nj\u00eb trash\u00ebgimi st\u00ebrgjyshore\u00a0q\u00eb si\u00e7 u pa edhe nga ceremonit\u00eb n\u00eb Albany, meritojn\u00eb t\u00eb vler\u00ebsohen edhe nga bota e sot\u00ebme e qytet\u00ebruar per\u00ebndimore.<\/p>\n<p>&nbsp;<\/p>\n<p>Duke folur me nj\u00eb mik timin p\u00ebr nderin\u00a0dhe respektin q\u00eb\u00a0ligjvensit e New Yorkut\u00a0u b\u00ebn\u00eb shqiptar\u00ebve\u00a0q\u00eb shp\u00ebtuan\u00a0dhe strehuan\u00a0hebrenjt\u00eb nga\u00a0ndjekjet naziste gjat\u00eb luft\u00ebs, ai m\u00eb tha se megjith krenarin\u00eb q\u00eb ndjejm\u00eb t\u00eb gjith\u00eb nga njohja q\u00eb iu b\u00eb shqiptarve n\u00eb kryeqytetin e New Yorkut n\u00eb Albany,\u00a0ai shtoi se ka bindjen se e kemi shtrydhur mjaft\u00a0k\u00ebt\u00eb limon, si\u00e7 u shpreh ai &#8212;\u00a0duke iu referuar\u00a0strehimit t\u00eb hebrenjeve nga shqiptar\u00ebt 70-vjet\u00eb m\u00eb par\u00eb, n\u00eb saje t\u00eb bes\u00ebs s\u00eb dh\u00ebn\u00eb shqiptare &#8212; dhe se ka ardhur koha q\u00eb t&#8217;i tregojm\u00eb bot\u00ebs se shqiptar\u00ebt dhe\u00a0prijsat e tyre politik\u00eb, t\u00eb pasqyrojn\u00eb, sidomos n\u00eb marr\u00ebdh\u00ebnjet me nj\u00ebri tjetrin\u00a0se ata edhe sot jan\u00eb\u00a0bart\u00ebs t\u00eb denj\u00eb t\u00eb k\u00ebsaj tradite.<\/p>\n<p>&nbsp;<\/p>\n<p>A ka njer\u00ebz t\u00eb bes\u00ebs dhe fjal\u00ebs s\u00eb dh\u00ebn\u00eb\u00a0sot nd\u00ebr\u00a0shqiptar\u00eb?<\/p>\n<p>&nbsp;<\/p>\n<p>Un\u00eb jam dakort me mikun tim se strehimi i hebrejn\u00ebve nga shqiptar\u00ebt gjat\u00eb Luft\u00ebs s\u00eb dyt\u00eb Bot\u00ebrore, ndon\u00ebse nj\u00eb akt humanitar dhe heroic q\u00eb ka t\u00ebrhequr v\u00ebmendjen e bot\u00ebs dhe\u00a0p\u00ebr t\u00eb cilin t\u00eb gjith\u00eb ne jemi krenar\u00eb &#8212; i takon historis\u00eb dhe pajtohem me mikun tim\u00a0se ky limon nuk qet m\u00eb l\u00ebng\u00eb dhe se duhet q\u00eb\u00a0shqiptar\u00ebt, e\u00a0n\u00eb radh\u00eb t\u00eb pare,\u00a0udh\u00ebheqsit e sot\u00ebm politik\u00eb t\u00eb\u00a0kombit shqiptar, sidomos n\u00eb marr\u00ebdh\u00ebnjet me nj\u00ebri tjetrin, ti tregojn\u00eb\u00a0mbar\u00eb kombit dhe bot\u00ebs se ata dhe\u00a0mbar\u00eb kombi shqiptar posedojn\u00eb ende karakteristikat e fisit t\u00eb vjet\u00ebr shqiptar &#8212; sidomos\u00a0bes\u00ebn e\u00a0nderin, por edhe burr\u00ebnin\u00eb dhe mikpritjen &#8212; si baza themeltare t\u00eb trash\u00ebgimis\u00eb\u00a0brez pas brezi dhe n\u00eb baz\u00eb t\u00eb cilave p\u00ebrpiqen t\u00eb zhvillojn\u00eb veprimtarit\u00eb e tyre.<\/p>\n<p>&nbsp;<\/p>\n<p>\u00cbsht\u00eb e natyrshme q\u00eb jemi krenar\u00eb p\u00ebr brezat e m\u00ebparsh\u00ebm, p\u00ebr familjet shqiptare q\u00eb shp\u00ebtuan hebrenjt\u00eb,\u00a0vepra humanitare e\u00a0t\u00eb cil\u00ebve u njoh dhe u lavd\u00ebrua nga legjislator\u00ebt e shtetit t\u00eb New Yorkut.\u00a0\u00a0Por ka ardhur koha q\u00eb shqiptar\u00ebt\u00a0t\u00eb mburren\u00a0me\u00a0veprat q\u00eb kryejn\u00eb sot ata vet\u00eb, si individ\u00eb dhe si shoq\u00ebri, n\u00eb marr\u00ebdh\u00ebnjet me nj\u00ebri tjetrin dhe si grup n\u00eb shoq\u00ebri dhe n\u00eb marr\u00ebdh\u00ebnjet me kombet e tjera, duke u bazuar n\u00eb Bes\u00ebn tradicionale dhe n\u00eb Nderin e shqiptarit &#8211;vlera k\u00ebto t\u00eb\u00a0tradicionalizmit klasik t\u00eb kombit, t\u00eb cilat\u00a0gjithmon\u00eb i kan\u00eb dalluar\u00a0p\u00ebr mir\u00eb shqiptar\u00ebt edhe n\u00eb\u00a0syt\u00eb e\u00a0bot\u00ebs,\u00a0 ashtu si\u00e7 u shpreh gjat\u00eb ceremonive n\u00eb Albany\u00a0edhe fotgrafi i njohur dhe\u00a0i mbijetuari i holokaustit nazist Norman Greshman, kur tha se\u00a0 \u201cShqip\u00ebria, ka nj\u00eb eksport t\u00eb shk\u00eblqyer. Nuk \u00ebsht\u00eb frut, as zarzavate. Quhet Besa&#8221;.<\/p>\n<p>&nbsp;<\/p>\n<p>D\u00ebshira e k\u00ebtij shqiptari (tradicionalist) p\u00ebrtej\u00a0oqeanit \u00ebsht\u00eb q\u00eb\u00a0ashtu si dikur\u00eb, Besa dhe Nderi t\u00eb jen\u00eb p\u00ebrs\u00ebri\u00a0karakteristik\u00eb e krenaris\u00eb s\u00eb kombit shqiptar, sidomos n\u00eb marr\u00ebdh\u00ebnjet e shqiptar\u00ebve me nj\u00ebri tjetrin pa dallime politike, krahinore ose fetare. I takon k\u00ebtij brezi q\u00eb me veprimtarin\u00eb e tij ta dalloj\u00eb kombin shqiptar nga t\u00eb tjer\u00ebt, duke p\u00ebrqafuar k\u00ebto veti tradicionale dhe historike,\u00a0n\u00eb\u00a0at\u00eb \u00e7erdhe \u00a0t\u00eb p\u00ebrbashk\u00ebt e quajtur Shqip\u00ebri\u00a0dhe an\u00eb e mban\u00eb trojeve shqiptare, pasi d\u00ebshiroj t\u2019i shoh shqiptar\u00ebt t\u00eb lidhur Besa Bes\u00eb me nj\u00ebri tjetrin, me q\u00ebllim t\u00eb realizimit t\u00eb interesave komb\u00ebtare dhe si rrjedhim t\u00eb jen\u00eb t\u00eb nderuar dhe t\u00eb respektuar nga t\u00eb tjer\u00ebt p\u00ebr Bes\u00eb, Nder, Burr\u00ebni dhe Mikpritje, ashtu si\u00e7 u nderuan n\u00eb New York shqiptar\u00ebt e shekullit t\u00eb kaluar p\u00ebr nj\u00eb veprimtari humane para 70-vitesh, fal\u00eb k\u00ebtyre karakteristikave.<\/p>\n<p>&nbsp;<\/p>\n<p>Nga Frank Shkreli<\/p>\n","protected":false},"excerpt":{"rendered":"<p>\u00a0 Nga Frank Shkreli Disa dit\u00eb m\u00eb par\u00eb Presidenti i Shqip\u00ebris\u00eb, Bujar Nishani vizitoi kryeqytetin e shtetit t\u00eb New \u00a0York-ut,\u00a0 Albany,\u00a0 ku ishte ftuar p\u00ebr t\u00eb marr\u00eb pjes\u00eb\u00a0n\u00eb ceremonit\u00eb q\u00eb u zhvilluan\u00a0nga\u00a0legjislatura e New Yorkut &#8212;\u00a0ku tani b\u00ebn pjes\u00eb edhe Shqiptaro-Amerikani Mark Gjonaj, \u00a0i cili ndihmoi n\u00eb organizimin e k\u00ebtij manifestimi prestigjoz &#8212;\u00a0p\u00ebr t\u00eb nderuar [&hellip;]<\/p>\n","protected":false},"author":1,"featured_media":0,"comment_status":"closed","ping_status":"closed","sticky":false,"template":"","format":"standard","meta":{"spay_email":"","jetpack_publicize_message":"","jetpack_is_tweetstorm":false,"jetpack_publicize_feature_enabled":true},"categories":[7],"tags":[],"jetpack_publicize_connections":[],"yoast_head":"<!-- This site is optimized with the Yoast SEO plugin v19.1 - https:\/\/yoast.com\/wordpress\/plugins\/seo\/ -->\n<title>Shkreli: Na ishte dikur\u00eb besa e Shqiptarit! - Lajme nga Ulqini<\/title>\n<meta name=\"description\" content=\"\u00a0 Nga Frank Shkreli Disa dit\u00eb m\u00eb par\u00eb Presidenti i Shqip\u00ebris\u00eb, Bujar Nishani vizitoi kryeqytetin e shtetit t\u00eb New \u00a0York-ut,\u00a0 Albany,\u00a0 ku ishte ftuar p\u00ebr\" \/>\n<meta name=\"robots\" content=\"index, follow, max-snippet:-1, max-image-preview:large, max-video-preview:-1\" \/>\n<link rel=\"canonical\" href=\"https:\/\/www.visit-ulcinj.com\/blog\/2015\/05\/15\/shkreli-na-ishte-dikure-besa-e-shqiptarit\/\" \/>\n<meta property=\"og:locale\" content=\"en_US\" \/>\n<meta property=\"og:type\" content=\"article\" \/>\n<meta property=\"og:title\" content=\"Shkreli: Na ishte dikur\u00eb besa e Shqiptarit! - Lajme nga Ulqini\" \/>\n<meta property=\"og:description\" content=\"\u00a0 Nga Frank Shkreli Disa dit\u00eb m\u00eb par\u00eb Presidenti i Shqip\u00ebris\u00eb, Bujar Nishani vizitoi kryeqytetin e shtetit t\u00eb New \u00a0York-ut,\u00a0 Albany,\u00a0 ku ishte ftuar p\u00ebr\" \/>\n<meta property=\"og:url\" content=\"https:\/\/www.visit-ulcinj.com\/blog\/2015\/05\/15\/shkreli-na-ishte-dikure-besa-e-shqiptarit\/\" \/>\n<meta property=\"og:site_name\" content=\"Lajme nga Ulqini\" \/>\n<meta property=\"article:published_time\" content=\"2015-05-15T21:17:09+00:00\" \/>\n<meta property=\"og:image\" content=\"http:\/\/www.visit-ulcinj.com\/blog\/wp-content\/uploads\/2014\/08\/Frank-Shkreli.jpg\" \/>\n<meta name=\"twitter:label1\" content=\"Written by\" \/>\n\t<meta name=\"twitter:data1\" content=\"ulqini\" \/>\n\t<meta name=\"twitter:label2\" content=\"Est. reading time\" \/>\n\t<meta name=\"twitter:data2\" content=\"7 minutes\" \/>\n<script type=\"application\/ld+json\" class=\"yoast-schema-graph\">{\"@context\":\"https:\/\/schema.org\",\"@graph\":[{\"@type\":\"WebSite\",\"@id\":\"https:\/\/www.visit-ulcinj.com\/blog\/#website\",\"url\":\"https:\/\/www.visit-ulcinj.com\/blog\/\",\"name\":\"Lajme nga Ulqini\",\"description\":\"Lajme,Vijesti,Ulqini,Ulqin,Crna Gora,Mali i Zi\",\"potentialAction\":[{\"@type\":\"SearchAction\",\"target\":{\"@type\":\"EntryPoint\",\"urlTemplate\":\"https:\/\/www.visit-ulcinj.com\/blog\/?s={search_term_string}\"},\"query-input\":\"required name=search_term_string\"}],\"inLanguage\":\"en-US\"},{\"@type\":\"ImageObject\",\"inLanguage\":\"en-US\",\"@id\":\"https:\/\/www.visit-ulcinj.com\/blog\/2015\/05\/15\/shkreli-na-ishte-dikure-besa-e-shqiptarit\/#primaryimage\",\"url\":\"https:\/\/www.visit-ulcinj.com\/blog\/wp-content\/uploads\/2014\/08\/Frank-Shkreli.jpg\",\"contentUrl\":\"https:\/\/www.visit-ulcinj.com\/blog\/wp-content\/uploads\/2014\/08\/Frank-Shkreli.jpg\",\"width\":267,\"height\":148},{\"@type\":\"WebPage\",\"@id\":\"https:\/\/www.visit-ulcinj.com\/blog\/2015\/05\/15\/shkreli-na-ishte-dikure-besa-e-shqiptarit\/#webpage\",\"url\":\"https:\/\/www.visit-ulcinj.com\/blog\/2015\/05\/15\/shkreli-na-ishte-dikure-besa-e-shqiptarit\/\",\"name\":\"Shkreli: Na ishte dikur\u00eb besa e Shqiptarit! - Lajme nga Ulqini\",\"isPartOf\":{\"@id\":\"https:\/\/www.visit-ulcinj.com\/blog\/#website\"},\"primaryImageOfPage\":{\"@id\":\"https:\/\/www.visit-ulcinj.com\/blog\/2015\/05\/15\/shkreli-na-ishte-dikure-besa-e-shqiptarit\/#primaryimage\"},\"datePublished\":\"2015-05-15T21:17:09+00:00\",\"dateModified\":\"2015-05-15T21:17:09+00:00\",\"author\":{\"@id\":\"https:\/\/www.visit-ulcinj.com\/blog\/#\/schema\/person\/dcab619c614d3038751c63bc2aadc06d\"},\"description\":\"\u00a0 Nga Frank Shkreli Disa dit\u00eb m\u00eb par\u00eb Presidenti i Shqip\u00ebris\u00eb, Bujar Nishani vizitoi kryeqytetin e shtetit t\u00eb New \u00a0York-ut,\u00a0 Albany,\u00a0 ku ishte ftuar p\u00ebr\",\"breadcrumb\":{\"@id\":\"https:\/\/www.visit-ulcinj.com\/blog\/2015\/05\/15\/shkreli-na-ishte-dikure-besa-e-shqiptarit\/#breadcrumb\"},\"inLanguage\":\"en-US\",\"potentialAction\":[{\"@type\":\"ReadAction\",\"target\":[\"https:\/\/www.visit-ulcinj.com\/blog\/2015\/05\/15\/shkreli-na-ishte-dikure-besa-e-shqiptarit\/\"]}]},{\"@type\":\"BreadcrumbList\",\"@id\":\"https:\/\/www.visit-ulcinj.com\/blog\/2015\/05\/15\/shkreli-na-ishte-dikure-besa-e-shqiptarit\/#breadcrumb\",\"itemListElement\":[{\"@type\":\"ListItem\",\"position\":1,\"name\":\"Shkreli: Na ishte dikur\u00eb besa e Shqiptarit!\"}]},{\"@type\":\"Person\",\"@id\":\"https:\/\/www.visit-ulcinj.com\/blog\/#\/schema\/person\/dcab619c614d3038751c63bc2aadc06d\",\"name\":\"ulqini\",\"sameAs\":[\"http:\/\/www.visit-ulcinj.com\"],\"url\":\"https:\/\/www.visit-ulcinj.com\/blog\/author\/admin\/\"}]}<\/script>\n<!-- \/ Yoast SEO plugin. -->","yoast_head_json":{"title":"Shkreli: Na ishte dikur\u00eb besa e Shqiptarit! - Lajme nga Ulqini","description":"\u00a0 Nga Frank Shkreli Disa dit\u00eb m\u00eb par\u00eb Presidenti i Shqip\u00ebris\u00eb, Bujar Nishani vizitoi kryeqytetin e shtetit t\u00eb New \u00a0York-ut,\u00a0 Albany,\u00a0 ku ishte ftuar p\u00ebr","robots":{"index":"index","follow":"follow","max-snippet":"max-snippet:-1","max-image-preview":"max-image-preview:large","max-video-preview":"max-video-preview:-1"},"canonical":"https:\/\/www.visit-ulcinj.com\/blog\/2015\/05\/15\/shkreli-na-ishte-dikure-besa-e-shqiptarit\/","og_locale":"en_US","og_type":"article","og_title":"Shkreli: Na ishte dikur\u00eb besa e Shqiptarit! - Lajme nga Ulqini","og_description":"\u00a0 Nga Frank Shkreli Disa dit\u00eb m\u00eb par\u00eb Presidenti i Shqip\u00ebris\u00eb, Bujar Nishani vizitoi kryeqytetin e shtetit t\u00eb New \u00a0York-ut,\u00a0 Albany,\u00a0 ku ishte ftuar p\u00ebr","og_url":"https:\/\/www.visit-ulcinj.com\/blog\/2015\/05\/15\/shkreli-na-ishte-dikure-besa-e-shqiptarit\/","og_site_name":"Lajme nga Ulqini","article_published_time":"2015-05-15T21:17:09+00:00","og_image":[{"url":"http:\/\/www.visit-ulcinj.com\/blog\/wp-content\/uploads\/2014\/08\/Frank-Shkreli.jpg"}],"twitter_misc":{"Written by":"ulqini","Est. reading time":"7 minutes"},"schema":{"@context":"https:\/\/schema.org","@graph":[{"@type":"WebSite","@id":"https:\/\/www.visit-ulcinj.com\/blog\/#website","url":"https:\/\/www.visit-ulcinj.com\/blog\/","name":"Lajme nga Ulqini","description":"Lajme,Vijesti,Ulqini,Ulqin,Crna Gora,Mali i Zi","potentialAction":[{"@type":"SearchAction","target":{"@type":"EntryPoint","urlTemplate":"https:\/\/www.visit-ulcinj.com\/blog\/?s={search_term_string}"},"query-input":"required name=search_term_string"}],"inLanguage":"en-US"},{"@type":"ImageObject","inLanguage":"en-US","@id":"https:\/\/www.visit-ulcinj.com\/blog\/2015\/05\/15\/shkreli-na-ishte-dikure-besa-e-shqiptarit\/#primaryimage","url":"https:\/\/www.visit-ulcinj.com\/blog\/wp-content\/uploads\/2014\/08\/Frank-Shkreli.jpg","contentUrl":"https:\/\/www.visit-ulcinj.com\/blog\/wp-content\/uploads\/2014\/08\/Frank-Shkreli.jpg","width":267,"height":148},{"@type":"WebPage","@id":"https:\/\/www.visit-ulcinj.com\/blog\/2015\/05\/15\/shkreli-na-ishte-dikure-besa-e-shqiptarit\/#webpage","url":"https:\/\/www.visit-ulcinj.com\/blog\/2015\/05\/15\/shkreli-na-ishte-dikure-besa-e-shqiptarit\/","name":"Shkreli: Na ishte dikur\u00eb besa e Shqiptarit! - Lajme nga Ulqini","isPartOf":{"@id":"https:\/\/www.visit-ulcinj.com\/blog\/#website"},"primaryImageOfPage":{"@id":"https:\/\/www.visit-ulcinj.com\/blog\/2015\/05\/15\/shkreli-na-ishte-dikure-besa-e-shqiptarit\/#primaryimage"},"datePublished":"2015-05-15T21:17:09+00:00","dateModified":"2015-05-15T21:17:09+00:00","author":{"@id":"https:\/\/www.visit-ulcinj.com\/blog\/#\/schema\/person\/dcab619c614d3038751c63bc2aadc06d"},"description":"\u00a0 Nga Frank Shkreli Disa dit\u00eb m\u00eb par\u00eb Presidenti i Shqip\u00ebris\u00eb, Bujar Nishani vizitoi kryeqytetin e shtetit t\u00eb New \u00a0York-ut,\u00a0 Albany,\u00a0 ku ishte ftuar p\u00ebr","breadcrumb":{"@id":"https:\/\/www.visit-ulcinj.com\/blog\/2015\/05\/15\/shkreli-na-ishte-dikure-besa-e-shqiptarit\/#breadcrumb"},"inLanguage":"en-US","potentialAction":[{"@type":"ReadAction","target":["https:\/\/www.visit-ulcinj.com\/blog\/2015\/05\/15\/shkreli-na-ishte-dikure-besa-e-shqiptarit\/"]}]},{"@type":"BreadcrumbList","@id":"https:\/\/www.visit-ulcinj.com\/blog\/2015\/05\/15\/shkreli-na-ishte-dikure-besa-e-shqiptarit\/#breadcrumb","itemListElement":[{"@type":"ListItem","position":1,"name":"Shkreli: Na ishte dikur\u00eb besa e Shqiptarit!"}]},{"@type":"Person","@id":"https:\/\/www.visit-ulcinj.com\/blog\/#\/schema\/person\/dcab619c614d3038751c63bc2aadc06d","name":"ulqini","sameAs":["http:\/\/www.visit-ulcinj.com"],"url":"https:\/\/www.visit-ulcinj.com\/blog\/author\/admin\/"}]}},"jetpack_featured_media_url":"","jetpack_sharing_enabled":true,"jetpack_shortlink":"https:\/\/wp.me\/pe6lTn-nxI","_links":{"self":[{"href":"https:\/\/www.visit-ulcinj.com\/blog\/wp-json\/wp\/v2\/posts\/90502"}],"collection":[{"href":"https:\/\/www.visit-ulcinj.com\/blog\/wp-json\/wp\/v2\/posts"}],"about":[{"href":"https:\/\/www.visit-ulcinj.com\/blog\/wp-json\/wp\/v2\/types\/post"}],"author":[{"embeddable":true,"href":"https:\/\/www.visit-ulcinj.com\/blog\/wp-json\/wp\/v2\/users\/1"}],"replies":[{"embeddable":true,"href":"https:\/\/www.visit-ulcinj.com\/blog\/wp-json\/wp\/v2\/comments?post=90502"}],"version-history":[{"count":1,"href":"https:\/\/www.visit-ulcinj.com\/blog\/wp-json\/wp\/v2\/posts\/90502\/revisions"}],"predecessor-version":[{"id":90503,"href":"https:\/\/www.visit-ulcinj.com\/blog\/wp-json\/wp\/v2\/posts\/90502\/revisions\/90503"}],"wp:attachment":[{"href":"https:\/\/www.visit-ulcinj.com\/blog\/wp-json\/wp\/v2\/media?parent=90502"}],"wp:term":[{"taxonomy":"category","embeddable":true,"href":"https:\/\/www.visit-ulcinj.com\/blog\/wp-json\/wp\/v2\/categories?post=90502"},{"taxonomy":"post_tag","embeddable":true,"href":"https:\/\/www.visit-ulcinj.com\/blog\/wp-json\/wp\/v2\/tags?post=90502"}],"curies":[{"name":"wp","href":"https:\/\/api.w.org\/{rel}","templated":true}]}}