{"id":90517,"date":"2015-05-21T00:01:36","date_gmt":"2015-05-20T23:01:36","guid":{"rendered":"http:\/\/www.visit-ulcinj.com\/blog\/?p=90517"},"modified":"2015-05-21T00:01:36","modified_gmt":"2015-05-20T23:01:36","slug":"ulqin-kujt-ban-gjeli-vo","status":"publish","type":"post","link":"https:\/\/www.visit-ulcinj.com\/blog\/2015\/05\/21\/ulqin-kujt-ban-gjeli-vo\/","title":{"rendered":"ULQIN: KUJT I BAN GJELI VO..?!!!"},"content":{"rendered":"<p><strong><a href=\"http:\/\/www.visit-ulcinj.com\/blog\/wp-content\/uploads\/2015\/05\/Kalamper-Petroll-Ulqin.jpg\"><img loading=\"lazy\" class=\"alignleft wp-image-90518 size-full\" src=\"http:\/\/www.visit-ulcinj.com\/blog\/wp-content\/uploads\/2015\/05\/Kalamper-Petroll-Ulqin.jpg\" alt=\"Kalamper-Petroll-Ulqin\" width=\"375\" height=\"241\" srcset=\"https:\/\/www.visit-ulcinj.com\/blog\/wp-content\/uploads\/2015\/05\/Kalamper-Petroll-Ulqin.jpg 375w, https:\/\/www.visit-ulcinj.com\/blog\/wp-content\/uploads\/2015\/05\/Kalamper-Petroll-Ulqin-300x193.jpg 300w\" sizes=\"(max-width: 375px) 100vw, 375px\" \/><\/a>Nga Muhamet Nika<\/strong><\/p>\n<p>N\u00ebse k\u00ebtyre dit\u00ebve nisesh e del prej Ulqininit, drejt\u00eb rrug\u00ebs q\u00eb t\u00eb \u00e7on p\u00ebr An\u00eb t\u00eb Malit-Shkod\u00ebr, v\u00ebren se te pompa e benzinit e njohur si Deli Petrol, tash m\u00eb ajo ka g\u00ebdhir\u00eb me mbishkrim &#8211; Kalamper Petrol . ..?! Por si duket rasti nuk \u00ebsht\u00eb thjesht\u00eb nj\u00eb shitblerje e zakonshme t\u00eb cil\u00ebn e b\u00ebjn\u00eb pal\u00ebt.<\/p>\n<p>Duke e ditur se fjala \u00ebsht\u00eb p\u00ebr nj\u00eb objekt t\u00eb p\u00ebrkohsh\u00ebm, por q\u00eb ligji e trajton si t\u00eb p\u00ebrhersh\u00ebm, shohim se q\u00eb n\u00eb start k\u00ebtu kemi t\u00eb b\u00ebjm\u00eb me nj\u00eb shkelje ligjore rreth statusit t\u00eb saj. Shkelja e dyt\u00eb \u00ebsht\u00eb q\u00eb leja e\u00a0\u00a0 vendosjes iu dha diku rreth \u00a0vitit 1998- 99, kuptohet pa kuvend- n\u00eb m\u00ebnyr\u00eb t\u00eb nj\u00eb anshme nga kryetari komun\u00ebs ?! E pa qart\u00eb duhet t\u00eb jet\u00eb edhe m\u00ebnyra e pages\u00ebs si objekt i p\u00ebrkohsh\u00ebm&#8230;?!!!<\/p>\n<p>Sipas neve \u00e7\u00ebshtja kish marr\u00eb dimensione t\u00eb paligjshm\u00ebris\u00eb q\u00eb n\u00eb start nga se pronari i saj , po duket se kish ndikim edhe n\u00eb komun\u00eb. Kjo n\u00ebnkuptonte jo vet\u00ebm p\u00ebr ta shfryt\u00ebzuar objektin me status t\u00eb dyshimt\u00eb, por bashk\u00eb me kryetarin e at\u00ebhersh\u00ebm \u00a0nd\u00ebrruan edhe traken e bulevardit nga vendi ku ish i parapar\u00eb me plan urbanistik.<\/p>\n<p>Pa rregullsia tjet\u00ebr e radh\u00ebs\u00a0\u00a0 \u00ebsht\u00eb se Deli Petroli, si pomp\u00eb e dyt\u00eb n\u00eb qytet \u00a0u vendos n\u00eb ish &#8211; hap\u00ebsirat e pomp\u00ebs Jugo- Petrol . ..?!!Kurse k\u00ebsaj t\u00eb fundit komuna i pat bler\u00eb truall t\u00eb ri urbanistik n\u00eb hyrje t\u00eb qytetit nga nj\u00eb person privat , fjala \u00ebsht\u00eb p\u00ebr lokacionin \u00a0\u00a0\u00a0ku ndodhet edhe sot&#8230;?!! Thjesht\u00eb , p\u00ebr koh\u00ebn lind pyetja- p\u00ebrse ky dislokim i ri i pomp\u00ebs me para t\u00eb komun\u00ebs ?! Dhe se, a thua q\u00eb kjo po b\u00ebhej p\u00ebr t\u2019i liruar hap\u00ebsirat Deli petrolit q\u00eb u paraqit si firm\u00eb e re n\u00eb Ulqin&#8230;?!<\/p>\n<p><strong><em>Po edhe pak le t\u00eb shohim : \u00e7far\u00eb ndodh n\u00eb vitin 1998-2000..?!!<\/em><\/strong><\/p>\n<p>Statusi i tok\u00ebs s\u00eb pomp\u00ebs s\u00eb benzin\u00ebs q\u00eb u shit(n\u00ebse u shit), dihej q\u00eb ka qen\u00eb pron\u00eb e komun\u00ebs , ajo edhe sot E K\u00cbSAJ DITE duhet t\u00eb figuroj\u00eb si e till\u00eb n\u00eb kadast\u00ebr . Edhe pse dikush mund t\u00eb thot\u00eb se Kallamperi , ka bler\u00eb vet\u00ebm objektin e jo tok\u00ebn. Edhe n\u00eb se \u00ebsht\u00eb k\u00ebshtu, ai k\u00ebt\u00eb veprim p\u00ebr s\u00eb ri , nuk ka guxuar ta b\u00ebj\u00eb pa e njoftuar komun\u00ebn sepse qiramarr\u00ebsi (DELI PWTROLI), nuk ka t\u00eb drejt\u00eb ligjore , t\u00eb jap me qira at\u00eb hap\u00ebsir\u00eb q\u00eb e ka nga komuna t\u00eb marr\u00eb\u201d p\u00ebr n\u00ebn dor\u00eb..\u201d?! Ligji e p\u00ebrjashton mund\u00ebsin\u00eb e matrapazll\u00ebkut me sip\u00ebrfaqe t\u00eb objekteve t\u00eb p\u00ebrkohshme&#8230;?!! <strong>Por p\u00ebr \u00e7udi pronari i pomp\u00ebs thuhet se e paditi komun\u00ebn dhe q\u00eb edhe kjo pron\u00eb u humb ashtu si edhe shum\u00eb prona tjera. <\/strong><\/p>\n<p><strong><em>CILI DO T\u00cb JET\u00cb FATI I TROLLIT T\u00cb KOMUNAL\u00cbS DHE A DO TA P\u00cbSOJ\u00cb EDHE AJO SI POMPA E DELIPETROLIT?!!<\/em><\/strong><\/p>\n<p>Shikuar realisht , p\u00ebrve\u00e7 hap\u00ebsir\u00ebs ku gjendej pompa, nj\u00eb pik\u00ebpyetja tjet\u00ebr e madhe , e pron\u00ebsis\u00eb, doemos do t\u00eb lind edhe rreth pron\u00ebs s\u00eb komunales sepse e gjith\u00eb kjo hap\u00ebsir\u00eb \u00ebsht\u00eb tok\u00eb e konfiskuar n\u00eb koh\u00ebn e formimit t\u00eb plantacionit t\u00eb Ullinjve . Pra n\u00ebse vazhdohet k\u00ebshtu, me sa duket edhe vet\u00eb komunalja do t\u00eb p\u00ebrfundoj\u00eb n\u00eb duart e kallamper\u00ebve ose t\u00eb ndonj\u00eb kallamperi tjet\u00ebr.<\/p>\n<p>E n\u00ebse ndodh kjo , at\u00eb her\u00eb kjo ka p\u00ebr t\u00eb ndodhur p\u00ebr faj t\u00eb pushtetit lokal. K\u00ebt\u00eb konstatim e nxjerrim sepse, me ligjin e ri edhe kjo pjes\u00eb e sektorit publik duhet t\u00eb kaloj\u00eb n\u00eb shoq\u00ebri aksionare.<\/p>\n<p>Ose edhe m\u00eb qart\u00eb, sipas ligjit, n\u00eb se brenda afatit t\u00eb caktuar, nuk mblidhet kuvendi p\u00ebr t\u00eb shikuar se \u00e7far\u00eb duhet t\u00eb b\u00ebj\u00eb me pasurin\u00eb t\u00eb cil\u00ebn e trash\u00ebgon komuna n\u00eb nd\u00ebrmarrjet q\u00eb vet i ka themeluar, duke e injoruar ligjin,komuna lirisht mund ta humbas edhe k\u00ebt\u00eb hap\u00ebsir\u00eb, ashtu si humbi t\u00eb t\u00ebr\u00eb pasurin\u00eb n\u00eb koh\u00ebn e privatizimit masovik , kur ish nd\u00ebrmarrjet shoq\u00ebrore kaluan n\u00eb nd\u00ebrmarrje ekonomike dhe u privatizuan.<\/p>\n<p>Si rezultat i k\u00ebsaj shkurtpam\u00ebsie komuna si themelues , duke mos u paraqitur n\u00eb gjykat\u00eb, pasi injoroi ligjin e privatizimit mbeti fare pa ndikim n\u00eb k\u00ebt\u00eb sektor. Ajo nuk ndoqi shembullin e komunave tjera dhe sot i bie q\u00eb nga 21 komunat tjera t\u00eb Malit t\u00eb Zi , vet\u00ebm komuna e Ulqinit t\u00eb ket\u00eb mbetur pa ndikim.<\/p>\n<p>Procesi i till\u00eb ngjau , at\u00ebher\u00eb kur kryetar komune dhe i kuvendit me 2\/3 ishte LD n\u00eb MZ-Mehmet Bardhi . Kur shikon \u00e7far\u00eb ndodhi e po ndodh, v\u00ebrtet\u00eb nduket se p\u00ebrs\u00ebri \u00a0po ngjet ajo q\u00eb thot\u00eb <strong><em> POPULI SE DIKUJT PO I B\u00cbN\u00cb EDHE GJELI VO \u2013 E KOMUN\u00cbS AS PULA..?!!!<\/em><\/strong><\/p>\n","protected":false},"excerpt":{"rendered":"<p>Nga Muhamet Nika N\u00ebse k\u00ebtyre dit\u00ebve nisesh e del prej Ulqininit, drejt\u00eb rrug\u00ebs q\u00eb t\u00eb \u00e7on p\u00ebr An\u00eb t\u00eb Malit-Shkod\u00ebr, v\u00ebren se te pompa e benzinit e njohur si Deli Petrol, tash m\u00eb ajo ka g\u00ebdhir\u00eb me mbishkrim &#8211; Kalamper Petrol . ..?! Por si duket rasti nuk \u00ebsht\u00eb thjesht\u00eb nj\u00eb shitblerje e zakonshme t\u00eb [&hellip;]<\/p>\n","protected":false},"author":1,"featured_media":0,"comment_status":"closed","ping_status":"closed","sticky":false,"template":"","format":"standard","meta":{"spay_email":"","jetpack_publicize_message":"","jetpack_is_tweetstorm":false,"jetpack_publicize_feature_enabled":true},"categories":[8],"tags":[],"jetpack_publicize_connections":[],"yoast_head":"<!-- This site is optimized with the Yoast SEO plugin v19.1 - https:\/\/yoast.com\/wordpress\/plugins\/seo\/ -->\n<title>ULQIN: KUJT I BAN GJELI VO..?!!! - Lajme nga Ulqini<\/title>\n<meta name=\"description\" content=\"Nga Muhamet Nika N\u00ebse k\u00ebtyre dit\u00ebve nisesh e del prej Ulqininit, drejt\u00eb rrug\u00ebs q\u00eb t\u00eb \u00e7on p\u00ebr An\u00eb t\u00eb Malit-Shkod\u00ebr, v\u00ebren se te pompa e benzinit e njohur\" \/>\n<meta name=\"robots\" content=\"index, follow, max-snippet:-1, max-image-preview:large, max-video-preview:-1\" \/>\n<link rel=\"canonical\" href=\"https:\/\/www.visit-ulcinj.com\/blog\/2015\/05\/21\/ulqin-kujt-ban-gjeli-vo\/\" \/>\n<meta property=\"og:locale\" content=\"en_US\" \/>\n<meta property=\"og:type\" content=\"article\" \/>\n<meta property=\"og:title\" content=\"ULQIN: KUJT I BAN GJELI VO..?!!! - Lajme nga Ulqini\" \/>\n<meta property=\"og:description\" content=\"Nga Muhamet Nika N\u00ebse k\u00ebtyre dit\u00ebve nisesh e del prej Ulqininit, drejt\u00eb rrug\u00ebs q\u00eb t\u00eb \u00e7on p\u00ebr An\u00eb t\u00eb Malit-Shkod\u00ebr, v\u00ebren se te pompa e benzinit e njohur\" \/>\n<meta property=\"og:url\" content=\"https:\/\/www.visit-ulcinj.com\/blog\/2015\/05\/21\/ulqin-kujt-ban-gjeli-vo\/\" \/>\n<meta property=\"og:site_name\" content=\"Lajme nga Ulqini\" \/>\n<meta property=\"article:published_time\" content=\"2015-05-20T23:01:36+00:00\" \/>\n<meta property=\"og:image\" content=\"http:\/\/www.visit-ulcinj.com\/blog\/wp-content\/uploads\/2015\/05\/Kalamper-Petroll-Ulqin.jpg\" \/>\n<meta name=\"twitter:label1\" content=\"Written by\" \/>\n\t<meta name=\"twitter:data1\" content=\"ulqini\" \/>\n\t<meta name=\"twitter:label2\" content=\"Est. reading time\" \/>\n\t<meta name=\"twitter:data2\" content=\"4 minutes\" \/>\n<script type=\"application\/ld+json\" class=\"yoast-schema-graph\">{\"@context\":\"https:\/\/schema.org\",\"@graph\":[{\"@type\":\"WebSite\",\"@id\":\"https:\/\/www.visit-ulcinj.com\/blog\/#website\",\"url\":\"https:\/\/www.visit-ulcinj.com\/blog\/\",\"name\":\"Lajme nga Ulqini\",\"description\":\"Lajme,Vijesti,Ulqini,Ulqin,Crna Gora,Mali i Zi\",\"potentialAction\":[{\"@type\":\"SearchAction\",\"target\":{\"@type\":\"EntryPoint\",\"urlTemplate\":\"https:\/\/www.visit-ulcinj.com\/blog\/?s={search_term_string}\"},\"query-input\":\"required name=search_term_string\"}],\"inLanguage\":\"en-US\"},{\"@type\":\"ImageObject\",\"inLanguage\":\"en-US\",\"@id\":\"https:\/\/www.visit-ulcinj.com\/blog\/2015\/05\/21\/ulqin-kujt-ban-gjeli-vo\/#primaryimage\",\"url\":\"https:\/\/www.visit-ulcinj.com\/blog\/wp-content\/uploads\/2015\/05\/Kalamper-Petroll-Ulqin.jpg\",\"contentUrl\":\"https:\/\/www.visit-ulcinj.com\/blog\/wp-content\/uploads\/2015\/05\/Kalamper-Petroll-Ulqin.jpg\",\"width\":375,\"height\":241},{\"@type\":\"WebPage\",\"@id\":\"https:\/\/www.visit-ulcinj.com\/blog\/2015\/05\/21\/ulqin-kujt-ban-gjeli-vo\/#webpage\",\"url\":\"https:\/\/www.visit-ulcinj.com\/blog\/2015\/05\/21\/ulqin-kujt-ban-gjeli-vo\/\",\"name\":\"ULQIN: KUJT I BAN GJELI VO..?!!! - Lajme nga Ulqini\",\"isPartOf\":{\"@id\":\"https:\/\/www.visit-ulcinj.com\/blog\/#website\"},\"primaryImageOfPage\":{\"@id\":\"https:\/\/www.visit-ulcinj.com\/blog\/2015\/05\/21\/ulqin-kujt-ban-gjeli-vo\/#primaryimage\"},\"datePublished\":\"2015-05-20T23:01:36+00:00\",\"dateModified\":\"2015-05-20T23:01:36+00:00\",\"author\":{\"@id\":\"https:\/\/www.visit-ulcinj.com\/blog\/#\/schema\/person\/dcab619c614d3038751c63bc2aadc06d\"},\"description\":\"Nga Muhamet Nika N\u00ebse k\u00ebtyre dit\u00ebve nisesh e del prej Ulqininit, drejt\u00eb rrug\u00ebs q\u00eb t\u00eb \u00e7on p\u00ebr An\u00eb t\u00eb Malit-Shkod\u00ebr, v\u00ebren se te pompa e benzinit e njohur\",\"breadcrumb\":{\"@id\":\"https:\/\/www.visit-ulcinj.com\/blog\/2015\/05\/21\/ulqin-kujt-ban-gjeli-vo\/#breadcrumb\"},\"inLanguage\":\"en-US\",\"potentialAction\":[{\"@type\":\"ReadAction\",\"target\":[\"https:\/\/www.visit-ulcinj.com\/blog\/2015\/05\/21\/ulqin-kujt-ban-gjeli-vo\/\"]}]},{\"@type\":\"BreadcrumbList\",\"@id\":\"https:\/\/www.visit-ulcinj.com\/blog\/2015\/05\/21\/ulqin-kujt-ban-gjeli-vo\/#breadcrumb\",\"itemListElement\":[{\"@type\":\"ListItem\",\"position\":1,\"name\":\"ULQIN: KUJT I BAN GJELI VO..?!!!\"}]},{\"@type\":\"Person\",\"@id\":\"https:\/\/www.visit-ulcinj.com\/blog\/#\/schema\/person\/dcab619c614d3038751c63bc2aadc06d\",\"name\":\"ulqini\",\"sameAs\":[\"http:\/\/www.visit-ulcinj.com\"],\"url\":\"https:\/\/www.visit-ulcinj.com\/blog\/author\/admin\/\"}]}<\/script>\n<!-- \/ Yoast SEO plugin. -->","yoast_head_json":{"title":"ULQIN: KUJT I BAN GJELI VO..?!!! - Lajme nga Ulqini","description":"Nga Muhamet Nika N\u00ebse k\u00ebtyre dit\u00ebve nisesh e del prej Ulqininit, drejt\u00eb rrug\u00ebs q\u00eb t\u00eb \u00e7on p\u00ebr An\u00eb t\u00eb Malit-Shkod\u00ebr, v\u00ebren se te pompa e benzinit e njohur","robots":{"index":"index","follow":"follow","max-snippet":"max-snippet:-1","max-image-preview":"max-image-preview:large","max-video-preview":"max-video-preview:-1"},"canonical":"https:\/\/www.visit-ulcinj.com\/blog\/2015\/05\/21\/ulqin-kujt-ban-gjeli-vo\/","og_locale":"en_US","og_type":"article","og_title":"ULQIN: KUJT I BAN GJELI VO..?!!! - Lajme nga Ulqini","og_description":"Nga Muhamet Nika N\u00ebse k\u00ebtyre dit\u00ebve nisesh e del prej Ulqininit, drejt\u00eb rrug\u00ebs q\u00eb t\u00eb \u00e7on p\u00ebr An\u00eb t\u00eb Malit-Shkod\u00ebr, v\u00ebren se te pompa e benzinit e njohur","og_url":"https:\/\/www.visit-ulcinj.com\/blog\/2015\/05\/21\/ulqin-kujt-ban-gjeli-vo\/","og_site_name":"Lajme nga Ulqini","article_published_time":"2015-05-20T23:01:36+00:00","og_image":[{"url":"http:\/\/www.visit-ulcinj.com\/blog\/wp-content\/uploads\/2015\/05\/Kalamper-Petroll-Ulqin.jpg"}],"twitter_misc":{"Written by":"ulqini","Est. reading time":"4 minutes"},"schema":{"@context":"https:\/\/schema.org","@graph":[{"@type":"WebSite","@id":"https:\/\/www.visit-ulcinj.com\/blog\/#website","url":"https:\/\/www.visit-ulcinj.com\/blog\/","name":"Lajme nga Ulqini","description":"Lajme,Vijesti,Ulqini,Ulqin,Crna Gora,Mali i Zi","potentialAction":[{"@type":"SearchAction","target":{"@type":"EntryPoint","urlTemplate":"https:\/\/www.visit-ulcinj.com\/blog\/?s={search_term_string}"},"query-input":"required name=search_term_string"}],"inLanguage":"en-US"},{"@type":"ImageObject","inLanguage":"en-US","@id":"https:\/\/www.visit-ulcinj.com\/blog\/2015\/05\/21\/ulqin-kujt-ban-gjeli-vo\/#primaryimage","url":"https:\/\/www.visit-ulcinj.com\/blog\/wp-content\/uploads\/2015\/05\/Kalamper-Petroll-Ulqin.jpg","contentUrl":"https:\/\/www.visit-ulcinj.com\/blog\/wp-content\/uploads\/2015\/05\/Kalamper-Petroll-Ulqin.jpg","width":375,"height":241},{"@type":"WebPage","@id":"https:\/\/www.visit-ulcinj.com\/blog\/2015\/05\/21\/ulqin-kujt-ban-gjeli-vo\/#webpage","url":"https:\/\/www.visit-ulcinj.com\/blog\/2015\/05\/21\/ulqin-kujt-ban-gjeli-vo\/","name":"ULQIN: KUJT I BAN GJELI VO..?!!! - Lajme nga Ulqini","isPartOf":{"@id":"https:\/\/www.visit-ulcinj.com\/blog\/#website"},"primaryImageOfPage":{"@id":"https:\/\/www.visit-ulcinj.com\/blog\/2015\/05\/21\/ulqin-kujt-ban-gjeli-vo\/#primaryimage"},"datePublished":"2015-05-20T23:01:36+00:00","dateModified":"2015-05-20T23:01:36+00:00","author":{"@id":"https:\/\/www.visit-ulcinj.com\/blog\/#\/schema\/person\/dcab619c614d3038751c63bc2aadc06d"},"description":"Nga Muhamet Nika N\u00ebse k\u00ebtyre dit\u00ebve nisesh e del prej Ulqininit, drejt\u00eb rrug\u00ebs q\u00eb t\u00eb \u00e7on p\u00ebr An\u00eb t\u00eb Malit-Shkod\u00ebr, v\u00ebren se te pompa e benzinit e njohur","breadcrumb":{"@id":"https:\/\/www.visit-ulcinj.com\/blog\/2015\/05\/21\/ulqin-kujt-ban-gjeli-vo\/#breadcrumb"},"inLanguage":"en-US","potentialAction":[{"@type":"ReadAction","target":["https:\/\/www.visit-ulcinj.com\/blog\/2015\/05\/21\/ulqin-kujt-ban-gjeli-vo\/"]}]},{"@type":"BreadcrumbList","@id":"https:\/\/www.visit-ulcinj.com\/blog\/2015\/05\/21\/ulqin-kujt-ban-gjeli-vo\/#breadcrumb","itemListElement":[{"@type":"ListItem","position":1,"name":"ULQIN: KUJT I BAN GJELI VO..?!!!"}]},{"@type":"Person","@id":"https:\/\/www.visit-ulcinj.com\/blog\/#\/schema\/person\/dcab619c614d3038751c63bc2aadc06d","name":"ulqini","sameAs":["http:\/\/www.visit-ulcinj.com"],"url":"https:\/\/www.visit-ulcinj.com\/blog\/author\/admin\/"}]}},"jetpack_featured_media_url":"","jetpack_sharing_enabled":true,"jetpack_shortlink":"https:\/\/wp.me\/pe6lTn-nxX","_links":{"self":[{"href":"https:\/\/www.visit-ulcinj.com\/blog\/wp-json\/wp\/v2\/posts\/90517"}],"collection":[{"href":"https:\/\/www.visit-ulcinj.com\/blog\/wp-json\/wp\/v2\/posts"}],"about":[{"href":"https:\/\/www.visit-ulcinj.com\/blog\/wp-json\/wp\/v2\/types\/post"}],"author":[{"embeddable":true,"href":"https:\/\/www.visit-ulcinj.com\/blog\/wp-json\/wp\/v2\/users\/1"}],"replies":[{"embeddable":true,"href":"https:\/\/www.visit-ulcinj.com\/blog\/wp-json\/wp\/v2\/comments?post=90517"}],"version-history":[{"count":1,"href":"https:\/\/www.visit-ulcinj.com\/blog\/wp-json\/wp\/v2\/posts\/90517\/revisions"}],"predecessor-version":[{"id":90519,"href":"https:\/\/www.visit-ulcinj.com\/blog\/wp-json\/wp\/v2\/posts\/90517\/revisions\/90519"}],"wp:attachment":[{"href":"https:\/\/www.visit-ulcinj.com\/blog\/wp-json\/wp\/v2\/media?parent=90517"}],"wp:term":[{"taxonomy":"category","embeddable":true,"href":"https:\/\/www.visit-ulcinj.com\/blog\/wp-json\/wp\/v2\/categories?post=90517"},{"taxonomy":"post_tag","embeddable":true,"href":"https:\/\/www.visit-ulcinj.com\/blog\/wp-json\/wp\/v2\/tags?post=90517"}],"curies":[{"name":"wp","href":"https:\/\/api.w.org\/{rel}","templated":true}]}}