{"id":90540,"date":"2015-05-21T06:59:54","date_gmt":"2015-05-21T05:59:54","guid":{"rendered":"http:\/\/www.visit-ulcinj.com\/blog\/?p=90540"},"modified":"2015-05-21T06:59:54","modified_gmt":"2015-05-21T05:59:54","slug":"ulcinj-dps-se-sprema-da-preuzme-vlast","status":"publish","type":"post","link":"https:\/\/www.visit-ulcinj.com\/blog\/2015\/05\/21\/ulcinj-dps-se-sprema-da-preuzme-vlast\/","title":{"rendered":"Ulcinj: DPS se sprema da preuzme vlast"},"content":{"rendered":"<p><a href=\"http:\/\/www.visit-ulcinj.com\/blog\/wp-content\/uploads\/2015\/05\/DPS-Ulcinj1.jpg\"><img loading=\"lazy\" class=\"alignleft wp-image-90541\" src=\"http:\/\/www.visit-ulcinj.com\/blog\/wp-content\/uploads\/2015\/05\/DPS-Ulcinj1.jpg\" alt=\"DPS-Ulcinj\" width=\"508\" height=\"381\" srcset=\"https:\/\/www.visit-ulcinj.com\/blog\/wp-content\/uploads\/2015\/05\/DPS-Ulcinj1.jpg 960w, https:\/\/www.visit-ulcinj.com\/blog\/wp-content\/uploads\/2015\/05\/DPS-Ulcinj1-300x225.jpg 300w\" sizes=\"(max-width: 508px) 100vw, 508px\" \/><\/a>Demokratska partija socijalista (DPS) uskoro bi mogla da preuzme vlast u Ulcinju.<\/p>\n<p>Ovu informaciju je na sjednici Op\u0161tinskog odbora DPS saop\u0161tio predsjednik OO Ljoro Nreki\u0107, a prenio je portal Ul-info.<\/p>\n<p>U susret predstoje\u0107em Kongresu, koji se odr\u017eava 20. juna DPS je odr\u017eao u Ulcinju sjednice Izvr\u0161nog i Op\u0161tinskog odbora. Prema saznanjima portala Ul info, Nreki\u0107 je na sjednici Izvr\u0161nog odbora kazao da se mo\u017ee o\u010dekivati da DPS uskoro bude na vlasti u Ulcinju &#8220;sa jednom od albanskih partija&#8221;.<\/p>\n<p>&#8220;Pitanje je dana ili nedjelje kada \u0107emo preuzeti vlast u Ulcinju&#8221;, kazao je, prema saznanjima Dnevnih novina, Nreki\u0107 pred IO.<\/p>\n<p>Na sjednici je izabrano je pet delegata za taj skup (Besiana Taganovi\u0107, Pavle Mar nikovi\u0107, Driton Lunji, Rajko Hajdukovi\u0107 i Pranvera Su lji\u0107), dok \u0107e \u010detiri predstavnika biti po funkciji (predsjednik OO Ljoro Nreki\u0107, te dosada\u0161nji \u010dlanovi Glavnog odbora: Ljui\u0111 \u0160krelja, Boro Ba\u0161ovi\u0107 i Nailj Red\u017ea).<\/p>\n<p>DPS je nakon lokalnih izbora u Ulcinju izgubila vlast, a formirali su je Forca Nazifa Cungua, Demokratska partija Fatmira \u0110eke i Pozitivna Crna Gora.<\/p>\n","protected":false},"excerpt":{"rendered":"<p>Demokratska partija socijalista (DPS) uskoro bi mogla da preuzme vlast u Ulcinju. Ovu informaciju je na sjednici Op\u0161tinskog odbora DPS saop\u0161tio predsjednik OO Ljoro Nreki\u0107, a prenio je portal Ul-info. U susret predstoje\u0107em Kongresu, koji se odr\u017eava 20. juna DPS je odr\u017eao u Ulcinju sjednice Izvr\u0161nog i Op\u0161tinskog odbora. Prema saznanjima portala Ul info, Nreki\u0107 [&hellip;]<\/p>\n","protected":false},"author":1,"featured_media":0,"comment_status":"closed","ping_status":"closed","sticky":false,"template":"","format":"standard","meta":{"spay_email":"","jetpack_publicize_message":"","jetpack_is_tweetstorm":false,"jetpack_publicize_feature_enabled":true},"categories":[8337],"tags":[],"jetpack_publicize_connections":[],"yoast_head":"<!-- This site is optimized with the Yoast SEO plugin v19.1 - https:\/\/yoast.com\/wordpress\/plugins\/seo\/ -->\n<title>Ulcinj: DPS se sprema da preuzme vlast - Lajme nga Ulqini<\/title>\n<meta name=\"description\" content=\"Demokratska partija socijalista (DPS) uskoro bi mogla da preuzme vlast u Ulcinju. Ovu informaciju je na sjednici Op\u0161tinskog odbora DPS saop\u0161tio\" \/>\n<meta name=\"robots\" content=\"index, follow, max-snippet:-1, max-image-preview:large, max-video-preview:-1\" \/>\n<link rel=\"canonical\" href=\"https:\/\/www.visit-ulcinj.com\/blog\/2015\/05\/21\/ulcinj-dps-se-sprema-da-preuzme-vlast\/\" \/>\n<meta property=\"og:locale\" content=\"en_US\" \/>\n<meta property=\"og:type\" content=\"article\" \/>\n<meta property=\"og:title\" content=\"Ulcinj: DPS se sprema da preuzme vlast - Lajme nga Ulqini\" \/>\n<meta property=\"og:description\" content=\"Demokratska partija socijalista (DPS) uskoro bi mogla da preuzme vlast u Ulcinju. Ovu informaciju je na sjednici Op\u0161tinskog odbora DPS saop\u0161tio\" \/>\n<meta property=\"og:url\" content=\"https:\/\/www.visit-ulcinj.com\/blog\/2015\/05\/21\/ulcinj-dps-se-sprema-da-preuzme-vlast\/\" \/>\n<meta property=\"og:site_name\" content=\"Lajme nga Ulqini\" \/>\n<meta property=\"article:published_time\" content=\"2015-05-21T05:59:54+00:00\" \/>\n<meta property=\"og:image\" content=\"http:\/\/www.visit-ulcinj.com\/blog\/wp-content\/uploads\/2015\/05\/DPS-Ulcinj1.jpg\" \/>\n<meta name=\"twitter:label1\" content=\"Written by\" \/>\n\t<meta name=\"twitter:data1\" content=\"ulqini\" \/>\n\t<meta name=\"twitter:label2\" content=\"Est. reading time\" \/>\n\t<meta name=\"twitter:data2\" content=\"1 minute\" \/>\n<script type=\"application\/ld+json\" class=\"yoast-schema-graph\">{\"@context\":\"https:\/\/schema.org\",\"@graph\":[{\"@type\":\"WebSite\",\"@id\":\"https:\/\/www.visit-ulcinj.com\/blog\/#website\",\"url\":\"https:\/\/www.visit-ulcinj.com\/blog\/\",\"name\":\"Lajme nga Ulqini\",\"description\":\"Lajme,Vijesti,Ulqini,Ulqin,Crna Gora,Mali i Zi\",\"potentialAction\":[{\"@type\":\"SearchAction\",\"target\":{\"@type\":\"EntryPoint\",\"urlTemplate\":\"https:\/\/www.visit-ulcinj.com\/blog\/?s={search_term_string}\"},\"query-input\":\"required name=search_term_string\"}],\"inLanguage\":\"en-US\"},{\"@type\":\"ImageObject\",\"inLanguage\":\"en-US\",\"@id\":\"https:\/\/www.visit-ulcinj.com\/blog\/2015\/05\/21\/ulcinj-dps-se-sprema-da-preuzme-vlast\/#primaryimage\",\"url\":\"https:\/\/www.visit-ulcinj.com\/blog\/wp-content\/uploads\/2015\/05\/DPS-Ulcinj1.jpg\",\"contentUrl\":\"https:\/\/www.visit-ulcinj.com\/blog\/wp-content\/uploads\/2015\/05\/DPS-Ulcinj1.jpg\",\"width\":960,\"height\":720},{\"@type\":\"WebPage\",\"@id\":\"https:\/\/www.visit-ulcinj.com\/blog\/2015\/05\/21\/ulcinj-dps-se-sprema-da-preuzme-vlast\/#webpage\",\"url\":\"https:\/\/www.visit-ulcinj.com\/blog\/2015\/05\/21\/ulcinj-dps-se-sprema-da-preuzme-vlast\/\",\"name\":\"Ulcinj: DPS se sprema da preuzme vlast - Lajme nga Ulqini\",\"isPartOf\":{\"@id\":\"https:\/\/www.visit-ulcinj.com\/blog\/#website\"},\"primaryImageOfPage\":{\"@id\":\"https:\/\/www.visit-ulcinj.com\/blog\/2015\/05\/21\/ulcinj-dps-se-sprema-da-preuzme-vlast\/#primaryimage\"},\"datePublished\":\"2015-05-21T05:59:54+00:00\",\"dateModified\":\"2015-05-21T05:59:54+00:00\",\"author\":{\"@id\":\"https:\/\/www.visit-ulcinj.com\/blog\/#\/schema\/person\/dcab619c614d3038751c63bc2aadc06d\"},\"description\":\"Demokratska partija socijalista (DPS) uskoro bi mogla da preuzme vlast u Ulcinju. Ovu informaciju je na sjednici Op\u0161tinskog odbora DPS saop\u0161tio\",\"breadcrumb\":{\"@id\":\"https:\/\/www.visit-ulcinj.com\/blog\/2015\/05\/21\/ulcinj-dps-se-sprema-da-preuzme-vlast\/#breadcrumb\"},\"inLanguage\":\"en-US\",\"potentialAction\":[{\"@type\":\"ReadAction\",\"target\":[\"https:\/\/www.visit-ulcinj.com\/blog\/2015\/05\/21\/ulcinj-dps-se-sprema-da-preuzme-vlast\/\"]}]},{\"@type\":\"BreadcrumbList\",\"@id\":\"https:\/\/www.visit-ulcinj.com\/blog\/2015\/05\/21\/ulcinj-dps-se-sprema-da-preuzme-vlast\/#breadcrumb\",\"itemListElement\":[{\"@type\":\"ListItem\",\"position\":1,\"name\":\"Ulcinj: DPS se sprema da preuzme vlast\"}]},{\"@type\":\"Person\",\"@id\":\"https:\/\/www.visit-ulcinj.com\/blog\/#\/schema\/person\/dcab619c614d3038751c63bc2aadc06d\",\"name\":\"ulqini\",\"sameAs\":[\"http:\/\/www.visit-ulcinj.com\"],\"url\":\"https:\/\/www.visit-ulcinj.com\/blog\/author\/admin\/\"}]}<\/script>\n<!-- \/ Yoast SEO plugin. -->","yoast_head_json":{"title":"Ulcinj: DPS se sprema da preuzme vlast - Lajme nga Ulqini","description":"Demokratska partija socijalista (DPS) uskoro bi mogla da preuzme vlast u Ulcinju. Ovu informaciju je na sjednici Op\u0161tinskog odbora DPS saop\u0161tio","robots":{"index":"index","follow":"follow","max-snippet":"max-snippet:-1","max-image-preview":"max-image-preview:large","max-video-preview":"max-video-preview:-1"},"canonical":"https:\/\/www.visit-ulcinj.com\/blog\/2015\/05\/21\/ulcinj-dps-se-sprema-da-preuzme-vlast\/","og_locale":"en_US","og_type":"article","og_title":"Ulcinj: DPS se sprema da preuzme vlast - Lajme nga Ulqini","og_description":"Demokratska partija socijalista (DPS) uskoro bi mogla da preuzme vlast u Ulcinju. Ovu informaciju je na sjednici Op\u0161tinskog odbora DPS saop\u0161tio","og_url":"https:\/\/www.visit-ulcinj.com\/blog\/2015\/05\/21\/ulcinj-dps-se-sprema-da-preuzme-vlast\/","og_site_name":"Lajme nga Ulqini","article_published_time":"2015-05-21T05:59:54+00:00","og_image":[{"url":"http:\/\/www.visit-ulcinj.com\/blog\/wp-content\/uploads\/2015\/05\/DPS-Ulcinj1.jpg"}],"twitter_misc":{"Written by":"ulqini","Est. reading time":"1 minute"},"schema":{"@context":"https:\/\/schema.org","@graph":[{"@type":"WebSite","@id":"https:\/\/www.visit-ulcinj.com\/blog\/#website","url":"https:\/\/www.visit-ulcinj.com\/blog\/","name":"Lajme nga Ulqini","description":"Lajme,Vijesti,Ulqini,Ulqin,Crna Gora,Mali i Zi","potentialAction":[{"@type":"SearchAction","target":{"@type":"EntryPoint","urlTemplate":"https:\/\/www.visit-ulcinj.com\/blog\/?s={search_term_string}"},"query-input":"required name=search_term_string"}],"inLanguage":"en-US"},{"@type":"ImageObject","inLanguage":"en-US","@id":"https:\/\/www.visit-ulcinj.com\/blog\/2015\/05\/21\/ulcinj-dps-se-sprema-da-preuzme-vlast\/#primaryimage","url":"https:\/\/www.visit-ulcinj.com\/blog\/wp-content\/uploads\/2015\/05\/DPS-Ulcinj1.jpg","contentUrl":"https:\/\/www.visit-ulcinj.com\/blog\/wp-content\/uploads\/2015\/05\/DPS-Ulcinj1.jpg","width":960,"height":720},{"@type":"WebPage","@id":"https:\/\/www.visit-ulcinj.com\/blog\/2015\/05\/21\/ulcinj-dps-se-sprema-da-preuzme-vlast\/#webpage","url":"https:\/\/www.visit-ulcinj.com\/blog\/2015\/05\/21\/ulcinj-dps-se-sprema-da-preuzme-vlast\/","name":"Ulcinj: DPS se sprema da preuzme vlast - Lajme nga Ulqini","isPartOf":{"@id":"https:\/\/www.visit-ulcinj.com\/blog\/#website"},"primaryImageOfPage":{"@id":"https:\/\/www.visit-ulcinj.com\/blog\/2015\/05\/21\/ulcinj-dps-se-sprema-da-preuzme-vlast\/#primaryimage"},"datePublished":"2015-05-21T05:59:54+00:00","dateModified":"2015-05-21T05:59:54+00:00","author":{"@id":"https:\/\/www.visit-ulcinj.com\/blog\/#\/schema\/person\/dcab619c614d3038751c63bc2aadc06d"},"description":"Demokratska partija socijalista (DPS) uskoro bi mogla da preuzme vlast u Ulcinju. Ovu informaciju je na sjednici Op\u0161tinskog odbora DPS saop\u0161tio","breadcrumb":{"@id":"https:\/\/www.visit-ulcinj.com\/blog\/2015\/05\/21\/ulcinj-dps-se-sprema-da-preuzme-vlast\/#breadcrumb"},"inLanguage":"en-US","potentialAction":[{"@type":"ReadAction","target":["https:\/\/www.visit-ulcinj.com\/blog\/2015\/05\/21\/ulcinj-dps-se-sprema-da-preuzme-vlast\/"]}]},{"@type":"BreadcrumbList","@id":"https:\/\/www.visit-ulcinj.com\/blog\/2015\/05\/21\/ulcinj-dps-se-sprema-da-preuzme-vlast\/#breadcrumb","itemListElement":[{"@type":"ListItem","position":1,"name":"Ulcinj: DPS se sprema da preuzme vlast"}]},{"@type":"Person","@id":"https:\/\/www.visit-ulcinj.com\/blog\/#\/schema\/person\/dcab619c614d3038751c63bc2aadc06d","name":"ulqini","sameAs":["http:\/\/www.visit-ulcinj.com"],"url":"https:\/\/www.visit-ulcinj.com\/blog\/author\/admin\/"}]}},"jetpack_featured_media_url":"","jetpack_sharing_enabled":true,"jetpack_shortlink":"https:\/\/wp.me\/pe6lTn-nyk","_links":{"self":[{"href":"https:\/\/www.visit-ulcinj.com\/blog\/wp-json\/wp\/v2\/posts\/90540"}],"collection":[{"href":"https:\/\/www.visit-ulcinj.com\/blog\/wp-json\/wp\/v2\/posts"}],"about":[{"href":"https:\/\/www.visit-ulcinj.com\/blog\/wp-json\/wp\/v2\/types\/post"}],"author":[{"embeddable":true,"href":"https:\/\/www.visit-ulcinj.com\/blog\/wp-json\/wp\/v2\/users\/1"}],"replies":[{"embeddable":true,"href":"https:\/\/www.visit-ulcinj.com\/blog\/wp-json\/wp\/v2\/comments?post=90540"}],"version-history":[{"count":1,"href":"https:\/\/www.visit-ulcinj.com\/blog\/wp-json\/wp\/v2\/posts\/90540\/revisions"}],"predecessor-version":[{"id":90542,"href":"https:\/\/www.visit-ulcinj.com\/blog\/wp-json\/wp\/v2\/posts\/90540\/revisions\/90542"}],"wp:attachment":[{"href":"https:\/\/www.visit-ulcinj.com\/blog\/wp-json\/wp\/v2\/media?parent=90540"}],"wp:term":[{"taxonomy":"category","embeddable":true,"href":"https:\/\/www.visit-ulcinj.com\/blog\/wp-json\/wp\/v2\/categories?post=90540"},{"taxonomy":"post_tag","embeddable":true,"href":"https:\/\/www.visit-ulcinj.com\/blog\/wp-json\/wp\/v2\/tags?post=90540"}],"curies":[{"name":"wp","href":"https:\/\/api.w.org\/{rel}","templated":true}]}}