{"id":90545,"date":"2015-05-21T07:09:14","date_gmt":"2015-05-21T06:09:14","guid":{"rendered":"http:\/\/www.visit-ulcinj.com\/blog\/?p=90545"},"modified":"2015-05-21T07:09:14","modified_gmt":"2015-05-21T06:09:14","slug":"nht-riviera-e-ulqinit-sezoni-filloi-mire-se-vjet","status":"publish","type":"post","link":"https:\/\/www.visit-ulcinj.com\/blog\/2015\/05\/21\/nht-riviera-e-ulqinit-sezoni-filloi-mire-se-vjet\/","title":{"rendered":"NHT \u201cRiviera e Ulqinit&#8221;: Sezoni filloi m\u00eb mir\u00eb se vjet"},"content":{"rendered":"<p><a href=\"http:\/\/www.visit-ulcinj.com\/blog\/wp-content\/uploads\/2012\/03\/ULCINJSKA-RIVIJERA-CRNA-GORA.jpg\"><img loading=\"lazy\" class=\"alignleft wp-image-58537\" src=\"http:\/\/www.visit-ulcinj.com\/blog\/wp-content\/uploads\/2012\/03\/ULCINJSKA-RIVIJERA-CRNA-GORA.jpg\" alt=\"ULCINJSKA RIVIJERA CRNA GORA\" width=\"508\" height=\"254\" srcset=\"https:\/\/www.visit-ulcinj.com\/blog\/wp-content\/uploads\/2012\/03\/ULCINJSKA-RIVIJERA-CRNA-GORA.jpg 800w, https:\/\/www.visit-ulcinj.com\/blog\/wp-content\/uploads\/2012\/03\/ULCINJSKA-RIVIJERA-CRNA-GORA-300x150.jpg 300w\" sizes=\"(max-width: 508px) 100vw, 508px\" \/><\/a>Drejtori ekzekutiv i Nd\u00ebrmarrjes hoteliere- turistike \u201cRiviera e Ulqinit\u201d Radomir-Mikan Zec ka deklaruar se objektet e k\u00ebsaj kompani p\u00ebr momentin jan\u00eb t\u00eb mbushur n\u00eb nivelin e dyzet p\u00ebr qind, gj\u00eb q\u00eb \u00ebsht\u00eb, si\u00e7 tha ai, rritje e konsiderueshme n\u00eb krahasim me vitin e kaluar. \u201cN\u00eb var\u00ebsi t\u00eb objektit prej 20 deri n\u00eb 50 p\u00ebr qind. N\u00eb hotelet n\u00eb Plazhin e madh edhe n\u00eb ishullin Ada n\u00eb delt\u00ebn e lumit Buna, mysafir\u00ebt jan\u00eb nga Europa e mesme, Gjermania, por edhe nga vendet e rajonit\u201d, tha ai p\u00ebr \u201cNovosti\u201d.<\/p>\n<p>Sipas fjal\u00ebve t\u00eb tij, mysafir\u00eb dit\u00ebt e ardhshme do t\u00eb ket\u00eb m\u00eb shum\u00eb. \u201cMoti i bukur, plazhet tona unike dhe \u00e7mimet m\u00eb t\u00eb ul\u00ebta n\u00eb objektet hotelerike-turistike kan\u00eb b\u00ebr\u00eb q\u00eb sezoni t\u00eb nis mir\u00eb. Shpresoj se k\u00ebshtu do t\u00eb vazhdoj\u00eb dhe se kjo ver\u00eb do t\u00eb tejkaloj t\u00eb kaluar\u00ebn sipas vizit\u00ebs dhe fjetjeve t\u00eb realizuara\u201d, shtoi Zec.<\/p>\n<p>TVCG<\/p>\n","protected":false},"excerpt":{"rendered":"<p>Drejtori ekzekutiv i Nd\u00ebrmarrjes hoteliere- turistike \u201cRiviera e Ulqinit\u201d Radomir-Mikan Zec ka deklaruar se objektet e k\u00ebsaj kompani p\u00ebr momentin jan\u00eb t\u00eb mbushur n\u00eb nivelin e dyzet p\u00ebr qind, gj\u00eb q\u00eb \u00ebsht\u00eb, si\u00e7 tha ai, rritje e konsiderueshme n\u00eb krahasim me vitin e kaluar. \u201cN\u00eb var\u00ebsi t\u00eb objektit prej 20 deri n\u00eb 50 p\u00ebr qind. [&hellip;]<\/p>\n","protected":false},"author":1,"featured_media":0,"comment_status":"closed","ping_status":"closed","sticky":false,"template":"","format":"standard","meta":{"spay_email":"","jetpack_publicize_message":"","jetpack_is_tweetstorm":false,"jetpack_publicize_feature_enabled":true},"categories":[15],"tags":[],"jetpack_publicize_connections":[],"yoast_head":"<!-- This site is optimized with the Yoast SEO plugin v19.1 - https:\/\/yoast.com\/wordpress\/plugins\/seo\/ -->\n<title>NHT \u201cRiviera e Ulqinit&quot;: Sezoni filloi m\u00eb mir\u00eb se vjet - Lajme nga Ulqini<\/title>\n<meta name=\"description\" content=\"Drejtori ekzekutiv i Nd\u00ebrmarrjes hoteliere- turistike \u201cRiviera e Ulqinit\u201d Radomir-Mikan Zec ka deklaruar se objektet e k\u00ebsaj kompani p\u00ebr momentin jan\u00eb t\u00eb\" \/>\n<meta name=\"robots\" content=\"index, follow, max-snippet:-1, max-image-preview:large, max-video-preview:-1\" \/>\n<link rel=\"canonical\" href=\"https:\/\/www.visit-ulcinj.com\/blog\/2015\/05\/21\/nht-riviera-e-ulqinit-sezoni-filloi-mire-se-vjet\/\" \/>\n<meta property=\"og:locale\" content=\"en_US\" \/>\n<meta property=\"og:type\" content=\"article\" \/>\n<meta property=\"og:title\" content=\"NHT \u201cRiviera e Ulqinit&quot;: Sezoni filloi m\u00eb mir\u00eb se vjet - Lajme nga Ulqini\" \/>\n<meta property=\"og:description\" content=\"Drejtori ekzekutiv i Nd\u00ebrmarrjes hoteliere- turistike \u201cRiviera e Ulqinit\u201d Radomir-Mikan Zec ka deklaruar se objektet e k\u00ebsaj kompani p\u00ebr momentin jan\u00eb t\u00eb\" \/>\n<meta property=\"og:url\" content=\"https:\/\/www.visit-ulcinj.com\/blog\/2015\/05\/21\/nht-riviera-e-ulqinit-sezoni-filloi-mire-se-vjet\/\" \/>\n<meta property=\"og:site_name\" content=\"Lajme nga Ulqini\" \/>\n<meta property=\"article:published_time\" content=\"2015-05-21T06:09:14+00:00\" \/>\n<meta property=\"og:image\" content=\"http:\/\/www.visit-ulcinj.com\/blog\/wp-content\/uploads\/2012\/03\/ULCINJSKA-RIVIJERA-CRNA-GORA.jpg\" \/>\n<meta name=\"twitter:label1\" content=\"Written by\" \/>\n\t<meta name=\"twitter:data1\" content=\"ulqini\" \/>\n\t<meta name=\"twitter:label2\" content=\"Est. reading time\" \/>\n\t<meta name=\"twitter:data2\" content=\"1 minute\" \/>\n<script type=\"application\/ld+json\" class=\"yoast-schema-graph\">{\"@context\":\"https:\/\/schema.org\",\"@graph\":[{\"@type\":\"WebSite\",\"@id\":\"https:\/\/www.visit-ulcinj.com\/blog\/#website\",\"url\":\"https:\/\/www.visit-ulcinj.com\/blog\/\",\"name\":\"Lajme nga Ulqini\",\"description\":\"Lajme,Vijesti,Ulqini,Ulqin,Crna Gora,Mali i Zi\",\"potentialAction\":[{\"@type\":\"SearchAction\",\"target\":{\"@type\":\"EntryPoint\",\"urlTemplate\":\"https:\/\/www.visit-ulcinj.com\/blog\/?s={search_term_string}\"},\"query-input\":\"required name=search_term_string\"}],\"inLanguage\":\"en-US\"},{\"@type\":\"ImageObject\",\"inLanguage\":\"en-US\",\"@id\":\"https:\/\/www.visit-ulcinj.com\/blog\/2015\/05\/21\/nht-riviera-e-ulqinit-sezoni-filloi-mire-se-vjet\/#primaryimage\",\"url\":\"https:\/\/www.visit-ulcinj.com\/blog\/wp-content\/uploads\/2012\/03\/ULCINJSKA-RIVIJERA-CRNA-GORA.jpg\",\"contentUrl\":\"https:\/\/www.visit-ulcinj.com\/blog\/wp-content\/uploads\/2012\/03\/ULCINJSKA-RIVIJERA-CRNA-GORA.jpg\",\"width\":\"800\",\"height\":\"400\"},{\"@type\":\"WebPage\",\"@id\":\"https:\/\/www.visit-ulcinj.com\/blog\/2015\/05\/21\/nht-riviera-e-ulqinit-sezoni-filloi-mire-se-vjet\/#webpage\",\"url\":\"https:\/\/www.visit-ulcinj.com\/blog\/2015\/05\/21\/nht-riviera-e-ulqinit-sezoni-filloi-mire-se-vjet\/\",\"name\":\"NHT \u201cRiviera e Ulqinit\\\": Sezoni filloi m\u00eb mir\u00eb se vjet - Lajme nga Ulqini\",\"isPartOf\":{\"@id\":\"https:\/\/www.visit-ulcinj.com\/blog\/#website\"},\"primaryImageOfPage\":{\"@id\":\"https:\/\/www.visit-ulcinj.com\/blog\/2015\/05\/21\/nht-riviera-e-ulqinit-sezoni-filloi-mire-se-vjet\/#primaryimage\"},\"datePublished\":\"2015-05-21T06:09:14+00:00\",\"dateModified\":\"2015-05-21T06:09:14+00:00\",\"author\":{\"@id\":\"https:\/\/www.visit-ulcinj.com\/blog\/#\/schema\/person\/dcab619c614d3038751c63bc2aadc06d\"},\"description\":\"Drejtori ekzekutiv i Nd\u00ebrmarrjes hoteliere- turistike \u201cRiviera e Ulqinit\u201d Radomir-Mikan Zec ka deklaruar se objektet e k\u00ebsaj kompani p\u00ebr momentin jan\u00eb t\u00eb\",\"breadcrumb\":{\"@id\":\"https:\/\/www.visit-ulcinj.com\/blog\/2015\/05\/21\/nht-riviera-e-ulqinit-sezoni-filloi-mire-se-vjet\/#breadcrumb\"},\"inLanguage\":\"en-US\",\"potentialAction\":[{\"@type\":\"ReadAction\",\"target\":[\"https:\/\/www.visit-ulcinj.com\/blog\/2015\/05\/21\/nht-riviera-e-ulqinit-sezoni-filloi-mire-se-vjet\/\"]}]},{\"@type\":\"BreadcrumbList\",\"@id\":\"https:\/\/www.visit-ulcinj.com\/blog\/2015\/05\/21\/nht-riviera-e-ulqinit-sezoni-filloi-mire-se-vjet\/#breadcrumb\",\"itemListElement\":[{\"@type\":\"ListItem\",\"position\":1,\"name\":\"NHT \u201cRiviera e Ulqinit&#8221;: Sezoni filloi m\u00eb mir\u00eb se vjet\"}]},{\"@type\":\"Person\",\"@id\":\"https:\/\/www.visit-ulcinj.com\/blog\/#\/schema\/person\/dcab619c614d3038751c63bc2aadc06d\",\"name\":\"ulqini\",\"sameAs\":[\"http:\/\/www.visit-ulcinj.com\"],\"url\":\"https:\/\/www.visit-ulcinj.com\/blog\/author\/admin\/\"}]}<\/script>\n<!-- \/ Yoast SEO plugin. -->","yoast_head_json":{"title":"NHT \u201cRiviera e Ulqinit\": Sezoni filloi m\u00eb mir\u00eb se vjet - Lajme nga Ulqini","description":"Drejtori ekzekutiv i Nd\u00ebrmarrjes hoteliere- turistike \u201cRiviera e Ulqinit\u201d Radomir-Mikan Zec ka deklaruar se objektet e k\u00ebsaj kompani p\u00ebr momentin jan\u00eb t\u00eb","robots":{"index":"index","follow":"follow","max-snippet":"max-snippet:-1","max-image-preview":"max-image-preview:large","max-video-preview":"max-video-preview:-1"},"canonical":"https:\/\/www.visit-ulcinj.com\/blog\/2015\/05\/21\/nht-riviera-e-ulqinit-sezoni-filloi-mire-se-vjet\/","og_locale":"en_US","og_type":"article","og_title":"NHT \u201cRiviera e Ulqinit\": Sezoni filloi m\u00eb mir\u00eb se vjet - Lajme nga Ulqini","og_description":"Drejtori ekzekutiv i Nd\u00ebrmarrjes hoteliere- turistike \u201cRiviera e Ulqinit\u201d Radomir-Mikan Zec ka deklaruar se objektet e k\u00ebsaj kompani p\u00ebr momentin jan\u00eb t\u00eb","og_url":"https:\/\/www.visit-ulcinj.com\/blog\/2015\/05\/21\/nht-riviera-e-ulqinit-sezoni-filloi-mire-se-vjet\/","og_site_name":"Lajme nga Ulqini","article_published_time":"2015-05-21T06:09:14+00:00","og_image":[{"url":"http:\/\/www.visit-ulcinj.com\/blog\/wp-content\/uploads\/2012\/03\/ULCINJSKA-RIVIJERA-CRNA-GORA.jpg"}],"twitter_misc":{"Written by":"ulqini","Est. reading time":"1 minute"},"schema":{"@context":"https:\/\/schema.org","@graph":[{"@type":"WebSite","@id":"https:\/\/www.visit-ulcinj.com\/blog\/#website","url":"https:\/\/www.visit-ulcinj.com\/blog\/","name":"Lajme nga Ulqini","description":"Lajme,Vijesti,Ulqini,Ulqin,Crna Gora,Mali i Zi","potentialAction":[{"@type":"SearchAction","target":{"@type":"EntryPoint","urlTemplate":"https:\/\/www.visit-ulcinj.com\/blog\/?s={search_term_string}"},"query-input":"required name=search_term_string"}],"inLanguage":"en-US"},{"@type":"ImageObject","inLanguage":"en-US","@id":"https:\/\/www.visit-ulcinj.com\/blog\/2015\/05\/21\/nht-riviera-e-ulqinit-sezoni-filloi-mire-se-vjet\/#primaryimage","url":"https:\/\/www.visit-ulcinj.com\/blog\/wp-content\/uploads\/2012\/03\/ULCINJSKA-RIVIJERA-CRNA-GORA.jpg","contentUrl":"https:\/\/www.visit-ulcinj.com\/blog\/wp-content\/uploads\/2012\/03\/ULCINJSKA-RIVIJERA-CRNA-GORA.jpg","width":"800","height":"400"},{"@type":"WebPage","@id":"https:\/\/www.visit-ulcinj.com\/blog\/2015\/05\/21\/nht-riviera-e-ulqinit-sezoni-filloi-mire-se-vjet\/#webpage","url":"https:\/\/www.visit-ulcinj.com\/blog\/2015\/05\/21\/nht-riviera-e-ulqinit-sezoni-filloi-mire-se-vjet\/","name":"NHT \u201cRiviera e Ulqinit\": Sezoni filloi m\u00eb mir\u00eb se vjet - Lajme nga Ulqini","isPartOf":{"@id":"https:\/\/www.visit-ulcinj.com\/blog\/#website"},"primaryImageOfPage":{"@id":"https:\/\/www.visit-ulcinj.com\/blog\/2015\/05\/21\/nht-riviera-e-ulqinit-sezoni-filloi-mire-se-vjet\/#primaryimage"},"datePublished":"2015-05-21T06:09:14+00:00","dateModified":"2015-05-21T06:09:14+00:00","author":{"@id":"https:\/\/www.visit-ulcinj.com\/blog\/#\/schema\/person\/dcab619c614d3038751c63bc2aadc06d"},"description":"Drejtori ekzekutiv i Nd\u00ebrmarrjes hoteliere- turistike \u201cRiviera e Ulqinit\u201d Radomir-Mikan Zec ka deklaruar se objektet e k\u00ebsaj kompani p\u00ebr momentin jan\u00eb t\u00eb","breadcrumb":{"@id":"https:\/\/www.visit-ulcinj.com\/blog\/2015\/05\/21\/nht-riviera-e-ulqinit-sezoni-filloi-mire-se-vjet\/#breadcrumb"},"inLanguage":"en-US","potentialAction":[{"@type":"ReadAction","target":["https:\/\/www.visit-ulcinj.com\/blog\/2015\/05\/21\/nht-riviera-e-ulqinit-sezoni-filloi-mire-se-vjet\/"]}]},{"@type":"BreadcrumbList","@id":"https:\/\/www.visit-ulcinj.com\/blog\/2015\/05\/21\/nht-riviera-e-ulqinit-sezoni-filloi-mire-se-vjet\/#breadcrumb","itemListElement":[{"@type":"ListItem","position":1,"name":"NHT \u201cRiviera e Ulqinit&#8221;: Sezoni filloi m\u00eb mir\u00eb se vjet"}]},{"@type":"Person","@id":"https:\/\/www.visit-ulcinj.com\/blog\/#\/schema\/person\/dcab619c614d3038751c63bc2aadc06d","name":"ulqini","sameAs":["http:\/\/www.visit-ulcinj.com"],"url":"https:\/\/www.visit-ulcinj.com\/blog\/author\/admin\/"}]}},"jetpack_featured_media_url":"","jetpack_sharing_enabled":true,"jetpack_shortlink":"https:\/\/wp.me\/pe6lTn-nyp","_links":{"self":[{"href":"https:\/\/www.visit-ulcinj.com\/blog\/wp-json\/wp\/v2\/posts\/90545"}],"collection":[{"href":"https:\/\/www.visit-ulcinj.com\/blog\/wp-json\/wp\/v2\/posts"}],"about":[{"href":"https:\/\/www.visit-ulcinj.com\/blog\/wp-json\/wp\/v2\/types\/post"}],"author":[{"embeddable":true,"href":"https:\/\/www.visit-ulcinj.com\/blog\/wp-json\/wp\/v2\/users\/1"}],"replies":[{"embeddable":true,"href":"https:\/\/www.visit-ulcinj.com\/blog\/wp-json\/wp\/v2\/comments?post=90545"}],"version-history":[{"count":1,"href":"https:\/\/www.visit-ulcinj.com\/blog\/wp-json\/wp\/v2\/posts\/90545\/revisions"}],"predecessor-version":[{"id":90546,"href":"https:\/\/www.visit-ulcinj.com\/blog\/wp-json\/wp\/v2\/posts\/90545\/revisions\/90546"}],"wp:attachment":[{"href":"https:\/\/www.visit-ulcinj.com\/blog\/wp-json\/wp\/v2\/media?parent=90545"}],"wp:term":[{"taxonomy":"category","embeddable":true,"href":"https:\/\/www.visit-ulcinj.com\/blog\/wp-json\/wp\/v2\/categories?post=90545"},{"taxonomy":"post_tag","embeddable":true,"href":"https:\/\/www.visit-ulcinj.com\/blog\/wp-json\/wp\/v2\/tags?post=90545"}],"curies":[{"name":"wp","href":"https:\/\/api.w.org\/{rel}","templated":true}]}}