{"id":90561,"date":"2015-05-22T07:03:34","date_gmt":"2015-05-22T06:03:34","guid":{"rendered":"http:\/\/www.visit-ulcinj.com\/blog\/?p=90561"},"modified":"2015-05-22T07:03:34","modified_gmt":"2015-05-22T06:03:34","slug":"mali-zi-feston-9-vjetorin-e-pavaresise","status":"publish","type":"post","link":"https:\/\/www.visit-ulcinj.com\/blog\/2015\/05\/22\/mali-zi-feston-9-vjetorin-e-pavaresise\/","title":{"rendered":"Mali i Zi feston 9-vjetorin e pavar\u00ebsis\u00eb"},"content":{"rendered":"<h4><a href=\"http:\/\/www.visit-ulcinj.com\/blog\/wp-content\/uploads\/2015\/05\/flag-montenegro.jpg\"><img loading=\"lazy\" class=\"alignleft wp-image-90562\" src=\"http:\/\/www.visit-ulcinj.com\/blog\/wp-content\/uploads\/2015\/05\/flag-montenegro.jpg\" alt=\"flag-montenegro\" width=\"508\" height=\"309\" srcset=\"https:\/\/www.visit-ulcinj.com\/blog\/wp-content\/uploads\/2015\/05\/flag-montenegro.jpg 573w, https:\/\/www.visit-ulcinj.com\/blog\/wp-content\/uploads\/2015\/05\/flag-montenegro-300x183.jpg 300w\" sizes=\"(max-width: 508px) 100vw, 508px\" \/><\/a>Mali i Zi sh\u00ebnon Dit\u00ebn e pavar\u00ebsis\u00eb. N\u00eb referendumin e mbajtur m\u00eb 21 maj 2006, 55,5 p\u00ebr qind t\u00eb qytetar\u00ebve kan\u00eb t\u00eb cil\u00ebt kan\u00eb dal\u00eb n\u00eb referendum jan\u00eb shprehur p\u00ebr pavar\u00ebsin\u00eb e Malit t\u00eb Zi.<\/h4>\n<p>Pavar\u00ebsia e Malit t\u00eb Zi \u00ebsht\u00eb shpallur m\u00eb 3 qershor, nd\u00ebrkoh\u00eb q\u00eb m\u00eb 28 qershor t\u00eb atij viti Mali i Zi u b\u00eb an\u00ebtar i 192-t\u00eb i Kombeve t\u00eb Bashkuara, nd\u00ebrsa m\u00eb 11 maj 2007 an\u00ebtar i K\u00ebshillit t\u00eb Evrop\u00ebs.<\/p>\n<p>Sipas rezultateve zyrtare, pavar\u00ebsin\u00eb malazeze e kan\u00eb p\u00ebrkrahur 230.661 qytetar\u00eb apo 55,5 p\u00ebr qind nga 86,3 p\u00ebr qind qytetar\u00ebve me t\u00eb drejt\u00eb vote, t\u00eb cil\u00ebt kan\u00eb dal\u00eb n\u00eb referendum, nd\u00ebrsa 185.002 apo 44,5 p\u00ebr qind t\u00eb votuesve kan\u00eb votuar p\u00ebr q\u00ebndrim t\u00eb p\u00ebrbashk\u00ebt me Serbin\u00eb.<\/p>\n<p>Referendumi \u00ebsht\u00eb paraprir\u00eb nga negociatat midis blloqeve p\u00ebr pavar\u00ebsin\u00eb dhe shtetit t\u00eb p\u00ebrbashk\u00ebt n\u00ebp\u00ebrmjet diplomatit sllovak dhe nd\u00ebrmjet\u00ebsuesit t\u00eb Bashkimit Evropian, Miroslav Laj\u00e7ak. N\u00eb negociatat shum\u00ebmuajshe, m\u00eb s\u00eb shumti polemika ishin rreth shumic\u00ebs s\u00eb nevojshme q\u00eb referendumi t\u00eb ket\u00eb sukses, n\u00eb m\u00ebnyr\u00eb q\u00eb, me nd\u00ebrmjet\u00ebsimin e BE-s\u00eb, n\u00eb fund u arrit marr\u00ebveshja se p\u00ebr referendum t\u00eb suksessh\u00ebm ishte e nevojshme ta mb\u00ebshtetin 55 p\u00ebr qind t\u00eb votuesve.<\/p>\n<p>Kuvendi i Malit t\u00eb Zi m\u00eb par\u00eb ka miratuar Ligjin p\u00ebr referendum, i cili u dakordua me rekomandimin e Bashkimit Evropian.<\/p>\n<p>Kryeministri i Malit t\u00eb Zi, Millo Gjukanoviq ka deklaruar t\u00eb m\u00ebrkur\u00ebn n\u00eb pritjen me rastin e Dit\u00ebs s\u00eb pavar\u00ebsis\u00eb se me rishpalljen e pavar\u00ebsis\u00eb dhe njohjen nd\u00ebrkomb\u00ebtare \u00ebsht\u00eb krijuar parakushti p\u00ebr nd\u00ebrtimin e Malit t\u00eb Zi n\u00eb p\u00ebrputhje me nevojat e qytetar\u00ebve, n\u00eb frym\u00ebn e specifikave, n\u00eb p\u00ebrputhje me standardet e Evrop\u00ebs t\u00eb shekullit 21.<\/p>\n<p>&#8220;Dhe me t\u00eb v\u00ebrtet, pas n\u00ebnt\u00eb viteve q\u00ebndrojm\u00eb me nj\u00eb ngarkes\u00eb rip\u00ebrt\u00ebrir\u00ebse, jemi t\u00eb lumtur sepse me krenari mund t\u00eb themi, se jemi n\u00eb progres t\u00eb vazhduesh\u00ebm, t\u00eb matsh\u00ebm dhe t\u00eb duksh\u00ebm, n\u00eb nivelin komb\u00ebtar dhe nd\u00ebrkomb\u00ebtar&#8221;, ka deklaruar Gjukanovi\u00e7, transmeton AA.<\/p>\n<p>Koha Net<\/p>\n","protected":false},"excerpt":{"rendered":"<p>Mali i Zi sh\u00ebnon Dit\u00ebn e pavar\u00ebsis\u00eb. N\u00eb referendumin e mbajtur m\u00eb 21 maj 2006, 55,5 p\u00ebr qind t\u00eb qytetar\u00ebve kan\u00eb t\u00eb cil\u00ebt kan\u00eb dal\u00eb n\u00eb referendum jan\u00eb shprehur p\u00ebr pavar\u00ebsin\u00eb e Malit t\u00eb Zi. Pavar\u00ebsia e Malit t\u00eb Zi \u00ebsht\u00eb shpallur m\u00eb 3 qershor, nd\u00ebrkoh\u00eb q\u00eb m\u00eb 28 qershor t\u00eb atij viti Mali i [&hellip;]<\/p>\n","protected":false},"author":1,"featured_media":0,"comment_status":"closed","ping_status":"closed","sticky":false,"template":"","format":"standard","meta":{"spay_email":"","jetpack_publicize_message":"","jetpack_is_tweetstorm":false,"jetpack_publicize_feature_enabled":true},"categories":[6950],"tags":[],"jetpack_publicize_connections":[],"yoast_head":"<!-- This site is optimized with the Yoast SEO plugin v19.1 - https:\/\/yoast.com\/wordpress\/plugins\/seo\/ -->\n<title>Mali i Zi feston 9-vjetorin e pavar\u00ebsis\u00eb - Lajme nga Ulqini<\/title>\n<meta name=\"description\" content=\"Mali i Zi sh\u00ebnon Dit\u00ebn e pavar\u00ebsis\u00eb. N\u00eb referendumin e mbajtur m\u00eb 21 maj 2006, 55,5 p\u00ebr qind t\u00eb qytetar\u00ebve kan\u00eb t\u00eb cil\u00ebt kan\u00eb dal\u00eb n\u00eb referendum jan\u00eb\" \/>\n<meta name=\"robots\" content=\"index, follow, max-snippet:-1, max-image-preview:large, max-video-preview:-1\" \/>\n<link rel=\"canonical\" href=\"https:\/\/www.visit-ulcinj.com\/blog\/2015\/05\/22\/mali-zi-feston-9-vjetorin-e-pavaresise\/\" \/>\n<meta property=\"og:locale\" content=\"en_US\" \/>\n<meta property=\"og:type\" content=\"article\" \/>\n<meta property=\"og:title\" content=\"Mali i Zi feston 9-vjetorin e pavar\u00ebsis\u00eb - Lajme nga Ulqini\" \/>\n<meta property=\"og:description\" content=\"Mali i Zi sh\u00ebnon Dit\u00ebn e pavar\u00ebsis\u00eb. N\u00eb referendumin e mbajtur m\u00eb 21 maj 2006, 55,5 p\u00ebr qind t\u00eb qytetar\u00ebve kan\u00eb t\u00eb cil\u00ebt kan\u00eb dal\u00eb n\u00eb referendum jan\u00eb\" \/>\n<meta property=\"og:url\" content=\"https:\/\/www.visit-ulcinj.com\/blog\/2015\/05\/22\/mali-zi-feston-9-vjetorin-e-pavaresise\/\" \/>\n<meta property=\"og:site_name\" content=\"Lajme nga Ulqini\" \/>\n<meta property=\"article:published_time\" content=\"2015-05-22T06:03:34+00:00\" \/>\n<meta property=\"og:image\" content=\"http:\/\/www.visit-ulcinj.com\/blog\/wp-content\/uploads\/2015\/05\/flag-montenegro.jpg\" \/>\n<meta name=\"twitter:label1\" content=\"Written by\" \/>\n\t<meta name=\"twitter:data1\" content=\"ulqini\" \/>\n\t<meta name=\"twitter:label2\" content=\"Est. reading time\" \/>\n\t<meta name=\"twitter:data2\" content=\"2 minutes\" \/>\n<script type=\"application\/ld+json\" class=\"yoast-schema-graph\">{\"@context\":\"https:\/\/schema.org\",\"@graph\":[{\"@type\":\"WebSite\",\"@id\":\"https:\/\/www.visit-ulcinj.com\/blog\/#website\",\"url\":\"https:\/\/www.visit-ulcinj.com\/blog\/\",\"name\":\"Lajme nga Ulqini\",\"description\":\"Lajme,Vijesti,Ulqini,Ulqin,Crna Gora,Mali i Zi\",\"potentialAction\":[{\"@type\":\"SearchAction\",\"target\":{\"@type\":\"EntryPoint\",\"urlTemplate\":\"https:\/\/www.visit-ulcinj.com\/blog\/?s={search_term_string}\"},\"query-input\":\"required name=search_term_string\"}],\"inLanguage\":\"en-US\"},{\"@type\":\"ImageObject\",\"inLanguage\":\"en-US\",\"@id\":\"https:\/\/www.visit-ulcinj.com\/blog\/2015\/05\/22\/mali-zi-feston-9-vjetorin-e-pavaresise\/#primaryimage\",\"url\":\"https:\/\/www.visit-ulcinj.com\/blog\/wp-content\/uploads\/2015\/05\/flag-montenegro.jpg\",\"contentUrl\":\"https:\/\/www.visit-ulcinj.com\/blog\/wp-content\/uploads\/2015\/05\/flag-montenegro.jpg\",\"width\":573,\"height\":349},{\"@type\":\"WebPage\",\"@id\":\"https:\/\/www.visit-ulcinj.com\/blog\/2015\/05\/22\/mali-zi-feston-9-vjetorin-e-pavaresise\/#webpage\",\"url\":\"https:\/\/www.visit-ulcinj.com\/blog\/2015\/05\/22\/mali-zi-feston-9-vjetorin-e-pavaresise\/\",\"name\":\"Mali i Zi feston 9-vjetorin e pavar\u00ebsis\u00eb - Lajme nga Ulqini\",\"isPartOf\":{\"@id\":\"https:\/\/www.visit-ulcinj.com\/blog\/#website\"},\"primaryImageOfPage\":{\"@id\":\"https:\/\/www.visit-ulcinj.com\/blog\/2015\/05\/22\/mali-zi-feston-9-vjetorin-e-pavaresise\/#primaryimage\"},\"datePublished\":\"2015-05-22T06:03:34+00:00\",\"dateModified\":\"2015-05-22T06:03:34+00:00\",\"author\":{\"@id\":\"https:\/\/www.visit-ulcinj.com\/blog\/#\/schema\/person\/dcab619c614d3038751c63bc2aadc06d\"},\"description\":\"Mali i Zi sh\u00ebnon Dit\u00ebn e pavar\u00ebsis\u00eb. N\u00eb referendumin e mbajtur m\u00eb 21 maj 2006, 55,5 p\u00ebr qind t\u00eb qytetar\u00ebve kan\u00eb t\u00eb cil\u00ebt kan\u00eb dal\u00eb n\u00eb referendum jan\u00eb\",\"breadcrumb\":{\"@id\":\"https:\/\/www.visit-ulcinj.com\/blog\/2015\/05\/22\/mali-zi-feston-9-vjetorin-e-pavaresise\/#breadcrumb\"},\"inLanguage\":\"en-US\",\"potentialAction\":[{\"@type\":\"ReadAction\",\"target\":[\"https:\/\/www.visit-ulcinj.com\/blog\/2015\/05\/22\/mali-zi-feston-9-vjetorin-e-pavaresise\/\"]}]},{\"@type\":\"BreadcrumbList\",\"@id\":\"https:\/\/www.visit-ulcinj.com\/blog\/2015\/05\/22\/mali-zi-feston-9-vjetorin-e-pavaresise\/#breadcrumb\",\"itemListElement\":[{\"@type\":\"ListItem\",\"position\":1,\"name\":\"Mali i Zi feston 9-vjetorin e pavar\u00ebsis\u00eb\"}]},{\"@type\":\"Person\",\"@id\":\"https:\/\/www.visit-ulcinj.com\/blog\/#\/schema\/person\/dcab619c614d3038751c63bc2aadc06d\",\"name\":\"ulqini\",\"sameAs\":[\"http:\/\/www.visit-ulcinj.com\"],\"url\":\"https:\/\/www.visit-ulcinj.com\/blog\/author\/admin\/\"}]}<\/script>\n<!-- \/ Yoast SEO plugin. -->","yoast_head_json":{"title":"Mali i Zi feston 9-vjetorin e pavar\u00ebsis\u00eb - Lajme nga Ulqini","description":"Mali i Zi sh\u00ebnon Dit\u00ebn e pavar\u00ebsis\u00eb. N\u00eb referendumin e mbajtur m\u00eb 21 maj 2006, 55,5 p\u00ebr qind t\u00eb qytetar\u00ebve kan\u00eb t\u00eb cil\u00ebt kan\u00eb dal\u00eb n\u00eb referendum jan\u00eb","robots":{"index":"index","follow":"follow","max-snippet":"max-snippet:-1","max-image-preview":"max-image-preview:large","max-video-preview":"max-video-preview:-1"},"canonical":"https:\/\/www.visit-ulcinj.com\/blog\/2015\/05\/22\/mali-zi-feston-9-vjetorin-e-pavaresise\/","og_locale":"en_US","og_type":"article","og_title":"Mali i Zi feston 9-vjetorin e pavar\u00ebsis\u00eb - Lajme nga Ulqini","og_description":"Mali i Zi sh\u00ebnon Dit\u00ebn e pavar\u00ebsis\u00eb. N\u00eb referendumin e mbajtur m\u00eb 21 maj 2006, 55,5 p\u00ebr qind t\u00eb qytetar\u00ebve kan\u00eb t\u00eb cil\u00ebt kan\u00eb dal\u00eb n\u00eb referendum jan\u00eb","og_url":"https:\/\/www.visit-ulcinj.com\/blog\/2015\/05\/22\/mali-zi-feston-9-vjetorin-e-pavaresise\/","og_site_name":"Lajme nga Ulqini","article_published_time":"2015-05-22T06:03:34+00:00","og_image":[{"url":"http:\/\/www.visit-ulcinj.com\/blog\/wp-content\/uploads\/2015\/05\/flag-montenegro.jpg"}],"twitter_misc":{"Written by":"ulqini","Est. reading time":"2 minutes"},"schema":{"@context":"https:\/\/schema.org","@graph":[{"@type":"WebSite","@id":"https:\/\/www.visit-ulcinj.com\/blog\/#website","url":"https:\/\/www.visit-ulcinj.com\/blog\/","name":"Lajme nga Ulqini","description":"Lajme,Vijesti,Ulqini,Ulqin,Crna Gora,Mali i Zi","potentialAction":[{"@type":"SearchAction","target":{"@type":"EntryPoint","urlTemplate":"https:\/\/www.visit-ulcinj.com\/blog\/?s={search_term_string}"},"query-input":"required name=search_term_string"}],"inLanguage":"en-US"},{"@type":"ImageObject","inLanguage":"en-US","@id":"https:\/\/www.visit-ulcinj.com\/blog\/2015\/05\/22\/mali-zi-feston-9-vjetorin-e-pavaresise\/#primaryimage","url":"https:\/\/www.visit-ulcinj.com\/blog\/wp-content\/uploads\/2015\/05\/flag-montenegro.jpg","contentUrl":"https:\/\/www.visit-ulcinj.com\/blog\/wp-content\/uploads\/2015\/05\/flag-montenegro.jpg","width":573,"height":349},{"@type":"WebPage","@id":"https:\/\/www.visit-ulcinj.com\/blog\/2015\/05\/22\/mali-zi-feston-9-vjetorin-e-pavaresise\/#webpage","url":"https:\/\/www.visit-ulcinj.com\/blog\/2015\/05\/22\/mali-zi-feston-9-vjetorin-e-pavaresise\/","name":"Mali i Zi feston 9-vjetorin e pavar\u00ebsis\u00eb - Lajme nga Ulqini","isPartOf":{"@id":"https:\/\/www.visit-ulcinj.com\/blog\/#website"},"primaryImageOfPage":{"@id":"https:\/\/www.visit-ulcinj.com\/blog\/2015\/05\/22\/mali-zi-feston-9-vjetorin-e-pavaresise\/#primaryimage"},"datePublished":"2015-05-22T06:03:34+00:00","dateModified":"2015-05-22T06:03:34+00:00","author":{"@id":"https:\/\/www.visit-ulcinj.com\/blog\/#\/schema\/person\/dcab619c614d3038751c63bc2aadc06d"},"description":"Mali i Zi sh\u00ebnon Dit\u00ebn e pavar\u00ebsis\u00eb. N\u00eb referendumin e mbajtur m\u00eb 21 maj 2006, 55,5 p\u00ebr qind t\u00eb qytetar\u00ebve kan\u00eb t\u00eb cil\u00ebt kan\u00eb dal\u00eb n\u00eb referendum jan\u00eb","breadcrumb":{"@id":"https:\/\/www.visit-ulcinj.com\/blog\/2015\/05\/22\/mali-zi-feston-9-vjetorin-e-pavaresise\/#breadcrumb"},"inLanguage":"en-US","potentialAction":[{"@type":"ReadAction","target":["https:\/\/www.visit-ulcinj.com\/blog\/2015\/05\/22\/mali-zi-feston-9-vjetorin-e-pavaresise\/"]}]},{"@type":"BreadcrumbList","@id":"https:\/\/www.visit-ulcinj.com\/blog\/2015\/05\/22\/mali-zi-feston-9-vjetorin-e-pavaresise\/#breadcrumb","itemListElement":[{"@type":"ListItem","position":1,"name":"Mali i Zi feston 9-vjetorin e pavar\u00ebsis\u00eb"}]},{"@type":"Person","@id":"https:\/\/www.visit-ulcinj.com\/blog\/#\/schema\/person\/dcab619c614d3038751c63bc2aadc06d","name":"ulqini","sameAs":["http:\/\/www.visit-ulcinj.com"],"url":"https:\/\/www.visit-ulcinj.com\/blog\/author\/admin\/"}]}},"jetpack_featured_media_url":"","jetpack_sharing_enabled":true,"jetpack_shortlink":"https:\/\/wp.me\/pe6lTn-nyF","_links":{"self":[{"href":"https:\/\/www.visit-ulcinj.com\/blog\/wp-json\/wp\/v2\/posts\/90561"}],"collection":[{"href":"https:\/\/www.visit-ulcinj.com\/blog\/wp-json\/wp\/v2\/posts"}],"about":[{"href":"https:\/\/www.visit-ulcinj.com\/blog\/wp-json\/wp\/v2\/types\/post"}],"author":[{"embeddable":true,"href":"https:\/\/www.visit-ulcinj.com\/blog\/wp-json\/wp\/v2\/users\/1"}],"replies":[{"embeddable":true,"href":"https:\/\/www.visit-ulcinj.com\/blog\/wp-json\/wp\/v2\/comments?post=90561"}],"version-history":[{"count":1,"href":"https:\/\/www.visit-ulcinj.com\/blog\/wp-json\/wp\/v2\/posts\/90561\/revisions"}],"predecessor-version":[{"id":90563,"href":"https:\/\/www.visit-ulcinj.com\/blog\/wp-json\/wp\/v2\/posts\/90561\/revisions\/90563"}],"wp:attachment":[{"href":"https:\/\/www.visit-ulcinj.com\/blog\/wp-json\/wp\/v2\/media?parent=90561"}],"wp:term":[{"taxonomy":"category","embeddable":true,"href":"https:\/\/www.visit-ulcinj.com\/blog\/wp-json\/wp\/v2\/categories?post=90561"},{"taxonomy":"post_tag","embeddable":true,"href":"https:\/\/www.visit-ulcinj.com\/blog\/wp-json\/wp\/v2\/tags?post=90561"}],"curies":[{"name":"wp","href":"https:\/\/api.w.org\/{rel}","templated":true}]}}