{"id":90564,"date":"2015-05-22T07:11:22","date_gmt":"2015-05-22T06:11:22","guid":{"rendered":"http:\/\/www.visit-ulcinj.com\/blog\/?p=90564"},"modified":"2015-05-22T07:11:22","modified_gmt":"2015-05-22T06:11:22","slug":"mali-zi-dhe-kosova-marreveshje-bashkepunimi-ne-bujqesi","status":"publish","type":"post","link":"https:\/\/www.visit-ulcinj.com\/blog\/2015\/05\/22\/mali-zi-dhe-kosova-marreveshje-bashkepunimi-ne-bujqesi\/","title":{"rendered":"Mali i Zi dhe Kosova, marr\u00ebveshje bashk\u00ebpunimi n\u00eb bujq\u00ebsi"},"content":{"rendered":"<p><a href=\"http:\/\/www.visit-ulcinj.com\/blog\/wp-content\/uploads\/2015\/05\/Mali-i-Zi-Kosova-marr\u00ebveshje.jpg\"><img loading=\"lazy\" class=\"alignleft wp-image-90565\" src=\"http:\/\/www.visit-ulcinj.com\/blog\/wp-content\/uploads\/2015\/05\/Mali-i-Zi-Kosova-marr\u00ebveshje.jpg\" alt=\"Mali i Zi-Kosova-marr\u00ebveshje\" width=\"508\" height=\"320\" srcset=\"https:\/\/www.visit-ulcinj.com\/blog\/wp-content\/uploads\/2015\/05\/Mali-i-Zi-Kosova-marr\u00ebveshje.jpg 645w, https:\/\/www.visit-ulcinj.com\/blog\/wp-content\/uploads\/2015\/05\/Mali-i-Zi-Kosova-marr\u00ebveshje-300x189.jpg 300w\" sizes=\"(max-width: 508px) 100vw, 508px\" \/><\/a>Ministri i Bujq\u00ebsis\u00eb, Pylltaris\u00eb dhe Zhvillimit Rural, Memli Krasniqi priti sot n\u00eb nj\u00eb takim t\u00eb ngarkuarin me pun\u00eb t\u00eb Malit t\u00eb Zi n\u00eb vendin ton\u00eb, Radovan Miljanic, me t\u00eb cilin ka biseduar p\u00ebr zhvillimet e p\u00ebrgjithshme n\u00eb sektorin e bujq\u00ebsis\u00eb, si dhe p\u00ebr programet dhe projektet e k\u00ebsaj ministrie p\u00ebr zhvillimin e k\u00ebtij sektori.<\/p>\n<p>Me k\u00ebt\u00eb rast, ministri e ka njoftuar ambasadorin m\u00eb holl\u00ebsisht p\u00ebr programet e k\u00ebtij viti, me \u00e7 \u2018rast ai ka treguar se kan\u00eb zgjeruar p\u00ebrkrahjen p\u00ebr shum\u00eb sektor e n\u00ebnsektor t\u00eb bujq\u00ebsis\u00eb. Ministri shprehu gatishm\u00ebrin\u00eb e tij p\u00ebr t\u00eb thelluar bashk\u00ebpunimin rajonal, e n\u00eb k\u00ebt\u00eb rast edhe me Malin e Zi, me q\u00ebllim t\u00eb zhvillimit t\u00eb sektorit t\u00eb bujq\u00ebsis\u00eb n\u00eb t\u00eb dyja shtetet. Ministri foli edhe p\u00ebr diskutimet q\u00eb ka pasur me homologun e tij malazez, Petar Ivanoviq, me c \u2018rast tha se do t\u00eb ken\u00eb kontakte t\u00eb vazhdueshme p\u00ebr t\u00eb konkretizuar hapat bashk\u00ebpunimit, t\u00eb cilat do t\u00eb parashihen edhe n\u00eb nj\u00eb Marr\u00ebveshje Bashk\u00ebpunimi mes dy vendeve n\u00eb fush\u00ebn e bujq\u00ebsis\u00eb.<\/p>\n<p>Nga ana e tij, ambasadori Radovan Miljanic, rikonfirmoi edhe nj\u00ebher\u00eb gatishm\u00ebrin\u00eb e tij p\u00ebr t\u00eb bashk\u00ebpunuar edhe m\u00eb tej n\u00eb projektet q\u00eb nd\u00ebrlidhen me k\u00ebt\u00eb sektor. Ai tha se Mali i Zi dhe Kosova mund t\u00eb thellojn\u00eb edhe me tej bashk\u00ebpunimin n\u00eb t\u00eb mir\u00eb t\u00eb zhvillimit t\u00eb dy vendeve.<\/p>\n<p>Bota Sot<\/p>\n","protected":false},"excerpt":{"rendered":"<p>Ministri i Bujq\u00ebsis\u00eb, Pylltaris\u00eb dhe Zhvillimit Rural, Memli Krasniqi priti sot n\u00eb nj\u00eb takim t\u00eb ngarkuarin me pun\u00eb t\u00eb Malit t\u00eb Zi n\u00eb vendin ton\u00eb, Radovan Miljanic, me t\u00eb cilin ka biseduar p\u00ebr zhvillimet e p\u00ebrgjithshme n\u00eb sektorin e bujq\u00ebsis\u00eb, si dhe p\u00ebr programet dhe projektet e k\u00ebsaj ministrie p\u00ebr zhvillimin e k\u00ebtij sektori. Me [&hellip;]<\/p>\n","protected":false},"author":1,"featured_media":0,"comment_status":"closed","ping_status":"closed","sticky":false,"template":"","format":"standard","meta":{"spay_email":"","jetpack_publicize_message":"","jetpack_is_tweetstorm":false,"jetpack_publicize_feature_enabled":true},"categories":[6950],"tags":[],"jetpack_publicize_connections":[],"yoast_head":"<!-- This site is optimized with the Yoast SEO plugin v19.1 - https:\/\/yoast.com\/wordpress\/plugins\/seo\/ -->\n<title>Mali i Zi dhe Kosova, marr\u00ebveshje bashk\u00ebpunimi n\u00eb bujq\u00ebsi - Lajme nga Ulqini<\/title>\n<meta name=\"description\" content=\"Ministri i Bujq\u00ebsis\u00eb, Pylltaris\u00eb dhe Zhvillimit Rural, Memli Krasniqi priti sot n\u00eb nj\u00eb takim t\u00eb ngarkuarin me pun\u00eb t\u00eb Malit t\u00eb Zi n\u00eb vendin ton\u00eb, Radovan\" \/>\n<meta name=\"robots\" content=\"index, follow, max-snippet:-1, max-image-preview:large, max-video-preview:-1\" \/>\n<link rel=\"canonical\" href=\"https:\/\/www.visit-ulcinj.com\/blog\/2015\/05\/22\/mali-zi-dhe-kosova-marreveshje-bashkepunimi-ne-bujqesi\/\" \/>\n<meta property=\"og:locale\" content=\"en_US\" \/>\n<meta property=\"og:type\" content=\"article\" \/>\n<meta property=\"og:title\" content=\"Mali i Zi dhe Kosova, marr\u00ebveshje bashk\u00ebpunimi n\u00eb bujq\u00ebsi - Lajme nga Ulqini\" \/>\n<meta property=\"og:description\" content=\"Ministri i Bujq\u00ebsis\u00eb, Pylltaris\u00eb dhe Zhvillimit Rural, Memli Krasniqi priti sot n\u00eb nj\u00eb takim t\u00eb ngarkuarin me pun\u00eb t\u00eb Malit t\u00eb Zi n\u00eb vendin ton\u00eb, Radovan\" \/>\n<meta property=\"og:url\" content=\"https:\/\/www.visit-ulcinj.com\/blog\/2015\/05\/22\/mali-zi-dhe-kosova-marreveshje-bashkepunimi-ne-bujqesi\/\" \/>\n<meta property=\"og:site_name\" content=\"Lajme nga Ulqini\" \/>\n<meta property=\"article:published_time\" content=\"2015-05-22T06:11:22+00:00\" \/>\n<meta name=\"twitter:label1\" content=\"Written by\" \/>\n\t<meta name=\"twitter:data1\" content=\"ulqini\" \/>\n\t<meta name=\"twitter:label2\" content=\"Est. reading time\" \/>\n\t<meta name=\"twitter:data2\" content=\"1 minute\" \/>\n<script type=\"application\/ld+json\" class=\"yoast-schema-graph\">{\"@context\":\"https:\/\/schema.org\",\"@graph\":[{\"@type\":\"WebSite\",\"@id\":\"https:\/\/www.visit-ulcinj.com\/blog\/#website\",\"url\":\"https:\/\/www.visit-ulcinj.com\/blog\/\",\"name\":\"Lajme nga Ulqini\",\"description\":\"Lajme,Vijesti,Ulqini,Ulqin,Crna Gora,Mali i Zi\",\"potentialAction\":[{\"@type\":\"SearchAction\",\"target\":{\"@type\":\"EntryPoint\",\"urlTemplate\":\"https:\/\/www.visit-ulcinj.com\/blog\/?s={search_term_string}\"},\"query-input\":\"required name=search_term_string\"}],\"inLanguage\":\"en-US\"},{\"@type\":\"WebPage\",\"@id\":\"https:\/\/www.visit-ulcinj.com\/blog\/2015\/05\/22\/mali-zi-dhe-kosova-marreveshje-bashkepunimi-ne-bujqesi\/#webpage\",\"url\":\"https:\/\/www.visit-ulcinj.com\/blog\/2015\/05\/22\/mali-zi-dhe-kosova-marreveshje-bashkepunimi-ne-bujqesi\/\",\"name\":\"Mali i Zi dhe Kosova, marr\u00ebveshje bashk\u00ebpunimi n\u00eb bujq\u00ebsi - Lajme nga Ulqini\",\"isPartOf\":{\"@id\":\"https:\/\/www.visit-ulcinj.com\/blog\/#website\"},\"datePublished\":\"2015-05-22T06:11:22+00:00\",\"dateModified\":\"2015-05-22T06:11:22+00:00\",\"author\":{\"@id\":\"https:\/\/www.visit-ulcinj.com\/blog\/#\/schema\/person\/dcab619c614d3038751c63bc2aadc06d\"},\"description\":\"Ministri i Bujq\u00ebsis\u00eb, Pylltaris\u00eb dhe Zhvillimit Rural, Memli Krasniqi priti sot n\u00eb nj\u00eb takim t\u00eb ngarkuarin me pun\u00eb t\u00eb Malit t\u00eb Zi n\u00eb vendin ton\u00eb, Radovan\",\"breadcrumb\":{\"@id\":\"https:\/\/www.visit-ulcinj.com\/blog\/2015\/05\/22\/mali-zi-dhe-kosova-marreveshje-bashkepunimi-ne-bujqesi\/#breadcrumb\"},\"inLanguage\":\"en-US\",\"potentialAction\":[{\"@type\":\"ReadAction\",\"target\":[\"https:\/\/www.visit-ulcinj.com\/blog\/2015\/05\/22\/mali-zi-dhe-kosova-marreveshje-bashkepunimi-ne-bujqesi\/\"]}]},{\"@type\":\"BreadcrumbList\",\"@id\":\"https:\/\/www.visit-ulcinj.com\/blog\/2015\/05\/22\/mali-zi-dhe-kosova-marreveshje-bashkepunimi-ne-bujqesi\/#breadcrumb\",\"itemListElement\":[{\"@type\":\"ListItem\",\"position\":1,\"name\":\"Mali i Zi dhe Kosova, marr\u00ebveshje bashk\u00ebpunimi n\u00eb bujq\u00ebsi\"}]},{\"@type\":\"Person\",\"@id\":\"https:\/\/www.visit-ulcinj.com\/blog\/#\/schema\/person\/dcab619c614d3038751c63bc2aadc06d\",\"name\":\"ulqini\",\"sameAs\":[\"http:\/\/www.visit-ulcinj.com\"],\"url\":\"https:\/\/www.visit-ulcinj.com\/blog\/author\/admin\/\"}]}<\/script>\n<!-- \/ Yoast SEO plugin. -->","yoast_head_json":{"title":"Mali i Zi dhe Kosova, marr\u00ebveshje bashk\u00ebpunimi n\u00eb bujq\u00ebsi - Lajme nga Ulqini","description":"Ministri i Bujq\u00ebsis\u00eb, Pylltaris\u00eb dhe Zhvillimit Rural, Memli Krasniqi priti sot n\u00eb nj\u00eb takim t\u00eb ngarkuarin me pun\u00eb t\u00eb Malit t\u00eb Zi n\u00eb vendin ton\u00eb, Radovan","robots":{"index":"index","follow":"follow","max-snippet":"max-snippet:-1","max-image-preview":"max-image-preview:large","max-video-preview":"max-video-preview:-1"},"canonical":"https:\/\/www.visit-ulcinj.com\/blog\/2015\/05\/22\/mali-zi-dhe-kosova-marreveshje-bashkepunimi-ne-bujqesi\/","og_locale":"en_US","og_type":"article","og_title":"Mali i Zi dhe Kosova, marr\u00ebveshje bashk\u00ebpunimi n\u00eb bujq\u00ebsi - Lajme nga Ulqini","og_description":"Ministri i Bujq\u00ebsis\u00eb, Pylltaris\u00eb dhe Zhvillimit Rural, Memli Krasniqi priti sot n\u00eb nj\u00eb takim t\u00eb ngarkuarin me pun\u00eb t\u00eb Malit t\u00eb Zi n\u00eb vendin ton\u00eb, Radovan","og_url":"https:\/\/www.visit-ulcinj.com\/blog\/2015\/05\/22\/mali-zi-dhe-kosova-marreveshje-bashkepunimi-ne-bujqesi\/","og_site_name":"Lajme nga Ulqini","article_published_time":"2015-05-22T06:11:22+00:00","twitter_misc":{"Written by":"ulqini","Est. reading time":"1 minute"},"schema":{"@context":"https:\/\/schema.org","@graph":[{"@type":"WebSite","@id":"https:\/\/www.visit-ulcinj.com\/blog\/#website","url":"https:\/\/www.visit-ulcinj.com\/blog\/","name":"Lajme nga Ulqini","description":"Lajme,Vijesti,Ulqini,Ulqin,Crna Gora,Mali i Zi","potentialAction":[{"@type":"SearchAction","target":{"@type":"EntryPoint","urlTemplate":"https:\/\/www.visit-ulcinj.com\/blog\/?s={search_term_string}"},"query-input":"required name=search_term_string"}],"inLanguage":"en-US"},{"@type":"WebPage","@id":"https:\/\/www.visit-ulcinj.com\/blog\/2015\/05\/22\/mali-zi-dhe-kosova-marreveshje-bashkepunimi-ne-bujqesi\/#webpage","url":"https:\/\/www.visit-ulcinj.com\/blog\/2015\/05\/22\/mali-zi-dhe-kosova-marreveshje-bashkepunimi-ne-bujqesi\/","name":"Mali i Zi dhe Kosova, marr\u00ebveshje bashk\u00ebpunimi n\u00eb bujq\u00ebsi - Lajme nga Ulqini","isPartOf":{"@id":"https:\/\/www.visit-ulcinj.com\/blog\/#website"},"datePublished":"2015-05-22T06:11:22+00:00","dateModified":"2015-05-22T06:11:22+00:00","author":{"@id":"https:\/\/www.visit-ulcinj.com\/blog\/#\/schema\/person\/dcab619c614d3038751c63bc2aadc06d"},"description":"Ministri i Bujq\u00ebsis\u00eb, Pylltaris\u00eb dhe Zhvillimit Rural, Memli Krasniqi priti sot n\u00eb nj\u00eb takim t\u00eb ngarkuarin me pun\u00eb t\u00eb Malit t\u00eb Zi n\u00eb vendin ton\u00eb, Radovan","breadcrumb":{"@id":"https:\/\/www.visit-ulcinj.com\/blog\/2015\/05\/22\/mali-zi-dhe-kosova-marreveshje-bashkepunimi-ne-bujqesi\/#breadcrumb"},"inLanguage":"en-US","potentialAction":[{"@type":"ReadAction","target":["https:\/\/www.visit-ulcinj.com\/blog\/2015\/05\/22\/mali-zi-dhe-kosova-marreveshje-bashkepunimi-ne-bujqesi\/"]}]},{"@type":"BreadcrumbList","@id":"https:\/\/www.visit-ulcinj.com\/blog\/2015\/05\/22\/mali-zi-dhe-kosova-marreveshje-bashkepunimi-ne-bujqesi\/#breadcrumb","itemListElement":[{"@type":"ListItem","position":1,"name":"Mali i Zi dhe Kosova, marr\u00ebveshje bashk\u00ebpunimi n\u00eb bujq\u00ebsi"}]},{"@type":"Person","@id":"https:\/\/www.visit-ulcinj.com\/blog\/#\/schema\/person\/dcab619c614d3038751c63bc2aadc06d","name":"ulqini","sameAs":["http:\/\/www.visit-ulcinj.com"],"url":"https:\/\/www.visit-ulcinj.com\/blog\/author\/admin\/"}]}},"jetpack_featured_media_url":"","jetpack_sharing_enabled":true,"jetpack_shortlink":"https:\/\/wp.me\/pe6lTn-nyI","_links":{"self":[{"href":"https:\/\/www.visit-ulcinj.com\/blog\/wp-json\/wp\/v2\/posts\/90564"}],"collection":[{"href":"https:\/\/www.visit-ulcinj.com\/blog\/wp-json\/wp\/v2\/posts"}],"about":[{"href":"https:\/\/www.visit-ulcinj.com\/blog\/wp-json\/wp\/v2\/types\/post"}],"author":[{"embeddable":true,"href":"https:\/\/www.visit-ulcinj.com\/blog\/wp-json\/wp\/v2\/users\/1"}],"replies":[{"embeddable":true,"href":"https:\/\/www.visit-ulcinj.com\/blog\/wp-json\/wp\/v2\/comments?post=90564"}],"version-history":[{"count":1,"href":"https:\/\/www.visit-ulcinj.com\/blog\/wp-json\/wp\/v2\/posts\/90564\/revisions"}],"predecessor-version":[{"id":90566,"href":"https:\/\/www.visit-ulcinj.com\/blog\/wp-json\/wp\/v2\/posts\/90564\/revisions\/90566"}],"wp:attachment":[{"href":"https:\/\/www.visit-ulcinj.com\/blog\/wp-json\/wp\/v2\/media?parent=90564"}],"wp:term":[{"taxonomy":"category","embeddable":true,"href":"https:\/\/www.visit-ulcinj.com\/blog\/wp-json\/wp\/v2\/categories?post=90564"},{"taxonomy":"post_tag","embeddable":true,"href":"https:\/\/www.visit-ulcinj.com\/blog\/wp-json\/wp\/v2\/tags?post=90564"}],"curies":[{"name":"wp","href":"https:\/\/api.w.org\/{rel}","templated":true}]}}