{"id":90606,"date":"2015-05-30T18:43:42","date_gmt":"2015-05-30T17:43:42","guid":{"rendered":"http:\/\/www.visit-ulcinj.com\/blog\/?p=90606"},"modified":"2015-05-30T19:11:27","modified_gmt":"2015-05-30T18:11:27","slug":"shperngulja-e-shqiptareve-nga-mali-zi-video","status":"publish","type":"post","link":"https:\/\/www.visit-ulcinj.com\/blog\/2015\/05\/30\/shperngulja-e-shqiptareve-nga-mali-zi-video\/","title":{"rendered":"Shp\u00ebrngulja e shqiptar\u00ebve nga Mali i Zi &#8211; Video"},"content":{"rendered":"<p><a href=\"http:\/\/www.visit-ulcinj.com\/blog\/wp-content\/uploads\/2015\/05\/Shp\u00ebrngulja-1.jpg\"><img loading=\"lazy\" class=\"alignleft wp-image-90608\" src=\"http:\/\/www.visit-ulcinj.com\/blog\/wp-content\/uploads\/2015\/05\/Shp\u00ebrngulja-1.jpg\" alt=\"Shp\u00ebrngulja-1\" width=\"508\" height=\"433\" srcset=\"https:\/\/www.visit-ulcinj.com\/blog\/wp-content\/uploads\/2015\/05\/Shp\u00ebrngulja-1.jpg 495w, https:\/\/www.visit-ulcinj.com\/blog\/wp-content\/uploads\/2015\/05\/Shp\u00ebrngulja-1-300x256.jpg 300w\" sizes=\"(max-width: 508px) 100vw, 508px\" \/><\/a>Shp\u00ebrngulja e shqiptar\u00ebve nga Mali i Zi paraqet nj\u00eb problem shqet\u00ebsues. Regjistrimi i fundit tregon se m\u00eb shum\u00eb se gjysma e popullat\u00ebs shqiptare jeton jasht\u00eb vendlindjes. Kjo dukuri \u00ebsht\u00eb m\u00eb e theksuar n\u00eb Tivar dhe Rozhaje, ku disa fshatra jan\u00eb boshatisur plot\u00ebsisht.<\/p>\n<p>R\u00ebnia e vazhdueshme e numrit t\u00eb banor\u00ebve, sipas analist\u00ebve, do t\u00eb ndikoj\u00eb duksh\u00ebm n\u00eb t\u00eb ardhmen e k\u00ebtij komuniteti.<\/p>\n<p>P\u00ebr m\u00eb shum\u00eb ndiqeni kronik\u00ebn e p\u00ebrgaditur nga korrespondenti i Z\u00ebrit t\u00eb Amerik\u00ebs, <span class=\"il\">Ali<\/span> <span class=\"il\">Salaj<\/span>.<\/p>\n<p><strong>VAO<\/strong><\/p>\n<p><iframe loading=\"lazy\" src=\"https:\/\/www.youtube.com\/embed\/xOw-xvEYBBM\" width=\"508\" height=\"360\" frameborder=\"0\" allowfullscreen=\"allowfullscreen\"><\/iframe><\/p>\n","protected":false},"excerpt":{"rendered":"<p>Shp\u00ebrngulja e shqiptar\u00ebve nga Mali i Zi paraqet nj\u00eb problem shqet\u00ebsues. Regjistrimi i fundit tregon se m\u00eb shum\u00eb se gjysma e popullat\u00ebs shqiptare jeton jasht\u00eb vendlindjes. Kjo dukuri \u00ebsht\u00eb m\u00eb e theksuar n\u00eb Tivar dhe Rozhaje, ku disa fshatra jan\u00eb boshatisur plot\u00ebsisht. R\u00ebnia e vazhdueshme e numrit t\u00eb banor\u00ebve, sipas analist\u00ebve, do t\u00eb ndikoj\u00eb duksh\u00ebm [&hellip;]<\/p>\n","protected":false},"author":1,"featured_media":0,"comment_status":"closed","ping_status":"closed","sticky":false,"template":"","format":"standard","meta":{"spay_email":"","jetpack_publicize_message":"","jetpack_is_tweetstorm":false,"jetpack_publicize_feature_enabled":true},"categories":[1,13],"tags":[],"jetpack_publicize_connections":[],"yoast_head":"<!-- This site is optimized with the Yoast SEO plugin v19.1 - https:\/\/yoast.com\/wordpress\/plugins\/seo\/ -->\n<title>Shp\u00ebrngulja e shqiptar\u00ebve nga Mali i Zi - Video - Lajme nga Ulqini<\/title>\n<meta name=\"description\" content=\"Shp\u00ebrngulja e shqiptar\u00ebve nga Mali i Zi paraqet nj\u00eb problem shqet\u00ebsues. Regjistrimi i fundit tregon se m\u00eb shum\u00eb se gjysma e popullat\u00ebs shqiptare jeton\" \/>\n<meta name=\"robots\" content=\"index, follow, max-snippet:-1, max-image-preview:large, max-video-preview:-1\" \/>\n<link rel=\"canonical\" href=\"https:\/\/www.visit-ulcinj.com\/blog\/2015\/05\/30\/shperngulja-e-shqiptareve-nga-mali-zi-video\/\" \/>\n<meta property=\"og:locale\" content=\"en_US\" \/>\n<meta property=\"og:type\" content=\"article\" \/>\n<meta property=\"og:title\" content=\"Shp\u00ebrngulja e shqiptar\u00ebve nga Mali i Zi - Video - Lajme nga Ulqini\" \/>\n<meta property=\"og:description\" content=\"Shp\u00ebrngulja e shqiptar\u00ebve nga Mali i Zi paraqet nj\u00eb problem shqet\u00ebsues. Regjistrimi i fundit tregon se m\u00eb shum\u00eb se gjysma e popullat\u00ebs shqiptare jeton\" \/>\n<meta property=\"og:url\" content=\"https:\/\/www.visit-ulcinj.com\/blog\/2015\/05\/30\/shperngulja-e-shqiptareve-nga-mali-zi-video\/\" \/>\n<meta property=\"og:site_name\" content=\"Lajme nga Ulqini\" \/>\n<meta property=\"article:published_time\" content=\"2015-05-30T17:43:42+00:00\" \/>\n<meta property=\"article:modified_time\" content=\"2015-05-30T18:11:27+00:00\" \/>\n<meta name=\"twitter:label1\" content=\"Written by\" \/>\n\t<meta name=\"twitter:data1\" content=\"ulqini\" \/>\n<script type=\"application\/ld+json\" class=\"yoast-schema-graph\">{\"@context\":\"https:\/\/schema.org\",\"@graph\":[{\"@type\":\"WebSite\",\"@id\":\"https:\/\/www.visit-ulcinj.com\/blog\/#website\",\"url\":\"https:\/\/www.visit-ulcinj.com\/blog\/\",\"name\":\"Lajme nga Ulqini\",\"description\":\"Lajme,Vijesti,Ulqini,Ulqin,Crna Gora,Mali i Zi\",\"potentialAction\":[{\"@type\":\"SearchAction\",\"target\":{\"@type\":\"EntryPoint\",\"urlTemplate\":\"https:\/\/www.visit-ulcinj.com\/blog\/?s={search_term_string}\"},\"query-input\":\"required name=search_term_string\"}],\"inLanguage\":\"en-US\"},{\"@type\":\"WebPage\",\"@id\":\"https:\/\/www.visit-ulcinj.com\/blog\/2015\/05\/30\/shperngulja-e-shqiptareve-nga-mali-zi-video\/#webpage\",\"url\":\"https:\/\/www.visit-ulcinj.com\/blog\/2015\/05\/30\/shperngulja-e-shqiptareve-nga-mali-zi-video\/\",\"name\":\"Shp\u00ebrngulja e shqiptar\u00ebve nga Mali i Zi - Video - Lajme nga Ulqini\",\"isPartOf\":{\"@id\":\"https:\/\/www.visit-ulcinj.com\/blog\/#website\"},\"datePublished\":\"2015-05-30T17:43:42+00:00\",\"dateModified\":\"2015-05-30T18:11:27+00:00\",\"author\":{\"@id\":\"https:\/\/www.visit-ulcinj.com\/blog\/#\/schema\/person\/dcab619c614d3038751c63bc2aadc06d\"},\"description\":\"Shp\u00ebrngulja e shqiptar\u00ebve nga Mali i Zi paraqet nj\u00eb problem shqet\u00ebsues. Regjistrimi i fundit tregon se m\u00eb shum\u00eb se gjysma e popullat\u00ebs shqiptare jeton\",\"breadcrumb\":{\"@id\":\"https:\/\/www.visit-ulcinj.com\/blog\/2015\/05\/30\/shperngulja-e-shqiptareve-nga-mali-zi-video\/#breadcrumb\"},\"inLanguage\":\"en-US\",\"potentialAction\":[{\"@type\":\"ReadAction\",\"target\":[\"https:\/\/www.visit-ulcinj.com\/blog\/2015\/05\/30\/shperngulja-e-shqiptareve-nga-mali-zi-video\/\"]}]},{\"@type\":\"BreadcrumbList\",\"@id\":\"https:\/\/www.visit-ulcinj.com\/blog\/2015\/05\/30\/shperngulja-e-shqiptareve-nga-mali-zi-video\/#breadcrumb\",\"itemListElement\":[{\"@type\":\"ListItem\",\"position\":1,\"name\":\"Shp\u00ebrngulja e shqiptar\u00ebve nga Mali i Zi &#8211; Video\"}]},{\"@type\":\"Person\",\"@id\":\"https:\/\/www.visit-ulcinj.com\/blog\/#\/schema\/person\/dcab619c614d3038751c63bc2aadc06d\",\"name\":\"ulqini\",\"sameAs\":[\"http:\/\/www.visit-ulcinj.com\"],\"url\":\"https:\/\/www.visit-ulcinj.com\/blog\/author\/admin\/\"}]}<\/script>\n<!-- \/ Yoast SEO plugin. -->","yoast_head_json":{"title":"Shp\u00ebrngulja e shqiptar\u00ebve nga Mali i Zi - Video - Lajme nga Ulqini","description":"Shp\u00ebrngulja e shqiptar\u00ebve nga Mali i Zi paraqet nj\u00eb problem shqet\u00ebsues. Regjistrimi i fundit tregon se m\u00eb shum\u00eb se gjysma e popullat\u00ebs shqiptare jeton","robots":{"index":"index","follow":"follow","max-snippet":"max-snippet:-1","max-image-preview":"max-image-preview:large","max-video-preview":"max-video-preview:-1"},"canonical":"https:\/\/www.visit-ulcinj.com\/blog\/2015\/05\/30\/shperngulja-e-shqiptareve-nga-mali-zi-video\/","og_locale":"en_US","og_type":"article","og_title":"Shp\u00ebrngulja e shqiptar\u00ebve nga Mali i Zi - Video - Lajme nga Ulqini","og_description":"Shp\u00ebrngulja e shqiptar\u00ebve nga Mali i Zi paraqet nj\u00eb problem shqet\u00ebsues. Regjistrimi i fundit tregon se m\u00eb shum\u00eb se gjysma e popullat\u00ebs shqiptare jeton","og_url":"https:\/\/www.visit-ulcinj.com\/blog\/2015\/05\/30\/shperngulja-e-shqiptareve-nga-mali-zi-video\/","og_site_name":"Lajme nga Ulqini","article_published_time":"2015-05-30T17:43:42+00:00","article_modified_time":"2015-05-30T18:11:27+00:00","twitter_misc":{"Written by":"ulqini"},"schema":{"@context":"https:\/\/schema.org","@graph":[{"@type":"WebSite","@id":"https:\/\/www.visit-ulcinj.com\/blog\/#website","url":"https:\/\/www.visit-ulcinj.com\/blog\/","name":"Lajme nga Ulqini","description":"Lajme,Vijesti,Ulqini,Ulqin,Crna Gora,Mali i Zi","potentialAction":[{"@type":"SearchAction","target":{"@type":"EntryPoint","urlTemplate":"https:\/\/www.visit-ulcinj.com\/blog\/?s={search_term_string}"},"query-input":"required name=search_term_string"}],"inLanguage":"en-US"},{"@type":"WebPage","@id":"https:\/\/www.visit-ulcinj.com\/blog\/2015\/05\/30\/shperngulja-e-shqiptareve-nga-mali-zi-video\/#webpage","url":"https:\/\/www.visit-ulcinj.com\/blog\/2015\/05\/30\/shperngulja-e-shqiptareve-nga-mali-zi-video\/","name":"Shp\u00ebrngulja e shqiptar\u00ebve nga Mali i Zi - Video - Lajme nga Ulqini","isPartOf":{"@id":"https:\/\/www.visit-ulcinj.com\/blog\/#website"},"datePublished":"2015-05-30T17:43:42+00:00","dateModified":"2015-05-30T18:11:27+00:00","author":{"@id":"https:\/\/www.visit-ulcinj.com\/blog\/#\/schema\/person\/dcab619c614d3038751c63bc2aadc06d"},"description":"Shp\u00ebrngulja e shqiptar\u00ebve nga Mali i Zi paraqet nj\u00eb problem shqet\u00ebsues. Regjistrimi i fundit tregon se m\u00eb shum\u00eb se gjysma e popullat\u00ebs shqiptare jeton","breadcrumb":{"@id":"https:\/\/www.visit-ulcinj.com\/blog\/2015\/05\/30\/shperngulja-e-shqiptareve-nga-mali-zi-video\/#breadcrumb"},"inLanguage":"en-US","potentialAction":[{"@type":"ReadAction","target":["https:\/\/www.visit-ulcinj.com\/blog\/2015\/05\/30\/shperngulja-e-shqiptareve-nga-mali-zi-video\/"]}]},{"@type":"BreadcrumbList","@id":"https:\/\/www.visit-ulcinj.com\/blog\/2015\/05\/30\/shperngulja-e-shqiptareve-nga-mali-zi-video\/#breadcrumb","itemListElement":[{"@type":"ListItem","position":1,"name":"Shp\u00ebrngulja e shqiptar\u00ebve nga Mali i Zi &#8211; Video"}]},{"@type":"Person","@id":"https:\/\/www.visit-ulcinj.com\/blog\/#\/schema\/person\/dcab619c614d3038751c63bc2aadc06d","name":"ulqini","sameAs":["http:\/\/www.visit-ulcinj.com"],"url":"https:\/\/www.visit-ulcinj.com\/blog\/author\/admin\/"}]}},"jetpack_featured_media_url":"","jetpack_sharing_enabled":true,"jetpack_shortlink":"https:\/\/wp.me\/pe6lTn-nzo","_links":{"self":[{"href":"https:\/\/www.visit-ulcinj.com\/blog\/wp-json\/wp\/v2\/posts\/90606"}],"collection":[{"href":"https:\/\/www.visit-ulcinj.com\/blog\/wp-json\/wp\/v2\/posts"}],"about":[{"href":"https:\/\/www.visit-ulcinj.com\/blog\/wp-json\/wp\/v2\/types\/post"}],"author":[{"embeddable":true,"href":"https:\/\/www.visit-ulcinj.com\/blog\/wp-json\/wp\/v2\/users\/1"}],"replies":[{"embeddable":true,"href":"https:\/\/www.visit-ulcinj.com\/blog\/wp-json\/wp\/v2\/comments?post=90606"}],"version-history":[{"count":1,"href":"https:\/\/www.visit-ulcinj.com\/blog\/wp-json\/wp\/v2\/posts\/90606\/revisions"}],"predecessor-version":[{"id":90609,"href":"https:\/\/www.visit-ulcinj.com\/blog\/wp-json\/wp\/v2\/posts\/90606\/revisions\/90609"}],"wp:attachment":[{"href":"https:\/\/www.visit-ulcinj.com\/blog\/wp-json\/wp\/v2\/media?parent=90606"}],"wp:term":[{"taxonomy":"category","embeddable":true,"href":"https:\/\/www.visit-ulcinj.com\/blog\/wp-json\/wp\/v2\/categories?post=90606"},{"taxonomy":"post_tag","embeddable":true,"href":"https:\/\/www.visit-ulcinj.com\/blog\/wp-json\/wp\/v2\/tags?post=90606"}],"curies":[{"name":"wp","href":"https:\/\/api.w.org\/{rel}","templated":true}]}}