{"id":90614,"date":"2015-05-30T19:09:09","date_gmt":"2015-05-30T18:09:09","guid":{"rendered":"http:\/\/www.visit-ulcinj.com\/blog\/?p=90614"},"modified":"2015-05-31T11:59:20","modified_gmt":"2015-05-31T10:59:20","slug":"u-mbajte-promovimi-librit-zhdukja-e-heshtur-e-autorit-hajredin-kovaci-ne-turqi","status":"publish","type":"post","link":"https:\/\/www.visit-ulcinj.com\/blog\/2015\/05\/30\/u-mbajte-promovimi-librit-zhdukja-e-heshtur-e-autorit-hajredin-kovaci-ne-turqi\/","title":{"rendered":"U mbajt\u00eb promovimi i librit &#8220;Zhdukja e heshtur&#8221; e autorit Hajredin Kova\u00e7i n\u00eb Turqi"},"content":{"rendered":"<p><a href=\"http:\/\/www.visit-ulcinj.com\/blog\/wp-content\/uploads\/2015\/05\/Promovimi-i-librit-Hajredin-Kovaci-n\u00eb-Turqi.jpg\"><img loading=\"lazy\" class=\"alignleft wp-image-90615\" src=\"http:\/\/www.visit-ulcinj.com\/blog\/wp-content\/uploads\/2015\/05\/Promovimi-i-librit-Hajredin-Kovaci-n\u00eb-Turqi.jpg\" alt=\"Promovimi-i-librit-Hajredin Kovaci n\u00eb Turqi\" width=\"508\" height=\"338\" srcset=\"https:\/\/www.visit-ulcinj.com\/blog\/wp-content\/uploads\/2015\/05\/Promovimi-i-librit-Hajredin-Kovaci-n\u00eb-Turqi.jpg 960w, https:\/\/www.visit-ulcinj.com\/blog\/wp-content\/uploads\/2015\/05\/Promovimi-i-librit-Hajredin-Kovaci-n\u00eb-Turqi-300x200.jpg 300w\" sizes=\"(max-width: 508px) 100vw, 508px\" \/><\/a><\/p>\n<p class=\"fbPhotoAlbumTitle\"><strong>N\u00eb Stamboll u p\u00ebrurua libri &#8221;Zhdukja e heshtur&#8221;<\/strong><\/p>\n<p class=\"fbPhotoAlbumTitle\"><span class=\"fbPhotoCaptionText\">N\u00eb Qendr\u00ebn Kulturore t\u00eb Kosov\u00ebs n\u00eb Stamboll u mbajt nj\u00eb mbr\u00ebmje artistike-letrare ku u b\u00eb p\u00ebrurimi i librit me poezi \u201cZhdukja e heshtur\u201d t\u00eb autorit nga Ulqini Hajredin Kova\u00e7i. N\u00ebn moderimin e gazetares Ida Lila u b\u00eb hapja e k\u00ebsaj mbr\u00ebmje: \u2018\u2019Sonte, n\u00eb k\u00ebt\u00eb mbr\u00ebmje artistike letrare do t\u00eb flas\u00eb poezia e bukur shqipe, do t\u00eb l\u00ebkundet n\u00eb val\u00ebt e Detit Marmara krijimtaria poetike e nj\u00eb poeti nga radh\u00ebt e shqiptar\u00ebve n\u00eb Malin e Zi, poetit nga Ulqini, autorit t\u00eb kat\u00ebr p\u00ebrmbledhjeve me poezi, poetit t\u00eb poezis\u00eb s\u00eb reagimit, t\u00eb etnosit e erosit, poetit t\u00eb poezis\u00eb s\u00eb burgut, z. Hajredin Kova\u00e7i\u2019\u2019.<\/span><\/p>\n<p>P\u00ebr krijimtarin\u00eb letrare dhe librin n\u00eb fjal\u00eb t\u00eb z. Kova\u00e7i b\u00ebri nj\u00eb vler\u00ebsim kritik studentja Olta Murataj. Bukurin\u00eb e k\u00ebsaj mbr\u00ebmje e shtuan tingujt e bukur t\u00eb kitar\u00ebs dhe violin\u00ebs, si dhe k\u00ebng\u00eb t\u00eb bukura shqipe n\u00ebn interpretimin e Ebru J\u0131lta dhe Rina Demjaha. Poezi t\u00eb p\u00ebrzgjedhura nga p\u00ebrmbledhja poetike i recitoi studentja Borana Alcani.<\/p>\n<p>N\u00eb fjal\u00ebn e tij poeti Kova\u00e7i falenderoi Unionin Studentor Shqiptar \u2013 Turqi, Qendr\u00ebn Kulturore t\u00eb Kosov\u00ebs, si dhe t\u00eb gjith\u00eb t\u00eb tjer\u00ebt q\u00eb kontribuan n\u00eb realizimin e k\u00ebsaj mbr\u00ebje letrare: \u2018\u2019Uroj q\u00eb takime t\u00eb tilla letrare t\u00eb organizoni edhe n\u00eb t\u00eb ardhmen! \u00cbsht\u00eb mir\u00eb dhe e nevojshme p\u00ebr Ju q\u00eb studioni k\u00ebtu sepse gjuha shqipe duhet t\u00eb ruhet, duhet t\u00eb kultivohet, let\u00ebrsia poashtu, prandaj jeni Ju t\u00eb rinjt, student\u00ebt, ata q\u00eb duhet ta b\u00ebni k\u00ebt\u00eb. Kudo q\u00eb t\u00eb jeni, punoni, m\u00ebsoni, por gjith\u00ebsesi, vendin e vet dhe gjuh\u00ebn e bukur shqipe, mos ta harroni!\u2019\u2019<\/p>\n<p>N\u00eb em\u00ebr t\u00eb Unionit Studentor Shqiptar \u2013 Turqi, Blerim Halili uroi autorin Kova\u00e7i p\u00ebr librin e ri dhe fal\u00ebnderoi t\u00eb gjith\u00eb kontribuesit e k\u00ebsaj mbr\u00ebmjeje letrare, duke shtuar se ky sh\u00ebnon aktivitetin e kat\u00ebrt t\u00eb Unionit p\u00ebr k\u00ebt\u00eb semester.<\/p>\n<p>N\u00eb fund autori dhuroi dhe n\u00ebnshkroi p\u00ebr t\u00eb gjith\u00eb t\u00eb pranishmit librin poetik \u2018\u2019Zhdukja e heshtur\u2019\u2019. Me k\u00ebt\u00eb rast u shtrua nj\u00eb koktej modest ku u zhvillua nj\u00eb bised\u00eb e lire n\u00eb mes student\u00ebve dhe autorit. N\u00eb k\u00ebt\u00eb mbr\u00ebmje letrare p\u00ebrve\u00e7 student\u00ebve ishte i pranish\u00ebm edhe drejtori i Qendr\u00ebs Kulturore t\u00eb Kosov\u00ebs z. Qamil Byty\u00e7i.<\/p>\n<p><strong>K\u00ebshilli drejtues i USSHT<\/strong><\/p>\n<div class=\"uiScrollableAreaContent\">\n<div class=\"clearfix fbPhotoSnowliftAuthorInfo\">\n<div id=\"fbPhotoSnowliftAuthorPic\" class=\"lfloat _ohe\" data-ft=\"{&quot;tn&quot;:&quot;\\u003C&quot;}\"><\/div>\n<div class=\"_42ef\">\n<div id=\"fbPhotoSnowliftAuthorName\" class=\"fbPhotoContributorName\"><strong><a id=\"js_y\" href=\"https:\/\/www.facebook.com\/UnioniStudentorShqiptarTurqi?fref=photo\" data-gt=\"{&quot;entity_id&quot;:&quot;281879481907367&quot;,&quot;entity_path&quot;:&quot;\\\/ajax\\\/pagelet\\\/generic.php:PhotoViewerPagelet&quot;}\" data-ft=\"{&quot;tn&quot;:&quot;k&quot;}\" data-hovercard=\"\/ajax\/hovercard\/page.php?id=281879481907367\">M\u00eb tep\u00ebr Foto Unioni Studentor Shqiptar-Turqi Facebook<\/a><\/strong><\/div>\n<div class=\"fbPhotoContributorName\"><\/div>\n<div class=\"fbPhotoContributorName\"><a href=\"http:\/\/www.visit-ulcinj.com\/blog\/wp-content\/uploads\/2015\/05\/Promovimi-i-librit-Hajredin-Kovaci-n\u00eb-Stamboll-Turqi-9.jpg\"><img loading=\"lazy\" class=\"alignleft wp-image-90655\" src=\"http:\/\/www.visit-ulcinj.com\/blog\/wp-content\/uploads\/2015\/05\/Promovimi-i-librit-Hajredin-Kovaci-n\u00eb-Stamboll-Turqi-9.jpg\" alt=\"Promovimi-i-librit-Hajredin-Kovaci-n\u00eb-Stamboll-Turqi-9\" width=\"508\" height=\"338\" srcset=\"https:\/\/www.visit-ulcinj.com\/blog\/wp-content\/uploads\/2015\/05\/Promovimi-i-librit-Hajredin-Kovaci-n\u00eb-Stamboll-Turqi-9.jpg 960w, https:\/\/www.visit-ulcinj.com\/blog\/wp-content\/uploads\/2015\/05\/Promovimi-i-librit-Hajredin-Kovaci-n\u00eb-Stamboll-Turqi-9-300x200.jpg 300w\" sizes=\"(max-width: 508px) 100vw, 508px\" \/><\/a><\/div>\n<\/div>\n<\/div>\n<\/div>\n<form id=\"u_0_58\" class=\"fbPhotosSnowliftFeedbackForm rhcBody commentable_item autoexpand_mode\" action=\"\/ajax\/ufi\/modify.php\" method=\"post\" data-ft=\"{&quot;tn&quot;:&quot;]&quot;}\"><\/form>\n<p>N\u00cb QENDR\u00cbN KULTURORE T\u00cb KOSOV\u00cbS U MBAJT\u00cb PROMOVIMI I LIBRIT &#8220;ZHDUKJA E HESHTUR&#8221; E AUTORIT HAJREDIN KOVA\u00c7I E ORGANIZUAR NGA UNIONI I STUDENT\u00cbVE SHQIPTAR N\u00cb TURQI<span class=\"text_exposed_show\">.<\/span><\/p>\n<div class=\"text_exposed_show\">\n<p>KOSOVA K\u00dcLT\u00dcR MERKEZ\u0130&#8217;NDE, ARNAVUT \u00d6\u011eRENC\u0130LER B\u0130RL\u0130\u011e\u0130 TARAFINDAN ORGAN\u0130ZE ED\u0130LEN \u015eA\u0130R HAJREDIN KOVA\u00c7I&#8217;N\u0130N &#8221; ZHDUKJA E HESHTUR &#8211; SESS\u0130Z YOKOLU\u015e&#8221; ADLI K\u0130TABININ TANITIMI YAPILDI.<\/p>\n<p>ZHDUKJA E HESHTUR \u2013 SESS\u0130Z YOKOLU\u015e<\/p>\n<p>Goj\u00eb kemi e \u2013 A\u011fz\u0131m\u0131z var fakat<br \/>\nNuk flasin \u2013 Konu\u015fmay\u0131z<\/p>\n<p>Sy kemi e \u2013 G\u00f6z\u00fcm\u00fcz var fakat<br \/>\nNuk shohim \u2013 G\u00f6rmeyiz<\/p>\n<p>Hund\u00eb kemi e \u2013 Burnumuz var fakat<br \/>\nT\u00eb keqen s\u2019e nuhatim \u2013 K\u00f6t\u00fcy\u00fc koklamay\u0131z<\/p>\n<p>Vesh kemi e \u2013 Kulaklar\u0131m\u0131z var fakat<br \/>\nS\u2019degjojm\u00eb \u2013 Duymay\u0131z<\/p>\n<p>Fytyr\u00eb kemi e \u2013 Y\u00fcz\u00fcm\u00fcz var fakat<br \/>\nDisa vendosin maska \u2013 Baz\u0131lar\u0131 maske takar<\/p>\n<p>K\u00ebmb\u00eb kemi e \u2013 Ayaklar\u0131m\u0131z var fakat<br \/>\nS\u2019levizim nga vendi \u2013 Yerimizden k\u0131p\u0131rdamay\u0131z<\/p>\n<p>Duar kemi e \u2013 Ellerimiz var fakat<br \/>\nS\u2019bejm\u00eb me gisht \u2013 Parmakla i\u015faret etmeyiz<\/p>\n<p>Zem\u00ebr kemi e \u2013 Kalbimiz var fakat<br \/>\nFrik\u00ebn n\u00eb palc\u00eb \u2013 Korku iliklerimizde<\/p>\n<p>T\u00eb gjitha i kemi e \u2013 Her\u015feyimiz var fakat<br \/>\nN\u00eb heshtje po zhdukemi \u2013 Sessizlikte yok oluyoruz.<\/p>\n<p><strong>P\u00ebrktheu nga Shqipja &#8211; Arnavut\u00e7a&#8217;dan \u00e7eviren<\/strong><br \/>\n<strong> Qamil BYTY\u00c7I &#8211; Kamil B\u0130T\u0130\u015e<\/strong><\/p>\n<p>&nbsp;<\/p>\n<p><strong><a id=\"js_y\" href=\"https:\/\/www.facebook.com\/UnioniStudentorShqiptarTurqi?fref=photo\" data-gt=\"{&quot;entity_id&quot;:&quot;281879481907367&quot;,&quot;entity_path&quot;:&quot;\\\/ajax\\\/pagelet\\\/generic.php:PhotoViewerPagelet&quot;}\" data-ft=\"{&quot;tn&quot;:&quot;k&quot;}\" data-hovercard=\"\/ajax\/hovercard\/page.php?id=281879481907367\">M\u00eb tep\u00ebr Foto Unioni Studentor Shqiptar-Turqi Facebook<\/a><\/strong><\/p>\n\n\t\t<style type=\"text\/css\">\n\t\t\t#gallery-1 {\n\t\t\t\tmargin: auto;\n\t\t\t}\n\t\t\t#gallery-1 .gallery-item {\n\t\t\t\tfloat: left;\n\t\t\t\tmargin-top: 10px;\n\t\t\t\ttext-align: center;\n\t\t\t\twidth: 33%;\n\t\t\t}\n\t\t\t#gallery-1 img {\n\t\t\t\tborder: 2px solid #cfcfcf;\n\t\t\t}\n\t\t\t#gallery-1 .gallery-caption {\n\t\t\t\tmargin-left: 0;\n\t\t\t}\n\t\t\t\/* see gallery_shortcode() in wp-includes\/media.php *\/\n\t\t<\/style>\n\t\t<div id='gallery-1' class='gallery galleryid-90614 gallery-columns-3 gallery-size-thumbnail'><dl class='gallery-item'>\n\t\t\t<dt class='gallery-icon landscape'>\n\t\t\t\t<a href='https:\/\/www.visit-ulcinj.com\/blog\/2015\/05\/30\/u-mbajte-promovimi-librit-zhdukja-e-heshtur-e-autorit-hajredin-kovaci-ne-turqi\/promovimi-i-librit-hajredin-kovaci-ne-stamboll-turqi-9\/'><img width=\"150\" height=\"150\" src=\"https:\/\/www.visit-ulcinj.com\/blog\/wp-content\/uploads\/2015\/05\/Promovimi-i-librit-Hajredin-Kovaci-n\u00eb-Stamboll-Turqi-9-150x150.jpg\" class=\"attachment-thumbnail size-thumbnail\" alt=\"\" loading=\"lazy\" \/><\/a>\n\t\t\t<\/dt><\/dl><dl class='gallery-item'>\n\t\t\t<dt class='gallery-icon landscape'>\n\t\t\t\t<a href='https:\/\/www.visit-ulcinj.com\/blog\/2015\/05\/30\/u-mbajte-promovimi-librit-zhdukja-e-heshtur-e-autorit-hajredin-kovaci-ne-turqi\/promovimi-i-librit-hajredin-kovaci-ne-stamboll-turqi-8\/'><img width=\"150\" height=\"150\" src=\"https:\/\/www.visit-ulcinj.com\/blog\/wp-content\/uploads\/2015\/05\/Promovimi-i-librit-Hajredin-Kovaci-n\u00eb-Stamboll-Turqi-8-150x150.jpg\" class=\"attachment-thumbnail size-thumbnail\" alt=\"\" loading=\"lazy\" \/><\/a>\n\t\t\t<\/dt><\/dl><dl class='gallery-item'>\n\t\t\t<dt class='gallery-icon landscape'>\n\t\t\t\t<a href='https:\/\/www.visit-ulcinj.com\/blog\/2015\/05\/30\/u-mbajte-promovimi-librit-zhdukja-e-heshtur-e-autorit-hajredin-kovaci-ne-turqi\/promovimi-i-librit-hajredin-kovaci-ne-stamboll-turqi-7\/'><img width=\"150\" height=\"150\" src=\"https:\/\/www.visit-ulcinj.com\/blog\/wp-content\/uploads\/2015\/05\/Promovimi-i-librit-Hajredin-Kovaci-n\u00eb-Stamboll-Turqi-7-150x150.jpg\" class=\"attachment-thumbnail size-thumbnail\" alt=\"\" loading=\"lazy\" \/><\/a>\n\t\t\t<\/dt><\/dl><br style=\"clear: both\" \/><dl class='gallery-item'>\n\t\t\t<dt class='gallery-icon landscape'>\n\t\t\t\t<a href='https:\/\/www.visit-ulcinj.com\/blog\/2015\/05\/30\/u-mbajte-promovimi-librit-zhdukja-e-heshtur-e-autorit-hajredin-kovaci-ne-turqi\/promovimi-i-librit-hajredin-kovaci-ne-stamboll-turqi-6\/'><img width=\"150\" height=\"150\" src=\"https:\/\/www.visit-ulcinj.com\/blog\/wp-content\/uploads\/2015\/05\/Promovimi-i-librit-Hajredin-Kovaci-n\u00eb-Stamboll-Turqi-6-150x150.jpg\" class=\"attachment-thumbnail size-thumbnail\" alt=\"\" loading=\"lazy\" \/><\/a>\n\t\t\t<\/dt><\/dl><dl class='gallery-item'>\n\t\t\t<dt class='gallery-icon landscape'>\n\t\t\t\t<a href='https:\/\/www.visit-ulcinj.com\/blog\/2015\/05\/30\/u-mbajte-promovimi-librit-zhdukja-e-heshtur-e-autorit-hajredin-kovaci-ne-turqi\/promovimi-i-librit-hajredin-kovaci-ne-stamboll-turqi-4\/'><img width=\"150\" height=\"150\" src=\"https:\/\/www.visit-ulcinj.com\/blog\/wp-content\/uploads\/2015\/05\/Promovimi-i-librit-Hajredin-Kovaci-n\u00eb-Stamboll-Turqi-4-150x150.jpg\" class=\"attachment-thumbnail size-thumbnail\" alt=\"\" loading=\"lazy\" \/><\/a>\n\t\t\t<\/dt><\/dl><dl class='gallery-item'>\n\t\t\t<dt class='gallery-icon portrait'>\n\t\t\t\t<a href='https:\/\/www.visit-ulcinj.com\/blog\/2015\/05\/30\/u-mbajte-promovimi-librit-zhdukja-e-heshtur-e-autorit-hajredin-kovaci-ne-turqi\/promovimi-i-librit-hajredin-kovaci-ne-stamboll-turqi-5\/'><img width=\"150\" height=\"150\" src=\"https:\/\/www.visit-ulcinj.com\/blog\/wp-content\/uploads\/2015\/05\/Promovimi-i-librit-Hajredin-Kovaci-n\u00eb-Stamboll-Turqi-5-150x150.jpg\" class=\"attachment-thumbnail size-thumbnail\" alt=\"\" loading=\"lazy\" \/><\/a>\n\t\t\t<\/dt><\/dl><br style=\"clear: both\" \/><dl class='gallery-item'>\n\t\t\t<dt class='gallery-icon landscape'>\n\t\t\t\t<a href='https:\/\/www.visit-ulcinj.com\/blog\/2015\/05\/30\/u-mbajte-promovimi-librit-zhdukja-e-heshtur-e-autorit-hajredin-kovaci-ne-turqi\/promovimi-i-librit-hajredin-kovaci-ne-stamboll-turqi-3\/'><img width=\"150\" height=\"150\" src=\"https:\/\/www.visit-ulcinj.com\/blog\/wp-content\/uploads\/2015\/05\/Promovimi-i-librit-Hajredin-Kovaci-n\u00eb-Stamboll-Turqi-3-150x150.jpg\" class=\"attachment-thumbnail size-thumbnail\" alt=\"\" loading=\"lazy\" \/><\/a>\n\t\t\t<\/dt><\/dl><dl class='gallery-item'>\n\t\t\t<dt class='gallery-icon landscape'>\n\t\t\t\t<a href='https:\/\/www.visit-ulcinj.com\/blog\/2015\/05\/30\/u-mbajte-promovimi-librit-zhdukja-e-heshtur-e-autorit-hajredin-kovaci-ne-turqi\/promovimi-i-librit-hajredin-kovaci-ne-stamboll-turqi-2\/'><img width=\"150\" height=\"150\" src=\"https:\/\/www.visit-ulcinj.com\/blog\/wp-content\/uploads\/2015\/05\/Promovimi-i-librit-Hajredin-Kovaci-n\u00eb-Stamboll-Turqi-2-150x150.jpg\" class=\"attachment-thumbnail size-thumbnail\" alt=\"\" loading=\"lazy\" \/><\/a>\n\t\t\t<\/dt><\/dl><dl class='gallery-item'>\n\t\t\t<dt class='gallery-icon landscape'>\n\t\t\t\t<a href='https:\/\/www.visit-ulcinj.com\/blog\/2015\/05\/30\/u-mbajte-promovimi-librit-zhdukja-e-heshtur-e-autorit-hajredin-kovaci-ne-turqi\/promovimi-i-librit-hajredin-kovaci-ne-stamboll-turqi-1\/'><img width=\"150\" height=\"150\" src=\"https:\/\/www.visit-ulcinj.com\/blog\/wp-content\/uploads\/2015\/05\/Promovimi-i-librit-Hajredin-Kovaci-n\u00eb-Stamboll-Turqi-1-150x150.jpg\" class=\"attachment-thumbnail size-thumbnail\" alt=\"\" loading=\"lazy\" \/><\/a>\n\t\t\t<\/dt><\/dl><br style=\"clear: both\" \/><dl class='gallery-item'>\n\t\t\t<dt class='gallery-icon landscape'>\n\t\t\t\t<a href='https:\/\/www.visit-ulcinj.com\/blog\/2015\/05\/30\/u-mbajte-promovimi-librit-zhdukja-e-heshtur-e-autorit-hajredin-kovaci-ne-turqi\/promovimi-i-librit-hajredin-kovaci-ne-turqi-2\/'><img width=\"150\" height=\"150\" src=\"https:\/\/www.visit-ulcinj.com\/blog\/wp-content\/uploads\/2015\/05\/Promovimi-i-librit-Hajredin-Kovaci-n\u00eb-Turqi-2-150x150.jpg\" class=\"attachment-thumbnail size-thumbnail\" alt=\"\" loading=\"lazy\" \/><\/a>\n\t\t\t<\/dt><\/dl><dl class='gallery-item'>\n\t\t\t<dt class='gallery-icon landscape'>\n\t\t\t\t<a href='https:\/\/www.visit-ulcinj.com\/blog\/2015\/05\/30\/u-mbajte-promovimi-librit-zhdukja-e-heshtur-e-autorit-hajredin-kovaci-ne-turqi\/promovimi-i-librit-hajredin-kovaci-ne-turqi-1\/'><img width=\"150\" height=\"150\" src=\"https:\/\/www.visit-ulcinj.com\/blog\/wp-content\/uploads\/2015\/05\/Promovimi-i-librit-Hajredin-Kovaci-n\u00eb-Turqi-1-150x150.jpg\" class=\"attachment-thumbnail size-thumbnail\" alt=\"\" loading=\"lazy\" \/><\/a>\n\t\t\t<\/dt><\/dl><dl class='gallery-item'>\n\t\t\t<dt class='gallery-icon landscape'>\n\t\t\t\t<a href='https:\/\/www.visit-ulcinj.com\/blog\/2015\/05\/30\/u-mbajte-promovimi-librit-zhdukja-e-heshtur-e-autorit-hajredin-kovaci-ne-turqi\/promovimi-i-librit-hajredin-kovaci-ne-turqi-3\/'><img width=\"150\" height=\"150\" src=\"https:\/\/www.visit-ulcinj.com\/blog\/wp-content\/uploads\/2015\/05\/Promovimi-i-librit-Hajredin-Kovaci-n\u00eb-Turqi-3-150x150.jpg\" class=\"attachment-thumbnail size-thumbnail\" alt=\"\" loading=\"lazy\" \/><\/a>\n\t\t\t<\/dt><\/dl><br style=\"clear: both\" \/>\n\t\t<\/div>\n\n<\/div>\n","protected":false},"excerpt":{"rendered":"<p>N\u00eb Stamboll u p\u00ebrurua libri &#8221;Zhdukja e heshtur&#8221; N\u00eb Qendr\u00ebn Kulturore t\u00eb Kosov\u00ebs n\u00eb Stamboll u mbajt nj\u00eb mbr\u00ebmje artistike-letrare ku u b\u00eb p\u00ebrurimi i librit me poezi \u201cZhdukja e heshtur\u201d t\u00eb autorit nga Ulqini Hajredin Kova\u00e7i. N\u00ebn moderimin e gazetares Ida Lila u b\u00eb hapja e k\u00ebsaj mbr\u00ebmje: \u2018\u2019Sonte, n\u00eb k\u00ebt\u00eb mbr\u00ebmje artistike letrare [&hellip;]<\/p>\n","protected":false},"author":1,"featured_media":0,"comment_status":"closed","ping_status":"closed","sticky":false,"template":"","format":"standard","meta":{"spay_email":"","jetpack_publicize_message":"","jetpack_is_tweetstorm":false,"jetpack_publicize_feature_enabled":true},"categories":[4,1],"tags":[],"jetpack_publicize_connections":[],"yoast_head":"<!-- This site is optimized with the Yoast SEO plugin v19.1 - https:\/\/yoast.com\/wordpress\/plugins\/seo\/ -->\n<title>U mbajt\u00eb promovimi i librit &quot;Zhdukja e heshtur&quot; e autorit Hajredin Kova\u00e7i n\u00eb Turqi - Lajme nga Ulqini<\/title>\n<meta name=\"description\" content=\"N\u00eb Stamboll u p\u00ebrurua libri &#039;&#039;Zhdukja e heshtur&#039;&#039; N\u00eb Qendr\u00ebn Kulturore t\u00eb Kosov\u00ebs n\u00eb Stamboll u mbajt nj\u00eb mbr\u00ebmje artistike-letrare ku u b\u00eb p\u00ebrurimi i\" \/>\n<meta name=\"robots\" content=\"index, follow, max-snippet:-1, max-image-preview:large, max-video-preview:-1\" \/>\n<link rel=\"canonical\" href=\"https:\/\/www.visit-ulcinj.com\/blog\/2015\/05\/30\/u-mbajte-promovimi-librit-zhdukja-e-heshtur-e-autorit-hajredin-kovaci-ne-turqi\/\" \/>\n<meta property=\"og:locale\" content=\"en_US\" \/>\n<meta property=\"og:type\" content=\"article\" \/>\n<meta property=\"og:title\" content=\"U mbajt\u00eb promovimi i librit &quot;Zhdukja e heshtur&quot; e autorit Hajredin Kova\u00e7i n\u00eb Turqi - Lajme nga Ulqini\" \/>\n<meta property=\"og:description\" content=\"N\u00eb Stamboll u p\u00ebrurua libri &#039;&#039;Zhdukja e heshtur&#039;&#039; N\u00eb Qendr\u00ebn Kulturore t\u00eb Kosov\u00ebs n\u00eb Stamboll u mbajt nj\u00eb mbr\u00ebmje artistike-letrare ku u b\u00eb p\u00ebrurimi i\" \/>\n<meta property=\"og:url\" content=\"https:\/\/www.visit-ulcinj.com\/blog\/2015\/05\/30\/u-mbajte-promovimi-librit-zhdukja-e-heshtur-e-autorit-hajredin-kovaci-ne-turqi\/\" \/>\n<meta property=\"og:site_name\" content=\"Lajme nga Ulqini\" \/>\n<meta property=\"article:published_time\" content=\"2015-05-30T18:09:09+00:00\" \/>\n<meta property=\"article:modified_time\" content=\"2015-05-31T10:59:20+00:00\" \/>\n<meta property=\"og:image\" content=\"https:\/\/www.visit-ulcinj.com\/blog\/wp-content\/uploads\/2015\/05\/Promovimi-i-librit-Hajredin-Kovaci-n\u00eb-Stamboll-Turqi-9-150x150.jpg\" \/>\n<meta name=\"twitter:label1\" content=\"Written by\" \/>\n\t<meta name=\"twitter:data1\" content=\"ulqini\" \/>\n\t<meta name=\"twitter:label2\" content=\"Est. reading time\" \/>\n\t<meta name=\"twitter:data2\" content=\"3 minutes\" \/>\n<script type=\"application\/ld+json\" class=\"yoast-schema-graph\">{\"@context\":\"https:\/\/schema.org\",\"@graph\":[{\"@type\":\"WebSite\",\"@id\":\"https:\/\/www.visit-ulcinj.com\/blog\/#website\",\"url\":\"https:\/\/www.visit-ulcinj.com\/blog\/\",\"name\":\"Lajme nga Ulqini\",\"description\":\"Lajme,Vijesti,Ulqini,Ulqin,Crna Gora,Mali i Zi\",\"potentialAction\":[{\"@type\":\"SearchAction\",\"target\":{\"@type\":\"EntryPoint\",\"urlTemplate\":\"https:\/\/www.visit-ulcinj.com\/blog\/?s={search_term_string}\"},\"query-input\":\"required name=search_term_string\"}],\"inLanguage\":\"en-US\"},{\"@type\":\"WebPage\",\"@id\":\"https:\/\/www.visit-ulcinj.com\/blog\/2015\/05\/30\/u-mbajte-promovimi-librit-zhdukja-e-heshtur-e-autorit-hajredin-kovaci-ne-turqi\/#webpage\",\"url\":\"https:\/\/www.visit-ulcinj.com\/blog\/2015\/05\/30\/u-mbajte-promovimi-librit-zhdukja-e-heshtur-e-autorit-hajredin-kovaci-ne-turqi\/\",\"name\":\"U mbajt\u00eb promovimi i librit \\\"Zhdukja e heshtur\\\" e autorit Hajredin Kova\u00e7i n\u00eb Turqi - Lajme nga Ulqini\",\"isPartOf\":{\"@id\":\"https:\/\/www.visit-ulcinj.com\/blog\/#website\"},\"datePublished\":\"2015-05-30T18:09:09+00:00\",\"dateModified\":\"2015-05-31T10:59:20+00:00\",\"author\":{\"@id\":\"https:\/\/www.visit-ulcinj.com\/blog\/#\/schema\/person\/dcab619c614d3038751c63bc2aadc06d\"},\"description\":\"N\u00eb Stamboll u p\u00ebrurua libri ''Zhdukja e heshtur'' N\u00eb Qendr\u00ebn Kulturore t\u00eb Kosov\u00ebs n\u00eb Stamboll u mbajt nj\u00eb mbr\u00ebmje artistike-letrare ku u b\u00eb p\u00ebrurimi i\",\"breadcrumb\":{\"@id\":\"https:\/\/www.visit-ulcinj.com\/blog\/2015\/05\/30\/u-mbajte-promovimi-librit-zhdukja-e-heshtur-e-autorit-hajredin-kovaci-ne-turqi\/#breadcrumb\"},\"inLanguage\":\"en-US\",\"potentialAction\":[{\"@type\":\"ReadAction\",\"target\":[\"https:\/\/www.visit-ulcinj.com\/blog\/2015\/05\/30\/u-mbajte-promovimi-librit-zhdukja-e-heshtur-e-autorit-hajredin-kovaci-ne-turqi\/\"]}]},{\"@type\":\"BreadcrumbList\",\"@id\":\"https:\/\/www.visit-ulcinj.com\/blog\/2015\/05\/30\/u-mbajte-promovimi-librit-zhdukja-e-heshtur-e-autorit-hajredin-kovaci-ne-turqi\/#breadcrumb\",\"itemListElement\":[{\"@type\":\"ListItem\",\"position\":1,\"name\":\"U mbajt\u00eb promovimi i librit &#8220;Zhdukja e heshtur&#8221; e autorit Hajredin Kova\u00e7i n\u00eb Turqi\"}]},{\"@type\":\"Person\",\"@id\":\"https:\/\/www.visit-ulcinj.com\/blog\/#\/schema\/person\/dcab619c614d3038751c63bc2aadc06d\",\"name\":\"ulqini\",\"sameAs\":[\"http:\/\/www.visit-ulcinj.com\"],\"url\":\"https:\/\/www.visit-ulcinj.com\/blog\/author\/admin\/\"}]}<\/script>\n<!-- \/ Yoast SEO plugin. -->","yoast_head_json":{"title":"U mbajt\u00eb promovimi i librit \"Zhdukja e heshtur\" e autorit Hajredin Kova\u00e7i n\u00eb Turqi - Lajme nga Ulqini","description":"N\u00eb Stamboll u p\u00ebrurua libri ''Zhdukja e heshtur'' N\u00eb Qendr\u00ebn Kulturore t\u00eb Kosov\u00ebs n\u00eb Stamboll u mbajt nj\u00eb mbr\u00ebmje artistike-letrare ku u b\u00eb p\u00ebrurimi i","robots":{"index":"index","follow":"follow","max-snippet":"max-snippet:-1","max-image-preview":"max-image-preview:large","max-video-preview":"max-video-preview:-1"},"canonical":"https:\/\/www.visit-ulcinj.com\/blog\/2015\/05\/30\/u-mbajte-promovimi-librit-zhdukja-e-heshtur-e-autorit-hajredin-kovaci-ne-turqi\/","og_locale":"en_US","og_type":"article","og_title":"U mbajt\u00eb promovimi i librit \"Zhdukja e heshtur\" e autorit Hajredin Kova\u00e7i n\u00eb Turqi - Lajme nga Ulqini","og_description":"N\u00eb Stamboll u p\u00ebrurua libri ''Zhdukja e heshtur'' N\u00eb Qendr\u00ebn Kulturore t\u00eb Kosov\u00ebs n\u00eb Stamboll u mbajt nj\u00eb mbr\u00ebmje artistike-letrare ku u b\u00eb p\u00ebrurimi i","og_url":"https:\/\/www.visit-ulcinj.com\/blog\/2015\/05\/30\/u-mbajte-promovimi-librit-zhdukja-e-heshtur-e-autorit-hajredin-kovaci-ne-turqi\/","og_site_name":"Lajme nga Ulqini","article_published_time":"2015-05-30T18:09:09+00:00","article_modified_time":"2015-05-31T10:59:20+00:00","og_image":[{"url":"https:\/\/www.visit-ulcinj.com\/blog\/wp-content\/uploads\/2015\/05\/Promovimi-i-librit-Hajredin-Kovaci-n\u00eb-Stamboll-Turqi-9-150x150.jpg"}],"twitter_misc":{"Written by":"ulqini","Est. reading time":"3 minutes"},"schema":{"@context":"https:\/\/schema.org","@graph":[{"@type":"WebSite","@id":"https:\/\/www.visit-ulcinj.com\/blog\/#website","url":"https:\/\/www.visit-ulcinj.com\/blog\/","name":"Lajme nga Ulqini","description":"Lajme,Vijesti,Ulqini,Ulqin,Crna Gora,Mali i Zi","potentialAction":[{"@type":"SearchAction","target":{"@type":"EntryPoint","urlTemplate":"https:\/\/www.visit-ulcinj.com\/blog\/?s={search_term_string}"},"query-input":"required name=search_term_string"}],"inLanguage":"en-US"},{"@type":"WebPage","@id":"https:\/\/www.visit-ulcinj.com\/blog\/2015\/05\/30\/u-mbajte-promovimi-librit-zhdukja-e-heshtur-e-autorit-hajredin-kovaci-ne-turqi\/#webpage","url":"https:\/\/www.visit-ulcinj.com\/blog\/2015\/05\/30\/u-mbajte-promovimi-librit-zhdukja-e-heshtur-e-autorit-hajredin-kovaci-ne-turqi\/","name":"U mbajt\u00eb promovimi i librit \"Zhdukja e heshtur\" e autorit Hajredin Kova\u00e7i n\u00eb Turqi - Lajme nga Ulqini","isPartOf":{"@id":"https:\/\/www.visit-ulcinj.com\/blog\/#website"},"datePublished":"2015-05-30T18:09:09+00:00","dateModified":"2015-05-31T10:59:20+00:00","author":{"@id":"https:\/\/www.visit-ulcinj.com\/blog\/#\/schema\/person\/dcab619c614d3038751c63bc2aadc06d"},"description":"N\u00eb Stamboll u p\u00ebrurua libri ''Zhdukja e heshtur'' N\u00eb Qendr\u00ebn Kulturore t\u00eb Kosov\u00ebs n\u00eb Stamboll u mbajt nj\u00eb mbr\u00ebmje artistike-letrare ku u b\u00eb p\u00ebrurimi i","breadcrumb":{"@id":"https:\/\/www.visit-ulcinj.com\/blog\/2015\/05\/30\/u-mbajte-promovimi-librit-zhdukja-e-heshtur-e-autorit-hajredin-kovaci-ne-turqi\/#breadcrumb"},"inLanguage":"en-US","potentialAction":[{"@type":"ReadAction","target":["https:\/\/www.visit-ulcinj.com\/blog\/2015\/05\/30\/u-mbajte-promovimi-librit-zhdukja-e-heshtur-e-autorit-hajredin-kovaci-ne-turqi\/"]}]},{"@type":"BreadcrumbList","@id":"https:\/\/www.visit-ulcinj.com\/blog\/2015\/05\/30\/u-mbajte-promovimi-librit-zhdukja-e-heshtur-e-autorit-hajredin-kovaci-ne-turqi\/#breadcrumb","itemListElement":[{"@type":"ListItem","position":1,"name":"U mbajt\u00eb promovimi i librit &#8220;Zhdukja e heshtur&#8221; e autorit Hajredin Kova\u00e7i n\u00eb Turqi"}]},{"@type":"Person","@id":"https:\/\/www.visit-ulcinj.com\/blog\/#\/schema\/person\/dcab619c614d3038751c63bc2aadc06d","name":"ulqini","sameAs":["http:\/\/www.visit-ulcinj.com"],"url":"https:\/\/www.visit-ulcinj.com\/blog\/author\/admin\/"}]}},"jetpack_featured_media_url":"","jetpack_sharing_enabled":true,"jetpack_shortlink":"https:\/\/wp.me\/pe6lTn-nzw","_links":{"self":[{"href":"https:\/\/www.visit-ulcinj.com\/blog\/wp-json\/wp\/v2\/posts\/90614"}],"collection":[{"href":"https:\/\/www.visit-ulcinj.com\/blog\/wp-json\/wp\/v2\/posts"}],"about":[{"href":"https:\/\/www.visit-ulcinj.com\/blog\/wp-json\/wp\/v2\/types\/post"}],"author":[{"embeddable":true,"href":"https:\/\/www.visit-ulcinj.com\/blog\/wp-json\/wp\/v2\/users\/1"}],"replies":[{"embeddable":true,"href":"https:\/\/www.visit-ulcinj.com\/blog\/wp-json\/wp\/v2\/comments?post=90614"}],"version-history":[{"count":5,"href":"https:\/\/www.visit-ulcinj.com\/blog\/wp-json\/wp\/v2\/posts\/90614\/revisions"}],"predecessor-version":[{"id":90666,"href":"https:\/\/www.visit-ulcinj.com\/blog\/wp-json\/wp\/v2\/posts\/90614\/revisions\/90666"}],"wp:attachment":[{"href":"https:\/\/www.visit-ulcinj.com\/blog\/wp-json\/wp\/v2\/media?parent=90614"}],"wp:term":[{"taxonomy":"category","embeddable":true,"href":"https:\/\/www.visit-ulcinj.com\/blog\/wp-json\/wp\/v2\/categories?post=90614"},{"taxonomy":"post_tag","embeddable":true,"href":"https:\/\/www.visit-ulcinj.com\/blog\/wp-json\/wp\/v2\/tags?post=90614"}],"curies":[{"name":"wp","href":"https:\/\/api.w.org\/{rel}","templated":true}]}}