{"id":90624,"date":"2015-05-30T19:30:22","date_gmt":"2015-05-30T18:30:22","guid":{"rendered":"http:\/\/www.visit-ulcinj.com\/blog\/?p=90624"},"modified":"2015-05-30T19:34:19","modified_gmt":"2015-05-30T18:34:19","slug":"ibroci-qente-endacak-shqetesim-per-ulqinin","status":"publish","type":"post","link":"https:\/\/www.visit-ulcinj.com\/blog\/2015\/05\/30\/ibroci-qente-endacak-shqetesim-per-ulqinin\/","title":{"rendered":"Ibro\u00e7i: Qent\u00eb endacak, shqet\u00ebsim p\u00ebr Ulqinin"},"content":{"rendered":"<p class=\"uiStreamMessage userContentWrapper\" data-ft=\"{&quot;type&quot;:1,&quot;tn&quot;:&quot;K&quot;}\"><span class=\"messageBody\" data-ft=\"{&quot;type&quot;:3,&quot;tn&quot;:&quot;K&quot;}\"><span class=\"userContent\"><a href=\"http:\/\/www.visit-ulcinj.com\/blog\/wp-content\/uploads\/2015\/05\/qent-ulqin.jpg\"><img loading=\"lazy\" class=\"alignleft wp-image-90625\" src=\"http:\/\/www.visit-ulcinj.com\/blog\/wp-content\/uploads\/2015\/05\/qent-ulqin.jpg\" alt=\"qent-ulqin\" width=\"508\" height=\"298\" srcset=\"https:\/\/www.visit-ulcinj.com\/blog\/wp-content\/uploads\/2015\/05\/qent-ulqin.jpg 922w, https:\/\/www.visit-ulcinj.com\/blog\/wp-content\/uploads\/2015\/05\/qent-ulqin-300x176.jpg 300w\" sizes=\"(max-width: 508px) 100vw, 508px\" \/><\/a><strong>Foto: <a id=\"js_1s\" href=\"https:\/\/www.facebook.com\/panda.ulcinj?fref=photo\" data-hovercard=\"\/ajax\/hovercard\/user.php?id=100009104200249\">Panda Nvo Ulcinj Facebook<\/a><\/strong><\/span><\/span><\/p>\n<p class=\"uiStreamMessage userContentWrapper\" data-ft=\"{&quot;type&quot;:1,&quot;tn&quot;:&quot;K&quot;}\"><span class=\"messageBody\" data-ft=\"{&quot;type&quot;:3,&quot;tn&quot;:&quot;K&quot;}\"><span class=\"userContent\">Qent\u00eb endacak koh\u00ebve t\u00eb fundit duksh\u00ebm jan\u00eb shtuar n\u00eb num\u00ebr, i takojm\u00eb n\u00eb t\u00eb gjitha rrug\u00ebt e Ulqinit, sikur t\u00eb organizuar kan\u00eb pushtuar edhe &#8220;shetitoren&#8221; e Ran\u00ebs! Sot isha d\u00ebshmitar i nj\u00eb skene t\u00eb frikshme dhe aspak t\u00eb p\u00eblqyeshme! A thua mund t\u00eb arsyetohet prania e k\u00ebsaj dukurie e bartur me vite dhe sa v\u00ebrtet na k\u00ebrcenon ?!.<\/span><\/span><\/p>\n<p>Nj\u00eb g\u00ebrvishtje,kafshim apo edhe thjesht\u00eb frik\u00ebsim mund t\u00eb p\u00ebrcillet me padi ndaj kompetent\u00ebve q\u00eb buxhetit mund t&#8217;i kushtonte m\u00eb shum\u00eb se marrja e masav<span class=\"text_exposed_show\">e!<\/span><\/p>\n<p>Nj\u00eb g\u00ebrvishtje,kafshim apo thjesht\u00eb frik\u00ebsim mund t\u00eb jet\u00eb marketing negativ shum\u00eb m\u00eb i fuqish\u00ebm se panairet afirmuese t\u00eb turizmit apo fjal\u00ebt pozitive q\u00eb thuhen p\u00ebr Ulqinin!<\/p>\n<p><a href=\"http:\/\/www.visit-ulcinj.com\/blog\/wp-content\/uploads\/2015\/05\/qent-ulqin-1.jpg\"><img loading=\"lazy\" class=\"alignleft wp-image-90627\" src=\"http:\/\/www.visit-ulcinj.com\/blog\/wp-content\/uploads\/2015\/05\/qent-ulqin-1.jpg\" alt=\"qent-ulqin-1\" width=\"508\" height=\"677\" srcset=\"https:\/\/www.visit-ulcinj.com\/blog\/wp-content\/uploads\/2015\/05\/qent-ulqin-1.jpg 720w, https:\/\/www.visit-ulcinj.com\/blog\/wp-content\/uploads\/2015\/05\/qent-ulqin-1-225x300.jpg 225w\" sizes=\"(max-width: 508px) 100vw, 508px\" \/><\/a><\/p>\n<p><strong><span class=\"messageBody\" data-ft=\"{&quot;type&quot;:3,&quot;tn&quot;:&quot;K&quot;}\"><span class=\"userContent\">Foto: <a id=\"js_1s\" href=\"https:\/\/www.facebook.com\/panda.ulcinj?fref=photo\" data-hovercard=\"\/ajax\/hovercard\/user.php?id=100009104200249\">Panda Nvo Ulcinj Facebook<\/a><\/span><\/span><\/strong><\/p>\n<p>Nj\u00eb g\u00ebrvishje,kafshim apo thjesht\u00eb frik\u00ebsim v\u00ebrtet\u00eb na k\u00ebrcenon andaj nj\u00eb k\u00ebrkes\u00eb miq\u00ebsore p\u00ebr t\u00eb gjith\u00eb, &#8212;Kompetent\u00ebt t\u00eb marrin masa, duke kryer pun\u00ebn tuaj na b\u00ebni nder t\u00eb gjith\u00ebve,<br \/>\n&#8212;Ato q\u00eb i l\u00ebshojn\u00eb udh\u00ebve ti th\u00ebrrasin mendjes se veprimi i tyre quhet krim.<br \/>\n&#8212; OJQ-t\u00eb q\u00eb kritikojn\u00eb e b\u00ebjn\u00eb thirrje p\u00ebr trajtim human ndaj kafsh\u00ebve, mos b\u00ebni vet\u00ebm kritika por aktivizonu dhe kontriboni p\u00ebr nj\u00eb zgjidhje humane p\u00ebr kafsh\u00ebt dhe njer\u00ebzit.<\/p>\n<p>G\u00ebrvishtje, kafshime dhe frik\u00ebsime nga qent\u00eb endacak kan\u00eb ndodhur prandaj apeli mendoj se ka vend derisa shtoj q\u00eb \u00ebsht\u00eb q\u00ebllimmir\u00eb dhe nuk ka fokus kritik\u00ebn por zgjidhjen e k\u00ebsaj dukurie negative..<\/p>\n<p class=\"uiStreamMessage uiStreamHeadline\" data-ft=\"{&quot;tn&quot;:&quot;:&quot;}\"><strong><span class=\"fsm fcg\"><a href=\"https:\/\/www.facebook.com\/ibroci\">G\u00ebzim Ibro\u00e7i <\/a><\/span>Facebook<\/strong><\/p>\n","protected":false},"excerpt":{"rendered":"<p>Foto: Panda Nvo Ulcinj Facebook Qent\u00eb endacak koh\u00ebve t\u00eb fundit duksh\u00ebm jan\u00eb shtuar n\u00eb num\u00ebr, i takojm\u00eb n\u00eb t\u00eb gjitha rrug\u00ebt e Ulqinit, sikur t\u00eb organizuar kan\u00eb pushtuar edhe &#8220;shetitoren&#8221; e Ran\u00ebs! Sot isha d\u00ebshmitar i nj\u00eb skene t\u00eb frikshme dhe aspak t\u00eb p\u00eblqyeshme! A thua mund t\u00eb arsyetohet prania e k\u00ebsaj dukurie e bartur [&hellip;]<\/p>\n","protected":false},"author":1,"featured_media":0,"comment_status":"closed","ping_status":"closed","sticky":false,"template":"","format":"standard","meta":{"spay_email":"","jetpack_publicize_message":"","jetpack_is_tweetstorm":false,"jetpack_publicize_feature_enabled":true},"categories":[12],"tags":[],"jetpack_publicize_connections":[],"yoast_head":"<!-- This site is optimized with the Yoast SEO plugin v19.1 - https:\/\/yoast.com\/wordpress\/plugins\/seo\/ -->\n<title>Ibro\u00e7i: Qent\u00eb endacak, shqet\u00ebsim p\u00ebr Ulqinin - Lajme nga Ulqini<\/title>\n<meta name=\"description\" content=\"Foto: Panda Nvo Ulcinj Facebook Qent\u00eb endacak koh\u00ebve t\u00eb fundit duksh\u00ebm jan\u00eb shtuar n\u00eb num\u00ebr, i takojm\u00eb n\u00eb t\u00eb gjitha rrug\u00ebt e Ulqinit, sikur t\u00eb organizuar\" \/>\n<meta name=\"robots\" content=\"index, follow, max-snippet:-1, max-image-preview:large, max-video-preview:-1\" \/>\n<link rel=\"canonical\" href=\"https:\/\/www.visit-ulcinj.com\/blog\/2015\/05\/30\/ibroci-qente-endacak-shqetesim-per-ulqinin\/\" \/>\n<meta property=\"og:locale\" content=\"en_US\" \/>\n<meta property=\"og:type\" content=\"article\" \/>\n<meta property=\"og:title\" content=\"Ibro\u00e7i: Qent\u00eb endacak, shqet\u00ebsim p\u00ebr Ulqinin - Lajme nga Ulqini\" \/>\n<meta property=\"og:description\" content=\"Foto: Panda Nvo Ulcinj Facebook Qent\u00eb endacak koh\u00ebve t\u00eb fundit duksh\u00ebm jan\u00eb shtuar n\u00eb num\u00ebr, i takojm\u00eb n\u00eb t\u00eb gjitha rrug\u00ebt e Ulqinit, sikur t\u00eb organizuar\" \/>\n<meta property=\"og:url\" content=\"https:\/\/www.visit-ulcinj.com\/blog\/2015\/05\/30\/ibroci-qente-endacak-shqetesim-per-ulqinin\/\" \/>\n<meta property=\"og:site_name\" content=\"Lajme nga Ulqini\" \/>\n<meta property=\"article:published_time\" content=\"2015-05-30T18:30:22+00:00\" \/>\n<meta property=\"article:modified_time\" content=\"2015-05-30T18:34:19+00:00\" \/>\n<meta property=\"og:image\" content=\"http:\/\/www.visit-ulcinj.com\/blog\/wp-content\/uploads\/2015\/05\/qent-ulqin.jpg\" \/>\n<meta name=\"twitter:label1\" content=\"Written by\" \/>\n\t<meta name=\"twitter:data1\" content=\"ulqini\" \/>\n\t<meta name=\"twitter:label2\" content=\"Est. reading time\" \/>\n\t<meta name=\"twitter:data2\" content=\"1 minute\" \/>\n<script type=\"application\/ld+json\" class=\"yoast-schema-graph\">{\"@context\":\"https:\/\/schema.org\",\"@graph\":[{\"@type\":\"WebSite\",\"@id\":\"https:\/\/www.visit-ulcinj.com\/blog\/#website\",\"url\":\"https:\/\/www.visit-ulcinj.com\/blog\/\",\"name\":\"Lajme nga Ulqini\",\"description\":\"Lajme,Vijesti,Ulqini,Ulqin,Crna Gora,Mali i Zi\",\"potentialAction\":[{\"@type\":\"SearchAction\",\"target\":{\"@type\":\"EntryPoint\",\"urlTemplate\":\"https:\/\/www.visit-ulcinj.com\/blog\/?s={search_term_string}\"},\"query-input\":\"required name=search_term_string\"}],\"inLanguage\":\"en-US\"},{\"@type\":\"ImageObject\",\"inLanguage\":\"en-US\",\"@id\":\"https:\/\/www.visit-ulcinj.com\/blog\/2015\/05\/30\/ibroci-qente-endacak-shqetesim-per-ulqinin\/#primaryimage\",\"url\":\"https:\/\/www.visit-ulcinj.com\/blog\/wp-content\/uploads\/2015\/05\/qent-ulqin.jpg\",\"contentUrl\":\"https:\/\/www.visit-ulcinj.com\/blog\/wp-content\/uploads\/2015\/05\/qent-ulqin.jpg\",\"width\":922,\"height\":540},{\"@type\":\"WebPage\",\"@id\":\"https:\/\/www.visit-ulcinj.com\/blog\/2015\/05\/30\/ibroci-qente-endacak-shqetesim-per-ulqinin\/#webpage\",\"url\":\"https:\/\/www.visit-ulcinj.com\/blog\/2015\/05\/30\/ibroci-qente-endacak-shqetesim-per-ulqinin\/\",\"name\":\"Ibro\u00e7i: Qent\u00eb endacak, shqet\u00ebsim p\u00ebr Ulqinin - Lajme nga Ulqini\",\"isPartOf\":{\"@id\":\"https:\/\/www.visit-ulcinj.com\/blog\/#website\"},\"primaryImageOfPage\":{\"@id\":\"https:\/\/www.visit-ulcinj.com\/blog\/2015\/05\/30\/ibroci-qente-endacak-shqetesim-per-ulqinin\/#primaryimage\"},\"datePublished\":\"2015-05-30T18:30:22+00:00\",\"dateModified\":\"2015-05-30T18:34:19+00:00\",\"author\":{\"@id\":\"https:\/\/www.visit-ulcinj.com\/blog\/#\/schema\/person\/dcab619c614d3038751c63bc2aadc06d\"},\"description\":\"Foto: Panda Nvo Ulcinj Facebook Qent\u00eb endacak koh\u00ebve t\u00eb fundit duksh\u00ebm jan\u00eb shtuar n\u00eb num\u00ebr, i takojm\u00eb n\u00eb t\u00eb gjitha rrug\u00ebt e Ulqinit, sikur t\u00eb organizuar\",\"breadcrumb\":{\"@id\":\"https:\/\/www.visit-ulcinj.com\/blog\/2015\/05\/30\/ibroci-qente-endacak-shqetesim-per-ulqinin\/#breadcrumb\"},\"inLanguage\":\"en-US\",\"potentialAction\":[{\"@type\":\"ReadAction\",\"target\":[\"https:\/\/www.visit-ulcinj.com\/blog\/2015\/05\/30\/ibroci-qente-endacak-shqetesim-per-ulqinin\/\"]}]},{\"@type\":\"BreadcrumbList\",\"@id\":\"https:\/\/www.visit-ulcinj.com\/blog\/2015\/05\/30\/ibroci-qente-endacak-shqetesim-per-ulqinin\/#breadcrumb\",\"itemListElement\":[{\"@type\":\"ListItem\",\"position\":1,\"name\":\"Ibro\u00e7i: Qent\u00eb endacak, shqet\u00ebsim p\u00ebr Ulqinin\"}]},{\"@type\":\"Person\",\"@id\":\"https:\/\/www.visit-ulcinj.com\/blog\/#\/schema\/person\/dcab619c614d3038751c63bc2aadc06d\",\"name\":\"ulqini\",\"sameAs\":[\"http:\/\/www.visit-ulcinj.com\"],\"url\":\"https:\/\/www.visit-ulcinj.com\/blog\/author\/admin\/\"}]}<\/script>\n<!-- \/ Yoast SEO plugin. -->","yoast_head_json":{"title":"Ibro\u00e7i: Qent\u00eb endacak, shqet\u00ebsim p\u00ebr Ulqinin - Lajme nga Ulqini","description":"Foto: Panda Nvo Ulcinj Facebook Qent\u00eb endacak koh\u00ebve t\u00eb fundit duksh\u00ebm jan\u00eb shtuar n\u00eb num\u00ebr, i takojm\u00eb n\u00eb t\u00eb gjitha rrug\u00ebt e Ulqinit, sikur t\u00eb organizuar","robots":{"index":"index","follow":"follow","max-snippet":"max-snippet:-1","max-image-preview":"max-image-preview:large","max-video-preview":"max-video-preview:-1"},"canonical":"https:\/\/www.visit-ulcinj.com\/blog\/2015\/05\/30\/ibroci-qente-endacak-shqetesim-per-ulqinin\/","og_locale":"en_US","og_type":"article","og_title":"Ibro\u00e7i: Qent\u00eb endacak, shqet\u00ebsim p\u00ebr Ulqinin - Lajme nga Ulqini","og_description":"Foto: Panda Nvo Ulcinj Facebook Qent\u00eb endacak koh\u00ebve t\u00eb fundit duksh\u00ebm jan\u00eb shtuar n\u00eb num\u00ebr, i takojm\u00eb n\u00eb t\u00eb gjitha rrug\u00ebt e Ulqinit, sikur t\u00eb organizuar","og_url":"https:\/\/www.visit-ulcinj.com\/blog\/2015\/05\/30\/ibroci-qente-endacak-shqetesim-per-ulqinin\/","og_site_name":"Lajme nga Ulqini","article_published_time":"2015-05-30T18:30:22+00:00","article_modified_time":"2015-05-30T18:34:19+00:00","og_image":[{"url":"http:\/\/www.visit-ulcinj.com\/blog\/wp-content\/uploads\/2015\/05\/qent-ulqin.jpg"}],"twitter_misc":{"Written by":"ulqini","Est. reading time":"1 minute"},"schema":{"@context":"https:\/\/schema.org","@graph":[{"@type":"WebSite","@id":"https:\/\/www.visit-ulcinj.com\/blog\/#website","url":"https:\/\/www.visit-ulcinj.com\/blog\/","name":"Lajme nga Ulqini","description":"Lajme,Vijesti,Ulqini,Ulqin,Crna Gora,Mali i Zi","potentialAction":[{"@type":"SearchAction","target":{"@type":"EntryPoint","urlTemplate":"https:\/\/www.visit-ulcinj.com\/blog\/?s={search_term_string}"},"query-input":"required name=search_term_string"}],"inLanguage":"en-US"},{"@type":"ImageObject","inLanguage":"en-US","@id":"https:\/\/www.visit-ulcinj.com\/blog\/2015\/05\/30\/ibroci-qente-endacak-shqetesim-per-ulqinin\/#primaryimage","url":"https:\/\/www.visit-ulcinj.com\/blog\/wp-content\/uploads\/2015\/05\/qent-ulqin.jpg","contentUrl":"https:\/\/www.visit-ulcinj.com\/blog\/wp-content\/uploads\/2015\/05\/qent-ulqin.jpg","width":922,"height":540},{"@type":"WebPage","@id":"https:\/\/www.visit-ulcinj.com\/blog\/2015\/05\/30\/ibroci-qente-endacak-shqetesim-per-ulqinin\/#webpage","url":"https:\/\/www.visit-ulcinj.com\/blog\/2015\/05\/30\/ibroci-qente-endacak-shqetesim-per-ulqinin\/","name":"Ibro\u00e7i: Qent\u00eb endacak, shqet\u00ebsim p\u00ebr Ulqinin - Lajme nga Ulqini","isPartOf":{"@id":"https:\/\/www.visit-ulcinj.com\/blog\/#website"},"primaryImageOfPage":{"@id":"https:\/\/www.visit-ulcinj.com\/blog\/2015\/05\/30\/ibroci-qente-endacak-shqetesim-per-ulqinin\/#primaryimage"},"datePublished":"2015-05-30T18:30:22+00:00","dateModified":"2015-05-30T18:34:19+00:00","author":{"@id":"https:\/\/www.visit-ulcinj.com\/blog\/#\/schema\/person\/dcab619c614d3038751c63bc2aadc06d"},"description":"Foto: Panda Nvo Ulcinj Facebook Qent\u00eb endacak koh\u00ebve t\u00eb fundit duksh\u00ebm jan\u00eb shtuar n\u00eb num\u00ebr, i takojm\u00eb n\u00eb t\u00eb gjitha rrug\u00ebt e Ulqinit, sikur t\u00eb organizuar","breadcrumb":{"@id":"https:\/\/www.visit-ulcinj.com\/blog\/2015\/05\/30\/ibroci-qente-endacak-shqetesim-per-ulqinin\/#breadcrumb"},"inLanguage":"en-US","potentialAction":[{"@type":"ReadAction","target":["https:\/\/www.visit-ulcinj.com\/blog\/2015\/05\/30\/ibroci-qente-endacak-shqetesim-per-ulqinin\/"]}]},{"@type":"BreadcrumbList","@id":"https:\/\/www.visit-ulcinj.com\/blog\/2015\/05\/30\/ibroci-qente-endacak-shqetesim-per-ulqinin\/#breadcrumb","itemListElement":[{"@type":"ListItem","position":1,"name":"Ibro\u00e7i: Qent\u00eb endacak, shqet\u00ebsim p\u00ebr Ulqinin"}]},{"@type":"Person","@id":"https:\/\/www.visit-ulcinj.com\/blog\/#\/schema\/person\/dcab619c614d3038751c63bc2aadc06d","name":"ulqini","sameAs":["http:\/\/www.visit-ulcinj.com"],"url":"https:\/\/www.visit-ulcinj.com\/blog\/author\/admin\/"}]}},"jetpack_featured_media_url":"","jetpack_sharing_enabled":true,"jetpack_shortlink":"https:\/\/wp.me\/pe6lTn-nzG","_links":{"self":[{"href":"https:\/\/www.visit-ulcinj.com\/blog\/wp-json\/wp\/v2\/posts\/90624"}],"collection":[{"href":"https:\/\/www.visit-ulcinj.com\/blog\/wp-json\/wp\/v2\/posts"}],"about":[{"href":"https:\/\/www.visit-ulcinj.com\/blog\/wp-json\/wp\/v2\/types\/post"}],"author":[{"embeddable":true,"href":"https:\/\/www.visit-ulcinj.com\/blog\/wp-json\/wp\/v2\/users\/1"}],"replies":[{"embeddable":true,"href":"https:\/\/www.visit-ulcinj.com\/blog\/wp-json\/wp\/v2\/comments?post=90624"}],"version-history":[{"count":3,"href":"https:\/\/www.visit-ulcinj.com\/blog\/wp-json\/wp\/v2\/posts\/90624\/revisions"}],"predecessor-version":[{"id":90629,"href":"https:\/\/www.visit-ulcinj.com\/blog\/wp-json\/wp\/v2\/posts\/90624\/revisions\/90629"}],"wp:attachment":[{"href":"https:\/\/www.visit-ulcinj.com\/blog\/wp-json\/wp\/v2\/media?parent=90624"}],"wp:term":[{"taxonomy":"category","embeddable":true,"href":"https:\/\/www.visit-ulcinj.com\/blog\/wp-json\/wp\/v2\/categories?post=90624"},{"taxonomy":"post_tag","embeddable":true,"href":"https:\/\/www.visit-ulcinj.com\/blog\/wp-json\/wp\/v2\/tags?post=90624"}],"curies":[{"name":"wp","href":"https:\/\/api.w.org\/{rel}","templated":true}]}}