{"id":90670,"date":"2015-05-31T11:20:05","date_gmt":"2015-05-31T10:20:05","guid":{"rendered":"http:\/\/www.visit-ulcinj.com\/blog\/?p=90670"},"modified":"2015-05-31T11:20:33","modified_gmt":"2015-05-31T10:20:33","slug":"vermosh-hani-hotit-perfundoje-ne-6-mujorin-e-pare-te-2017","status":"publish","type":"post","link":"https:\/\/www.visit-ulcinj.com\/blog\/2015\/05\/31\/vermosh-hani-hotit-perfundoje-ne-6-mujorin-e-pare-te-2017\/","title":{"rendered":"Vermosh &#8211; Hani Hotit do p\u00ebrfundoj\u00eb n\u00eb 6 mujorin e par\u00eb t\u00eb 2017"},"content":{"rendered":"<p><a href=\"http:\/\/www.visit-ulcinj.com\/blog\/wp-content\/uploads\/2015\/05\/Brajoviq-Haxhinasto.jpg\"><img loading=\"lazy\" class=\"alignleft wp-image-90671\" src=\"http:\/\/www.visit-ulcinj.com\/blog\/wp-content\/uploads\/2015\/05\/Brajoviq-Haxhinasto.jpg\" alt=\"Brajoviq-Haxhinasto\" width=\"508\" height=\"360\" \/><\/a>Mali i Zi dhe Shqip\u00ebria shum\u00eb shpejt do t\u00eb ken\u00eb nj\u00eb rrug\u00eb e cila do shkurtoj\u00eb ndjesh\u00ebm distanc\u00ebn midis dy vendeve. Ministri i Transporteve dhe Infrastruktur\u00ebs, Edmond Haxhinasto, ka inspektuar segmentin i cili do t\u00eb financohet qeveria shqiptare dhe do t\u00eb lidh\u00eb Shkodr\u00ebn me Rajonin e Plav\u00ebs dhe Gucis\u00eb.Kjo rrug\u00eb pritet t\u00eb p\u00ebrfundoj\u00eb n\u00eb fillim t\u00eb 2017.<br \/>\nN\u00eb fillim t\u00eb 2017, Mali i Zi dhe Shqip\u00ebria do t\u00eb bashkohen nga nj\u00eb rrug\u00eb e cila do shkurtoj\u00eb koh\u00ebn dhe distancat midis dy vendeve.<br \/>\nPas nj\u00eb inspektimi n\u00eb segmentin rrugor Hani Hotit \u2013 Vermosh s\u00ebbashku me homologon malazez Brajovi\u00e7.<br \/>\nHaxhinasto deklaroi se qeveria shqiptare do t\u00eb investoj\u00eb 45 milion dollar\u00eb p\u00ebr nj\u00eb segment prej 70 km.<br \/>\nKy segment rrugor do t\u00eb lidh\u00eb Shkodr\u00ebn me rajonin e Plav\u00ebs dhe Gucis\u00eb.<br \/>\nHaxhinasto: \u201cRruga e re q\u00eb do t\u00eb nd\u00ebrtohet \u00ebsht\u00eb rreth 70 km n\u00eb Hanin e Hotit dhe do shkurtoj\u00eb ndjesh\u00ebm distanc\u00ebn me 120 km, rrug\u00ebn nga Gucija n\u00eb Podgoric\u00eb .N\u00eb p\u00ebrpjekjet e pal\u00ebs shqiptare Ministri Haxhinasto deklaroi se do b\u00ebhet maksimumi q\u00eb rruga t\u00eb p\u00ebrfundoj\u00eb n\u00eb 6 mujorin e par\u00eb t\u00eb 2017-\u00ebs\u201d.<br \/>\nHaxhinasto nd\u00ebr t\u00eb tjera vuri theksin edhe n\u00eb nevoj\u00ebn e heqjes s\u00eb kufirit midis dy vendeve duke e par\u00eb si nj\u00eb mund\u00ebsi p\u00ebr t\u00eb rritur shk\u00ebmbimet njer\u00ebzore dhe tregtare.<br \/>\nNd\u00ebrtimi i rrug\u00ebs Hani Hotit -Vermosh do t\u00eb jet\u00eb nj\u00eb mund\u00ebsi qarkullimi edhe p\u00ebr banor\u00ebt e zon\u00ebs.<br \/>\nMinistri b\u00ebri me dije se s\u00eb shpejti do t\u00eb ngrihet nj\u00eb grup pune i p\u00ebrbashk\u00ebt p\u00ebr realizimin e Korridorit Adriatiko-Jonian.<\/p>\n<p>Bota Sot<\/p>\n","protected":false},"excerpt":{"rendered":"<p>Mali i Zi dhe Shqip\u00ebria shum\u00eb shpejt do t\u00eb ken\u00eb nj\u00eb rrug\u00eb e cila do shkurtoj\u00eb ndjesh\u00ebm distanc\u00ebn midis dy vendeve. Ministri i Transporteve dhe Infrastruktur\u00ebs, Edmond Haxhinasto, ka inspektuar segmentin i cili do t\u00eb financohet qeveria shqiptare dhe do t\u00eb lidh\u00eb Shkodr\u00ebn me Rajonin e Plav\u00ebs dhe Gucis\u00eb.Kjo rrug\u00eb pritet t\u00eb p\u00ebrfundoj\u00eb n\u00eb fillim [&hellip;]<\/p>\n","protected":false},"author":1,"featured_media":0,"comment_status":"closed","ping_status":"closed","sticky":false,"template":"","format":"standard","meta":{"spay_email":"","jetpack_publicize_message":"","jetpack_is_tweetstorm":false,"jetpack_publicize_feature_enabled":true},"categories":[14],"tags":[],"jetpack_publicize_connections":[],"yoast_head":"<!-- This site is optimized with the Yoast SEO plugin v19.1 - https:\/\/yoast.com\/wordpress\/plugins\/seo\/ -->\n<title>Vermosh - Hani Hotit do p\u00ebrfundoj\u00eb n\u00eb 6 mujorin e par\u00eb t\u00eb 2017 - Lajme nga Ulqini<\/title>\n<meta name=\"description\" content=\"Mali i Zi dhe Shqip\u00ebria shum\u00eb shpejt do t\u00eb ken\u00eb nj\u00eb rrug\u00eb e cila do shkurtoj\u00eb ndjesh\u00ebm distanc\u00ebn midis dy vendeve. Ministri i Transporteve dhe\" \/>\n<meta name=\"robots\" content=\"index, follow, max-snippet:-1, max-image-preview:large, max-video-preview:-1\" \/>\n<link rel=\"canonical\" href=\"https:\/\/www.visit-ulcinj.com\/blog\/2015\/05\/31\/vermosh-hani-hotit-perfundoje-ne-6-mujorin-e-pare-te-2017\/\" \/>\n<meta property=\"og:locale\" content=\"en_US\" \/>\n<meta property=\"og:type\" content=\"article\" \/>\n<meta property=\"og:title\" content=\"Vermosh - Hani Hotit do p\u00ebrfundoj\u00eb n\u00eb 6 mujorin e par\u00eb t\u00eb 2017 - Lajme nga Ulqini\" \/>\n<meta property=\"og:description\" content=\"Mali i Zi dhe Shqip\u00ebria shum\u00eb shpejt do t\u00eb ken\u00eb nj\u00eb rrug\u00eb e cila do shkurtoj\u00eb ndjesh\u00ebm distanc\u00ebn midis dy vendeve. Ministri i Transporteve dhe\" \/>\n<meta property=\"og:url\" content=\"https:\/\/www.visit-ulcinj.com\/blog\/2015\/05\/31\/vermosh-hani-hotit-perfundoje-ne-6-mujorin-e-pare-te-2017\/\" \/>\n<meta property=\"og:site_name\" content=\"Lajme nga Ulqini\" \/>\n<meta property=\"article:published_time\" content=\"2015-05-31T10:20:05+00:00\" \/>\n<meta property=\"article:modified_time\" content=\"2015-05-31T10:20:33+00:00\" \/>\n<meta property=\"og:image\" content=\"http:\/\/www.visit-ulcinj.com\/blog\/wp-content\/uploads\/2015\/05\/Brajoviq-Haxhinasto.jpg\" \/>\n<meta name=\"twitter:label1\" content=\"Written by\" \/>\n\t<meta name=\"twitter:data1\" content=\"ulqini\" \/>\n\t<meta name=\"twitter:label2\" content=\"Est. reading time\" \/>\n\t<meta name=\"twitter:data2\" content=\"1 minute\" \/>\n<script type=\"application\/ld+json\" class=\"yoast-schema-graph\">{\"@context\":\"https:\/\/schema.org\",\"@graph\":[{\"@type\":\"WebSite\",\"@id\":\"https:\/\/www.visit-ulcinj.com\/blog\/#website\",\"url\":\"https:\/\/www.visit-ulcinj.com\/blog\/\",\"name\":\"Lajme nga Ulqini\",\"description\":\"Lajme,Vijesti,Ulqini,Ulqin,Crna Gora,Mali i Zi\",\"potentialAction\":[{\"@type\":\"SearchAction\",\"target\":{\"@type\":\"EntryPoint\",\"urlTemplate\":\"https:\/\/www.visit-ulcinj.com\/blog\/?s={search_term_string}\"},\"query-input\":\"required name=search_term_string\"}],\"inLanguage\":\"en-US\"},{\"@type\":\"ImageObject\",\"inLanguage\":\"en-US\",\"@id\":\"https:\/\/www.visit-ulcinj.com\/blog\/2015\/05\/31\/vermosh-hani-hotit-perfundoje-ne-6-mujorin-e-pare-te-2017\/#primaryimage\",\"url\":\"http:\/\/www.visit-ulcinj.com\/blog\/wp-content\/uploads\/2015\/05\/Brajoviq-Haxhinasto.jpg\",\"contentUrl\":\"http:\/\/www.visit-ulcinj.com\/blog\/wp-content\/uploads\/2015\/05\/Brajoviq-Haxhinasto.jpg\"},{\"@type\":\"WebPage\",\"@id\":\"https:\/\/www.visit-ulcinj.com\/blog\/2015\/05\/31\/vermosh-hani-hotit-perfundoje-ne-6-mujorin-e-pare-te-2017\/#webpage\",\"url\":\"https:\/\/www.visit-ulcinj.com\/blog\/2015\/05\/31\/vermosh-hani-hotit-perfundoje-ne-6-mujorin-e-pare-te-2017\/\",\"name\":\"Vermosh - Hani Hotit do p\u00ebrfundoj\u00eb n\u00eb 6 mujorin e par\u00eb t\u00eb 2017 - Lajme nga Ulqini\",\"isPartOf\":{\"@id\":\"https:\/\/www.visit-ulcinj.com\/blog\/#website\"},\"primaryImageOfPage\":{\"@id\":\"https:\/\/www.visit-ulcinj.com\/blog\/2015\/05\/31\/vermosh-hani-hotit-perfundoje-ne-6-mujorin-e-pare-te-2017\/#primaryimage\"},\"datePublished\":\"2015-05-31T10:20:05+00:00\",\"dateModified\":\"2015-05-31T10:20:33+00:00\",\"author\":{\"@id\":\"https:\/\/www.visit-ulcinj.com\/blog\/#\/schema\/person\/dcab619c614d3038751c63bc2aadc06d\"},\"description\":\"Mali i Zi dhe Shqip\u00ebria shum\u00eb shpejt do t\u00eb ken\u00eb nj\u00eb rrug\u00eb e cila do shkurtoj\u00eb ndjesh\u00ebm distanc\u00ebn midis dy vendeve. Ministri i Transporteve dhe\",\"breadcrumb\":{\"@id\":\"https:\/\/www.visit-ulcinj.com\/blog\/2015\/05\/31\/vermosh-hani-hotit-perfundoje-ne-6-mujorin-e-pare-te-2017\/#breadcrumb\"},\"inLanguage\":\"en-US\",\"potentialAction\":[{\"@type\":\"ReadAction\",\"target\":[\"https:\/\/www.visit-ulcinj.com\/blog\/2015\/05\/31\/vermosh-hani-hotit-perfundoje-ne-6-mujorin-e-pare-te-2017\/\"]}]},{\"@type\":\"BreadcrumbList\",\"@id\":\"https:\/\/www.visit-ulcinj.com\/blog\/2015\/05\/31\/vermosh-hani-hotit-perfundoje-ne-6-mujorin-e-pare-te-2017\/#breadcrumb\",\"itemListElement\":[{\"@type\":\"ListItem\",\"position\":1,\"name\":\"Vermosh &#8211; Hani Hotit do p\u00ebrfundoj\u00eb n\u00eb 6 mujorin e par\u00eb t\u00eb 2017\"}]},{\"@type\":\"Person\",\"@id\":\"https:\/\/www.visit-ulcinj.com\/blog\/#\/schema\/person\/dcab619c614d3038751c63bc2aadc06d\",\"name\":\"ulqini\",\"sameAs\":[\"http:\/\/www.visit-ulcinj.com\"],\"url\":\"https:\/\/www.visit-ulcinj.com\/blog\/author\/admin\/\"}]}<\/script>\n<!-- \/ Yoast SEO plugin. -->","yoast_head_json":{"title":"Vermosh - Hani Hotit do p\u00ebrfundoj\u00eb n\u00eb 6 mujorin e par\u00eb t\u00eb 2017 - Lajme nga Ulqini","description":"Mali i Zi dhe Shqip\u00ebria shum\u00eb shpejt do t\u00eb ken\u00eb nj\u00eb rrug\u00eb e cila do shkurtoj\u00eb ndjesh\u00ebm distanc\u00ebn midis dy vendeve. Ministri i Transporteve dhe","robots":{"index":"index","follow":"follow","max-snippet":"max-snippet:-1","max-image-preview":"max-image-preview:large","max-video-preview":"max-video-preview:-1"},"canonical":"https:\/\/www.visit-ulcinj.com\/blog\/2015\/05\/31\/vermosh-hani-hotit-perfundoje-ne-6-mujorin-e-pare-te-2017\/","og_locale":"en_US","og_type":"article","og_title":"Vermosh - Hani Hotit do p\u00ebrfundoj\u00eb n\u00eb 6 mujorin e par\u00eb t\u00eb 2017 - Lajme nga Ulqini","og_description":"Mali i Zi dhe Shqip\u00ebria shum\u00eb shpejt do t\u00eb ken\u00eb nj\u00eb rrug\u00eb e cila do shkurtoj\u00eb ndjesh\u00ebm distanc\u00ebn midis dy vendeve. Ministri i Transporteve dhe","og_url":"https:\/\/www.visit-ulcinj.com\/blog\/2015\/05\/31\/vermosh-hani-hotit-perfundoje-ne-6-mujorin-e-pare-te-2017\/","og_site_name":"Lajme nga Ulqini","article_published_time":"2015-05-31T10:20:05+00:00","article_modified_time":"2015-05-31T10:20:33+00:00","og_image":[{"url":"http:\/\/www.visit-ulcinj.com\/blog\/wp-content\/uploads\/2015\/05\/Brajoviq-Haxhinasto.jpg"}],"twitter_misc":{"Written by":"ulqini","Est. reading time":"1 minute"},"schema":{"@context":"https:\/\/schema.org","@graph":[{"@type":"WebSite","@id":"https:\/\/www.visit-ulcinj.com\/blog\/#website","url":"https:\/\/www.visit-ulcinj.com\/blog\/","name":"Lajme nga Ulqini","description":"Lajme,Vijesti,Ulqini,Ulqin,Crna Gora,Mali i Zi","potentialAction":[{"@type":"SearchAction","target":{"@type":"EntryPoint","urlTemplate":"https:\/\/www.visit-ulcinj.com\/blog\/?s={search_term_string}"},"query-input":"required name=search_term_string"}],"inLanguage":"en-US"},{"@type":"ImageObject","inLanguage":"en-US","@id":"https:\/\/www.visit-ulcinj.com\/blog\/2015\/05\/31\/vermosh-hani-hotit-perfundoje-ne-6-mujorin-e-pare-te-2017\/#primaryimage","url":"http:\/\/www.visit-ulcinj.com\/blog\/wp-content\/uploads\/2015\/05\/Brajoviq-Haxhinasto.jpg","contentUrl":"http:\/\/www.visit-ulcinj.com\/blog\/wp-content\/uploads\/2015\/05\/Brajoviq-Haxhinasto.jpg"},{"@type":"WebPage","@id":"https:\/\/www.visit-ulcinj.com\/blog\/2015\/05\/31\/vermosh-hani-hotit-perfundoje-ne-6-mujorin-e-pare-te-2017\/#webpage","url":"https:\/\/www.visit-ulcinj.com\/blog\/2015\/05\/31\/vermosh-hani-hotit-perfundoje-ne-6-mujorin-e-pare-te-2017\/","name":"Vermosh - Hani Hotit do p\u00ebrfundoj\u00eb n\u00eb 6 mujorin e par\u00eb t\u00eb 2017 - Lajme nga Ulqini","isPartOf":{"@id":"https:\/\/www.visit-ulcinj.com\/blog\/#website"},"primaryImageOfPage":{"@id":"https:\/\/www.visit-ulcinj.com\/blog\/2015\/05\/31\/vermosh-hani-hotit-perfundoje-ne-6-mujorin-e-pare-te-2017\/#primaryimage"},"datePublished":"2015-05-31T10:20:05+00:00","dateModified":"2015-05-31T10:20:33+00:00","author":{"@id":"https:\/\/www.visit-ulcinj.com\/blog\/#\/schema\/person\/dcab619c614d3038751c63bc2aadc06d"},"description":"Mali i Zi dhe Shqip\u00ebria shum\u00eb shpejt do t\u00eb ken\u00eb nj\u00eb rrug\u00eb e cila do shkurtoj\u00eb ndjesh\u00ebm distanc\u00ebn midis dy vendeve. Ministri i Transporteve dhe","breadcrumb":{"@id":"https:\/\/www.visit-ulcinj.com\/blog\/2015\/05\/31\/vermosh-hani-hotit-perfundoje-ne-6-mujorin-e-pare-te-2017\/#breadcrumb"},"inLanguage":"en-US","potentialAction":[{"@type":"ReadAction","target":["https:\/\/www.visit-ulcinj.com\/blog\/2015\/05\/31\/vermosh-hani-hotit-perfundoje-ne-6-mujorin-e-pare-te-2017\/"]}]},{"@type":"BreadcrumbList","@id":"https:\/\/www.visit-ulcinj.com\/blog\/2015\/05\/31\/vermosh-hani-hotit-perfundoje-ne-6-mujorin-e-pare-te-2017\/#breadcrumb","itemListElement":[{"@type":"ListItem","position":1,"name":"Vermosh &#8211; Hani Hotit do p\u00ebrfundoj\u00eb n\u00eb 6 mujorin e par\u00eb t\u00eb 2017"}]},{"@type":"Person","@id":"https:\/\/www.visit-ulcinj.com\/blog\/#\/schema\/person\/dcab619c614d3038751c63bc2aadc06d","name":"ulqini","sameAs":["http:\/\/www.visit-ulcinj.com"],"url":"https:\/\/www.visit-ulcinj.com\/blog\/author\/admin\/"}]}},"jetpack_featured_media_url":"","jetpack_sharing_enabled":true,"jetpack_shortlink":"https:\/\/wp.me\/pe6lTn-nAq","_links":{"self":[{"href":"https:\/\/www.visit-ulcinj.com\/blog\/wp-json\/wp\/v2\/posts\/90670"}],"collection":[{"href":"https:\/\/www.visit-ulcinj.com\/blog\/wp-json\/wp\/v2\/posts"}],"about":[{"href":"https:\/\/www.visit-ulcinj.com\/blog\/wp-json\/wp\/v2\/types\/post"}],"author":[{"embeddable":true,"href":"https:\/\/www.visit-ulcinj.com\/blog\/wp-json\/wp\/v2\/users\/1"}],"replies":[{"embeddable":true,"href":"https:\/\/www.visit-ulcinj.com\/blog\/wp-json\/wp\/v2\/comments?post=90670"}],"version-history":[{"count":2,"href":"https:\/\/www.visit-ulcinj.com\/blog\/wp-json\/wp\/v2\/posts\/90670\/revisions"}],"predecessor-version":[{"id":90673,"href":"https:\/\/www.visit-ulcinj.com\/blog\/wp-json\/wp\/v2\/posts\/90670\/revisions\/90673"}],"wp:attachment":[{"href":"https:\/\/www.visit-ulcinj.com\/blog\/wp-json\/wp\/v2\/media?parent=90670"}],"wp:term":[{"taxonomy":"category","embeddable":true,"href":"https:\/\/www.visit-ulcinj.com\/blog\/wp-json\/wp\/v2\/categories?post=90670"},{"taxonomy":"post_tag","embeddable":true,"href":"https:\/\/www.visit-ulcinj.com\/blog\/wp-json\/wp\/v2\/tags?post=90670"}],"curies":[{"name":"wp","href":"https:\/\/api.w.org\/{rel}","templated":true}]}}