{"id":90677,"date":"2015-05-31T11:47:59","date_gmt":"2015-05-31T10:47:59","guid":{"rendered":"http:\/\/www.visit-ulcinj.com\/blog\/?p=90677"},"modified":"2015-06-19T16:51:24","modified_gmt":"2015-06-19T15:51:24","slug":"mali-zi-dhe-kosova-zotohen-per-thellim-te-bashkepunimit","status":"publish","type":"post","link":"https:\/\/www.visit-ulcinj.com\/blog\/2015\/05\/31\/mali-zi-dhe-kosova-zotohen-per-thellim-te-bashkepunimit\/","title":{"rendered":"Mali Zi dhe Kosova zotohen p\u00ebr thellim t\u00eb bashk\u00ebpunimit"},"content":{"rendered":"<p><strong><a href=\"http:\/\/www.visit-ulcinj.com\/blog\/wp-content\/uploads\/2015\/05\/Markovic-Mustafa.jpg\"><img loading=\"lazy\" class=\"alignleft wp-image-90678\" src=\"http:\/\/www.visit-ulcinj.com\/blog\/wp-content\/uploads\/2015\/05\/Markovic-Mustafa.jpg\" alt=\"Markovic-Mustafa\" width=\"508\" height=\"286\" \/><\/a>Kryeministri i Republik\u00ebs s\u00eb Kosov\u00ebs, Isa Mustafa, priti n\u00eb takim z\u00ebvend\u00ebskryeministrin e Republik\u00ebs s\u00eb Malit t\u00eb Zi, Dushko Markoviq, i cili po viziton Kosov\u00ebn.<\/strong><\/p>\n<p>Gjat\u00eb takimit, kryeministri Mustafa dhe z\u00ebvend\u00ebskryeministri Markoviq kan\u00eb biseduar p\u00ebr bashk\u00ebpunimin nd\u00ebrmjet dy vendeve.<\/p>\n<p>Kryeministri Mustafa e informoi p\u00ebr p\u00ebrkushtimin e Qeveris\u00eb s\u00eb Kosov\u00ebs p\u00ebr zhvillimin e q\u00ebndruesh\u00ebm ekonomik, pun\u00ebsimin, mir\u00ebqenien, sundimin e ligjit, agjend\u00ebn integruese evropiane si dhe reformat thelb\u00ebsore n\u00eb shum\u00eb fusha t\u00eb jet\u00ebs.<\/p>\n<p>Kryeministri Mustafa theksoi edhe angazhimin e Qeveris\u00eb s\u00eb Republik\u00ebs s\u00eb Kosov\u00ebs p\u00ebr forcimin e fqinj\u00ebsis\u00eb s\u00eb mir\u00eb dhe zgjerimin e bashk\u00ebpunimit bilateral me Malin e Zi.<\/p>\n<p>Z\u00ebvend\u00ebskryeministri i Mali t\u00eb Zi, Dushko Markoviq, pasi e fal\u00ebnderoi kryeministrin Mustafa p\u00ebr pritjen, shprehu p\u00ebrkushtimin e shtetit t\u00eb tij p\u00ebr thellimin e bashk\u00ebpunimit me Kosov\u00ebn.<\/p>\n<p>Kryeministri Mustafa dhe z\u00ebvend\u00ebskryeministri Markoviq kan\u00eb biseduar edhe p\u00ebr r\u00ebnd\u00ebsin\u00eb e avancimit t\u00eb agjend\u00ebs integruese euroatlantike t\u00eb t\u00eb dyja vendeve dhe shteteve t\u00eb tjera t\u00eb rajonit.<\/p>\n<p><strong>Telegrafi<\/strong><\/p>\n","protected":false},"excerpt":{"rendered":"<p>Kryeministri i Republik\u00ebs s\u00eb Kosov\u00ebs, Isa Mustafa, priti n\u00eb takim z\u00ebvend\u00ebskryeministrin e Republik\u00ebs s\u00eb Malit t\u00eb Zi, Dushko Markoviq, i cili po viziton Kosov\u00ebn. Gjat\u00eb takimit, kryeministri Mustafa dhe z\u00ebvend\u00ebskryeministri Markoviq kan\u00eb biseduar p\u00ebr bashk\u00ebpunimin nd\u00ebrmjet dy vendeve. Kryeministri Mustafa e informoi p\u00ebr p\u00ebrkushtimin e Qeveris\u00eb s\u00eb Kosov\u00ebs p\u00ebr zhvillimin e q\u00ebndruesh\u00ebm ekonomik, pun\u00ebsimin, mir\u00ebqenien, [&hellip;]<\/p>\n","protected":false},"author":1,"featured_media":0,"comment_status":"closed","ping_status":"closed","sticky":false,"template":"","format":"standard","meta":{"spay_email":"","jetpack_publicize_message":"","jetpack_is_tweetstorm":false,"jetpack_publicize_feature_enabled":true},"categories":[14],"tags":[],"jetpack_publicize_connections":[],"yoast_head":"<!-- This site is optimized with the Yoast SEO plugin v19.1 - https:\/\/yoast.com\/wordpress\/plugins\/seo\/ -->\n<title>Mali Zi dhe Kosova zotohen p\u00ebr thellim t\u00eb bashk\u00ebpunimit - Lajme nga Ulqini<\/title>\n<meta name=\"description\" content=\"Kryeministri i Republik\u00ebs s\u00eb Kosov\u00ebs, Isa Mustafa, priti n\u00eb takim z\u00ebvend\u00ebskryeministrin e Republik\u00ebs s\u00eb Malit t\u00eb Zi, Dushko Markoviq, i cili po viziton\" \/>\n<meta name=\"robots\" content=\"index, follow, max-snippet:-1, max-image-preview:large, max-video-preview:-1\" \/>\n<link rel=\"canonical\" href=\"https:\/\/www.visit-ulcinj.com\/blog\/2015\/05\/31\/mali-zi-dhe-kosova-zotohen-per-thellim-te-bashkepunimit\/\" \/>\n<meta property=\"og:locale\" content=\"en_US\" \/>\n<meta property=\"og:type\" content=\"article\" \/>\n<meta property=\"og:title\" content=\"Mali Zi dhe Kosova zotohen p\u00ebr thellim t\u00eb bashk\u00ebpunimit - Lajme nga Ulqini\" \/>\n<meta property=\"og:description\" content=\"Kryeministri i Republik\u00ebs s\u00eb Kosov\u00ebs, Isa Mustafa, priti n\u00eb takim z\u00ebvend\u00ebskryeministrin e Republik\u00ebs s\u00eb Malit t\u00eb Zi, Dushko Markoviq, i cili po viziton\" \/>\n<meta property=\"og:url\" content=\"https:\/\/www.visit-ulcinj.com\/blog\/2015\/05\/31\/mali-zi-dhe-kosova-zotohen-per-thellim-te-bashkepunimit\/\" \/>\n<meta property=\"og:site_name\" content=\"Lajme nga Ulqini\" \/>\n<meta property=\"article:published_time\" content=\"2015-05-31T10:47:59+00:00\" \/>\n<meta property=\"article:modified_time\" content=\"2015-06-19T15:51:24+00:00\" \/>\n<meta property=\"og:image\" content=\"http:\/\/www.visit-ulcinj.com\/blog\/wp-content\/uploads\/2015\/05\/Markovic-Mustafa.jpg\" \/>\n<meta name=\"twitter:label1\" content=\"Written by\" \/>\n\t<meta name=\"twitter:data1\" content=\"ulqini\" \/>\n\t<meta name=\"twitter:label2\" content=\"Est. reading time\" \/>\n\t<meta name=\"twitter:data2\" content=\"1 minute\" \/>\n<script type=\"application\/ld+json\" class=\"yoast-schema-graph\">{\"@context\":\"https:\/\/schema.org\",\"@graph\":[{\"@type\":\"WebSite\",\"@id\":\"https:\/\/www.visit-ulcinj.com\/blog\/#website\",\"url\":\"https:\/\/www.visit-ulcinj.com\/blog\/\",\"name\":\"Lajme nga Ulqini\",\"description\":\"Lajme,Vijesti,Ulqini,Ulqin,Crna Gora,Mali i Zi\",\"potentialAction\":[{\"@type\":\"SearchAction\",\"target\":{\"@type\":\"EntryPoint\",\"urlTemplate\":\"https:\/\/www.visit-ulcinj.com\/blog\/?s={search_term_string}\"},\"query-input\":\"required name=search_term_string\"}],\"inLanguage\":\"en-US\"},{\"@type\":\"ImageObject\",\"inLanguage\":\"en-US\",\"@id\":\"https:\/\/www.visit-ulcinj.com\/blog\/2015\/05\/31\/mali-zi-dhe-kosova-zotohen-per-thellim-te-bashkepunimit\/#primaryimage\",\"url\":\"http:\/\/www.visit-ulcinj.com\/blog\/wp-content\/uploads\/2015\/05\/Markovic-Mustafa.jpg\",\"contentUrl\":\"http:\/\/www.visit-ulcinj.com\/blog\/wp-content\/uploads\/2015\/05\/Markovic-Mustafa.jpg\"},{\"@type\":\"WebPage\",\"@id\":\"https:\/\/www.visit-ulcinj.com\/blog\/2015\/05\/31\/mali-zi-dhe-kosova-zotohen-per-thellim-te-bashkepunimit\/#webpage\",\"url\":\"https:\/\/www.visit-ulcinj.com\/blog\/2015\/05\/31\/mali-zi-dhe-kosova-zotohen-per-thellim-te-bashkepunimit\/\",\"name\":\"Mali Zi dhe Kosova zotohen p\u00ebr thellim t\u00eb bashk\u00ebpunimit - Lajme nga Ulqini\",\"isPartOf\":{\"@id\":\"https:\/\/www.visit-ulcinj.com\/blog\/#website\"},\"primaryImageOfPage\":{\"@id\":\"https:\/\/www.visit-ulcinj.com\/blog\/2015\/05\/31\/mali-zi-dhe-kosova-zotohen-per-thellim-te-bashkepunimit\/#primaryimage\"},\"datePublished\":\"2015-05-31T10:47:59+00:00\",\"dateModified\":\"2015-06-19T15:51:24+00:00\",\"author\":{\"@id\":\"https:\/\/www.visit-ulcinj.com\/blog\/#\/schema\/person\/dcab619c614d3038751c63bc2aadc06d\"},\"description\":\"Kryeministri i Republik\u00ebs s\u00eb Kosov\u00ebs, Isa Mustafa, priti n\u00eb takim z\u00ebvend\u00ebskryeministrin e Republik\u00ebs s\u00eb Malit t\u00eb Zi, Dushko Markoviq, i cili po viziton\",\"breadcrumb\":{\"@id\":\"https:\/\/www.visit-ulcinj.com\/blog\/2015\/05\/31\/mali-zi-dhe-kosova-zotohen-per-thellim-te-bashkepunimit\/#breadcrumb\"},\"inLanguage\":\"en-US\",\"potentialAction\":[{\"@type\":\"ReadAction\",\"target\":[\"https:\/\/www.visit-ulcinj.com\/blog\/2015\/05\/31\/mali-zi-dhe-kosova-zotohen-per-thellim-te-bashkepunimit\/\"]}]},{\"@type\":\"BreadcrumbList\",\"@id\":\"https:\/\/www.visit-ulcinj.com\/blog\/2015\/05\/31\/mali-zi-dhe-kosova-zotohen-per-thellim-te-bashkepunimit\/#breadcrumb\",\"itemListElement\":[{\"@type\":\"ListItem\",\"position\":1,\"name\":\"Mali Zi dhe Kosova zotohen p\u00ebr thellim t\u00eb bashk\u00ebpunimit\"}]},{\"@type\":\"Person\",\"@id\":\"https:\/\/www.visit-ulcinj.com\/blog\/#\/schema\/person\/dcab619c614d3038751c63bc2aadc06d\",\"name\":\"ulqini\",\"sameAs\":[\"http:\/\/www.visit-ulcinj.com\"],\"url\":\"https:\/\/www.visit-ulcinj.com\/blog\/author\/admin\/\"}]}<\/script>\n<!-- \/ Yoast SEO plugin. -->","yoast_head_json":{"title":"Mali Zi dhe Kosova zotohen p\u00ebr thellim t\u00eb bashk\u00ebpunimit - Lajme nga Ulqini","description":"Kryeministri i Republik\u00ebs s\u00eb Kosov\u00ebs, Isa Mustafa, priti n\u00eb takim z\u00ebvend\u00ebskryeministrin e Republik\u00ebs s\u00eb Malit t\u00eb Zi, Dushko Markoviq, i cili po viziton","robots":{"index":"index","follow":"follow","max-snippet":"max-snippet:-1","max-image-preview":"max-image-preview:large","max-video-preview":"max-video-preview:-1"},"canonical":"https:\/\/www.visit-ulcinj.com\/blog\/2015\/05\/31\/mali-zi-dhe-kosova-zotohen-per-thellim-te-bashkepunimit\/","og_locale":"en_US","og_type":"article","og_title":"Mali Zi dhe Kosova zotohen p\u00ebr thellim t\u00eb bashk\u00ebpunimit - Lajme nga Ulqini","og_description":"Kryeministri i Republik\u00ebs s\u00eb Kosov\u00ebs, Isa Mustafa, priti n\u00eb takim z\u00ebvend\u00ebskryeministrin e Republik\u00ebs s\u00eb Malit t\u00eb Zi, Dushko Markoviq, i cili po viziton","og_url":"https:\/\/www.visit-ulcinj.com\/blog\/2015\/05\/31\/mali-zi-dhe-kosova-zotohen-per-thellim-te-bashkepunimit\/","og_site_name":"Lajme nga Ulqini","article_published_time":"2015-05-31T10:47:59+00:00","article_modified_time":"2015-06-19T15:51:24+00:00","og_image":[{"url":"http:\/\/www.visit-ulcinj.com\/blog\/wp-content\/uploads\/2015\/05\/Markovic-Mustafa.jpg"}],"twitter_misc":{"Written by":"ulqini","Est. reading time":"1 minute"},"schema":{"@context":"https:\/\/schema.org","@graph":[{"@type":"WebSite","@id":"https:\/\/www.visit-ulcinj.com\/blog\/#website","url":"https:\/\/www.visit-ulcinj.com\/blog\/","name":"Lajme nga Ulqini","description":"Lajme,Vijesti,Ulqini,Ulqin,Crna Gora,Mali i Zi","potentialAction":[{"@type":"SearchAction","target":{"@type":"EntryPoint","urlTemplate":"https:\/\/www.visit-ulcinj.com\/blog\/?s={search_term_string}"},"query-input":"required name=search_term_string"}],"inLanguage":"en-US"},{"@type":"ImageObject","inLanguage":"en-US","@id":"https:\/\/www.visit-ulcinj.com\/blog\/2015\/05\/31\/mali-zi-dhe-kosova-zotohen-per-thellim-te-bashkepunimit\/#primaryimage","url":"http:\/\/www.visit-ulcinj.com\/blog\/wp-content\/uploads\/2015\/05\/Markovic-Mustafa.jpg","contentUrl":"http:\/\/www.visit-ulcinj.com\/blog\/wp-content\/uploads\/2015\/05\/Markovic-Mustafa.jpg"},{"@type":"WebPage","@id":"https:\/\/www.visit-ulcinj.com\/blog\/2015\/05\/31\/mali-zi-dhe-kosova-zotohen-per-thellim-te-bashkepunimit\/#webpage","url":"https:\/\/www.visit-ulcinj.com\/blog\/2015\/05\/31\/mali-zi-dhe-kosova-zotohen-per-thellim-te-bashkepunimit\/","name":"Mali Zi dhe Kosova zotohen p\u00ebr thellim t\u00eb bashk\u00ebpunimit - Lajme nga Ulqini","isPartOf":{"@id":"https:\/\/www.visit-ulcinj.com\/blog\/#website"},"primaryImageOfPage":{"@id":"https:\/\/www.visit-ulcinj.com\/blog\/2015\/05\/31\/mali-zi-dhe-kosova-zotohen-per-thellim-te-bashkepunimit\/#primaryimage"},"datePublished":"2015-05-31T10:47:59+00:00","dateModified":"2015-06-19T15:51:24+00:00","author":{"@id":"https:\/\/www.visit-ulcinj.com\/blog\/#\/schema\/person\/dcab619c614d3038751c63bc2aadc06d"},"description":"Kryeministri i Republik\u00ebs s\u00eb Kosov\u00ebs, Isa Mustafa, priti n\u00eb takim z\u00ebvend\u00ebskryeministrin e Republik\u00ebs s\u00eb Malit t\u00eb Zi, Dushko Markoviq, i cili po viziton","breadcrumb":{"@id":"https:\/\/www.visit-ulcinj.com\/blog\/2015\/05\/31\/mali-zi-dhe-kosova-zotohen-per-thellim-te-bashkepunimit\/#breadcrumb"},"inLanguage":"en-US","potentialAction":[{"@type":"ReadAction","target":["https:\/\/www.visit-ulcinj.com\/blog\/2015\/05\/31\/mali-zi-dhe-kosova-zotohen-per-thellim-te-bashkepunimit\/"]}]},{"@type":"BreadcrumbList","@id":"https:\/\/www.visit-ulcinj.com\/blog\/2015\/05\/31\/mali-zi-dhe-kosova-zotohen-per-thellim-te-bashkepunimit\/#breadcrumb","itemListElement":[{"@type":"ListItem","position":1,"name":"Mali Zi dhe Kosova zotohen p\u00ebr thellim t\u00eb bashk\u00ebpunimit"}]},{"@type":"Person","@id":"https:\/\/www.visit-ulcinj.com\/blog\/#\/schema\/person\/dcab619c614d3038751c63bc2aadc06d","name":"ulqini","sameAs":["http:\/\/www.visit-ulcinj.com"],"url":"https:\/\/www.visit-ulcinj.com\/blog\/author\/admin\/"}]}},"jetpack_featured_media_url":"","jetpack_sharing_enabled":true,"jetpack_shortlink":"https:\/\/wp.me\/pe6lTn-nAx","_links":{"self":[{"href":"https:\/\/www.visit-ulcinj.com\/blog\/wp-json\/wp\/v2\/posts\/90677"}],"collection":[{"href":"https:\/\/www.visit-ulcinj.com\/blog\/wp-json\/wp\/v2\/posts"}],"about":[{"href":"https:\/\/www.visit-ulcinj.com\/blog\/wp-json\/wp\/v2\/types\/post"}],"author":[{"embeddable":true,"href":"https:\/\/www.visit-ulcinj.com\/blog\/wp-json\/wp\/v2\/users\/1"}],"replies":[{"embeddable":true,"href":"https:\/\/www.visit-ulcinj.com\/blog\/wp-json\/wp\/v2\/comments?post=90677"}],"version-history":[{"count":1,"href":"https:\/\/www.visit-ulcinj.com\/blog\/wp-json\/wp\/v2\/posts\/90677\/revisions"}],"predecessor-version":[{"id":90679,"href":"https:\/\/www.visit-ulcinj.com\/blog\/wp-json\/wp\/v2\/posts\/90677\/revisions\/90679"}],"wp:attachment":[{"href":"https:\/\/www.visit-ulcinj.com\/blog\/wp-json\/wp\/v2\/media?parent=90677"}],"wp:term":[{"taxonomy":"category","embeddable":true,"href":"https:\/\/www.visit-ulcinj.com\/blog\/wp-json\/wp\/v2\/categories?post=90677"},{"taxonomy":"post_tag","embeddable":true,"href":"https:\/\/www.visit-ulcinj.com\/blog\/wp-json\/wp\/v2\/tags?post=90677"}],"curies":[{"name":"wp","href":"https:\/\/api.w.org\/{rel}","templated":true}]}}