{"id":90686,"date":"2015-05-31T12:09:09","date_gmt":"2015-05-31T11:09:09","guid":{"rendered":"http:\/\/www.visit-ulcinj.com\/blog\/?p=90686"},"modified":"2015-06-19T16:41:36","modified_gmt":"2015-06-19T15:41:36","slug":"ndermjet-malit-te-zi-dhe-kroacise-kontest-ri-rreth-prevllakes","status":"publish","type":"post","link":"https:\/\/www.visit-ulcinj.com\/blog\/2015\/05\/31\/ndermjet-malit-te-zi-dhe-kroacise-kontest-ri-rreth-prevllakes\/","title":{"rendered":"Nd\u00ebrmjet Malit t\u00eb Zi dhe Kroacis\u00eb kontest i ri rreth Prevllak\u00ebs"},"content":{"rendered":"<p><a href=\"http:\/\/www.visit-ulcinj.com\/blog\/wp-content\/uploads\/2015\/05\/Prevlaka_.jpg\"><img loading=\"lazy\" class=\"alignleft wp-image-90687\" src=\"http:\/\/www.visit-ulcinj.com\/blog\/wp-content\/uploads\/2015\/05\/Prevlaka_.jpg\" alt=\"Prevlaka_\" width=\"508\" height=\"255\" \/><\/a>Qeveria e Malit t\u00eb Zi e akuzoi Kroacin\u00eb se e ka shkelur &#8220;Protokollin p\u00ebr regjim t\u00eb p\u00ebrkohsh\u00ebm p\u00ebr menaxhim me Prevllak\u00ebn&#8221;, sepse Zagrebi ka shpallur tender p\u00ebr hulumtim t\u00eb naft\u00ebs dhe gazit n\u00eb pjes\u00ebn jugore t\u00eb Detit Adriatik, shkruajn\u00eb gazetat n\u00eb Podgoric\u00eb.<\/p>\n<p>Prevllaka \u00ebsht\u00eb nj\u00eb gadishull i vog\u00ebl n\u00eb hyrje t\u00eb gjirit Boka Kotorska, i cili \u00ebsht\u00eb pik\u00eb kontestuese nga kufiri midis Malit t\u00eb Zi dhe Kroacis\u00eb. B\u00ebhet fjal\u00eb p\u00ebr nj\u00eb territor me t\u00eb cilin me dekada t\u00eb t\u00ebra \u00ebsht\u00eb rast p\u00ebr mosmarr\u00ebveshje serioze midis dy vendeve fqinje, sepse t\u00eb dyja pal\u00ebt pretendojn\u00eb n\u00eb k\u00ebt\u00eb lokacion.<\/p>\n<p>Gazetat e Podgoric\u00ebs e transmetojn\u00eb kumtes\u00ebn e Qeveris\u00eb s\u00eb Malit t\u00eb Zi n\u00eb t\u00eb cil\u00ebn thuhet se Podgorica asnj\u00ebher\u00eb nuk e ka shkelur Protokollin nga viti 2002 me t\u00eb cilin \u00ebsht\u00eb p\u00ebrcaktuar regjim i p\u00ebrkohsh\u00ebm p\u00ebr Prevllak\u00ebn.<\/p>\n<p>Kontesti i tanish\u00ebm \u00ebsht\u00eb ngritur pasi gazeta kroate &#8220;Dalmacia e lir\u00eb&#8221; publikoi se Mali i Zi &#8220;ka pretendime n\u00eb dy mij\u00eb metra katror\u00eb det kroat&#8221;.<\/p>\n<p>Sipas k\u00ebsaj gazete, kjo paraqet &#8220;shkelje t\u00eb ashp\u00ebr&#8221; t\u00eb Protokollit p\u00ebr kufirin e konfirmuar para 13 viteve midis Kroacis\u00eb dhe Qeveris\u00eb s\u00eb ish-Republik\u00ebs Federale t\u00eb Jugosllavis\u00eb. Gazeta ende zbulon se n\u00eb lokacionin e nj\u00ebjt\u00eb t\u00eb k\u00ebtij gadishulli t\u00eb vog\u00ebl q\u00eb t\u00eb dyja vendet d\u00ebshirojn\u00eb t\u00eb gjurmojn\u00eb pas &#8220;arit t\u00eb zi&#8221;.<br \/>\n<a href=\"http:\/\/www.visit-ulcinj.com\/blog\/wp-content\/uploads\/2015\/05\/PREVLAKA.jpg\"><img loading=\"lazy\" class=\"alignleft wp-image-90688\" src=\"http:\/\/www.visit-ulcinj.com\/blog\/wp-content\/uploads\/2015\/05\/PREVLAKA.jpg\" alt=\"PREVLAKA\" width=\"508\" height=\"310\" \/><\/a><br \/>\nQeveria e Malit t\u00eb Zi i hedh posht\u00eb pohimet e &#8220;Dalmacis\u00eb s\u00eb lir\u00eb&#8221; duke i vler\u00ebsuar si t\u00eb pav\u00ebrteta. Podgorica zyrtare pohon se e para ka reaguar n\u00eb sjelljen e pal\u00ebs kroate, pasi Zagrebi shpalli tender p\u00ebr koncesion p\u00ebr hulumtim t\u00eb naft\u00ebs.<\/p>\n<p>Prevllaka \u00ebsht\u00eb rajon kontestues n\u00eb t\u00eb cilin nuk guxon t\u00eb nd\u00ebrmerren kurrfar\u00eb aktivitete derisa nuk tejkalohen dallimet, madje Mali i Zi ka b\u00ebr\u00eb ankes\u00eb formale deri te Zagrebi p\u00ebr shkak t\u00eb &#8220;shkeljes s\u00eb Protokollit&#8221;, por edhe deri te institucionet nd\u00ebrkomb\u00ebtare, thuhet n\u00eb reagimin e Qeveris\u00eb malazeze.<\/p>\n<p>T\u00eb dyja vendet p\u00ebrpiqen p\u00ebr t\u00eb gjetur zgjidhje p\u00ebr kontestin rreth gadishullit t\u00eb vog\u00ebl q\u00eb u imponua pas shp\u00ebrb\u00ebrjes s\u00eb IRFJ-s\u00eb, por ai u aktualizua kur edhe Kroacia edhe mali i Zi shpall\u00ebn tender\u00eb p\u00ebr testimin e fundit t\u00eb detit p\u00ebr zbulim dhe eksploatim t\u00eb naft\u00ebs dhe gazit.<\/p>\n<p><strong>IDIVIDI<\/strong><\/p>\n","protected":false},"excerpt":{"rendered":"<p>Qeveria e Malit t\u00eb Zi e akuzoi Kroacin\u00eb se e ka shkelur &#8220;Protokollin p\u00ebr regjim t\u00eb p\u00ebrkohsh\u00ebm p\u00ebr menaxhim me Prevllak\u00ebn&#8221;, sepse Zagrebi ka shpallur tender p\u00ebr hulumtim t\u00eb naft\u00ebs dhe gazit n\u00eb pjes\u00ebn jugore t\u00eb Detit Adriatik, shkruajn\u00eb gazetat n\u00eb Podgoric\u00eb. Prevllaka \u00ebsht\u00eb nj\u00eb gadishull i vog\u00ebl n\u00eb hyrje t\u00eb gjirit Boka Kotorska, i [&hellip;]<\/p>\n","protected":false},"author":1,"featured_media":0,"comment_status":"closed","ping_status":"closed","sticky":false,"template":"","format":"standard","meta":{"spay_email":"","jetpack_publicize_message":"","jetpack_is_tweetstorm":false,"jetpack_publicize_feature_enabled":true},"categories":[10],"tags":[],"jetpack_publicize_connections":[],"yoast_head":"<!-- This site is optimized with the Yoast SEO plugin v19.1 - https:\/\/yoast.com\/wordpress\/plugins\/seo\/ -->\n<title>Nd\u00ebrmjet Malit t\u00eb Zi dhe Kroacis\u00eb kontest i ri rreth Prevllak\u00ebs - Lajme nga Ulqini<\/title>\n<meta name=\"description\" content=\"Qeveria e Malit t\u00eb Zi e akuzoi Kroacin\u00eb se e ka shkelur &quot;Protokollin p\u00ebr regjim t\u00eb p\u00ebrkohsh\u00ebm p\u00ebr menaxhim me Prevllak\u00ebn&quot;, sepse Zagrebi ka shpallur\" \/>\n<meta name=\"robots\" content=\"index, follow, max-snippet:-1, max-image-preview:large, max-video-preview:-1\" \/>\n<link rel=\"canonical\" href=\"https:\/\/www.visit-ulcinj.com\/blog\/2015\/05\/31\/ndermjet-malit-te-zi-dhe-kroacise-kontest-ri-rreth-prevllakes\/\" \/>\n<meta property=\"og:locale\" content=\"en_US\" \/>\n<meta property=\"og:type\" content=\"article\" \/>\n<meta property=\"og:title\" content=\"Nd\u00ebrmjet Malit t\u00eb Zi dhe Kroacis\u00eb kontest i ri rreth Prevllak\u00ebs - Lajme nga Ulqini\" \/>\n<meta property=\"og:description\" content=\"Qeveria e Malit t\u00eb Zi e akuzoi Kroacin\u00eb se e ka shkelur &quot;Protokollin p\u00ebr regjim t\u00eb p\u00ebrkohsh\u00ebm p\u00ebr menaxhim me Prevllak\u00ebn&quot;, sepse Zagrebi ka shpallur\" \/>\n<meta property=\"og:url\" content=\"https:\/\/www.visit-ulcinj.com\/blog\/2015\/05\/31\/ndermjet-malit-te-zi-dhe-kroacise-kontest-ri-rreth-prevllakes\/\" \/>\n<meta property=\"og:site_name\" content=\"Lajme nga Ulqini\" \/>\n<meta property=\"article:published_time\" content=\"2015-05-31T11:09:09+00:00\" \/>\n<meta property=\"article:modified_time\" content=\"2015-06-19T15:41:36+00:00\" \/>\n<meta property=\"og:image\" content=\"http:\/\/www.visit-ulcinj.com\/blog\/wp-content\/uploads\/2015\/05\/Prevlaka_.jpg\" \/>\n<meta name=\"twitter:label1\" content=\"Written by\" \/>\n\t<meta name=\"twitter:data1\" content=\"ulqini\" \/>\n\t<meta name=\"twitter:label2\" content=\"Est. reading time\" \/>\n\t<meta name=\"twitter:data2\" content=\"2 minutes\" \/>\n<script type=\"application\/ld+json\" class=\"yoast-schema-graph\">{\"@context\":\"https:\/\/schema.org\",\"@graph\":[{\"@type\":\"WebSite\",\"@id\":\"https:\/\/www.visit-ulcinj.com\/blog\/#website\",\"url\":\"https:\/\/www.visit-ulcinj.com\/blog\/\",\"name\":\"Lajme nga Ulqini\",\"description\":\"Lajme,Vijesti,Ulqini,Ulqin,Crna Gora,Mali i Zi\",\"potentialAction\":[{\"@type\":\"SearchAction\",\"target\":{\"@type\":\"EntryPoint\",\"urlTemplate\":\"https:\/\/www.visit-ulcinj.com\/blog\/?s={search_term_string}\"},\"query-input\":\"required name=search_term_string\"}],\"inLanguage\":\"en-US\"},{\"@type\":\"ImageObject\",\"inLanguage\":\"en-US\",\"@id\":\"https:\/\/www.visit-ulcinj.com\/blog\/2015\/05\/31\/ndermjet-malit-te-zi-dhe-kroacise-kontest-ri-rreth-prevllakes\/#primaryimage\",\"url\":\"http:\/\/www.visit-ulcinj.com\/blog\/wp-content\/uploads\/2015\/05\/Prevlaka_.jpg\",\"contentUrl\":\"http:\/\/www.visit-ulcinj.com\/blog\/wp-content\/uploads\/2015\/05\/Prevlaka_.jpg\"},{\"@type\":\"WebPage\",\"@id\":\"https:\/\/www.visit-ulcinj.com\/blog\/2015\/05\/31\/ndermjet-malit-te-zi-dhe-kroacise-kontest-ri-rreth-prevllakes\/#webpage\",\"url\":\"https:\/\/www.visit-ulcinj.com\/blog\/2015\/05\/31\/ndermjet-malit-te-zi-dhe-kroacise-kontest-ri-rreth-prevllakes\/\",\"name\":\"Nd\u00ebrmjet Malit t\u00eb Zi dhe Kroacis\u00eb kontest i ri rreth Prevllak\u00ebs - Lajme nga Ulqini\",\"isPartOf\":{\"@id\":\"https:\/\/www.visit-ulcinj.com\/blog\/#website\"},\"primaryImageOfPage\":{\"@id\":\"https:\/\/www.visit-ulcinj.com\/blog\/2015\/05\/31\/ndermjet-malit-te-zi-dhe-kroacise-kontest-ri-rreth-prevllakes\/#primaryimage\"},\"datePublished\":\"2015-05-31T11:09:09+00:00\",\"dateModified\":\"2015-06-19T15:41:36+00:00\",\"author\":{\"@id\":\"https:\/\/www.visit-ulcinj.com\/blog\/#\/schema\/person\/dcab619c614d3038751c63bc2aadc06d\"},\"description\":\"Qeveria e Malit t\u00eb Zi e akuzoi Kroacin\u00eb se e ka shkelur \\\"Protokollin p\u00ebr regjim t\u00eb p\u00ebrkohsh\u00ebm p\u00ebr menaxhim me Prevllak\u00ebn\\\", sepse Zagrebi ka shpallur\",\"breadcrumb\":{\"@id\":\"https:\/\/www.visit-ulcinj.com\/blog\/2015\/05\/31\/ndermjet-malit-te-zi-dhe-kroacise-kontest-ri-rreth-prevllakes\/#breadcrumb\"},\"inLanguage\":\"en-US\",\"potentialAction\":[{\"@type\":\"ReadAction\",\"target\":[\"https:\/\/www.visit-ulcinj.com\/blog\/2015\/05\/31\/ndermjet-malit-te-zi-dhe-kroacise-kontest-ri-rreth-prevllakes\/\"]}]},{\"@type\":\"BreadcrumbList\",\"@id\":\"https:\/\/www.visit-ulcinj.com\/blog\/2015\/05\/31\/ndermjet-malit-te-zi-dhe-kroacise-kontest-ri-rreth-prevllakes\/#breadcrumb\",\"itemListElement\":[{\"@type\":\"ListItem\",\"position\":1,\"name\":\"Nd\u00ebrmjet Malit t\u00eb Zi dhe Kroacis\u00eb kontest i ri rreth Prevllak\u00ebs\"}]},{\"@type\":\"Person\",\"@id\":\"https:\/\/www.visit-ulcinj.com\/blog\/#\/schema\/person\/dcab619c614d3038751c63bc2aadc06d\",\"name\":\"ulqini\",\"sameAs\":[\"http:\/\/www.visit-ulcinj.com\"],\"url\":\"https:\/\/www.visit-ulcinj.com\/blog\/author\/admin\/\"}]}<\/script>\n<!-- \/ Yoast SEO plugin. -->","yoast_head_json":{"title":"Nd\u00ebrmjet Malit t\u00eb Zi dhe Kroacis\u00eb kontest i ri rreth Prevllak\u00ebs - Lajme nga Ulqini","description":"Qeveria e Malit t\u00eb Zi e akuzoi Kroacin\u00eb se e ka shkelur \"Protokollin p\u00ebr regjim t\u00eb p\u00ebrkohsh\u00ebm p\u00ebr menaxhim me Prevllak\u00ebn\", sepse Zagrebi ka shpallur","robots":{"index":"index","follow":"follow","max-snippet":"max-snippet:-1","max-image-preview":"max-image-preview:large","max-video-preview":"max-video-preview:-1"},"canonical":"https:\/\/www.visit-ulcinj.com\/blog\/2015\/05\/31\/ndermjet-malit-te-zi-dhe-kroacise-kontest-ri-rreth-prevllakes\/","og_locale":"en_US","og_type":"article","og_title":"Nd\u00ebrmjet Malit t\u00eb Zi dhe Kroacis\u00eb kontest i ri rreth Prevllak\u00ebs - Lajme nga Ulqini","og_description":"Qeveria e Malit t\u00eb Zi e akuzoi Kroacin\u00eb se e ka shkelur \"Protokollin p\u00ebr regjim t\u00eb p\u00ebrkohsh\u00ebm p\u00ebr menaxhim me Prevllak\u00ebn\", sepse Zagrebi ka shpallur","og_url":"https:\/\/www.visit-ulcinj.com\/blog\/2015\/05\/31\/ndermjet-malit-te-zi-dhe-kroacise-kontest-ri-rreth-prevllakes\/","og_site_name":"Lajme nga Ulqini","article_published_time":"2015-05-31T11:09:09+00:00","article_modified_time":"2015-06-19T15:41:36+00:00","og_image":[{"url":"http:\/\/www.visit-ulcinj.com\/blog\/wp-content\/uploads\/2015\/05\/Prevlaka_.jpg"}],"twitter_misc":{"Written by":"ulqini","Est. reading time":"2 minutes"},"schema":{"@context":"https:\/\/schema.org","@graph":[{"@type":"WebSite","@id":"https:\/\/www.visit-ulcinj.com\/blog\/#website","url":"https:\/\/www.visit-ulcinj.com\/blog\/","name":"Lajme nga Ulqini","description":"Lajme,Vijesti,Ulqini,Ulqin,Crna Gora,Mali i Zi","potentialAction":[{"@type":"SearchAction","target":{"@type":"EntryPoint","urlTemplate":"https:\/\/www.visit-ulcinj.com\/blog\/?s={search_term_string}"},"query-input":"required name=search_term_string"}],"inLanguage":"en-US"},{"@type":"ImageObject","inLanguage":"en-US","@id":"https:\/\/www.visit-ulcinj.com\/blog\/2015\/05\/31\/ndermjet-malit-te-zi-dhe-kroacise-kontest-ri-rreth-prevllakes\/#primaryimage","url":"http:\/\/www.visit-ulcinj.com\/blog\/wp-content\/uploads\/2015\/05\/Prevlaka_.jpg","contentUrl":"http:\/\/www.visit-ulcinj.com\/blog\/wp-content\/uploads\/2015\/05\/Prevlaka_.jpg"},{"@type":"WebPage","@id":"https:\/\/www.visit-ulcinj.com\/blog\/2015\/05\/31\/ndermjet-malit-te-zi-dhe-kroacise-kontest-ri-rreth-prevllakes\/#webpage","url":"https:\/\/www.visit-ulcinj.com\/blog\/2015\/05\/31\/ndermjet-malit-te-zi-dhe-kroacise-kontest-ri-rreth-prevllakes\/","name":"Nd\u00ebrmjet Malit t\u00eb Zi dhe Kroacis\u00eb kontest i ri rreth Prevllak\u00ebs - Lajme nga Ulqini","isPartOf":{"@id":"https:\/\/www.visit-ulcinj.com\/blog\/#website"},"primaryImageOfPage":{"@id":"https:\/\/www.visit-ulcinj.com\/blog\/2015\/05\/31\/ndermjet-malit-te-zi-dhe-kroacise-kontest-ri-rreth-prevllakes\/#primaryimage"},"datePublished":"2015-05-31T11:09:09+00:00","dateModified":"2015-06-19T15:41:36+00:00","author":{"@id":"https:\/\/www.visit-ulcinj.com\/blog\/#\/schema\/person\/dcab619c614d3038751c63bc2aadc06d"},"description":"Qeveria e Malit t\u00eb Zi e akuzoi Kroacin\u00eb se e ka shkelur \"Protokollin p\u00ebr regjim t\u00eb p\u00ebrkohsh\u00ebm p\u00ebr menaxhim me Prevllak\u00ebn\", sepse Zagrebi ka shpallur","breadcrumb":{"@id":"https:\/\/www.visit-ulcinj.com\/blog\/2015\/05\/31\/ndermjet-malit-te-zi-dhe-kroacise-kontest-ri-rreth-prevllakes\/#breadcrumb"},"inLanguage":"en-US","potentialAction":[{"@type":"ReadAction","target":["https:\/\/www.visit-ulcinj.com\/blog\/2015\/05\/31\/ndermjet-malit-te-zi-dhe-kroacise-kontest-ri-rreth-prevllakes\/"]}]},{"@type":"BreadcrumbList","@id":"https:\/\/www.visit-ulcinj.com\/blog\/2015\/05\/31\/ndermjet-malit-te-zi-dhe-kroacise-kontest-ri-rreth-prevllakes\/#breadcrumb","itemListElement":[{"@type":"ListItem","position":1,"name":"Nd\u00ebrmjet Malit t\u00eb Zi dhe Kroacis\u00eb kontest i ri rreth Prevllak\u00ebs"}]},{"@type":"Person","@id":"https:\/\/www.visit-ulcinj.com\/blog\/#\/schema\/person\/dcab619c614d3038751c63bc2aadc06d","name":"ulqini","sameAs":["http:\/\/www.visit-ulcinj.com"],"url":"https:\/\/www.visit-ulcinj.com\/blog\/author\/admin\/"}]}},"jetpack_featured_media_url":"","jetpack_sharing_enabled":true,"jetpack_shortlink":"https:\/\/wp.me\/pe6lTn-nAG","_links":{"self":[{"href":"https:\/\/www.visit-ulcinj.com\/blog\/wp-json\/wp\/v2\/posts\/90686"}],"collection":[{"href":"https:\/\/www.visit-ulcinj.com\/blog\/wp-json\/wp\/v2\/posts"}],"about":[{"href":"https:\/\/www.visit-ulcinj.com\/blog\/wp-json\/wp\/v2\/types\/post"}],"author":[{"embeddable":true,"href":"https:\/\/www.visit-ulcinj.com\/blog\/wp-json\/wp\/v2\/users\/1"}],"replies":[{"embeddable":true,"href":"https:\/\/www.visit-ulcinj.com\/blog\/wp-json\/wp\/v2\/comments?post=90686"}],"version-history":[{"count":1,"href":"https:\/\/www.visit-ulcinj.com\/blog\/wp-json\/wp\/v2\/posts\/90686\/revisions"}],"predecessor-version":[{"id":90689,"href":"https:\/\/www.visit-ulcinj.com\/blog\/wp-json\/wp\/v2\/posts\/90686\/revisions\/90689"}],"wp:attachment":[{"href":"https:\/\/www.visit-ulcinj.com\/blog\/wp-json\/wp\/v2\/media?parent=90686"}],"wp:term":[{"taxonomy":"category","embeddable":true,"href":"https:\/\/www.visit-ulcinj.com\/blog\/wp-json\/wp\/v2\/categories?post=90686"},{"taxonomy":"post_tag","embeddable":true,"href":"https:\/\/www.visit-ulcinj.com\/blog\/wp-json\/wp\/v2\/tags?post=90686"}],"curies":[{"name":"wp","href":"https:\/\/api.w.org\/{rel}","templated":true}]}}