{"id":90690,"date":"2015-05-31T12:19:00","date_gmt":"2015-05-31T11:19:00","guid":{"rendered":"http:\/\/www.visit-ulcinj.com\/blog\/?p=90690"},"modified":"2015-05-31T12:19:40","modified_gmt":"2015-05-31T11:19:40","slug":"ulqini-fillon-pritjen-e-turisteve","status":"publish","type":"post","link":"https:\/\/www.visit-ulcinj.com\/blog\/2015\/05\/31\/ulqini-fillon-pritjen-e-turisteve\/","title":{"rendered":"Ulqini fillon pritjen e turist\u00ebve &#8211; Video"},"content":{"rendered":"<p><strong><span class=\"droid24\"><a href=\"http:\/\/www.visit-ulcinj.com\/blog\/wp-content\/uploads\/2015\/05\/Ulcinj-Ulqini-1.jpg\"><img loading=\"lazy\" class=\"alignleft wp-image-90691\" src=\"http:\/\/www.visit-ulcinj.com\/blog\/wp-content\/uploads\/2015\/05\/Ulcinj-Ulqini-1.jpg\" alt=\"Ulcinj-Ulqini-1\" width=\"508\" height=\"251\" srcset=\"https:\/\/www.visit-ulcinj.com\/blog\/wp-content\/uploads\/2015\/05\/Ulcinj-Ulqini-1.jpg 800w, https:\/\/www.visit-ulcinj.com\/blog\/wp-content\/uploads\/2015\/05\/Ulcinj-Ulqini-1-300x149.jpg 300w\" sizes=\"(max-width: 508px) 100vw, 508px\" \/><\/a>Ulqini fillon pritjen e turist\u00ebve, qyteti ku g\u00ebrshetohet natyra me tradit\u00ebn historike<\/span><\/strong><\/p>\n<p><span class=\"arial14 \"><strong>Ulqini \u00ebsht\u00eb nj\u00eb nd\u00ebr qytetet m\u00eb t\u00eb r\u00ebnd\u00ebsishme turistike n\u00eb Malin e Zi, me nj\u00eb pasuri t\u00eb madhe kulturore, historike, natyrore si dhe nj\u00eb nga destinacionet kryesore p\u00ebr turist\u00ebt nga Shqip\u00ebria, Kosova, rajoni Ballkani dhe nga vende t\u00eb ndryshme t\u00eb Europ\u00ebs.<\/strong><\/span><\/p>\n<p><span class=\"arial14 linkszi \">K\u00ebt\u00eb jav\u00eb \u00ebsht\u00eb hapur sezoni turistik 2015 dhe pritet q\u00eb numri i pushuesve t\u00eb jet\u00eb m\u00eb i madh se n\u00eb vitet e kaluara.<\/p>\n<p>&#8220;Kemi pasur nj\u00eb num\u00ebr shum\u00eb t\u00eb madh t\u00eb mysafir\u00ebve dhe ajo \u00e7ka na g\u00ebzon ka qen\u00eb q\u00eb numri ka qen\u00eb m\u00eb i madh se i pritur. Kurse t\u00eb dh\u00ebnat q\u00eb disponojm\u00eb, meq\u00ebn\u00ebse numri i turist\u00ebve n\u00eb fillim t\u00eb muajit maj n\u00eb Ulqin ka qen\u00eb gati sa t\u00eb gjitha komunat e tjera bregdetare k\u00ebtu n\u00eb Malin e Zi. Ka filluar t\u00eb rritet numri i turist\u00ebve nga Bosnja Hercegovina, Evropa Qendrore si, \u00c7ekia, Hungaria, Sllovakia dhe nj\u00eb num\u00ebr i konsideruesh\u00ebm nga Polonia. Vazhdojm\u00eb t\u00eb kemi turist\u00eb nga Gjermania dhe Franca dhe gjith\u00eb vendet e tjera evropiane. Ulqinin e pret nj\u00eb sezon i mir\u00eb turistik. Kemi b\u00ebr\u00eb t\u00eb gjitha p\u00ebrgatitjet p\u00ebr t\u00eb pasur nj\u00eb sezon t\u00eb mir\u00eb, nj\u00eb mbar\u00ebvajtje ashtu si\u00e7 duhet. Kemi nj\u00eb trup q\u00eb koordinon me sezonin turistik, b\u00ebn p\u00ebrgatitjet dhe p\u00ebrcjell sezonin turistik, ku jan\u00eb t\u00eb p\u00ebrfaq\u00ebsuar t\u00eb gjith\u00eb institucionet lokale dhe shtet\u00ebrore&#8221;, thot\u00eb Fatmir Gjeka, kryetar i Komun\u00ebs Ulqin.<\/p>\n<p>Kalaja e Ulqinit \u00ebsht\u00eb nj\u00eb nd\u00ebr destinacionet kryesore turistike n\u00eb qytet, me nj\u00eb histori e cila daton 2500 vite m\u00eb par\u00eb. Kalaja vizitohet gjat\u00eb gjith\u00eb vitit nga turist\u00eb nga e gjith\u00eb bota. Ulqini \u00ebsht\u00eb i vetmi vend n\u00eb Malin e Zi q\u00eb ka tre lloje plazhesh, me r\u00ebr\u00eb, me gur\u00eb dhe shk\u00ebmbor\u00eb.<\/p>\n<p>Plazhi m\u00eb i njohur i Ulqinit \u00ebsht\u00eb Plazhi i Madh, plazh ranor 12 km i gjat\u00eb, plazhi m\u00eb i gjat\u00eb n\u00eb Malin e Zi. Nj\u00eb nd\u00ebr destinacionet m\u00eb t\u00eb frekuentuara \u00ebsht\u00eb ishulli Ada n\u00eb gryk\u00ebderdhjen e Bun\u00ebs. P\u00ebrgjat\u00eb lumit Buna jan\u00eb nd\u00ebrtuar sht\u00ebpi pushimi dhe restorante tradicionale, ku n\u00eb menyn\u00eb baz\u00eb jan\u00eb produktet e detit.<\/p>\n<p>N\u00eb k\u00ebt\u00eb ishull ndodhet dhe plazhi i nudist\u00ebve, i cili \u00ebsht\u00eb nj\u00eb nd\u00ebr m\u00eb t\u00eb frekuentarit n\u00eb Europ\u00eb.<\/p>\n<p>P\u00ebrgjat\u00eb sezonit turistik, k\u00ebt\u00eb vit n\u00eb Ulqin do t\u00eb zhvillohen dhe nj\u00eb s\u00ebr\u00eb aktivitetesh kulturore dhe sportive t\u00eb organizuara nga komuna.<\/p>\n<p><strong>\/ Top Channel<\/strong><\/span><\/p>\n<p><iframe loading=\"lazy\" frameborder=\"0\" width=\"508\" height=\"360\" src=\"\/\/www.dailymotion.com\/embed\/video\/x2r2m62?autoPlay=1\" allowfullscreen><\/iframe><\/p>\n","protected":false},"excerpt":{"rendered":"<p>Ulqini fillon pritjen e turist\u00ebve, qyteti ku g\u00ebrshetohet natyra me tradit\u00ebn historike Ulqini \u00ebsht\u00eb nj\u00eb nd\u00ebr qytetet m\u00eb t\u00eb r\u00ebnd\u00ebsishme turistike n\u00eb Malin e Zi, me nj\u00eb pasuri t\u00eb madhe kulturore, historike, natyrore si dhe nj\u00eb nga destinacionet kryesore p\u00ebr turist\u00ebt nga Shqip\u00ebria, Kosova, rajoni Ballkani dhe nga vende t\u00eb ndryshme t\u00eb Europ\u00ebs. K\u00ebt\u00eb jav\u00eb [&hellip;]<\/p>\n","protected":false},"author":1,"featured_media":0,"comment_status":"closed","ping_status":"closed","sticky":false,"template":"","format":"standard","meta":{"spay_email":"","jetpack_publicize_message":"","jetpack_is_tweetstorm":false,"jetpack_publicize_feature_enabled":true},"categories":[15],"tags":[],"jetpack_publicize_connections":[],"yoast_head":"<!-- This site is optimized with the Yoast SEO plugin v19.1 - https:\/\/yoast.com\/wordpress\/plugins\/seo\/ -->\n<title>Ulqini fillon pritjen e turist\u00ebve - Video - Lajme nga Ulqini<\/title>\n<meta name=\"description\" content=\"Ulqini fillon pritjen e turist\u00ebve, qyteti ku g\u00ebrshetohet natyra me tradit\u00ebn historike Ulqini \u00ebsht\u00eb nj\u00eb nd\u00ebr qytetet m\u00eb t\u00eb r\u00ebnd\u00ebsishme turistike n\u00eb Malin e\" \/>\n<meta name=\"robots\" content=\"index, follow, max-snippet:-1, max-image-preview:large, max-video-preview:-1\" \/>\n<link rel=\"canonical\" href=\"https:\/\/www.visit-ulcinj.com\/blog\/2015\/05\/31\/ulqini-fillon-pritjen-e-turisteve\/\" \/>\n<meta property=\"og:locale\" content=\"en_US\" \/>\n<meta property=\"og:type\" content=\"article\" \/>\n<meta property=\"og:title\" content=\"Ulqini fillon pritjen e turist\u00ebve - Video - Lajme nga Ulqini\" \/>\n<meta property=\"og:description\" content=\"Ulqini fillon pritjen e turist\u00ebve, qyteti ku g\u00ebrshetohet natyra me tradit\u00ebn historike Ulqini \u00ebsht\u00eb nj\u00eb nd\u00ebr qytetet m\u00eb t\u00eb r\u00ebnd\u00ebsishme turistike n\u00eb Malin e\" \/>\n<meta property=\"og:url\" content=\"https:\/\/www.visit-ulcinj.com\/blog\/2015\/05\/31\/ulqini-fillon-pritjen-e-turisteve\/\" \/>\n<meta property=\"og:site_name\" content=\"Lajme nga Ulqini\" \/>\n<meta property=\"article:published_time\" content=\"2015-05-31T11:19:00+00:00\" \/>\n<meta property=\"article:modified_time\" content=\"2015-05-31T11:19:40+00:00\" \/>\n<meta property=\"og:image\" content=\"http:\/\/www.visit-ulcinj.com\/blog\/wp-content\/uploads\/2015\/05\/Ulcinj-Ulqini-1.jpg\" \/>\n<meta name=\"twitter:label1\" content=\"Written by\" \/>\n\t<meta name=\"twitter:data1\" content=\"ulqini\" \/>\n\t<meta name=\"twitter:label2\" content=\"Est. reading time\" \/>\n\t<meta name=\"twitter:data2\" content=\"2 minutes\" \/>\n<script type=\"application\/ld+json\" class=\"yoast-schema-graph\">{\"@context\":\"https:\/\/schema.org\",\"@graph\":[{\"@type\":\"WebSite\",\"@id\":\"https:\/\/www.visit-ulcinj.com\/blog\/#website\",\"url\":\"https:\/\/www.visit-ulcinj.com\/blog\/\",\"name\":\"Lajme nga Ulqini\",\"description\":\"Lajme,Vijesti,Ulqini,Ulqin,Crna Gora,Mali i Zi\",\"potentialAction\":[{\"@type\":\"SearchAction\",\"target\":{\"@type\":\"EntryPoint\",\"urlTemplate\":\"https:\/\/www.visit-ulcinj.com\/blog\/?s={search_term_string}\"},\"query-input\":\"required name=search_term_string\"}],\"inLanguage\":\"en-US\"},{\"@type\":\"ImageObject\",\"inLanguage\":\"en-US\",\"@id\":\"https:\/\/www.visit-ulcinj.com\/blog\/2015\/05\/31\/ulqini-fillon-pritjen-e-turisteve\/#primaryimage\",\"url\":\"https:\/\/www.visit-ulcinj.com\/blog\/wp-content\/uploads\/2015\/05\/Ulcinj-Ulqini-1.jpg\",\"contentUrl\":\"https:\/\/www.visit-ulcinj.com\/blog\/wp-content\/uploads\/2015\/05\/Ulcinj-Ulqini-1.jpg\",\"width\":800,\"height\":396},{\"@type\":\"WebPage\",\"@id\":\"https:\/\/www.visit-ulcinj.com\/blog\/2015\/05\/31\/ulqini-fillon-pritjen-e-turisteve\/#webpage\",\"url\":\"https:\/\/www.visit-ulcinj.com\/blog\/2015\/05\/31\/ulqini-fillon-pritjen-e-turisteve\/\",\"name\":\"Ulqini fillon pritjen e turist\u00ebve - Video - Lajme nga Ulqini\",\"isPartOf\":{\"@id\":\"https:\/\/www.visit-ulcinj.com\/blog\/#website\"},\"primaryImageOfPage\":{\"@id\":\"https:\/\/www.visit-ulcinj.com\/blog\/2015\/05\/31\/ulqini-fillon-pritjen-e-turisteve\/#primaryimage\"},\"datePublished\":\"2015-05-31T11:19:00+00:00\",\"dateModified\":\"2015-05-31T11:19:40+00:00\",\"author\":{\"@id\":\"https:\/\/www.visit-ulcinj.com\/blog\/#\/schema\/person\/dcab619c614d3038751c63bc2aadc06d\"},\"description\":\"Ulqini fillon pritjen e turist\u00ebve, qyteti ku g\u00ebrshetohet natyra me tradit\u00ebn historike Ulqini \u00ebsht\u00eb nj\u00eb nd\u00ebr qytetet m\u00eb t\u00eb r\u00ebnd\u00ebsishme turistike n\u00eb Malin e\",\"breadcrumb\":{\"@id\":\"https:\/\/www.visit-ulcinj.com\/blog\/2015\/05\/31\/ulqini-fillon-pritjen-e-turisteve\/#breadcrumb\"},\"inLanguage\":\"en-US\",\"potentialAction\":[{\"@type\":\"ReadAction\",\"target\":[\"https:\/\/www.visit-ulcinj.com\/blog\/2015\/05\/31\/ulqini-fillon-pritjen-e-turisteve\/\"]}]},{\"@type\":\"BreadcrumbList\",\"@id\":\"https:\/\/www.visit-ulcinj.com\/blog\/2015\/05\/31\/ulqini-fillon-pritjen-e-turisteve\/#breadcrumb\",\"itemListElement\":[{\"@type\":\"ListItem\",\"position\":1,\"name\":\"Ulqini fillon pritjen e turist\u00ebve &#8211; Video\"}]},{\"@type\":\"Person\",\"@id\":\"https:\/\/www.visit-ulcinj.com\/blog\/#\/schema\/person\/dcab619c614d3038751c63bc2aadc06d\",\"name\":\"ulqini\",\"sameAs\":[\"http:\/\/www.visit-ulcinj.com\"],\"url\":\"https:\/\/www.visit-ulcinj.com\/blog\/author\/admin\/\"}]}<\/script>\n<!-- \/ Yoast SEO plugin. -->","yoast_head_json":{"title":"Ulqini fillon pritjen e turist\u00ebve - Video - Lajme nga Ulqini","description":"Ulqini fillon pritjen e turist\u00ebve, qyteti ku g\u00ebrshetohet natyra me tradit\u00ebn historike Ulqini \u00ebsht\u00eb nj\u00eb nd\u00ebr qytetet m\u00eb t\u00eb r\u00ebnd\u00ebsishme turistike n\u00eb Malin e","robots":{"index":"index","follow":"follow","max-snippet":"max-snippet:-1","max-image-preview":"max-image-preview:large","max-video-preview":"max-video-preview:-1"},"canonical":"https:\/\/www.visit-ulcinj.com\/blog\/2015\/05\/31\/ulqini-fillon-pritjen-e-turisteve\/","og_locale":"en_US","og_type":"article","og_title":"Ulqini fillon pritjen e turist\u00ebve - Video - Lajme nga Ulqini","og_description":"Ulqini fillon pritjen e turist\u00ebve, qyteti ku g\u00ebrshetohet natyra me tradit\u00ebn historike Ulqini \u00ebsht\u00eb nj\u00eb nd\u00ebr qytetet m\u00eb t\u00eb r\u00ebnd\u00ebsishme turistike n\u00eb Malin e","og_url":"https:\/\/www.visit-ulcinj.com\/blog\/2015\/05\/31\/ulqini-fillon-pritjen-e-turisteve\/","og_site_name":"Lajme nga Ulqini","article_published_time":"2015-05-31T11:19:00+00:00","article_modified_time":"2015-05-31T11:19:40+00:00","og_image":[{"url":"http:\/\/www.visit-ulcinj.com\/blog\/wp-content\/uploads\/2015\/05\/Ulcinj-Ulqini-1.jpg"}],"twitter_misc":{"Written by":"ulqini","Est. reading time":"2 minutes"},"schema":{"@context":"https:\/\/schema.org","@graph":[{"@type":"WebSite","@id":"https:\/\/www.visit-ulcinj.com\/blog\/#website","url":"https:\/\/www.visit-ulcinj.com\/blog\/","name":"Lajme nga Ulqini","description":"Lajme,Vijesti,Ulqini,Ulqin,Crna Gora,Mali i Zi","potentialAction":[{"@type":"SearchAction","target":{"@type":"EntryPoint","urlTemplate":"https:\/\/www.visit-ulcinj.com\/blog\/?s={search_term_string}"},"query-input":"required name=search_term_string"}],"inLanguage":"en-US"},{"@type":"ImageObject","inLanguage":"en-US","@id":"https:\/\/www.visit-ulcinj.com\/blog\/2015\/05\/31\/ulqini-fillon-pritjen-e-turisteve\/#primaryimage","url":"https:\/\/www.visit-ulcinj.com\/blog\/wp-content\/uploads\/2015\/05\/Ulcinj-Ulqini-1.jpg","contentUrl":"https:\/\/www.visit-ulcinj.com\/blog\/wp-content\/uploads\/2015\/05\/Ulcinj-Ulqini-1.jpg","width":800,"height":396},{"@type":"WebPage","@id":"https:\/\/www.visit-ulcinj.com\/blog\/2015\/05\/31\/ulqini-fillon-pritjen-e-turisteve\/#webpage","url":"https:\/\/www.visit-ulcinj.com\/blog\/2015\/05\/31\/ulqini-fillon-pritjen-e-turisteve\/","name":"Ulqini fillon pritjen e turist\u00ebve - Video - Lajme nga Ulqini","isPartOf":{"@id":"https:\/\/www.visit-ulcinj.com\/blog\/#website"},"primaryImageOfPage":{"@id":"https:\/\/www.visit-ulcinj.com\/blog\/2015\/05\/31\/ulqini-fillon-pritjen-e-turisteve\/#primaryimage"},"datePublished":"2015-05-31T11:19:00+00:00","dateModified":"2015-05-31T11:19:40+00:00","author":{"@id":"https:\/\/www.visit-ulcinj.com\/blog\/#\/schema\/person\/dcab619c614d3038751c63bc2aadc06d"},"description":"Ulqini fillon pritjen e turist\u00ebve, qyteti ku g\u00ebrshetohet natyra me tradit\u00ebn historike Ulqini \u00ebsht\u00eb nj\u00eb nd\u00ebr qytetet m\u00eb t\u00eb r\u00ebnd\u00ebsishme turistike n\u00eb Malin e","breadcrumb":{"@id":"https:\/\/www.visit-ulcinj.com\/blog\/2015\/05\/31\/ulqini-fillon-pritjen-e-turisteve\/#breadcrumb"},"inLanguage":"en-US","potentialAction":[{"@type":"ReadAction","target":["https:\/\/www.visit-ulcinj.com\/blog\/2015\/05\/31\/ulqini-fillon-pritjen-e-turisteve\/"]}]},{"@type":"BreadcrumbList","@id":"https:\/\/www.visit-ulcinj.com\/blog\/2015\/05\/31\/ulqini-fillon-pritjen-e-turisteve\/#breadcrumb","itemListElement":[{"@type":"ListItem","position":1,"name":"Ulqini fillon pritjen e turist\u00ebve &#8211; Video"}]},{"@type":"Person","@id":"https:\/\/www.visit-ulcinj.com\/blog\/#\/schema\/person\/dcab619c614d3038751c63bc2aadc06d","name":"ulqini","sameAs":["http:\/\/www.visit-ulcinj.com"],"url":"https:\/\/www.visit-ulcinj.com\/blog\/author\/admin\/"}]}},"jetpack_featured_media_url":"","jetpack_sharing_enabled":true,"jetpack_shortlink":"https:\/\/wp.me\/pe6lTn-nAK","_links":{"self":[{"href":"https:\/\/www.visit-ulcinj.com\/blog\/wp-json\/wp\/v2\/posts\/90690"}],"collection":[{"href":"https:\/\/www.visit-ulcinj.com\/blog\/wp-json\/wp\/v2\/posts"}],"about":[{"href":"https:\/\/www.visit-ulcinj.com\/blog\/wp-json\/wp\/v2\/types\/post"}],"author":[{"embeddable":true,"href":"https:\/\/www.visit-ulcinj.com\/blog\/wp-json\/wp\/v2\/users\/1"}],"replies":[{"embeddable":true,"href":"https:\/\/www.visit-ulcinj.com\/blog\/wp-json\/wp\/v2\/comments?post=90690"}],"version-history":[{"count":2,"href":"https:\/\/www.visit-ulcinj.com\/blog\/wp-json\/wp\/v2\/posts\/90690\/revisions"}],"predecessor-version":[{"id":90693,"href":"https:\/\/www.visit-ulcinj.com\/blog\/wp-json\/wp\/v2\/posts\/90690\/revisions\/90693"}],"wp:attachment":[{"href":"https:\/\/www.visit-ulcinj.com\/blog\/wp-json\/wp\/v2\/media?parent=90690"}],"wp:term":[{"taxonomy":"category","embeddable":true,"href":"https:\/\/www.visit-ulcinj.com\/blog\/wp-json\/wp\/v2\/categories?post=90690"},{"taxonomy":"post_tag","embeddable":true,"href":"https:\/\/www.visit-ulcinj.com\/blog\/wp-json\/wp\/v2\/tags?post=90690"}],"curies":[{"name":"wp","href":"https:\/\/api.w.org\/{rel}","templated":true}]}}