{"id":90697,"date":"2015-05-31T12:35:37","date_gmt":"2015-05-31T11:35:37","guid":{"rendered":"http:\/\/www.visit-ulcinj.com\/blog\/?p=90697"},"modified":"2015-05-31T12:35:37","modified_gmt":"2015-05-31T11:35:37","slug":"ulcinj-od-sjaja-ambisa","status":"publish","type":"post","link":"https:\/\/www.visit-ulcinj.com\/blog\/2015\/05\/31\/ulcinj-od-sjaja-ambisa\/","title":{"rendered":"Ulcinj &#8211; od sjaja do ambisa"},"content":{"rendered":"<p><a href=\"http:\/\/www.visit-ulcinj.com\/blog\/wp-content\/uploads\/2015\/05\/Ulcinj-turism-Montenegro.jpg\"><img loading=\"lazy\" class=\"alignleft wp-image-90557\" src=\"http:\/\/www.visit-ulcinj.com\/blog\/wp-content\/uploads\/2015\/05\/Ulcinj-turism-Montenegro.jpg\" alt=\"Ulcinj-turism-Montenegro\" width=\"508\" height=\"381\" srcset=\"https:\/\/www.visit-ulcinj.com\/blog\/wp-content\/uploads\/2015\/05\/Ulcinj-turism-Montenegro.jpg 800w, https:\/\/www.visit-ulcinj.com\/blog\/wp-content\/uploads\/2015\/05\/Ulcinj-turism-Montenegro-300x225.jpg 300w\" sizes=\"(max-width: 508px) 100vw, 508px\" \/><\/a>Ulcinj danas broji oko 1.900 zaposlenih u privredi, \u0161to je upola manje nego pre 25 godina, kada je toliki broj radnika zapo\u0161ljavala skoro samo Ulcinjska rivijera.<\/p>\n<p>Dugogodi\u0161nji \u0161ef gradskog sindikata \u0160efki Keko Ljamovi\u0107 ka\u017ee da je socijalni status radnika alarmantan, posebno u Op\u0161tini i javnim preduze\u0107ima gde plate kasne od \u010detiri do osam meseci.<\/p>\n<p>\u201cUlcinju je davno uveden ste\u010daj i mi to svi znamo. Ovo su posledice\u201d, ka\u017ee Ljamovi\u0107 u razgovoru za \u201eVijesti\u201d.<\/p>\n<p>Ratovi u okru\u017eenju, sankcije, limitirano i lo\u0161e funkcionisanje lokalnih vlasti, skandalozne privatizacije hotela i preduze\u0107a i inertnost Vlade kada su u pitanju strate\u0161ki razvojni projekti, Ulcinj su iz blagostanja po\u010detkom devedestih, danas doveli na rub ambisa.<\/p>\n<p>Grad koji je osamdesetih godina od svih primorskih gradova imao ubedljivo najvi\u0161e gostiju iz Evrope, posebno iz Nema\u010dke, danas jedva pre\u017eivljava i pla\u0107a penale lo\u0161e politike, koja je rezultirala ru\u0161enjem elitnih hotela i likvidacijom preduze\u0107a od zna\u010daja ne samo za grad ve\u0107 za celu dr\u017eavu.<\/p>\n<p>Pre 25 godina, Ulcinjska rivijera zapo\u0161ljavala je 1.700 radnika, solana \u201c\u201eBajo Sekuli\u0107\u201d 515, GP \u201c\u201ePrimorje\u201d 420, \u201cAlbatros\u201d 102, Ferijalni savez 65, \u201cAgroulcinj\u201d 130, \u201cOtrantkomerc\u201d 230, Jadranprevoz 45, AD \u201cKodre\u201d 40, \u201cUltep\u201d 110 a Tr\u017eni centar \u201cPrimorke\u201d iz Bara 70.<\/p>\n<p>Ulcinjska rivijera nakon pogubne privatizacije u kojoj su sa lica zemlje zbrisani \u201cGaleb\u201d i \u201cLido\u201d, danas upo\u0161ljava deset puta manje radnika, u Solani ih nema dok su kroz bolne ste\u010daje do likvidacije pro\u0161li \u201cPrimorje\u201d, \u201cAgroulcinj\u201d, pekara \u201cKodre\u201d, \u201cUltep\u201d i Tr\u017eni centar.<\/p>\n<p>Ljamovi\u0107 tvrdi da je sunovrat ulcinjske privrede po\u010deo ga\u0161enjem \u201cAgroulcinja\u201d.<\/p>\n<p>\u201cPrvo ga je privatizovao Fond za razvoj a nedugo potom firma je uga\u0161ena. Radnici su poslati na Biro iako je &#8216;Agroulcinj&#8217; svojim proizvodima snabdevao celo primorje\u201d, se\u0107a se Ljamovi\u0107.<\/p>\n<p>Potom su usledili ratovi i sankcije a novo stole\u0107e donelo je nove goste, nesre\u0107ne privatizacije i ste\u010daje. U \u201cPrimorje\u201d je ste\u010daj uveden 2004, nakon toga usledila je privatizacija a ubrzo potom i likvidacija firme.<\/p>\n<p>U Solanu je ste\u010daj uveden 2005, da bi osam godina kasnije radnici zavr\u0161ili na birou a fabrika vi\u0161e ne proizvodi so.<\/p>\n<p>U isto vreme ste\u010daj je uveden u Ulcinjsku rivijeru, koja je nakon prodaje hotela \u201cOtrant\u201d, \u201cGaleb\u201d i \u201cLido\u201d, te apartamanske grupacije Stari grad i Autobuske stanice, nastavila normalno poslovanje. U okviru nekada\u0161njeg hotelskog giganta, danas posluju hoteli \u201cOlimpik\u201d i \u201cBelvi\u201d na Velikoj pla\u017ei i nudisti\u010dko naselje na Adi.<\/p>\n<p>\u201c&#8217;Primorje&#8217; je gradilo Ulcinj, a Solana ga hranila. Grad se jo\u0161 nije oporavio od likvidacija tih firmi\u201d,ka\u017ee Ljamovi\u0107.<\/p>\n<p>Isti\u010de da prodaja hotela Ulcinjske rivijere nije donela ni\u0161ta dobro ni gradu ni dr\u017eavi.<\/p>\n<p>\u201cSada nemamo ni &#8216;Galeb&#8217; ni &#8216;Lido&#8217;. &#8216;Otrant&#8217; je prodat Rusima pa ga je zbog duga preuzela NLB Interfinanz banka iz \u0160vajcarske a sada je vlasni\u0161tvu &#8216;Agrosa&#8217; iz Ulcinja. U tim transakcijama 63 radnika ostala su bez posla. Oni ve\u0107 \u0161etiri godine ne primaju plate niti su im zaklju\u010dene knji\u017eice. Njima je oduzeto pravo na rad, pravo na novo zaposlenje i pravo na odlazak u penziju\u201d, ka\u017ee Ljamovi\u0107.<\/p>\n<p>Prema podacima Monstata, Ulcinj je ubedljivo najsiroma\u0161nija op\u0161tina na primorju i sa najmanjom prose\u010dnom platom u dr\u017eavi.<\/p>\n<p>Nekada imali naj\u0161kolovaniji turisti\u010dki kadar, govorili vi\u0161e jezika<\/p>\n<p>U hotelu \u201eLido\u201d sada je zaposleno samo sedam radnika iako ih je do privatizacije bilo deset puta vi\u0161e. Radnici nekada\u0161njeg \u201cGaleba\u201d sada prodaju cigarete i novine po trafikama.<\/p>\n<p>\u201cNekada smo imali naj\u0161kolovaniji turisti\u010dki kadar u Crnoj Gori. Nije bilo konobara ili kuvara koji nije govorio njema\u010dki pa i jo\u0161 poneki strani jezik. Zato je tu\u017eno danas gledati te ljude kako prodaju cigarete ili obilaze Biro rada\u201d, ka\u017ee Ljamovi\u0107.<\/p>\n<p>On je podsjetio da je Op\u0161tinsko sindikalno povjereni\u0161tvo u nekoliko navrata tra\u017eilo od ministarstva da poni\u0161ti ugovore sa kupcima koji ne po\u0161tuju preuzete obaveze.<\/p>\n<p><strong>B92<\/strong><\/p>\n<p><strong>Izvor: Vijesti Online<\/strong><\/p>\n","protected":false},"excerpt":{"rendered":"<p>Ulcinj danas broji oko 1.900 zaposlenih u privredi, \u0161to je upola manje nego pre 25 godina, kada je toliki broj radnika zapo\u0161ljavala skoro samo Ulcinjska rivijera. Dugogodi\u0161nji \u0161ef gradskog sindikata \u0160efki Keko Ljamovi\u0107 ka\u017ee da je socijalni status radnika alarmantan, posebno u Op\u0161tini i javnim preduze\u0107ima gde plate kasne od \u010detiri do osam meseci. \u201cUlcinju [&hellip;]<\/p>\n","protected":false},"author":1,"featured_media":0,"comment_status":"closed","ping_status":"closed","sticky":false,"template":"","format":"standard","meta":{"spay_email":"","jetpack_publicize_message":"","jetpack_is_tweetstorm":false,"jetpack_publicize_feature_enabled":true},"categories":[8337],"tags":[],"jetpack_publicize_connections":[],"yoast_head":"<!-- This site is optimized with the Yoast SEO plugin v19.1 - https:\/\/yoast.com\/wordpress\/plugins\/seo\/ -->\n<title>Ulcinj - od sjaja do ambisa - Lajme nga Ulqini<\/title>\n<meta name=\"description\" content=\"Ulcinj danas broji oko 1.900 zaposlenih u privredi, \u0161to je upola manje nego pre 25 godina, kada je toliki broj radnika zapo\u0161ljavala skoro samo Ulcinjska\" \/>\n<meta name=\"robots\" content=\"index, follow, max-snippet:-1, max-image-preview:large, max-video-preview:-1\" \/>\n<link rel=\"canonical\" href=\"https:\/\/www.visit-ulcinj.com\/blog\/2015\/05\/31\/ulcinj-od-sjaja-ambisa\/\" \/>\n<meta property=\"og:locale\" content=\"en_US\" \/>\n<meta property=\"og:type\" content=\"article\" \/>\n<meta property=\"og:title\" content=\"Ulcinj - od sjaja do ambisa - Lajme nga Ulqini\" \/>\n<meta property=\"og:description\" content=\"Ulcinj danas broji oko 1.900 zaposlenih u privredi, \u0161to je upola manje nego pre 25 godina, kada je toliki broj radnika zapo\u0161ljavala skoro samo Ulcinjska\" \/>\n<meta property=\"og:url\" content=\"https:\/\/www.visit-ulcinj.com\/blog\/2015\/05\/31\/ulcinj-od-sjaja-ambisa\/\" \/>\n<meta property=\"og:site_name\" content=\"Lajme nga Ulqini\" \/>\n<meta property=\"article:published_time\" content=\"2015-05-31T11:35:37+00:00\" \/>\n<meta property=\"og:image\" content=\"http:\/\/www.visit-ulcinj.com\/blog\/wp-content\/uploads\/2015\/05\/Ulcinj-turism-Montenegro.jpg\" \/>\n<meta name=\"twitter:label1\" content=\"Written by\" \/>\n\t<meta name=\"twitter:data1\" content=\"ulqini\" \/>\n\t<meta name=\"twitter:label2\" content=\"Est. reading time\" \/>\n\t<meta name=\"twitter:data2\" content=\"3 minutes\" \/>\n<script type=\"application\/ld+json\" class=\"yoast-schema-graph\">{\"@context\":\"https:\/\/schema.org\",\"@graph\":[{\"@type\":\"WebSite\",\"@id\":\"https:\/\/www.visit-ulcinj.com\/blog\/#website\",\"url\":\"https:\/\/www.visit-ulcinj.com\/blog\/\",\"name\":\"Lajme nga Ulqini\",\"description\":\"Lajme,Vijesti,Ulqini,Ulqin,Crna Gora,Mali i Zi\",\"potentialAction\":[{\"@type\":\"SearchAction\",\"target\":{\"@type\":\"EntryPoint\",\"urlTemplate\":\"https:\/\/www.visit-ulcinj.com\/blog\/?s={search_term_string}\"},\"query-input\":\"required name=search_term_string\"}],\"inLanguage\":\"en-US\"},{\"@type\":\"ImageObject\",\"inLanguage\":\"en-US\",\"@id\":\"https:\/\/www.visit-ulcinj.com\/blog\/2015\/05\/31\/ulcinj-od-sjaja-ambisa\/#primaryimage\",\"url\":\"https:\/\/www.visit-ulcinj.com\/blog\/wp-content\/uploads\/2015\/05\/Ulcinj-turism-Montenegro.jpg\",\"contentUrl\":\"https:\/\/www.visit-ulcinj.com\/blog\/wp-content\/uploads\/2015\/05\/Ulcinj-turism-Montenegro.jpg\",\"width\":800,\"height\":600},{\"@type\":\"WebPage\",\"@id\":\"https:\/\/www.visit-ulcinj.com\/blog\/2015\/05\/31\/ulcinj-od-sjaja-ambisa\/#webpage\",\"url\":\"https:\/\/www.visit-ulcinj.com\/blog\/2015\/05\/31\/ulcinj-od-sjaja-ambisa\/\",\"name\":\"Ulcinj - od sjaja do ambisa - Lajme nga Ulqini\",\"isPartOf\":{\"@id\":\"https:\/\/www.visit-ulcinj.com\/blog\/#website\"},\"primaryImageOfPage\":{\"@id\":\"https:\/\/www.visit-ulcinj.com\/blog\/2015\/05\/31\/ulcinj-od-sjaja-ambisa\/#primaryimage\"},\"datePublished\":\"2015-05-31T11:35:37+00:00\",\"dateModified\":\"2015-05-31T11:35:37+00:00\",\"author\":{\"@id\":\"https:\/\/www.visit-ulcinj.com\/blog\/#\/schema\/person\/dcab619c614d3038751c63bc2aadc06d\"},\"description\":\"Ulcinj danas broji oko 1.900 zaposlenih u privredi, \u0161to je upola manje nego pre 25 godina, kada je toliki broj radnika zapo\u0161ljavala skoro samo Ulcinjska\",\"breadcrumb\":{\"@id\":\"https:\/\/www.visit-ulcinj.com\/blog\/2015\/05\/31\/ulcinj-od-sjaja-ambisa\/#breadcrumb\"},\"inLanguage\":\"en-US\",\"potentialAction\":[{\"@type\":\"ReadAction\",\"target\":[\"https:\/\/www.visit-ulcinj.com\/blog\/2015\/05\/31\/ulcinj-od-sjaja-ambisa\/\"]}]},{\"@type\":\"BreadcrumbList\",\"@id\":\"https:\/\/www.visit-ulcinj.com\/blog\/2015\/05\/31\/ulcinj-od-sjaja-ambisa\/#breadcrumb\",\"itemListElement\":[{\"@type\":\"ListItem\",\"position\":1,\"name\":\"Ulcinj &#8211; od sjaja do ambisa\"}]},{\"@type\":\"Person\",\"@id\":\"https:\/\/www.visit-ulcinj.com\/blog\/#\/schema\/person\/dcab619c614d3038751c63bc2aadc06d\",\"name\":\"ulqini\",\"sameAs\":[\"http:\/\/www.visit-ulcinj.com\"],\"url\":\"https:\/\/www.visit-ulcinj.com\/blog\/author\/admin\/\"}]}<\/script>\n<!-- \/ Yoast SEO plugin. -->","yoast_head_json":{"title":"Ulcinj - od sjaja do ambisa - Lajme nga Ulqini","description":"Ulcinj danas broji oko 1.900 zaposlenih u privredi, \u0161to je upola manje nego pre 25 godina, kada je toliki broj radnika zapo\u0161ljavala skoro samo Ulcinjska","robots":{"index":"index","follow":"follow","max-snippet":"max-snippet:-1","max-image-preview":"max-image-preview:large","max-video-preview":"max-video-preview:-1"},"canonical":"https:\/\/www.visit-ulcinj.com\/blog\/2015\/05\/31\/ulcinj-od-sjaja-ambisa\/","og_locale":"en_US","og_type":"article","og_title":"Ulcinj - od sjaja do ambisa - Lajme nga Ulqini","og_description":"Ulcinj danas broji oko 1.900 zaposlenih u privredi, \u0161to je upola manje nego pre 25 godina, kada je toliki broj radnika zapo\u0161ljavala skoro samo Ulcinjska","og_url":"https:\/\/www.visit-ulcinj.com\/blog\/2015\/05\/31\/ulcinj-od-sjaja-ambisa\/","og_site_name":"Lajme nga Ulqini","article_published_time":"2015-05-31T11:35:37+00:00","og_image":[{"url":"http:\/\/www.visit-ulcinj.com\/blog\/wp-content\/uploads\/2015\/05\/Ulcinj-turism-Montenegro.jpg"}],"twitter_misc":{"Written by":"ulqini","Est. reading time":"3 minutes"},"schema":{"@context":"https:\/\/schema.org","@graph":[{"@type":"WebSite","@id":"https:\/\/www.visit-ulcinj.com\/blog\/#website","url":"https:\/\/www.visit-ulcinj.com\/blog\/","name":"Lajme nga Ulqini","description":"Lajme,Vijesti,Ulqini,Ulqin,Crna Gora,Mali i Zi","potentialAction":[{"@type":"SearchAction","target":{"@type":"EntryPoint","urlTemplate":"https:\/\/www.visit-ulcinj.com\/blog\/?s={search_term_string}"},"query-input":"required name=search_term_string"}],"inLanguage":"en-US"},{"@type":"ImageObject","inLanguage":"en-US","@id":"https:\/\/www.visit-ulcinj.com\/blog\/2015\/05\/31\/ulcinj-od-sjaja-ambisa\/#primaryimage","url":"https:\/\/www.visit-ulcinj.com\/blog\/wp-content\/uploads\/2015\/05\/Ulcinj-turism-Montenegro.jpg","contentUrl":"https:\/\/www.visit-ulcinj.com\/blog\/wp-content\/uploads\/2015\/05\/Ulcinj-turism-Montenegro.jpg","width":800,"height":600},{"@type":"WebPage","@id":"https:\/\/www.visit-ulcinj.com\/blog\/2015\/05\/31\/ulcinj-od-sjaja-ambisa\/#webpage","url":"https:\/\/www.visit-ulcinj.com\/blog\/2015\/05\/31\/ulcinj-od-sjaja-ambisa\/","name":"Ulcinj - od sjaja do ambisa - Lajme nga Ulqini","isPartOf":{"@id":"https:\/\/www.visit-ulcinj.com\/blog\/#website"},"primaryImageOfPage":{"@id":"https:\/\/www.visit-ulcinj.com\/blog\/2015\/05\/31\/ulcinj-od-sjaja-ambisa\/#primaryimage"},"datePublished":"2015-05-31T11:35:37+00:00","dateModified":"2015-05-31T11:35:37+00:00","author":{"@id":"https:\/\/www.visit-ulcinj.com\/blog\/#\/schema\/person\/dcab619c614d3038751c63bc2aadc06d"},"description":"Ulcinj danas broji oko 1.900 zaposlenih u privredi, \u0161to je upola manje nego pre 25 godina, kada je toliki broj radnika zapo\u0161ljavala skoro samo Ulcinjska","breadcrumb":{"@id":"https:\/\/www.visit-ulcinj.com\/blog\/2015\/05\/31\/ulcinj-od-sjaja-ambisa\/#breadcrumb"},"inLanguage":"en-US","potentialAction":[{"@type":"ReadAction","target":["https:\/\/www.visit-ulcinj.com\/blog\/2015\/05\/31\/ulcinj-od-sjaja-ambisa\/"]}]},{"@type":"BreadcrumbList","@id":"https:\/\/www.visit-ulcinj.com\/blog\/2015\/05\/31\/ulcinj-od-sjaja-ambisa\/#breadcrumb","itemListElement":[{"@type":"ListItem","position":1,"name":"Ulcinj &#8211; od sjaja do ambisa"}]},{"@type":"Person","@id":"https:\/\/www.visit-ulcinj.com\/blog\/#\/schema\/person\/dcab619c614d3038751c63bc2aadc06d","name":"ulqini","sameAs":["http:\/\/www.visit-ulcinj.com"],"url":"https:\/\/www.visit-ulcinj.com\/blog\/author\/admin\/"}]}},"jetpack_featured_media_url":"","jetpack_sharing_enabled":true,"jetpack_shortlink":"https:\/\/wp.me\/pe6lTn-nAR","_links":{"self":[{"href":"https:\/\/www.visit-ulcinj.com\/blog\/wp-json\/wp\/v2\/posts\/90697"}],"collection":[{"href":"https:\/\/www.visit-ulcinj.com\/blog\/wp-json\/wp\/v2\/posts"}],"about":[{"href":"https:\/\/www.visit-ulcinj.com\/blog\/wp-json\/wp\/v2\/types\/post"}],"author":[{"embeddable":true,"href":"https:\/\/www.visit-ulcinj.com\/blog\/wp-json\/wp\/v2\/users\/1"}],"replies":[{"embeddable":true,"href":"https:\/\/www.visit-ulcinj.com\/blog\/wp-json\/wp\/v2\/comments?post=90697"}],"version-history":[{"count":1,"href":"https:\/\/www.visit-ulcinj.com\/blog\/wp-json\/wp\/v2\/posts\/90697\/revisions"}],"predecessor-version":[{"id":90698,"href":"https:\/\/www.visit-ulcinj.com\/blog\/wp-json\/wp\/v2\/posts\/90697\/revisions\/90698"}],"wp:attachment":[{"href":"https:\/\/www.visit-ulcinj.com\/blog\/wp-json\/wp\/v2\/media?parent=90697"}],"wp:term":[{"taxonomy":"category","embeddable":true,"href":"https:\/\/www.visit-ulcinj.com\/blog\/wp-json\/wp\/v2\/categories?post=90697"},{"taxonomy":"post_tag","embeddable":true,"href":"https:\/\/www.visit-ulcinj.com\/blog\/wp-json\/wp\/v2\/tags?post=90697"}],"curies":[{"name":"wp","href":"https:\/\/api.w.org\/{rel}","templated":true}]}}