{"id":90707,"date":"2015-06-01T08:19:44","date_gmt":"2015-06-01T07:19:44","guid":{"rendered":"http:\/\/www.visit-ulcinj.com\/blog\/?p=90707"},"modified":"2015-06-01T08:19:44","modified_gmt":"2015-06-01T07:19:44","slug":"poezia-shqipe-u-lexua-ne-podgorice","status":"publish","type":"post","link":"https:\/\/www.visit-ulcinj.com\/blog\/2015\/06\/01\/poezia-shqipe-u-lexua-ne-podgorice\/","title":{"rendered":"Poezia shqipe u lexua n\u00eb Podgoric\u00eb"},"content":{"rendered":"<p><strong><a href=\"http:\/\/www.visit-ulcinj.com\/blog\/wp-content\/uploads\/2015\/06\/Kollari-Nikolajdis-Citaku.jpg\"><img loading=\"lazy\" class=\"alignleft wp-image-90708\" src=\"http:\/\/www.visit-ulcinj.com\/blog\/wp-content\/uploads\/2015\/06\/Kollari-Nikolajdis-Citaku.jpg\" alt=\"Kollari-Nikolajdis-Citaku\" width=\"508\" height=\"339\" srcset=\"https:\/\/www.visit-ulcinj.com\/blog\/wp-content\/uploads\/2015\/06\/Kollari-Nikolajdis-Citaku.jpg 600w, https:\/\/www.visit-ulcinj.com\/blog\/wp-content\/uploads\/2015\/06\/Kollari-Nikolajdis-Citaku-300x200.jpg 300w\" sizes=\"(max-width: 508px) 100vw, 508px\" \/><\/a>Poeti ulqinak Jaho Kollari i cili jeton dhe vepron n\u00eb Gjermani iu prezantua publikut t\u00eb Podgoric\u00ebs me librin e tij m\u00eb t\u00eb ri \u201cProkrastinacioni\u201d, me \u00e7\u2019rast u lexua poezia n\u00eb gjuh\u00ebn shqipe nga vet\u00eb autori si dhe Gazmend \u00c7itaku<\/strong><\/p>\n<p>N\u00eb organizim t\u00eb Bibliotek\u00ebs s\u00eb qytetit t\u00eb Podgoric\u00ebs (Mali i Zi) u b\u00eb prezantimi i Sht\u00ebpis\u00eb Botuese Ulqini (Libraria ARTI) nga Ulqini si dhe Jaho Kollarit si autor i k\u00ebsaj sht\u00ebpie.<br \/>\nN\u00eb sall\u00ebn relativisht t\u00eb mbushur me dashamir\u00ebs t\u00eb kultur\u00ebs dhe fjal\u00ebs s\u00eb bukur biseda u zhvillua n\u00eb m\u00ebnyr\u00eb spontane her\u00eb n\u00eb gjuh\u00ebn shqipe e her\u00eb n\u00eb gjuh\u00ebn malazeze.<\/p>\n<p>Shkrimtari i madh malazez Andrej Nikollaidis ishte moderator i mbr\u00ebmjes dhe gjat\u00eb bised\u00ebs u shpalos veprimtaria botuese e SHB Ulqini q\u00eb nga fillimet e saja e deri n\u00eb dit\u00ebt e sotme. U diskutua rreth v\u00ebshtir\u00ebsive, mund\u00ebsive, sukseseve dhe planeve p\u00ebr t\u00eb ardhmen.<br \/>\nN\u00eb an\u00ebn tjet\u00ebr poeti ulqinak Jaho Kollari i cili jeton dhe vepron n\u00eb Gjermani iu prezantua publikut t\u00eb Podgoric\u00ebs me librin e tij m\u00eb t\u00eb ri \u201cProkrastinacioni\u201d, me \u00e7\u2019rast u lexua poezia n\u00eb gjuh\u00ebn shqipe nga vet\u00eb autori si dhe Gazmend \u00c7itaku. Poezia e lexuar p\u00ebr disa edhe pse e pakuptueshme u mir\u00ebprit dhe u duartrokit gjat\u00eb.<\/p>\n<p>Ky prezantim paraqet vet\u00ebm hapin e par\u00eb t\u00eb bashk\u00ebpunimit dhe prezantimit t\u00eb shqiptar\u00ebve si pakic\u00eb komb\u00ebtare n\u00eb shtetin e Malit t\u00eb Zi dhe si kuriozitet mund t\u00eb p\u00ebrmendet q\u00eb pas shum\u00eb e shum\u00eb vitesh n\u00eb k\u00ebt\u00eb bibliotek\u00eb u lexua poezia shqipe.\/<strong>KultPlus.com <\/strong><\/p>\n","protected":false},"excerpt":{"rendered":"<p>Poeti ulqinak Jaho Kollari i cili jeton dhe vepron n\u00eb Gjermani iu prezantua publikut t\u00eb Podgoric\u00ebs me librin e tij m\u00eb t\u00eb ri \u201cProkrastinacioni\u201d, me \u00e7\u2019rast u lexua poezia n\u00eb gjuh\u00ebn shqipe nga vet\u00eb autori si dhe Gazmend \u00c7itaku N\u00eb organizim t\u00eb Bibliotek\u00ebs s\u00eb qytetit t\u00eb Podgoric\u00ebs (Mali i Zi) u b\u00eb prezantimi i Sht\u00ebpis\u00eb [&hellip;]<\/p>\n","protected":false},"author":1,"featured_media":0,"comment_status":"closed","ping_status":"closed","sticky":false,"template":"","format":"standard","meta":{"spay_email":"","jetpack_publicize_message":"","jetpack_is_tweetstorm":false,"jetpack_publicize_feature_enabled":true},"categories":[11],"tags":[],"jetpack_publicize_connections":[],"yoast_head":"<!-- This site is optimized with the Yoast SEO plugin v19.1 - https:\/\/yoast.com\/wordpress\/plugins\/seo\/ -->\n<title>Poezia shqipe u lexua n\u00eb Podgoric\u00eb - Lajme nga Ulqini<\/title>\n<meta name=\"description\" content=\"Poeti ulqinak Jaho Kollari i cili jeton dhe vepron n\u00eb Gjermani iu prezantua publikut t\u00eb Podgoric\u00ebs me librin e tij m\u00eb t\u00eb ri \u201cProkrastinacioni\u201d, me \u00e7\u2019rast\" \/>\n<meta name=\"robots\" content=\"index, follow, max-snippet:-1, max-image-preview:large, max-video-preview:-1\" \/>\n<link rel=\"canonical\" href=\"https:\/\/www.visit-ulcinj.com\/blog\/2015\/06\/01\/poezia-shqipe-u-lexua-ne-podgorice\/\" \/>\n<meta property=\"og:locale\" content=\"en_US\" \/>\n<meta property=\"og:type\" content=\"article\" \/>\n<meta property=\"og:title\" content=\"Poezia shqipe u lexua n\u00eb Podgoric\u00eb - Lajme nga Ulqini\" \/>\n<meta property=\"og:description\" content=\"Poeti ulqinak Jaho Kollari i cili jeton dhe vepron n\u00eb Gjermani iu prezantua publikut t\u00eb Podgoric\u00ebs me librin e tij m\u00eb t\u00eb ri \u201cProkrastinacioni\u201d, me \u00e7\u2019rast\" \/>\n<meta property=\"og:url\" content=\"https:\/\/www.visit-ulcinj.com\/blog\/2015\/06\/01\/poezia-shqipe-u-lexua-ne-podgorice\/\" \/>\n<meta property=\"og:site_name\" content=\"Lajme nga Ulqini\" \/>\n<meta property=\"article:published_time\" content=\"2015-06-01T07:19:44+00:00\" \/>\n<meta property=\"og:image\" content=\"http:\/\/www.visit-ulcinj.com\/blog\/wp-content\/uploads\/2015\/06\/Kollari-Nikolajdis-Citaku.jpg\" \/>\n<meta name=\"twitter:label1\" content=\"Written by\" \/>\n\t<meta name=\"twitter:data1\" content=\"ulqini\" \/>\n\t<meta name=\"twitter:label2\" content=\"Est. reading time\" \/>\n\t<meta name=\"twitter:data2\" content=\"1 minute\" \/>\n<script type=\"application\/ld+json\" class=\"yoast-schema-graph\">{\"@context\":\"https:\/\/schema.org\",\"@graph\":[{\"@type\":\"WebSite\",\"@id\":\"https:\/\/www.visit-ulcinj.com\/blog\/#website\",\"url\":\"https:\/\/www.visit-ulcinj.com\/blog\/\",\"name\":\"Lajme nga Ulqini\",\"description\":\"Lajme,Vijesti,Ulqini,Ulqin,Crna Gora,Mali i Zi\",\"potentialAction\":[{\"@type\":\"SearchAction\",\"target\":{\"@type\":\"EntryPoint\",\"urlTemplate\":\"https:\/\/www.visit-ulcinj.com\/blog\/?s={search_term_string}\"},\"query-input\":\"required name=search_term_string\"}],\"inLanguage\":\"en-US\"},{\"@type\":\"ImageObject\",\"inLanguage\":\"en-US\",\"@id\":\"https:\/\/www.visit-ulcinj.com\/blog\/2015\/06\/01\/poezia-shqipe-u-lexua-ne-podgorice\/#primaryimage\",\"url\":\"https:\/\/www.visit-ulcinj.com\/blog\/wp-content\/uploads\/2015\/06\/Kollari-Nikolajdis-Citaku.jpg\",\"contentUrl\":\"https:\/\/www.visit-ulcinj.com\/blog\/wp-content\/uploads\/2015\/06\/Kollari-Nikolajdis-Citaku.jpg\",\"width\":600,\"height\":400},{\"@type\":\"WebPage\",\"@id\":\"https:\/\/www.visit-ulcinj.com\/blog\/2015\/06\/01\/poezia-shqipe-u-lexua-ne-podgorice\/#webpage\",\"url\":\"https:\/\/www.visit-ulcinj.com\/blog\/2015\/06\/01\/poezia-shqipe-u-lexua-ne-podgorice\/\",\"name\":\"Poezia shqipe u lexua n\u00eb Podgoric\u00eb - Lajme nga Ulqini\",\"isPartOf\":{\"@id\":\"https:\/\/www.visit-ulcinj.com\/blog\/#website\"},\"primaryImageOfPage\":{\"@id\":\"https:\/\/www.visit-ulcinj.com\/blog\/2015\/06\/01\/poezia-shqipe-u-lexua-ne-podgorice\/#primaryimage\"},\"datePublished\":\"2015-06-01T07:19:44+00:00\",\"dateModified\":\"2015-06-01T07:19:44+00:00\",\"author\":{\"@id\":\"https:\/\/www.visit-ulcinj.com\/blog\/#\/schema\/person\/dcab619c614d3038751c63bc2aadc06d\"},\"description\":\"Poeti ulqinak Jaho Kollari i cili jeton dhe vepron n\u00eb Gjermani iu prezantua publikut t\u00eb Podgoric\u00ebs me librin e tij m\u00eb t\u00eb ri \u201cProkrastinacioni\u201d, me \u00e7\u2019rast\",\"breadcrumb\":{\"@id\":\"https:\/\/www.visit-ulcinj.com\/blog\/2015\/06\/01\/poezia-shqipe-u-lexua-ne-podgorice\/#breadcrumb\"},\"inLanguage\":\"en-US\",\"potentialAction\":[{\"@type\":\"ReadAction\",\"target\":[\"https:\/\/www.visit-ulcinj.com\/blog\/2015\/06\/01\/poezia-shqipe-u-lexua-ne-podgorice\/\"]}]},{\"@type\":\"BreadcrumbList\",\"@id\":\"https:\/\/www.visit-ulcinj.com\/blog\/2015\/06\/01\/poezia-shqipe-u-lexua-ne-podgorice\/#breadcrumb\",\"itemListElement\":[{\"@type\":\"ListItem\",\"position\":1,\"name\":\"Poezia shqipe u lexua n\u00eb Podgoric\u00eb\"}]},{\"@type\":\"Person\",\"@id\":\"https:\/\/www.visit-ulcinj.com\/blog\/#\/schema\/person\/dcab619c614d3038751c63bc2aadc06d\",\"name\":\"ulqini\",\"sameAs\":[\"http:\/\/www.visit-ulcinj.com\"],\"url\":\"https:\/\/www.visit-ulcinj.com\/blog\/author\/admin\/\"}]}<\/script>\n<!-- \/ Yoast SEO plugin. -->","yoast_head_json":{"title":"Poezia shqipe u lexua n\u00eb Podgoric\u00eb - Lajme nga Ulqini","description":"Poeti ulqinak Jaho Kollari i cili jeton dhe vepron n\u00eb Gjermani iu prezantua publikut t\u00eb Podgoric\u00ebs me librin e tij m\u00eb t\u00eb ri \u201cProkrastinacioni\u201d, me \u00e7\u2019rast","robots":{"index":"index","follow":"follow","max-snippet":"max-snippet:-1","max-image-preview":"max-image-preview:large","max-video-preview":"max-video-preview:-1"},"canonical":"https:\/\/www.visit-ulcinj.com\/blog\/2015\/06\/01\/poezia-shqipe-u-lexua-ne-podgorice\/","og_locale":"en_US","og_type":"article","og_title":"Poezia shqipe u lexua n\u00eb Podgoric\u00eb - Lajme nga Ulqini","og_description":"Poeti ulqinak Jaho Kollari i cili jeton dhe vepron n\u00eb Gjermani iu prezantua publikut t\u00eb Podgoric\u00ebs me librin e tij m\u00eb t\u00eb ri \u201cProkrastinacioni\u201d, me \u00e7\u2019rast","og_url":"https:\/\/www.visit-ulcinj.com\/blog\/2015\/06\/01\/poezia-shqipe-u-lexua-ne-podgorice\/","og_site_name":"Lajme nga Ulqini","article_published_time":"2015-06-01T07:19:44+00:00","og_image":[{"url":"http:\/\/www.visit-ulcinj.com\/blog\/wp-content\/uploads\/2015\/06\/Kollari-Nikolajdis-Citaku.jpg"}],"twitter_misc":{"Written by":"ulqini","Est. reading time":"1 minute"},"schema":{"@context":"https:\/\/schema.org","@graph":[{"@type":"WebSite","@id":"https:\/\/www.visit-ulcinj.com\/blog\/#website","url":"https:\/\/www.visit-ulcinj.com\/blog\/","name":"Lajme nga Ulqini","description":"Lajme,Vijesti,Ulqini,Ulqin,Crna Gora,Mali i Zi","potentialAction":[{"@type":"SearchAction","target":{"@type":"EntryPoint","urlTemplate":"https:\/\/www.visit-ulcinj.com\/blog\/?s={search_term_string}"},"query-input":"required name=search_term_string"}],"inLanguage":"en-US"},{"@type":"ImageObject","inLanguage":"en-US","@id":"https:\/\/www.visit-ulcinj.com\/blog\/2015\/06\/01\/poezia-shqipe-u-lexua-ne-podgorice\/#primaryimage","url":"https:\/\/www.visit-ulcinj.com\/blog\/wp-content\/uploads\/2015\/06\/Kollari-Nikolajdis-Citaku.jpg","contentUrl":"https:\/\/www.visit-ulcinj.com\/blog\/wp-content\/uploads\/2015\/06\/Kollari-Nikolajdis-Citaku.jpg","width":600,"height":400},{"@type":"WebPage","@id":"https:\/\/www.visit-ulcinj.com\/blog\/2015\/06\/01\/poezia-shqipe-u-lexua-ne-podgorice\/#webpage","url":"https:\/\/www.visit-ulcinj.com\/blog\/2015\/06\/01\/poezia-shqipe-u-lexua-ne-podgorice\/","name":"Poezia shqipe u lexua n\u00eb Podgoric\u00eb - Lajme nga Ulqini","isPartOf":{"@id":"https:\/\/www.visit-ulcinj.com\/blog\/#website"},"primaryImageOfPage":{"@id":"https:\/\/www.visit-ulcinj.com\/blog\/2015\/06\/01\/poezia-shqipe-u-lexua-ne-podgorice\/#primaryimage"},"datePublished":"2015-06-01T07:19:44+00:00","dateModified":"2015-06-01T07:19:44+00:00","author":{"@id":"https:\/\/www.visit-ulcinj.com\/blog\/#\/schema\/person\/dcab619c614d3038751c63bc2aadc06d"},"description":"Poeti ulqinak Jaho Kollari i cili jeton dhe vepron n\u00eb Gjermani iu prezantua publikut t\u00eb Podgoric\u00ebs me librin e tij m\u00eb t\u00eb ri \u201cProkrastinacioni\u201d, me \u00e7\u2019rast","breadcrumb":{"@id":"https:\/\/www.visit-ulcinj.com\/blog\/2015\/06\/01\/poezia-shqipe-u-lexua-ne-podgorice\/#breadcrumb"},"inLanguage":"en-US","potentialAction":[{"@type":"ReadAction","target":["https:\/\/www.visit-ulcinj.com\/blog\/2015\/06\/01\/poezia-shqipe-u-lexua-ne-podgorice\/"]}]},{"@type":"BreadcrumbList","@id":"https:\/\/www.visit-ulcinj.com\/blog\/2015\/06\/01\/poezia-shqipe-u-lexua-ne-podgorice\/#breadcrumb","itemListElement":[{"@type":"ListItem","position":1,"name":"Poezia shqipe u lexua n\u00eb Podgoric\u00eb"}]},{"@type":"Person","@id":"https:\/\/www.visit-ulcinj.com\/blog\/#\/schema\/person\/dcab619c614d3038751c63bc2aadc06d","name":"ulqini","sameAs":["http:\/\/www.visit-ulcinj.com"],"url":"https:\/\/www.visit-ulcinj.com\/blog\/author\/admin\/"}]}},"jetpack_featured_media_url":"","jetpack_sharing_enabled":true,"jetpack_shortlink":"https:\/\/wp.me\/pe6lTn-nB1","_links":{"self":[{"href":"https:\/\/www.visit-ulcinj.com\/blog\/wp-json\/wp\/v2\/posts\/90707"}],"collection":[{"href":"https:\/\/www.visit-ulcinj.com\/blog\/wp-json\/wp\/v2\/posts"}],"about":[{"href":"https:\/\/www.visit-ulcinj.com\/blog\/wp-json\/wp\/v2\/types\/post"}],"author":[{"embeddable":true,"href":"https:\/\/www.visit-ulcinj.com\/blog\/wp-json\/wp\/v2\/users\/1"}],"replies":[{"embeddable":true,"href":"https:\/\/www.visit-ulcinj.com\/blog\/wp-json\/wp\/v2\/comments?post=90707"}],"version-history":[{"count":1,"href":"https:\/\/www.visit-ulcinj.com\/blog\/wp-json\/wp\/v2\/posts\/90707\/revisions"}],"predecessor-version":[{"id":90709,"href":"https:\/\/www.visit-ulcinj.com\/blog\/wp-json\/wp\/v2\/posts\/90707\/revisions\/90709"}],"wp:attachment":[{"href":"https:\/\/www.visit-ulcinj.com\/blog\/wp-json\/wp\/v2\/media?parent=90707"}],"wp:term":[{"taxonomy":"category","embeddable":true,"href":"https:\/\/www.visit-ulcinj.com\/blog\/wp-json\/wp\/v2\/categories?post=90707"},{"taxonomy":"post_tag","embeddable":true,"href":"https:\/\/www.visit-ulcinj.com\/blog\/wp-json\/wp\/v2\/tags?post=90707"}],"curies":[{"name":"wp","href":"https:\/\/api.w.org\/{rel}","templated":true}]}}