{"id":90716,"date":"2015-06-01T15:48:31","date_gmt":"2015-06-01T14:48:31","guid":{"rendered":"http:\/\/www.visit-ulcinj.com\/blog\/?p=90716"},"modified":"2015-06-01T15:49:47","modified_gmt":"2015-06-01T14:49:47","slug":"si-propozohen-te-quhen-rruget-e-qytetit-ne-ulqin","status":"publish","type":"post","link":"https:\/\/www.visit-ulcinj.com\/blog\/2015\/06\/01\/si-propozohen-te-quhen-rruget-e-qytetit-ne-ulqin\/","title":{"rendered":"Si propozohen t\u00eb quhen rrug\u00ebt e  qytetit n\u00eb Ulqin?!"},"content":{"rendered":"<p><strong><a href=\"http:\/\/www.visit-ulcinj.com\/blog\/wp-content\/uploads\/2015\/05\/Imena-ulica-Ulcinja.jpg\"><img loading=\"lazy\" class=\"alignleft wp-image-90633\" src=\"http:\/\/www.visit-ulcinj.com\/blog\/wp-content\/uploads\/2015\/05\/Imena-ulica-Ulcinja.jpg\" alt=\"Imena ulica-Ulcinja\" width=\"508\" height=\"280\" srcset=\"https:\/\/www.visit-ulcinj.com\/blog\/wp-content\/uploads\/2015\/05\/Imena-ulica-Ulcinja.jpg 960w, https:\/\/www.visit-ulcinj.com\/blog\/wp-content\/uploads\/2015\/05\/Imena-ulica-Ulcinja-300x166.jpg 300w\" sizes=\"(max-width: 508px) 100vw, 508px\" \/><\/a>Shkruan:<span class=\"gD\">Muhamet Nika<\/span><\/strong><\/p>\n<p>Kujtojm\u00eb opinioni q\u00eb Kuvendi i Ulqinit diku para nj\u00eb dekade pat miratuar vendimin p\u00ebr ndryshimin e em\u00ebrtimeve t\u00eb shesheve dhe rrug\u00ebve n\u00eb qytetin e Ulqinit me shumic\u00eb t\u00eb votave( 2\/3) aq sa edhe nevojiteshin sipas statutit t\u00eb komun\u00ebs. Nd\u00ebrrimi i tyre at\u00ebher\u00eb u shty sepse em\u00ebrtimet e m\u00ebparshme ishin v\u00ebn\u00eb me q\u00ebllime \u00e7\u2019 komb\u00ebtarizuese n\u00ebn petkun e ideologjis\u00eb komuniste dhe t\u00eb \u201cV\u00ebllaz\u00ebrim Bashkimit\u201d.<\/p>\n<p>Por ngjau q\u00eb klubi i SNPS-\u00eb , u ankua n\u00eb procedur\u00ebn e miratimit t\u00eb rrug\u00ebve t\u00eb b\u00ebra direkt n\u00eb kuvend q\u00eb ishte b\u00ebr\u00eb pa i pyetur fare qytetar\u00ebt e Ulqinit. Kuptohet se em\u00ebrtimi i ri ,q\u00eb u b\u00eb, ishte n\u00eb kund\u00ebrshtim t\u00eb plot\u00eb ligjor dhe gjykata kushtetuese aprovoi ankes\u00ebn e klubit komunal t\u00eb SNP-s\u00eb duke rr\u00ebzuar vendimin q\u00eb shqiptarizonte sheshet dhe rrug\u00ebt e qytetit.<\/p>\n<p>Si duket sot edhe k\u00ebsaj \u00e7\u00ebshtjeje t\u00eb shum\u00ebpritur po i vjen fundi sepse\u00a0\u00a0 komisioni i kuvendit p\u00ebr em\u00ebrtim t\u00eb rrug\u00ebve &#8230;, u mblodh k\u00ebtyre dit\u00ebve dhe bashk\u00ebsive lokale \u2013 qytetar\u00ebve iu propozoi emrat e rinj.<\/p>\n<p>Para se t\u00eb sjellim regjistrin e emrave t\u00eb marra nga procesverbali i komisionit p\u00ebrkat\u00ebs, <strong>t\u00ebrheqim v\u00ebrejtjen se \u00ebsht\u00eb shum\u00eb interesant\u00eb edhe propozimi i grupit t\u00eb qytetar\u00ebve nga Shtoji. Ata iu drejtuan kryetarit t\u00eb kuvendit me k\u00ebt\u00eb shkres\u00eb ( n\u00eb gjuh\u00ebn serbe), n\u00eb t\u00eb cil\u00ebn p\u00ebr \u00e7udi thuhet edhe kjo: <\/strong><\/p>\n<p><strong><em><span style=\"text-decoration: underline;\">Bashk\u00ebsia lokale Shtoj<\/span><\/em><\/strong><\/p>\n<p><strong><em><span style=\"text-decoration: underline;\">Nr.26-\u00a0\u00a0 Ulqin, m\u00eb 21.o4.2014<\/span><\/em><\/strong><\/p>\n<p><strong><em><span style=\"text-decoration: underline;\">KRYETARIT T\u00cb KUVENDIT &#8211;\u00a0\u00a0 z. Fuad Haxhibeti-Ulqin<\/span><\/em><\/strong><\/p>\n<p><strong><em><span style=\"text-decoration: underline;\">I nderuari kryetar i Parlamentit <\/span><\/em><\/strong><\/p>\n<p><strong><em><span style=\"text-decoration: underline;\">Ju lutemi q\u00eb t\u00eb futni n\u00eb rendt t\u00eb dit\u00ebs t\u00eb Komisionit p\u00ebr Em\u00ebrtimin e Shesheve dhe Rrug\u00ebve t\u00eb Komun\u00ebs s\u00eb Ulqinit, lutjen ton\u00eb p\u00ebr emrim t\u00eb rrug\u00ebve dhe shesheve n\u00eb territorin e B.L. Shtoj.<\/span><\/em><\/strong><\/p>\n<p><strong><em><span style=\"text-decoration: underline;\">Sipas mendimit ton\u00eb duke pasur partasysh q\u00eb bashk\u00ebsai lokale e jona \u00ebsht\u00eb vend turistik do t\u00eb ishte m\u00eb mir\u00eb q\u00eb rrug\u00ebt t\u00eb em\u00ebroheshin me numra.<\/span><\/em><\/strong><\/p>\n<p><strong><em><span style=\"text-decoration: underline;\">N\u00eb an\u00ebn e majt\u00eb shikuar nga Uulqini drejt\u00eb Ad\u00ebs , t\u00eb vehen numra tek kurse n\u00eb t\u00eb djath\u00eb numra \u00e7ift.<\/span><\/em><\/strong><\/p>\n<p><strong><em><span style=\"text-decoration: underline;\">Me k\u00ebrkes\u00eb q\u00eb nisiativa jon\u00eb do t\u00eb pranohet fillimisht u p\u00ebrsh\u00ebndesim.<\/span><\/em><\/strong><\/p>\n<p><strong><em><span style=\"text-decoration: underline;\">Kryetari i BL Shtoj \u2013 VIKTOR MAKOVIQ<\/span><\/em><\/strong><\/p>\n<p><a href=\"http:\/\/www.visit-ulcinj.com\/blog\/wp-content\/uploads\/2015\/06\/Letra-kryetarit-te-kuvendit-Fuad-Haxhibeti.jpg\"><img loading=\"lazy\" class=\"alignleft wp-image-90717\" src=\"http:\/\/www.visit-ulcinj.com\/blog\/wp-content\/uploads\/2015\/06\/Letra-kryetarit-te-kuvendit-Fuad-Haxhibeti.jpg\" alt=\"Letra-kryetarit te kuvendit-Fuad-Haxhibeti\" width=\"508\" height=\"519\" srcset=\"https:\/\/www.visit-ulcinj.com\/blog\/wp-content\/uploads\/2015\/06\/Letra-kryetarit-te-kuvendit-Fuad-Haxhibeti.jpg 627w, https:\/\/www.visit-ulcinj.com\/blog\/wp-content\/uploads\/2015\/06\/Letra-kryetarit-te-kuvendit-Fuad-Haxhibeti-294x300.jpg 294w\" sizes=\"(max-width: 508px) 100vw, 508px\" \/><\/a><\/p>\n<p><strong>\u00a0<\/strong><\/p>\n<p><strong><em><span style=\"text-decoration: underline;\">Bashk\u00ebsia lokale Shtoj<\/span><\/em><\/strong><\/p>\n<p>P\u00ebr kundrejt\u00eb k\u00ebtyre propozimeve , qytetar\u00ebt tjer\u00eb t\u00eb Ulqinit, hi\u00e7 m\u00eb pak\u00eb i r\u00ebnd\u00ebsish\u00ebm si zon\u00eb turistike, propozojn\u00eb t\u00eb ruajn\u00eb me k\u00ebmbngulje dhe t\u00eb jen\u00eb t\u00eb njohur p\u00ebr turist\u00ebt q\u00eb vijn\u00eb pik\u00ebrisht me identitetin e tyre nacional e gjuh\u00ebsor&#8230; K\u00ebta komisionit i kan\u00eb propozuar emrat t\u00eb cil\u00ebt i sjellim t\u00eb shk\u00ebputur nga procesverbali i komisionit.<br \/>\n-Kuptohet t\u00eb shkruar mir\u00eb bukur dhe qart\u00eb n\u00eb gjuh\u00ebn shqipe, n\u00eb t\u00eb cil\u00ebn thuhet:<\/p>\n<p>1.<a href=\"http:\/\/www.visit-ulcinj.com\/blog\/wp-content\/uploads\/2015\/06\/Procesverbali-derguar-Komunes-se-Ulqinit.jpg\"><img loading=\"lazy\" class=\"alignleft wp-image-90718\" src=\"http:\/\/www.visit-ulcinj.com\/blog\/wp-content\/uploads\/2015\/06\/Procesverbali-derguar-Komunes-se-Ulqinit.jpg\" alt=\"Procesverbali-derguar-Komunes-se-Ulqinit\" width=\"508\" height=\"672\" srcset=\"https:\/\/www.visit-ulcinj.com\/blog\/wp-content\/uploads\/2015\/06\/Procesverbali-derguar-Komunes-se-Ulqinit.jpg 627w, https:\/\/www.visit-ulcinj.com\/blog\/wp-content\/uploads\/2015\/06\/Procesverbali-derguar-Komunes-se-Ulqinit-227x300.jpg 227w\" sizes=\"(max-width: 508px) 100vw, 508px\" \/><\/a><\/p>\n<p>2.<a href=\"http:\/\/www.visit-ulcinj.com\/blog\/wp-content\/uploads\/2015\/06\/Procesverbali-derguar-Komunes-se-Ulqinit-1.jpg\"><img loading=\"lazy\" class=\"alignleft size-full wp-image-90719\" src=\"http:\/\/www.visit-ulcinj.com\/blog\/wp-content\/uploads\/2015\/06\/Procesverbali-derguar-Komunes-se-Ulqinit-1.jpg\" alt=\"Procesverbali-derguar-Komunes-se-Ulqinit-1\" width=\"508\" height=\"672\" \/><\/a><\/p>\n<p>3.<a href=\"http:\/\/www.visit-ulcinj.com\/blog\/wp-content\/uploads\/2015\/06\/Procesverbali-derguar-Komunes-se-Ulqinit-2.jpg\"><img loading=\"lazy\" class=\"alignleft size-full wp-image-90720\" src=\"http:\/\/www.visit-ulcinj.com\/blog\/wp-content\/uploads\/2015\/06\/Procesverbali-derguar-Komunes-se-Ulqinit-2.jpg\" alt=\"Procesverbali-derguar-Komunes-se-Ulqinit-2\" width=\"508\" height=\"676\" \/><\/a><\/p>\n<p>4.<a href=\"http:\/\/www.visit-ulcinj.com\/blog\/wp-content\/uploads\/2015\/06\/Procesverbali-derguar-Komunes-se-Ulqinit-3.jpg\"><img loading=\"lazy\" class=\"alignleft size-full wp-image-90721\" src=\"http:\/\/www.visit-ulcinj.com\/blog\/wp-content\/uploads\/2015\/06\/Procesverbali-derguar-Komunes-se-Ulqinit-3.jpg\" alt=\"Procesverbali-derguar-Komunes-se-Ulqinit-3\" width=\"508\" height=\"676\" \/><\/a><\/p>\n","protected":false},"excerpt":{"rendered":"<p>Shkruan:Muhamet Nika Kujtojm\u00eb opinioni q\u00eb Kuvendi i Ulqinit diku para nj\u00eb dekade pat miratuar vendimin p\u00ebr ndryshimin e em\u00ebrtimeve t\u00eb shesheve dhe rrug\u00ebve n\u00eb qytetin e Ulqinit me shumic\u00eb t\u00eb votave( 2\/3) aq sa edhe nevojiteshin sipas statutit t\u00eb komun\u00ebs. Nd\u00ebrrimi i tyre at\u00ebher\u00eb u shty sepse em\u00ebrtimet e m\u00ebparshme ishin v\u00ebn\u00eb me q\u00ebllime \u00e7\u2019 [&hellip;]<\/p>\n","protected":false},"author":1,"featured_media":0,"comment_status":"closed","ping_status":"closed","sticky":false,"template":"","format":"standard","meta":{"spay_email":"","jetpack_publicize_message":"","jetpack_is_tweetstorm":false,"jetpack_publicize_feature_enabled":true},"categories":[14249],"tags":[],"jetpack_publicize_connections":[],"yoast_head":"<!-- This site is optimized with the Yoast SEO plugin v19.1 - https:\/\/yoast.com\/wordpress\/plugins\/seo\/ -->\n<title>Si propozohen t\u00eb quhen rrug\u00ebt e qytetit n\u00eb Ulqin?! - Lajme nga Ulqini<\/title>\n<meta name=\"description\" content=\"Shkruan:Muhamet Nika Kujtojm\u00eb opinioni q\u00eb Kuvendi i Ulqinit diku para nj\u00eb dekade pat miratuar vendimin p\u00ebr ndryshimin e em\u00ebrtimeve t\u00eb shesheve dhe rrug\u00ebve\" \/>\n<meta name=\"robots\" content=\"index, follow, max-snippet:-1, max-image-preview:large, max-video-preview:-1\" \/>\n<link rel=\"canonical\" href=\"https:\/\/www.visit-ulcinj.com\/blog\/2015\/06\/01\/si-propozohen-te-quhen-rruget-e-qytetit-ne-ulqin\/\" \/>\n<meta property=\"og:locale\" content=\"en_US\" \/>\n<meta property=\"og:type\" content=\"article\" \/>\n<meta property=\"og:title\" content=\"Si propozohen t\u00eb quhen rrug\u00ebt e qytetit n\u00eb Ulqin?! - Lajme nga Ulqini\" \/>\n<meta property=\"og:description\" content=\"Shkruan:Muhamet Nika Kujtojm\u00eb opinioni q\u00eb Kuvendi i Ulqinit diku para nj\u00eb dekade pat miratuar vendimin p\u00ebr ndryshimin e em\u00ebrtimeve t\u00eb shesheve dhe rrug\u00ebve\" \/>\n<meta property=\"og:url\" content=\"https:\/\/www.visit-ulcinj.com\/blog\/2015\/06\/01\/si-propozohen-te-quhen-rruget-e-qytetit-ne-ulqin\/\" \/>\n<meta property=\"og:site_name\" content=\"Lajme nga Ulqini\" \/>\n<meta property=\"article:published_time\" content=\"2015-06-01T14:48:31+00:00\" \/>\n<meta property=\"article:modified_time\" content=\"2015-06-01T14:49:47+00:00\" \/>\n<meta property=\"og:image\" content=\"http:\/\/www.visit-ulcinj.com\/blog\/wp-content\/uploads\/2015\/05\/Imena-ulica-Ulcinja.jpg\" \/>\n<meta name=\"twitter:label1\" content=\"Written by\" \/>\n\t<meta name=\"twitter:data1\" content=\"ulqini\" \/>\n\t<meta name=\"twitter:label2\" content=\"Est. reading time\" \/>\n\t<meta name=\"twitter:data2\" content=\"2 minutes\" \/>\n<script type=\"application\/ld+json\" class=\"yoast-schema-graph\">{\"@context\":\"https:\/\/schema.org\",\"@graph\":[{\"@type\":\"WebSite\",\"@id\":\"https:\/\/www.visit-ulcinj.com\/blog\/#website\",\"url\":\"https:\/\/www.visit-ulcinj.com\/blog\/\",\"name\":\"Lajme nga Ulqini\",\"description\":\"Lajme,Vijesti,Ulqini,Ulqin,Crna Gora,Mali i Zi\",\"potentialAction\":[{\"@type\":\"SearchAction\",\"target\":{\"@type\":\"EntryPoint\",\"urlTemplate\":\"https:\/\/www.visit-ulcinj.com\/blog\/?s={search_term_string}\"},\"query-input\":\"required name=search_term_string\"}],\"inLanguage\":\"en-US\"},{\"@type\":\"ImageObject\",\"inLanguage\":\"en-US\",\"@id\":\"https:\/\/www.visit-ulcinj.com\/blog\/2015\/06\/01\/si-propozohen-te-quhen-rruget-e-qytetit-ne-ulqin\/#primaryimage\",\"url\":\"https:\/\/www.visit-ulcinj.com\/blog\/wp-content\/uploads\/2015\/05\/Imena-ulica-Ulcinja.jpg\",\"contentUrl\":\"https:\/\/www.visit-ulcinj.com\/blog\/wp-content\/uploads\/2015\/05\/Imena-ulica-Ulcinja.jpg\",\"width\":960,\"height\":530},{\"@type\":\"WebPage\",\"@id\":\"https:\/\/www.visit-ulcinj.com\/blog\/2015\/06\/01\/si-propozohen-te-quhen-rruget-e-qytetit-ne-ulqin\/#webpage\",\"url\":\"https:\/\/www.visit-ulcinj.com\/blog\/2015\/06\/01\/si-propozohen-te-quhen-rruget-e-qytetit-ne-ulqin\/\",\"name\":\"Si propozohen t\u00eb quhen rrug\u00ebt e qytetit n\u00eb Ulqin?! - Lajme nga Ulqini\",\"isPartOf\":{\"@id\":\"https:\/\/www.visit-ulcinj.com\/blog\/#website\"},\"primaryImageOfPage\":{\"@id\":\"https:\/\/www.visit-ulcinj.com\/blog\/2015\/06\/01\/si-propozohen-te-quhen-rruget-e-qytetit-ne-ulqin\/#primaryimage\"},\"datePublished\":\"2015-06-01T14:48:31+00:00\",\"dateModified\":\"2015-06-01T14:49:47+00:00\",\"author\":{\"@id\":\"https:\/\/www.visit-ulcinj.com\/blog\/#\/schema\/person\/dcab619c614d3038751c63bc2aadc06d\"},\"description\":\"Shkruan:Muhamet Nika Kujtojm\u00eb opinioni q\u00eb Kuvendi i Ulqinit diku para nj\u00eb dekade pat miratuar vendimin p\u00ebr ndryshimin e em\u00ebrtimeve t\u00eb shesheve dhe rrug\u00ebve\",\"breadcrumb\":{\"@id\":\"https:\/\/www.visit-ulcinj.com\/blog\/2015\/06\/01\/si-propozohen-te-quhen-rruget-e-qytetit-ne-ulqin\/#breadcrumb\"},\"inLanguage\":\"en-US\",\"potentialAction\":[{\"@type\":\"ReadAction\",\"target\":[\"https:\/\/www.visit-ulcinj.com\/blog\/2015\/06\/01\/si-propozohen-te-quhen-rruget-e-qytetit-ne-ulqin\/\"]}]},{\"@type\":\"BreadcrumbList\",\"@id\":\"https:\/\/www.visit-ulcinj.com\/blog\/2015\/06\/01\/si-propozohen-te-quhen-rruget-e-qytetit-ne-ulqin\/#breadcrumb\",\"itemListElement\":[{\"@type\":\"ListItem\",\"position\":1,\"name\":\"Si propozohen t\u00eb quhen rrug\u00ebt e qytetit n\u00eb Ulqin?!\"}]},{\"@type\":\"Person\",\"@id\":\"https:\/\/www.visit-ulcinj.com\/blog\/#\/schema\/person\/dcab619c614d3038751c63bc2aadc06d\",\"name\":\"ulqini\",\"sameAs\":[\"http:\/\/www.visit-ulcinj.com\"],\"url\":\"https:\/\/www.visit-ulcinj.com\/blog\/author\/admin\/\"}]}<\/script>\n<!-- \/ Yoast SEO plugin. -->","yoast_head_json":{"title":"Si propozohen t\u00eb quhen rrug\u00ebt e qytetit n\u00eb Ulqin?! - Lajme nga Ulqini","description":"Shkruan:Muhamet Nika Kujtojm\u00eb opinioni q\u00eb Kuvendi i Ulqinit diku para nj\u00eb dekade pat miratuar vendimin p\u00ebr ndryshimin e em\u00ebrtimeve t\u00eb shesheve dhe rrug\u00ebve","robots":{"index":"index","follow":"follow","max-snippet":"max-snippet:-1","max-image-preview":"max-image-preview:large","max-video-preview":"max-video-preview:-1"},"canonical":"https:\/\/www.visit-ulcinj.com\/blog\/2015\/06\/01\/si-propozohen-te-quhen-rruget-e-qytetit-ne-ulqin\/","og_locale":"en_US","og_type":"article","og_title":"Si propozohen t\u00eb quhen rrug\u00ebt e qytetit n\u00eb Ulqin?! - Lajme nga Ulqini","og_description":"Shkruan:Muhamet Nika Kujtojm\u00eb opinioni q\u00eb Kuvendi i Ulqinit diku para nj\u00eb dekade pat miratuar vendimin p\u00ebr ndryshimin e em\u00ebrtimeve t\u00eb shesheve dhe rrug\u00ebve","og_url":"https:\/\/www.visit-ulcinj.com\/blog\/2015\/06\/01\/si-propozohen-te-quhen-rruget-e-qytetit-ne-ulqin\/","og_site_name":"Lajme nga Ulqini","article_published_time":"2015-06-01T14:48:31+00:00","article_modified_time":"2015-06-01T14:49:47+00:00","og_image":[{"url":"http:\/\/www.visit-ulcinj.com\/blog\/wp-content\/uploads\/2015\/05\/Imena-ulica-Ulcinja.jpg"}],"twitter_misc":{"Written by":"ulqini","Est. reading time":"2 minutes"},"schema":{"@context":"https:\/\/schema.org","@graph":[{"@type":"WebSite","@id":"https:\/\/www.visit-ulcinj.com\/blog\/#website","url":"https:\/\/www.visit-ulcinj.com\/blog\/","name":"Lajme nga Ulqini","description":"Lajme,Vijesti,Ulqini,Ulqin,Crna Gora,Mali i Zi","potentialAction":[{"@type":"SearchAction","target":{"@type":"EntryPoint","urlTemplate":"https:\/\/www.visit-ulcinj.com\/blog\/?s={search_term_string}"},"query-input":"required name=search_term_string"}],"inLanguage":"en-US"},{"@type":"ImageObject","inLanguage":"en-US","@id":"https:\/\/www.visit-ulcinj.com\/blog\/2015\/06\/01\/si-propozohen-te-quhen-rruget-e-qytetit-ne-ulqin\/#primaryimage","url":"https:\/\/www.visit-ulcinj.com\/blog\/wp-content\/uploads\/2015\/05\/Imena-ulica-Ulcinja.jpg","contentUrl":"https:\/\/www.visit-ulcinj.com\/blog\/wp-content\/uploads\/2015\/05\/Imena-ulica-Ulcinja.jpg","width":960,"height":530},{"@type":"WebPage","@id":"https:\/\/www.visit-ulcinj.com\/blog\/2015\/06\/01\/si-propozohen-te-quhen-rruget-e-qytetit-ne-ulqin\/#webpage","url":"https:\/\/www.visit-ulcinj.com\/blog\/2015\/06\/01\/si-propozohen-te-quhen-rruget-e-qytetit-ne-ulqin\/","name":"Si propozohen t\u00eb quhen rrug\u00ebt e qytetit n\u00eb Ulqin?! - Lajme nga Ulqini","isPartOf":{"@id":"https:\/\/www.visit-ulcinj.com\/blog\/#website"},"primaryImageOfPage":{"@id":"https:\/\/www.visit-ulcinj.com\/blog\/2015\/06\/01\/si-propozohen-te-quhen-rruget-e-qytetit-ne-ulqin\/#primaryimage"},"datePublished":"2015-06-01T14:48:31+00:00","dateModified":"2015-06-01T14:49:47+00:00","author":{"@id":"https:\/\/www.visit-ulcinj.com\/blog\/#\/schema\/person\/dcab619c614d3038751c63bc2aadc06d"},"description":"Shkruan:Muhamet Nika Kujtojm\u00eb opinioni q\u00eb Kuvendi i Ulqinit diku para nj\u00eb dekade pat miratuar vendimin p\u00ebr ndryshimin e em\u00ebrtimeve t\u00eb shesheve dhe rrug\u00ebve","breadcrumb":{"@id":"https:\/\/www.visit-ulcinj.com\/blog\/2015\/06\/01\/si-propozohen-te-quhen-rruget-e-qytetit-ne-ulqin\/#breadcrumb"},"inLanguage":"en-US","potentialAction":[{"@type":"ReadAction","target":["https:\/\/www.visit-ulcinj.com\/blog\/2015\/06\/01\/si-propozohen-te-quhen-rruget-e-qytetit-ne-ulqin\/"]}]},{"@type":"BreadcrumbList","@id":"https:\/\/www.visit-ulcinj.com\/blog\/2015\/06\/01\/si-propozohen-te-quhen-rruget-e-qytetit-ne-ulqin\/#breadcrumb","itemListElement":[{"@type":"ListItem","position":1,"name":"Si propozohen t\u00eb quhen rrug\u00ebt e qytetit n\u00eb Ulqin?!"}]},{"@type":"Person","@id":"https:\/\/www.visit-ulcinj.com\/blog\/#\/schema\/person\/dcab619c614d3038751c63bc2aadc06d","name":"ulqini","sameAs":["http:\/\/www.visit-ulcinj.com"],"url":"https:\/\/www.visit-ulcinj.com\/blog\/author\/admin\/"}]}},"jetpack_featured_media_url":"","jetpack_sharing_enabled":true,"jetpack_shortlink":"https:\/\/wp.me\/pe6lTn-nBa","_links":{"self":[{"href":"https:\/\/www.visit-ulcinj.com\/blog\/wp-json\/wp\/v2\/posts\/90716"}],"collection":[{"href":"https:\/\/www.visit-ulcinj.com\/blog\/wp-json\/wp\/v2\/posts"}],"about":[{"href":"https:\/\/www.visit-ulcinj.com\/blog\/wp-json\/wp\/v2\/types\/post"}],"author":[{"embeddable":true,"href":"https:\/\/www.visit-ulcinj.com\/blog\/wp-json\/wp\/v2\/users\/1"}],"replies":[{"embeddable":true,"href":"https:\/\/www.visit-ulcinj.com\/blog\/wp-json\/wp\/v2\/comments?post=90716"}],"version-history":[{"count":2,"href":"https:\/\/www.visit-ulcinj.com\/blog\/wp-json\/wp\/v2\/posts\/90716\/revisions"}],"predecessor-version":[{"id":90723,"href":"https:\/\/www.visit-ulcinj.com\/blog\/wp-json\/wp\/v2\/posts\/90716\/revisions\/90723"}],"wp:attachment":[{"href":"https:\/\/www.visit-ulcinj.com\/blog\/wp-json\/wp\/v2\/media?parent=90716"}],"wp:term":[{"taxonomy":"category","embeddable":true,"href":"https:\/\/www.visit-ulcinj.com\/blog\/wp-json\/wp\/v2\/categories?post=90716"},{"taxonomy":"post_tag","embeddable":true,"href":"https:\/\/www.visit-ulcinj.com\/blog\/wp-json\/wp\/v2\/tags?post=90716"}],"curies":[{"name":"wp","href":"https:\/\/api.w.org\/{rel}","templated":true}]}}