{"id":90726,"date":"2015-06-01T16:54:40","date_gmt":"2015-06-01T15:54:40","guid":{"rendered":"http:\/\/www.visit-ulcinj.com\/blog\/?p=90726"},"modified":"2015-06-01T16:54:40","modified_gmt":"2015-06-01T15:54:40","slug":"fatmir-deka-koalicija-je-jos-stabilna-ali","status":"publish","type":"post","link":"https:\/\/www.visit-ulcinj.com\/blog\/2015\/06\/01\/fatmir-deka-koalicija-je-jos-stabilna-ali\/","title":{"rendered":"Fatmir \u0110eka: Koalicija je jo\u0161 stabilna, ali&#8230;"},"content":{"rendered":"<p><a href=\"http:\/\/www.visit-ulcinj.com\/blog\/wp-content\/uploads\/2013\/11\/djeka-djukanovic.jpg\"><img loading=\"lazy\" class=\"alignleft wp-image-76661\" src=\"http:\/\/www.visit-ulcinj.com\/blog\/wp-content\/uploads\/2013\/11\/djeka-djukanovic.jpg\" alt=\"djeka-djukanovic\" width=\"508\" height=\"383\" srcset=\"https:\/\/www.visit-ulcinj.com\/blog\/wp-content\/uploads\/2013\/11\/djeka-djukanovic.jpg 960w, https:\/\/www.visit-ulcinj.com\/blog\/wp-content\/uploads\/2013\/11\/djeka-djukanovic-300x225.jpg 300w\" sizes=\"(max-width: 508px) 100vw, 508px\" \/><\/a>Matemati\u010dki, brojno stanje koalicionih partnera u lokalnom parlamentu je nepromijenjeno, pa izvr\u0161na vlast nema problema sa glasovima neophodnim za blagovremeno usvajanje predlo\u017eenih odluka. Sve se, za sada, \u010dini ,,redovnim\u201c i nije se dogodilo da na bilo koje skup\u0161tinsko zasijedanje stigne predlog zakoji prethodno nije obezbije\u0111en dovoljanbroj glasova. Politi\u010dki, me\u0111utim, ako je suditi po nekim javnim reakcijama, ne samo iz opozicionih krugova, povodom sve brojnijih nesuglasica oko pojedinih rje\u0161enja vezanih za komunalnu i socijalnu infrastrukturu, odnosnona\u010dina i dinamike njihovog unapre\u0111enja, u me\u0111ustrana\u010dkim komunikacijama ne ide ba\u0161 sve glatko. S obzirom da se povremeno javljaju i problemi vezani za kadrovsku politiku, pukotine unutar koalicije uo\u010davaju se i te kako. Opozicija i\u0161\u010dekuje na sporost u dono\u0161enju odluka, nepotizam i partitokratizam u kadrovskoj politici i navodnu afirmaciju li\u010dnih u odnosu na op\u0161te dru\u0161tvene interese, o\u0161tro je nedavno upozorilo rukovodstvo opozicione Socijalisti\u010dke narodne partije, a nezadovoljstvo je evidentno i u rukovodstvu Demokratskog saveza zbog nepo\u0161tovanja dijela koalicionog sporazuma, koji se odnosi na rotaciju poslani\u010dkog mandata u dr\u017eavnom parlamentu. Rije\u010d je o odbijanju poslanika Albanske alternative Nika \u0110eljo\u0161aja da mandat ustupi kandidatu DS Mehmetu Bardhiju, \u010dime direktno kr\u0161i sporazum koji je i li\u010dno potpisao, a o \u010demu je Pobjeda detaljno informisala u nekoliko navrata. I u, sa devet odborni\u010dkih mandata, pojedina\u010dno najja\u010doj, ali opozicionoj Demokratskoj partiji socijalista, nagovje\u0161tavaju kao realnu mogu\u0107nost prekompozicije parlamentarne ve\u0107ine, a samim tim i rekonstrukciju izvr\u0161ne vlasti.Ospremnosti DPS da preuzme odgovornost i bude dio vlasti, nedavno je za na\u0161 list govorio predsjednik Op\u0161tinskog odbora Ljoro Nreki\u0107, a prethodno je na tu temu bilo ozbiljnih razgovora i na partijskim organima. Strpljivo i odgovorno S druge strane, jedan od klju\u010dnih ljudi vladaju\u0107e koalicije, predsjednik op\u0161tine i lider Demokratske partije Fatmir \u0110eka skup\u0161tinsku ve\u0107inu smatra stabilnomi ne vidi ni jedan ozbiljan razlog za eventualni razlaz zbog nezadovoljstva bilo koga od koalicionih partnera. Po njegovo mmi\u0161ljenju, neophodno politi\u010dko balansiranje odvija se u atmosferi me\u0111usobnog povjerenja, a stavovi vezani za sve va\u017ene odluke usagla\u0161avaju se strpljivo i odgovorno. No, ni jedna koalicija nemo\u017ee, objektivno,bititoliko\u010dvrstada bi bila trajna &#8211; ka\u017ee\u0110ekaurazgovoru za Pobjedu. Ako se ho\u0107e, sva iole slo\u017eenija partnerstvamogu se lako raskinuti, pa i partnerstvo albanskih nacionalnihpartijauUlcinju.Matemati\u010dki, do \u017eeljenog zbira mandata nije naro\u010dito te\u0161ko do\u0107i, ali je veliko pitanje \u0161to bi nam prekompozicija vladaju\u0107e ve\u0107ine donijela u politi\u010dkomsmislu.Mojiciljpartijena \u010dijemsam\u010delu jesteobjedinjavanje, na zajedni\u010dkoj kandidatskoj listi, svih albanskih partija u Crnoj Gori na sljede\u0107im izborima na dr\u017eavnomnivou. Uvjeren sam da bi to bilo racionalno jerbi dobili siguran mandat vi\u0161e, a i djelotvorno jer bi bira\u010dko tijelo bilo motivisanije ako bi vidjeli da su lideri nacionalnih albanskih partija i stranaka jedinstveni u namjeri da zajedni\u010dki porade na za\u0161titi i unapre\u0111enju polo\u017eaja Albanaca u Crnoj Gori. Ako nam je to cilj, a trebalo bi da bude, destabilizacija i prekompozicija aktuelne ulcinjske koalicije proizvela bi ozbiljne negativne posljedice &#8211; upozorava \u0110eka.<\/p>\n<p><a href=\"http:\/\/www.visit-ulcinj.com\/blog\/wp-content\/uploads\/2013\/11\/djukanovic-cungu-djeka.jpg\"><img loading=\"lazy\" class=\"alignleft wp-image-76660\" src=\"http:\/\/www.visit-ulcinj.com\/blog\/wp-content\/uploads\/2013\/11\/djukanovic-cungu-djeka.jpg\" alt=\"djukanovic-cungu-djeka\" width=\"508\" height=\"381\" srcset=\"https:\/\/www.visit-ulcinj.com\/blog\/wp-content\/uploads\/2013\/11\/djukanovic-cungu-djeka.jpg 1000w, https:\/\/www.visit-ulcinj.com\/blog\/wp-content\/uploads\/2013\/11\/djukanovic-cungu-djeka-300x225.jpg 300w\" sizes=\"(max-width: 508px) 100vw, 508px\" \/><\/a><\/p>\n<p><strong>Forca klju\u010dni faktor<\/strong><\/p>\n<p>Sa osam odborni\u010dkih mandata Forca, \u010diji je lider Nazif Cungu, klju\u010dni je i matemati\u010dki i politi\u010dki faktor od koga zavisi opstanak vladaju\u0107e ulcinjske koalicije. Za sada, iz te nacionalne partije ne komentari\u0161u javno \u0161pekulacije omogu\u0107em novom partnerstvu prvenstveno sa Demokratskom partijom socijalista, ali nedavna nezvani\u010dna informacija koja je objavljena u dijelu crnogorskih medija, o razgovoru Cungua sa liderom DPS Milom \u0110ukanovi\u0107em, dodatno je ,,osna\u017eila\u201c zagovornike prekompozicije aktuelne lokalne vlasti. Ina\u010de, albanske nacionalne partije dio su vladaju\u0107e koalicije na dr\u017eavnom nivou i njihovi lideri uglavnom su zadovoljni partnerstvom sa DPS. Posebno su zainteresovani da se u oktobru otvori proces konstituisanja Tuzi kao samostalne op\u0161tine o \u010demu su \u0110ukanovi\u0107 i Cungu, prema medijskim interpretacijama, ,,postigli visok stepen saglasnosti\u201c.<\/p>\n<p><strong>R.TOMI\u0106<\/strong><\/p>\n<p><strong>Izvor: POBJEDA<\/strong><\/p>\n<p><strong>R.TOMI\u0106<\/strong><\/p>\n<p><strong>Izvor: POBJEDA<\/strong><\/p>\n","protected":false},"excerpt":{"rendered":"<p>Matemati\u010dki, brojno stanje koalicionih partnera u lokalnom parlamentu je nepromijenjeno, pa izvr\u0161na vlast nema problema sa glasovima neophodnim za blagovremeno usvajanje predlo\u017eenih odluka. Sve se, za sada, \u010dini ,,redovnim\u201c i nije se dogodilo da na bilo koje skup\u0161tinsko zasijedanje stigne predlog zakoji prethodno nije obezbije\u0111en dovoljanbroj glasova. Politi\u010dki, me\u0111utim, ako je suditi po nekim javnim [&hellip;]<\/p>\n","protected":false},"author":1,"featured_media":0,"comment_status":"closed","ping_status":"closed","sticky":false,"template":"","format":"standard","meta":{"spay_email":"","jetpack_publicize_message":"","jetpack_is_tweetstorm":false,"jetpack_publicize_feature_enabled":true},"categories":[8337],"tags":[],"jetpack_publicize_connections":[],"yoast_head":"<!-- This site is optimized with the Yoast SEO plugin v19.1 - https:\/\/yoast.com\/wordpress\/plugins\/seo\/ -->\n<title>Fatmir \u0110eka: Koalicija je jo\u0161 stabilna, ali... - Lajme nga Ulqini<\/title>\n<meta name=\"description\" content=\"Matemati\u010dki, brojno stanje koalicionih partnera u lokalnom parlamentu je nepromijenjeno, pa izvr\u0161na vlast nema problema sa glasovima neophodnim za\" \/>\n<meta name=\"robots\" content=\"index, follow, max-snippet:-1, max-image-preview:large, max-video-preview:-1\" \/>\n<link rel=\"canonical\" href=\"https:\/\/www.visit-ulcinj.com\/blog\/2015\/06\/01\/fatmir-deka-koalicija-je-jos-stabilna-ali\/\" \/>\n<meta property=\"og:locale\" content=\"en_US\" \/>\n<meta property=\"og:type\" content=\"article\" \/>\n<meta property=\"og:title\" content=\"Fatmir \u0110eka: Koalicija je jo\u0161 stabilna, ali... - Lajme nga Ulqini\" \/>\n<meta property=\"og:description\" content=\"Matemati\u010dki, brojno stanje koalicionih partnera u lokalnom parlamentu je nepromijenjeno, pa izvr\u0161na vlast nema problema sa glasovima neophodnim za\" \/>\n<meta property=\"og:url\" content=\"https:\/\/www.visit-ulcinj.com\/blog\/2015\/06\/01\/fatmir-deka-koalicija-je-jos-stabilna-ali\/\" \/>\n<meta property=\"og:site_name\" content=\"Lajme nga Ulqini\" \/>\n<meta property=\"article:published_time\" content=\"2015-06-01T15:54:40+00:00\" \/>\n<meta property=\"og:image\" content=\"http:\/\/www.visit-ulcinj.com\/blog\/wp-content\/uploads\/2013\/11\/djeka-djukanovic.jpg\" \/>\n<meta name=\"twitter:label1\" content=\"Written by\" \/>\n\t<meta name=\"twitter:data1\" content=\"ulqini\" \/>\n\t<meta name=\"twitter:label2\" content=\"Est. reading time\" \/>\n\t<meta name=\"twitter:data2\" content=\"3 minutes\" \/>\n<script type=\"application\/ld+json\" class=\"yoast-schema-graph\">{\"@context\":\"https:\/\/schema.org\",\"@graph\":[{\"@type\":\"WebSite\",\"@id\":\"https:\/\/www.visit-ulcinj.com\/blog\/#website\",\"url\":\"https:\/\/www.visit-ulcinj.com\/blog\/\",\"name\":\"Lajme nga Ulqini\",\"description\":\"Lajme,Vijesti,Ulqini,Ulqin,Crna Gora,Mali i Zi\",\"potentialAction\":[{\"@type\":\"SearchAction\",\"target\":{\"@type\":\"EntryPoint\",\"urlTemplate\":\"https:\/\/www.visit-ulcinj.com\/blog\/?s={search_term_string}\"},\"query-input\":\"required name=search_term_string\"}],\"inLanguage\":\"en-US\"},{\"@type\":\"ImageObject\",\"inLanguage\":\"en-US\",\"@id\":\"https:\/\/www.visit-ulcinj.com\/blog\/2015\/06\/01\/fatmir-deka-koalicija-je-jos-stabilna-ali\/#primaryimage\",\"url\":\"https:\/\/www.visit-ulcinj.com\/blog\/wp-content\/uploads\/2013\/11\/djeka-djukanovic.jpg\",\"contentUrl\":\"https:\/\/www.visit-ulcinj.com\/blog\/wp-content\/uploads\/2013\/11\/djeka-djukanovic.jpg\",\"width\":960,\"height\":723},{\"@type\":\"WebPage\",\"@id\":\"https:\/\/www.visit-ulcinj.com\/blog\/2015\/06\/01\/fatmir-deka-koalicija-je-jos-stabilna-ali\/#webpage\",\"url\":\"https:\/\/www.visit-ulcinj.com\/blog\/2015\/06\/01\/fatmir-deka-koalicija-je-jos-stabilna-ali\/\",\"name\":\"Fatmir \u0110eka: Koalicija je jo\u0161 stabilna, ali... - Lajme nga Ulqini\",\"isPartOf\":{\"@id\":\"https:\/\/www.visit-ulcinj.com\/blog\/#website\"},\"primaryImageOfPage\":{\"@id\":\"https:\/\/www.visit-ulcinj.com\/blog\/2015\/06\/01\/fatmir-deka-koalicija-je-jos-stabilna-ali\/#primaryimage\"},\"datePublished\":\"2015-06-01T15:54:40+00:00\",\"dateModified\":\"2015-06-01T15:54:40+00:00\",\"author\":{\"@id\":\"https:\/\/www.visit-ulcinj.com\/blog\/#\/schema\/person\/dcab619c614d3038751c63bc2aadc06d\"},\"description\":\"Matemati\u010dki, brojno stanje koalicionih partnera u lokalnom parlamentu je nepromijenjeno, pa izvr\u0161na vlast nema problema sa glasovima neophodnim za\",\"breadcrumb\":{\"@id\":\"https:\/\/www.visit-ulcinj.com\/blog\/2015\/06\/01\/fatmir-deka-koalicija-je-jos-stabilna-ali\/#breadcrumb\"},\"inLanguage\":\"en-US\",\"potentialAction\":[{\"@type\":\"ReadAction\",\"target\":[\"https:\/\/www.visit-ulcinj.com\/blog\/2015\/06\/01\/fatmir-deka-koalicija-je-jos-stabilna-ali\/\"]}]},{\"@type\":\"BreadcrumbList\",\"@id\":\"https:\/\/www.visit-ulcinj.com\/blog\/2015\/06\/01\/fatmir-deka-koalicija-je-jos-stabilna-ali\/#breadcrumb\",\"itemListElement\":[{\"@type\":\"ListItem\",\"position\":1,\"name\":\"Fatmir \u0110eka: Koalicija je jo\u0161 stabilna, ali&#8230;\"}]},{\"@type\":\"Person\",\"@id\":\"https:\/\/www.visit-ulcinj.com\/blog\/#\/schema\/person\/dcab619c614d3038751c63bc2aadc06d\",\"name\":\"ulqini\",\"sameAs\":[\"http:\/\/www.visit-ulcinj.com\"],\"url\":\"https:\/\/www.visit-ulcinj.com\/blog\/author\/admin\/\"}]}<\/script>\n<!-- \/ Yoast SEO plugin. -->","yoast_head_json":{"title":"Fatmir \u0110eka: Koalicija je jo\u0161 stabilna, ali... - Lajme nga Ulqini","description":"Matemati\u010dki, brojno stanje koalicionih partnera u lokalnom parlamentu je nepromijenjeno, pa izvr\u0161na vlast nema problema sa glasovima neophodnim za","robots":{"index":"index","follow":"follow","max-snippet":"max-snippet:-1","max-image-preview":"max-image-preview:large","max-video-preview":"max-video-preview:-1"},"canonical":"https:\/\/www.visit-ulcinj.com\/blog\/2015\/06\/01\/fatmir-deka-koalicija-je-jos-stabilna-ali\/","og_locale":"en_US","og_type":"article","og_title":"Fatmir \u0110eka: Koalicija je jo\u0161 stabilna, ali... - Lajme nga Ulqini","og_description":"Matemati\u010dki, brojno stanje koalicionih partnera u lokalnom parlamentu je nepromijenjeno, pa izvr\u0161na vlast nema problema sa glasovima neophodnim za","og_url":"https:\/\/www.visit-ulcinj.com\/blog\/2015\/06\/01\/fatmir-deka-koalicija-je-jos-stabilna-ali\/","og_site_name":"Lajme nga Ulqini","article_published_time":"2015-06-01T15:54:40+00:00","og_image":[{"url":"http:\/\/www.visit-ulcinj.com\/blog\/wp-content\/uploads\/2013\/11\/djeka-djukanovic.jpg"}],"twitter_misc":{"Written by":"ulqini","Est. reading time":"3 minutes"},"schema":{"@context":"https:\/\/schema.org","@graph":[{"@type":"WebSite","@id":"https:\/\/www.visit-ulcinj.com\/blog\/#website","url":"https:\/\/www.visit-ulcinj.com\/blog\/","name":"Lajme nga Ulqini","description":"Lajme,Vijesti,Ulqini,Ulqin,Crna Gora,Mali i Zi","potentialAction":[{"@type":"SearchAction","target":{"@type":"EntryPoint","urlTemplate":"https:\/\/www.visit-ulcinj.com\/blog\/?s={search_term_string}"},"query-input":"required name=search_term_string"}],"inLanguage":"en-US"},{"@type":"ImageObject","inLanguage":"en-US","@id":"https:\/\/www.visit-ulcinj.com\/blog\/2015\/06\/01\/fatmir-deka-koalicija-je-jos-stabilna-ali\/#primaryimage","url":"https:\/\/www.visit-ulcinj.com\/blog\/wp-content\/uploads\/2013\/11\/djeka-djukanovic.jpg","contentUrl":"https:\/\/www.visit-ulcinj.com\/blog\/wp-content\/uploads\/2013\/11\/djeka-djukanovic.jpg","width":960,"height":723},{"@type":"WebPage","@id":"https:\/\/www.visit-ulcinj.com\/blog\/2015\/06\/01\/fatmir-deka-koalicija-je-jos-stabilna-ali\/#webpage","url":"https:\/\/www.visit-ulcinj.com\/blog\/2015\/06\/01\/fatmir-deka-koalicija-je-jos-stabilna-ali\/","name":"Fatmir \u0110eka: Koalicija je jo\u0161 stabilna, ali... - Lajme nga Ulqini","isPartOf":{"@id":"https:\/\/www.visit-ulcinj.com\/blog\/#website"},"primaryImageOfPage":{"@id":"https:\/\/www.visit-ulcinj.com\/blog\/2015\/06\/01\/fatmir-deka-koalicija-je-jos-stabilna-ali\/#primaryimage"},"datePublished":"2015-06-01T15:54:40+00:00","dateModified":"2015-06-01T15:54:40+00:00","author":{"@id":"https:\/\/www.visit-ulcinj.com\/blog\/#\/schema\/person\/dcab619c614d3038751c63bc2aadc06d"},"description":"Matemati\u010dki, brojno stanje koalicionih partnera u lokalnom parlamentu je nepromijenjeno, pa izvr\u0161na vlast nema problema sa glasovima neophodnim za","breadcrumb":{"@id":"https:\/\/www.visit-ulcinj.com\/blog\/2015\/06\/01\/fatmir-deka-koalicija-je-jos-stabilna-ali\/#breadcrumb"},"inLanguage":"en-US","potentialAction":[{"@type":"ReadAction","target":["https:\/\/www.visit-ulcinj.com\/blog\/2015\/06\/01\/fatmir-deka-koalicija-je-jos-stabilna-ali\/"]}]},{"@type":"BreadcrumbList","@id":"https:\/\/www.visit-ulcinj.com\/blog\/2015\/06\/01\/fatmir-deka-koalicija-je-jos-stabilna-ali\/#breadcrumb","itemListElement":[{"@type":"ListItem","position":1,"name":"Fatmir \u0110eka: Koalicija je jo\u0161 stabilna, ali&#8230;"}]},{"@type":"Person","@id":"https:\/\/www.visit-ulcinj.com\/blog\/#\/schema\/person\/dcab619c614d3038751c63bc2aadc06d","name":"ulqini","sameAs":["http:\/\/www.visit-ulcinj.com"],"url":"https:\/\/www.visit-ulcinj.com\/blog\/author\/admin\/"}]}},"jetpack_featured_media_url":"","jetpack_sharing_enabled":true,"jetpack_shortlink":"https:\/\/wp.me\/pe6lTn-nBk","_links":{"self":[{"href":"https:\/\/www.visit-ulcinj.com\/blog\/wp-json\/wp\/v2\/posts\/90726"}],"collection":[{"href":"https:\/\/www.visit-ulcinj.com\/blog\/wp-json\/wp\/v2\/posts"}],"about":[{"href":"https:\/\/www.visit-ulcinj.com\/blog\/wp-json\/wp\/v2\/types\/post"}],"author":[{"embeddable":true,"href":"https:\/\/www.visit-ulcinj.com\/blog\/wp-json\/wp\/v2\/users\/1"}],"replies":[{"embeddable":true,"href":"https:\/\/www.visit-ulcinj.com\/blog\/wp-json\/wp\/v2\/comments?post=90726"}],"version-history":[{"count":1,"href":"https:\/\/www.visit-ulcinj.com\/blog\/wp-json\/wp\/v2\/posts\/90726\/revisions"}],"predecessor-version":[{"id":90727,"href":"https:\/\/www.visit-ulcinj.com\/blog\/wp-json\/wp\/v2\/posts\/90726\/revisions\/90727"}],"wp:attachment":[{"href":"https:\/\/www.visit-ulcinj.com\/blog\/wp-json\/wp\/v2\/media?parent=90726"}],"wp:term":[{"taxonomy":"category","embeddable":true,"href":"https:\/\/www.visit-ulcinj.com\/blog\/wp-json\/wp\/v2\/categories?post=90726"},{"taxonomy":"post_tag","embeddable":true,"href":"https:\/\/www.visit-ulcinj.com\/blog\/wp-json\/wp\/v2\/tags?post=90726"}],"curies":[{"name":"wp","href":"https:\/\/api.w.org\/{rel}","templated":true}]}}