{"id":90730,"date":"2015-06-01T18:56:40","date_gmt":"2015-06-01T17:56:40","guid":{"rendered":"http:\/\/www.visit-ulcinj.com\/blog\/?p=90730"},"modified":"2015-06-02T17:12:07","modified_gmt":"2015-06-02T16:12:07","slug":"nis-sezoni-turistik-ne-ulqin","status":"publish","type":"post","link":"https:\/\/www.visit-ulcinj.com\/blog\/2015\/06\/01\/nis-sezoni-turistik-ne-ulqin\/","title":{"rendered":"Nis sezoni turistik n\u00eb Ulqin"},"content":{"rendered":"<p><a href=\"http:\/\/www.visit-ulcinj.com\/blog\/wp-content\/uploads\/2015\/04\/Ulcinjska-Rivijera.jpg\"><img loading=\"lazy\" class=\"alignleft wp-image-90172\" src=\"http:\/\/www.visit-ulcinj.com\/blog\/wp-content\/uploads\/2015\/04\/Ulcinjska-Rivijera.jpg\" alt=\"Ulcinjska Rivijera\" width=\"508\" height=\"373\" srcset=\"https:\/\/www.visit-ulcinj.com\/blog\/wp-content\/uploads\/2015\/04\/Ulcinjska-Rivijera.jpg 720w, https:\/\/www.visit-ulcinj.com\/blog\/wp-content\/uploads\/2015\/04\/Ulcinjska-Rivijera-300x220.jpg 300w\" sizes=\"(max-width: 508px) 100vw, 508px\" \/><\/a>Sezoni turistik n\u00eb Ulqin nisi me p\u00ebrgatitjet e zakonshme si n\u00eb sektorin publik ashtu edhe n\u00eb at\u00eb privat.<\/p>\n<p>Zyrtar\u00ebt vendor\u00eb theksojn\u00eb se Ulqini do t\u00eb jet\u00eb tregu kryesor p\u00ebr pushuesit nga rajoni e posa\u00e7\u00ebrisht nga Kosova, t\u00eb cil\u00ebt konsiderohen si mysafir\u00ebt tradicional\u00eb t\u00eb Ulqinit.<\/p>\n<p>Ulqini \u00ebsht\u00eb nj\u00eb nd\u00ebr destinacionet m\u00eb popullore n\u00eb Ballkan gjat\u00eb ver\u00ebs, me mbi 100 mije turist\u00eb nga e gjithe bota.<\/p>\n<p>P\u00ebr m\u00eb shum\u00eb ndiqeni kronik\u00ebn e p\u00ebrgaditur nga korrespondenti i Z\u00ebrit t\u00eb Amerik\u00ebs, <span class=\"il\">Ali<\/span> <span class=\"il\">Salaj<\/span>.<\/p>\n<p><strong>VAO<\/strong><\/p>\n<p><iframe loading=\"lazy\" src=\"http:\/\/zeriamerikes.share.voanews.eu\/flashembed.aspx?t=vid&amp;id=2802126&amp;w=640&amp;h=363&amp;skin=embeded\" width=\"508\" height=\"363\" frameborder=\"0\" scrolling=\"no\"><\/iframe><\/p>\n","protected":false},"excerpt":{"rendered":"<p>Sezoni turistik n\u00eb Ulqin nisi me p\u00ebrgatitjet e zakonshme si n\u00eb sektorin publik ashtu edhe n\u00eb at\u00eb privat. Zyrtar\u00ebt vendor\u00eb theksojn\u00eb se Ulqini do t\u00eb jet\u00eb tregu kryesor p\u00ebr pushuesit nga rajoni e posa\u00e7\u00ebrisht nga Kosova, t\u00eb cil\u00ebt konsiderohen si mysafir\u00ebt tradicional\u00eb t\u00eb Ulqinit. Ulqini \u00ebsht\u00eb nj\u00eb nd\u00ebr destinacionet m\u00eb popullore n\u00eb Ballkan gjat\u00eb ver\u00ebs, [&hellip;]<\/p>\n","protected":false},"author":1,"featured_media":0,"comment_status":"closed","ping_status":"closed","sticky":false,"template":"","format":"standard","meta":{"spay_email":"","jetpack_publicize_message":"","jetpack_is_tweetstorm":false,"jetpack_publicize_feature_enabled":true},"categories":[1,15],"tags":[],"jetpack_publicize_connections":[],"yoast_head":"<!-- This site is optimized with the Yoast SEO plugin v19.1 - https:\/\/yoast.com\/wordpress\/plugins\/seo\/ -->\n<title>Nis sezoni turistik n\u00eb Ulqin - Lajme nga Ulqini<\/title>\n<meta name=\"description\" content=\"Sezoni turistik n\u00eb Ulqin nisi me p\u00ebrgatitjet e zakonshme si n\u00eb sektorin publik ashtu edhe n\u00eb at\u00eb privat. Zyrtar\u00ebt vendor\u00eb theksojn\u00eb se Ulqini do t\u00eb jet\u00eb\" \/>\n<meta name=\"robots\" content=\"index, follow, max-snippet:-1, max-image-preview:large, max-video-preview:-1\" \/>\n<link rel=\"canonical\" href=\"https:\/\/www.visit-ulcinj.com\/blog\/2015\/06\/01\/nis-sezoni-turistik-ne-ulqin\/\" \/>\n<meta property=\"og:locale\" content=\"en_US\" \/>\n<meta property=\"og:type\" content=\"article\" \/>\n<meta property=\"og:title\" content=\"Nis sezoni turistik n\u00eb Ulqin - Lajme nga Ulqini\" \/>\n<meta property=\"og:description\" content=\"Sezoni turistik n\u00eb Ulqin nisi me p\u00ebrgatitjet e zakonshme si n\u00eb sektorin publik ashtu edhe n\u00eb at\u00eb privat. Zyrtar\u00ebt vendor\u00eb theksojn\u00eb se Ulqini do t\u00eb jet\u00eb\" \/>\n<meta property=\"og:url\" content=\"https:\/\/www.visit-ulcinj.com\/blog\/2015\/06\/01\/nis-sezoni-turistik-ne-ulqin\/\" \/>\n<meta property=\"og:site_name\" content=\"Lajme nga Ulqini\" \/>\n<meta property=\"article:published_time\" content=\"2015-06-01T17:56:40+00:00\" \/>\n<meta property=\"article:modified_time\" content=\"2015-06-02T16:12:07+00:00\" \/>\n<meta property=\"og:image\" content=\"http:\/\/www.visit-ulcinj.com\/blog\/wp-content\/uploads\/2015\/04\/Ulcinjska-Rivijera.jpg\" \/>\n<meta name=\"twitter:label1\" content=\"Written by\" \/>\n\t<meta name=\"twitter:data1\" content=\"ulqini\" \/>\n<script type=\"application\/ld+json\" class=\"yoast-schema-graph\">{\"@context\":\"https:\/\/schema.org\",\"@graph\":[{\"@type\":\"WebSite\",\"@id\":\"https:\/\/www.visit-ulcinj.com\/blog\/#website\",\"url\":\"https:\/\/www.visit-ulcinj.com\/blog\/\",\"name\":\"Lajme nga Ulqini\",\"description\":\"Lajme,Vijesti,Ulqini,Ulqin,Crna Gora,Mali i Zi\",\"potentialAction\":[{\"@type\":\"SearchAction\",\"target\":{\"@type\":\"EntryPoint\",\"urlTemplate\":\"https:\/\/www.visit-ulcinj.com\/blog\/?s={search_term_string}\"},\"query-input\":\"required name=search_term_string\"}],\"inLanguage\":\"en-US\"},{\"@type\":\"ImageObject\",\"inLanguage\":\"en-US\",\"@id\":\"https:\/\/www.visit-ulcinj.com\/blog\/2015\/06\/01\/nis-sezoni-turistik-ne-ulqin\/#primaryimage\",\"url\":\"https:\/\/www.visit-ulcinj.com\/blog\/wp-content\/uploads\/2015\/04\/Ulcinjska-Rivijera.jpg\",\"contentUrl\":\"https:\/\/www.visit-ulcinj.com\/blog\/wp-content\/uploads\/2015\/04\/Ulcinjska-Rivijera.jpg\",\"width\":720,\"height\":528},{\"@type\":\"WebPage\",\"@id\":\"https:\/\/www.visit-ulcinj.com\/blog\/2015\/06\/01\/nis-sezoni-turistik-ne-ulqin\/#webpage\",\"url\":\"https:\/\/www.visit-ulcinj.com\/blog\/2015\/06\/01\/nis-sezoni-turistik-ne-ulqin\/\",\"name\":\"Nis sezoni turistik n\u00eb Ulqin - Lajme nga Ulqini\",\"isPartOf\":{\"@id\":\"https:\/\/www.visit-ulcinj.com\/blog\/#website\"},\"primaryImageOfPage\":{\"@id\":\"https:\/\/www.visit-ulcinj.com\/blog\/2015\/06\/01\/nis-sezoni-turistik-ne-ulqin\/#primaryimage\"},\"datePublished\":\"2015-06-01T17:56:40+00:00\",\"dateModified\":\"2015-06-02T16:12:07+00:00\",\"author\":{\"@id\":\"https:\/\/www.visit-ulcinj.com\/blog\/#\/schema\/person\/dcab619c614d3038751c63bc2aadc06d\"},\"description\":\"Sezoni turistik n\u00eb Ulqin nisi me p\u00ebrgatitjet e zakonshme si n\u00eb sektorin publik ashtu edhe n\u00eb at\u00eb privat. Zyrtar\u00ebt vendor\u00eb theksojn\u00eb se Ulqini do t\u00eb jet\u00eb\",\"breadcrumb\":{\"@id\":\"https:\/\/www.visit-ulcinj.com\/blog\/2015\/06\/01\/nis-sezoni-turistik-ne-ulqin\/#breadcrumb\"},\"inLanguage\":\"en-US\",\"potentialAction\":[{\"@type\":\"ReadAction\",\"target\":[\"https:\/\/www.visit-ulcinj.com\/blog\/2015\/06\/01\/nis-sezoni-turistik-ne-ulqin\/\"]}]},{\"@type\":\"BreadcrumbList\",\"@id\":\"https:\/\/www.visit-ulcinj.com\/blog\/2015\/06\/01\/nis-sezoni-turistik-ne-ulqin\/#breadcrumb\",\"itemListElement\":[{\"@type\":\"ListItem\",\"position\":1,\"name\":\"Nis sezoni turistik n\u00eb Ulqin\"}]},{\"@type\":\"Person\",\"@id\":\"https:\/\/www.visit-ulcinj.com\/blog\/#\/schema\/person\/dcab619c614d3038751c63bc2aadc06d\",\"name\":\"ulqini\",\"sameAs\":[\"http:\/\/www.visit-ulcinj.com\"],\"url\":\"https:\/\/www.visit-ulcinj.com\/blog\/author\/admin\/\"}]}<\/script>\n<!-- \/ Yoast SEO plugin. -->","yoast_head_json":{"title":"Nis sezoni turistik n\u00eb Ulqin - Lajme nga Ulqini","description":"Sezoni turistik n\u00eb Ulqin nisi me p\u00ebrgatitjet e zakonshme si n\u00eb sektorin publik ashtu edhe n\u00eb at\u00eb privat. Zyrtar\u00ebt vendor\u00eb theksojn\u00eb se Ulqini do t\u00eb jet\u00eb","robots":{"index":"index","follow":"follow","max-snippet":"max-snippet:-1","max-image-preview":"max-image-preview:large","max-video-preview":"max-video-preview:-1"},"canonical":"https:\/\/www.visit-ulcinj.com\/blog\/2015\/06\/01\/nis-sezoni-turistik-ne-ulqin\/","og_locale":"en_US","og_type":"article","og_title":"Nis sezoni turistik n\u00eb Ulqin - Lajme nga Ulqini","og_description":"Sezoni turistik n\u00eb Ulqin nisi me p\u00ebrgatitjet e zakonshme si n\u00eb sektorin publik ashtu edhe n\u00eb at\u00eb privat. Zyrtar\u00ebt vendor\u00eb theksojn\u00eb se Ulqini do t\u00eb jet\u00eb","og_url":"https:\/\/www.visit-ulcinj.com\/blog\/2015\/06\/01\/nis-sezoni-turistik-ne-ulqin\/","og_site_name":"Lajme nga Ulqini","article_published_time":"2015-06-01T17:56:40+00:00","article_modified_time":"2015-06-02T16:12:07+00:00","og_image":[{"url":"http:\/\/www.visit-ulcinj.com\/blog\/wp-content\/uploads\/2015\/04\/Ulcinjska-Rivijera.jpg"}],"twitter_misc":{"Written by":"ulqini"},"schema":{"@context":"https:\/\/schema.org","@graph":[{"@type":"WebSite","@id":"https:\/\/www.visit-ulcinj.com\/blog\/#website","url":"https:\/\/www.visit-ulcinj.com\/blog\/","name":"Lajme nga Ulqini","description":"Lajme,Vijesti,Ulqini,Ulqin,Crna Gora,Mali i Zi","potentialAction":[{"@type":"SearchAction","target":{"@type":"EntryPoint","urlTemplate":"https:\/\/www.visit-ulcinj.com\/blog\/?s={search_term_string}"},"query-input":"required name=search_term_string"}],"inLanguage":"en-US"},{"@type":"ImageObject","inLanguage":"en-US","@id":"https:\/\/www.visit-ulcinj.com\/blog\/2015\/06\/01\/nis-sezoni-turistik-ne-ulqin\/#primaryimage","url":"https:\/\/www.visit-ulcinj.com\/blog\/wp-content\/uploads\/2015\/04\/Ulcinjska-Rivijera.jpg","contentUrl":"https:\/\/www.visit-ulcinj.com\/blog\/wp-content\/uploads\/2015\/04\/Ulcinjska-Rivijera.jpg","width":720,"height":528},{"@type":"WebPage","@id":"https:\/\/www.visit-ulcinj.com\/blog\/2015\/06\/01\/nis-sezoni-turistik-ne-ulqin\/#webpage","url":"https:\/\/www.visit-ulcinj.com\/blog\/2015\/06\/01\/nis-sezoni-turistik-ne-ulqin\/","name":"Nis sezoni turistik n\u00eb Ulqin - Lajme nga Ulqini","isPartOf":{"@id":"https:\/\/www.visit-ulcinj.com\/blog\/#website"},"primaryImageOfPage":{"@id":"https:\/\/www.visit-ulcinj.com\/blog\/2015\/06\/01\/nis-sezoni-turistik-ne-ulqin\/#primaryimage"},"datePublished":"2015-06-01T17:56:40+00:00","dateModified":"2015-06-02T16:12:07+00:00","author":{"@id":"https:\/\/www.visit-ulcinj.com\/blog\/#\/schema\/person\/dcab619c614d3038751c63bc2aadc06d"},"description":"Sezoni turistik n\u00eb Ulqin nisi me p\u00ebrgatitjet e zakonshme si n\u00eb sektorin publik ashtu edhe n\u00eb at\u00eb privat. Zyrtar\u00ebt vendor\u00eb theksojn\u00eb se Ulqini do t\u00eb jet\u00eb","breadcrumb":{"@id":"https:\/\/www.visit-ulcinj.com\/blog\/2015\/06\/01\/nis-sezoni-turistik-ne-ulqin\/#breadcrumb"},"inLanguage":"en-US","potentialAction":[{"@type":"ReadAction","target":["https:\/\/www.visit-ulcinj.com\/blog\/2015\/06\/01\/nis-sezoni-turistik-ne-ulqin\/"]}]},{"@type":"BreadcrumbList","@id":"https:\/\/www.visit-ulcinj.com\/blog\/2015\/06\/01\/nis-sezoni-turistik-ne-ulqin\/#breadcrumb","itemListElement":[{"@type":"ListItem","position":1,"name":"Nis sezoni turistik n\u00eb Ulqin"}]},{"@type":"Person","@id":"https:\/\/www.visit-ulcinj.com\/blog\/#\/schema\/person\/dcab619c614d3038751c63bc2aadc06d","name":"ulqini","sameAs":["http:\/\/www.visit-ulcinj.com"],"url":"https:\/\/www.visit-ulcinj.com\/blog\/author\/admin\/"}]}},"jetpack_featured_media_url":"","jetpack_sharing_enabled":true,"jetpack_shortlink":"https:\/\/wp.me\/pe6lTn-nBo","_links":{"self":[{"href":"https:\/\/www.visit-ulcinj.com\/blog\/wp-json\/wp\/v2\/posts\/90730"}],"collection":[{"href":"https:\/\/www.visit-ulcinj.com\/blog\/wp-json\/wp\/v2\/posts"}],"about":[{"href":"https:\/\/www.visit-ulcinj.com\/blog\/wp-json\/wp\/v2\/types\/post"}],"author":[{"embeddable":true,"href":"https:\/\/www.visit-ulcinj.com\/blog\/wp-json\/wp\/v2\/users\/1"}],"replies":[{"embeddable":true,"href":"https:\/\/www.visit-ulcinj.com\/blog\/wp-json\/wp\/v2\/comments?post=90730"}],"version-history":[{"count":1,"href":"https:\/\/www.visit-ulcinj.com\/blog\/wp-json\/wp\/v2\/posts\/90730\/revisions"}],"predecessor-version":[{"id":90731,"href":"https:\/\/www.visit-ulcinj.com\/blog\/wp-json\/wp\/v2\/posts\/90730\/revisions\/90731"}],"wp:attachment":[{"href":"https:\/\/www.visit-ulcinj.com\/blog\/wp-json\/wp\/v2\/media?parent=90730"}],"wp:term":[{"taxonomy":"category","embeddable":true,"href":"https:\/\/www.visit-ulcinj.com\/blog\/wp-json\/wp\/v2\/categories?post=90730"},{"taxonomy":"post_tag","embeddable":true,"href":"https:\/\/www.visit-ulcinj.com\/blog\/wp-json\/wp\/v2\/tags?post=90730"}],"curies":[{"name":"wp","href":"https:\/\/api.w.org\/{rel}","templated":true}]}}