{"id":90738,"date":"2015-06-03T17:13:55","date_gmt":"2015-06-03T16:13:55","guid":{"rendered":"http:\/\/www.visit-ulcinj.com\/blog\/?p=90738"},"modified":"2015-06-03T17:18:06","modified_gmt":"2015-06-03T16:18:06","slug":"kultura-kunder-anti-kultures-dhe-spastrimet-ne-informim","status":"publish","type":"post","link":"https:\/\/www.visit-ulcinj.com\/blog\/2015\/06\/03\/kultura-kunder-anti-kultures-dhe-spastrimet-ne-informim\/","title":{"rendered":"Kultura kund\u00ebr anti kultur\u00ebs dhe spastrimet n\u00eb informim"},"content":{"rendered":"<p><strong><a href=\"http:\/\/www.visit-ulcinj.com\/blog\/wp-content\/uploads\/2014\/09\/Servantesi-dhe-Dulcinea-Ulqin.jpg\"><img loading=\"lazy\" class=\"alignleft wp-image-85303\" src=\"http:\/\/www.visit-ulcinj.com\/blog\/wp-content\/uploads\/2014\/09\/Servantesi-dhe-Dulcinea-Ulqin.jpg\" alt=\"Servantesi dhe Dulcinea-Ulqin\" width=\"508\" height=\"339\" srcset=\"https:\/\/www.visit-ulcinj.com\/blog\/wp-content\/uploads\/2014\/09\/Servantesi-dhe-Dulcinea-Ulqin.jpg 960w, https:\/\/www.visit-ulcinj.com\/blog\/wp-content\/uploads\/2014\/09\/Servantesi-dhe-Dulcinea-Ulqin-300x200.jpg 300w\" sizes=\"(max-width: 508px) 100vw, 508px\" \/><\/a>Shkruan Muhamet Nika<\/strong><\/p>\n<p>K\u00ebtyre dit\u00ebve ishim d\u00ebshmitar\u00eb t\u00eb dy ngjarjeve paksa t\u00eb \u00e7uditshme n\u00eb Ulqin t\u00eb cilat mbase dike edhe mund ta ken\u00eb shqet\u00ebsuar , mir\u00ebpo sipas neve, k\u00ebto q\u00eb ndodh\u00ebn doemos duhet t\u00eb p\u00ebrkrahen sepse nuk shkojn\u00eb n\u00eb favor t\u00eb edukimit disi t\u00eb \u00e7oroditur q\u00eb ngjet n\u00eb kultur\u00eb dhe informim . Duke mos hyr\u00eb n\u00eb motivet e shkasit t\u00eb ndodhjes s\u00eb ngjarjeve cekim se moti kan\u00eb ekzistuar shkaqet t\u00eb cilat paralajm\u00ebronin at\u00eb q\u00eb ngjau dhe duhej t\u00eb ngjante. Andaj mendojm\u00eb q\u00eb pasi ngjarjet ndodh\u00ebn duhen p\u00ebrkrahur sepse paraqesin nj\u00eb mund\u00ebsi p\u00ebr t\u00eb gjetur rrug\u00ebn e vlerave n\u00eb k\u00ebto dy fusha.<\/p>\n<p>Fjal\u00ebn e kemi p\u00ebr nd\u00ebrrimet n\u00eb politik\u00ebn informative t\u00eb TV Teut\u00ebs , t\u00eb cil\u00ebn personalisht , p\u00ebr arsye t\u00eb nj\u00ebanshm\u00ebris\u00eb n\u00eb pun\u00ebn e tyre e cil\u00ebsova si \u201c Informativno sme\u0107e- llum informativ..\u201c?!<\/p>\n<p>Dhe dy , nuk e fshehim q\u00eb u g\u00ebzuam pa mas\u00eb, kur nga portali Lajme nga Ulqini, m\u00ebsuam se edhe skenografia e\u00a0\u00a0 t\u00eb vet\u00eb quajtur\u00ebs \u201d Dolcinea e Servantesi \u201c, kish p\u00ebrfunduar n\u00eb kontejner t\u00eb mbeturinave <strong>( ku moti e kish edhe vendin..)?!!<\/strong><\/p>\n<p>Mendimi yn\u00eb rreth k\u00ebsaj drame dihet dhe nuk u p\u00ebrkas atyre t\u00eb cil\u00ebt duke shtremb\u00ebruar t\u00eb dh\u00ebnat sa nuk thon\u00eb q\u00eb katragjyshi i tyre edhe kish pir\u00eb kafe me Servantesin n\u00eb Ulqin..?!<\/p>\n<p>Uroj q\u00eb fat t\u00eb ngjash\u00ebm t\u00eb ket\u00eb edhe nd\u00ebrtimi i hotelit t\u00eb ri te ish -hoteli Jadran, n\u00eb Kepin e Suk\u00ebs..?! Sipas disave hoteli q\u00eb pritet t\u00eb nd\u00ebrtohet nga nj\u00eb i huaj , i cili \u00a0na pask\u00ebsh\u201d shprehur mir\u00ebkuptim p\u00ebr historin\u00eb dhe kultur\u00ebn ton\u00eb&#8230;, n\u00eb shenj respekti t\u00eb legjend\u00ebs s\u00eb Servantesit-Servetit,\u00a0\u00a0 hotelin e ri kishte premtuar q\u00eb do ta pag\u00ebzoj\u00eb \u201d Servantes &#8230;?!!<\/p>\n<p><strong>Sht\u00ebpia e Sum\u00ebs para se t\u00eb merret nga Knjazi, viti 1881<\/strong><\/p>\n<p><a href=\"http:\/\/www.visit-ulcinj.com\/blog\/wp-content\/uploads\/2015\/06\/Shtepia-e-Sumes-viti-1881-Ulqin.jpg\"><img loading=\"lazy\" class=\"alignleft wp-image-90739\" src=\"http:\/\/www.visit-ulcinj.com\/blog\/wp-content\/uploads\/2015\/06\/Shtepia-e-Sumes-viti-1881-Ulqin.jpg\" alt=\"Shtepia-e-Sumes-viti-1881-Ulqin\" width=\"508\" height=\"332\" srcset=\"https:\/\/www.visit-ulcinj.com\/blog\/wp-content\/uploads\/2015\/06\/Shtepia-e-Sumes-viti-1881-Ulqin.jpg 720w, https:\/\/www.visit-ulcinj.com\/blog\/wp-content\/uploads\/2015\/06\/Shtepia-e-Sumes-viti-1881-Ulqin-300x196.jpg 300w\" sizes=\"(max-width: 508px) 100vw, 508px\" \/><\/a><\/p>\n<p><strong><em>Kush po na e fsheh historin\u00eb?!<\/em><\/strong><\/p>\n<p>Nga k\u00ebndi tjet\u00ebr mendojm\u00eb q\u00eb n\u00ebse duam ta respektojm\u00eb historin\u00eb e Kepit t\u00eb Suk\u00ebs, at\u00ebher\u00eb p\u00ebrzgjedhja m\u00eb e mir\u00eb do t\u00eb kish qen\u00eb sikur atij ti vihej emri i familjes s\u00eb vjet\u00ebr\u00a0\u00a0 shqiptare Suma. N\u00eb k\u00ebt\u00eb lokalitet kjo familje kish edhe sht\u00ebpin\u00eb e vet, por q\u00eb t\u00eb cil\u00ebn ,k\u00ebsaj familjeje, mbretit Nikoll\u00eb p\u00eblqeu t\u2019ia marr\u00eb duke nd\u00ebrtuar pushimoren e vet (hotelin Jadran).<\/p>\n<p><strong>Sht\u00ebpia e Sum\u00ebs pasi u shnd\u00ebrrua n\u00eb vil\u00eb t\u00eb Knjazit, viti 1884<\/strong><\/p>\n<p><a href=\"http:\/\/www.visit-ulcinj.com\/blog\/wp-content\/uploads\/2015\/06\/Shtepia-e-Sumes-viti-1881-Ulqin-u-shenderrua-ne-ville-te-Knjazit-1884.jpg\"><img loading=\"lazy\" class=\"alignleft wp-image-90741\" src=\"http:\/\/www.visit-ulcinj.com\/blog\/wp-content\/uploads\/2015\/06\/Shtepia-e-Sumes-viti-1881-Ulqin-u-shenderrua-ne-ville-te-Knjazit-1884.jpg\" alt=\"Shtepia-e-Sumes-viti-1881-Ulqin-u-shenderrua ne ville te Knjazit-1884\" width=\"508\" height=\"375\" srcset=\"https:\/\/www.visit-ulcinj.com\/blog\/wp-content\/uploads\/2015\/06\/Shtepia-e-Sumes-viti-1881-Ulqin-u-shenderrua-ne-ville-te-Knjazit-1884.jpg 720w, https:\/\/www.visit-ulcinj.com\/blog\/wp-content\/uploads\/2015\/06\/Shtepia-e-Sumes-viti-1881-Ulqin-u-shenderrua-ne-ville-te-Knjazit-1884-300x222.jpg 300w\" sizes=\"(max-width: 508px) 100vw, 508px\" \/><\/a><\/p>\n<p>Me nd\u00ebrrimin e koh\u00ebve n\u00eb t\u00eb , m\u00eb von\u00eb dihet se kthente edhe vet\u00eb Titoja kur preferonte t\u00eb kalonte disa dit\u00eb pushimi n\u00eb Ulqin?!<\/p>\n<p>&nbsp;<\/p>\n","protected":false},"excerpt":{"rendered":"<p>Shkruan Muhamet Nika K\u00ebtyre dit\u00ebve ishim d\u00ebshmitar\u00eb t\u00eb dy ngjarjeve paksa t\u00eb \u00e7uditshme n\u00eb Ulqin t\u00eb cilat mbase dike edhe mund ta ken\u00eb shqet\u00ebsuar , mir\u00ebpo sipas neve, k\u00ebto q\u00eb ndodh\u00ebn doemos duhet t\u00eb p\u00ebrkrahen sepse nuk shkojn\u00eb n\u00eb favor t\u00eb edukimit disi t\u00eb \u00e7oroditur q\u00eb ngjet n\u00eb kultur\u00eb dhe informim . Duke mos hyr\u00eb [&hellip;]<\/p>\n","protected":false},"author":1,"featured_media":0,"comment_status":"closed","ping_status":"closed","sticky":false,"template":"","format":"standard","meta":{"spay_email":"","jetpack_publicize_message":"","jetpack_is_tweetstorm":false,"jetpack_publicize_feature_enabled":true},"categories":[14249],"tags":[],"jetpack_publicize_connections":[],"yoast_head":"<!-- This site is optimized with the Yoast SEO plugin v19.1 - https:\/\/yoast.com\/wordpress\/plugins\/seo\/ -->\n<title>Kultura kund\u00ebr anti kultur\u00ebs dhe spastrimet n\u00eb informim - Lajme nga Ulqini<\/title>\n<meta name=\"description\" content=\"Shkruan Muhamet Nika K\u00ebtyre dit\u00ebve ishim d\u00ebshmitar\u00eb t\u00eb dy ngjarjeve paksa t\u00eb \u00e7uditshme n\u00eb Ulqin t\u00eb cilat mbase dike edhe mund ta ken\u00eb shqet\u00ebsuar , mir\u00ebpo\" \/>\n<meta name=\"robots\" content=\"index, follow, max-snippet:-1, max-image-preview:large, max-video-preview:-1\" \/>\n<link rel=\"canonical\" href=\"https:\/\/www.visit-ulcinj.com\/blog\/2015\/06\/03\/kultura-kunder-anti-kultures-dhe-spastrimet-ne-informim\/\" \/>\n<meta property=\"og:locale\" content=\"en_US\" \/>\n<meta property=\"og:type\" content=\"article\" \/>\n<meta property=\"og:title\" content=\"Kultura kund\u00ebr anti kultur\u00ebs dhe spastrimet n\u00eb informim - Lajme nga Ulqini\" \/>\n<meta property=\"og:description\" content=\"Shkruan Muhamet Nika K\u00ebtyre dit\u00ebve ishim d\u00ebshmitar\u00eb t\u00eb dy ngjarjeve paksa t\u00eb \u00e7uditshme n\u00eb Ulqin t\u00eb cilat mbase dike edhe mund ta ken\u00eb shqet\u00ebsuar , mir\u00ebpo\" \/>\n<meta property=\"og:url\" content=\"https:\/\/www.visit-ulcinj.com\/blog\/2015\/06\/03\/kultura-kunder-anti-kultures-dhe-spastrimet-ne-informim\/\" \/>\n<meta property=\"og:site_name\" content=\"Lajme nga Ulqini\" \/>\n<meta property=\"article:published_time\" content=\"2015-06-03T16:13:55+00:00\" \/>\n<meta property=\"article:modified_time\" content=\"2015-06-03T16:18:06+00:00\" \/>\n<meta property=\"og:image\" content=\"http:\/\/www.visit-ulcinj.com\/blog\/wp-content\/uploads\/2014\/09\/Servantesi-dhe-Dulcinea-Ulqin.jpg\" \/>\n<meta name=\"twitter:label1\" content=\"Written by\" \/>\n\t<meta name=\"twitter:data1\" content=\"ulqini\" \/>\n\t<meta name=\"twitter:label2\" content=\"Est. reading time\" \/>\n\t<meta name=\"twitter:data2\" content=\"2 minutes\" \/>\n<script type=\"application\/ld+json\" class=\"yoast-schema-graph\">{\"@context\":\"https:\/\/schema.org\",\"@graph\":[{\"@type\":\"WebSite\",\"@id\":\"https:\/\/www.visit-ulcinj.com\/blog\/#website\",\"url\":\"https:\/\/www.visit-ulcinj.com\/blog\/\",\"name\":\"Lajme nga Ulqini\",\"description\":\"Lajme,Vijesti,Ulqini,Ulqin,Crna Gora,Mali i Zi\",\"potentialAction\":[{\"@type\":\"SearchAction\",\"target\":{\"@type\":\"EntryPoint\",\"urlTemplate\":\"https:\/\/www.visit-ulcinj.com\/blog\/?s={search_term_string}\"},\"query-input\":\"required name=search_term_string\"}],\"inLanguage\":\"en-US\"},{\"@type\":\"ImageObject\",\"inLanguage\":\"en-US\",\"@id\":\"https:\/\/www.visit-ulcinj.com\/blog\/2015\/06\/03\/kultura-kunder-anti-kultures-dhe-spastrimet-ne-informim\/#primaryimage\",\"url\":\"https:\/\/www.visit-ulcinj.com\/blog\/wp-content\/uploads\/2014\/09\/Servantesi-dhe-Dulcinea-Ulqin.jpg\",\"contentUrl\":\"https:\/\/www.visit-ulcinj.com\/blog\/wp-content\/uploads\/2014\/09\/Servantesi-dhe-Dulcinea-Ulqin.jpg\",\"width\":960,\"height\":640},{\"@type\":\"WebPage\",\"@id\":\"https:\/\/www.visit-ulcinj.com\/blog\/2015\/06\/03\/kultura-kunder-anti-kultures-dhe-spastrimet-ne-informim\/#webpage\",\"url\":\"https:\/\/www.visit-ulcinj.com\/blog\/2015\/06\/03\/kultura-kunder-anti-kultures-dhe-spastrimet-ne-informim\/\",\"name\":\"Kultura kund\u00ebr anti kultur\u00ebs dhe spastrimet n\u00eb informim - Lajme nga Ulqini\",\"isPartOf\":{\"@id\":\"https:\/\/www.visit-ulcinj.com\/blog\/#website\"},\"primaryImageOfPage\":{\"@id\":\"https:\/\/www.visit-ulcinj.com\/blog\/2015\/06\/03\/kultura-kunder-anti-kultures-dhe-spastrimet-ne-informim\/#primaryimage\"},\"datePublished\":\"2015-06-03T16:13:55+00:00\",\"dateModified\":\"2015-06-03T16:18:06+00:00\",\"author\":{\"@id\":\"https:\/\/www.visit-ulcinj.com\/blog\/#\/schema\/person\/dcab619c614d3038751c63bc2aadc06d\"},\"description\":\"Shkruan Muhamet Nika K\u00ebtyre dit\u00ebve ishim d\u00ebshmitar\u00eb t\u00eb dy ngjarjeve paksa t\u00eb \u00e7uditshme n\u00eb Ulqin t\u00eb cilat mbase dike edhe mund ta ken\u00eb shqet\u00ebsuar , mir\u00ebpo\",\"breadcrumb\":{\"@id\":\"https:\/\/www.visit-ulcinj.com\/blog\/2015\/06\/03\/kultura-kunder-anti-kultures-dhe-spastrimet-ne-informim\/#breadcrumb\"},\"inLanguage\":\"en-US\",\"potentialAction\":[{\"@type\":\"ReadAction\",\"target\":[\"https:\/\/www.visit-ulcinj.com\/blog\/2015\/06\/03\/kultura-kunder-anti-kultures-dhe-spastrimet-ne-informim\/\"]}]},{\"@type\":\"BreadcrumbList\",\"@id\":\"https:\/\/www.visit-ulcinj.com\/blog\/2015\/06\/03\/kultura-kunder-anti-kultures-dhe-spastrimet-ne-informim\/#breadcrumb\",\"itemListElement\":[{\"@type\":\"ListItem\",\"position\":1,\"name\":\"Kultura kund\u00ebr anti kultur\u00ebs dhe spastrimet n\u00eb informim\"}]},{\"@type\":\"Person\",\"@id\":\"https:\/\/www.visit-ulcinj.com\/blog\/#\/schema\/person\/dcab619c614d3038751c63bc2aadc06d\",\"name\":\"ulqini\",\"sameAs\":[\"http:\/\/www.visit-ulcinj.com\"],\"url\":\"https:\/\/www.visit-ulcinj.com\/blog\/author\/admin\/\"}]}<\/script>\n<!-- \/ Yoast SEO plugin. -->","yoast_head_json":{"title":"Kultura kund\u00ebr anti kultur\u00ebs dhe spastrimet n\u00eb informim - Lajme nga Ulqini","description":"Shkruan Muhamet Nika K\u00ebtyre dit\u00ebve ishim d\u00ebshmitar\u00eb t\u00eb dy ngjarjeve paksa t\u00eb \u00e7uditshme n\u00eb Ulqin t\u00eb cilat mbase dike edhe mund ta ken\u00eb shqet\u00ebsuar , mir\u00ebpo","robots":{"index":"index","follow":"follow","max-snippet":"max-snippet:-1","max-image-preview":"max-image-preview:large","max-video-preview":"max-video-preview:-1"},"canonical":"https:\/\/www.visit-ulcinj.com\/blog\/2015\/06\/03\/kultura-kunder-anti-kultures-dhe-spastrimet-ne-informim\/","og_locale":"en_US","og_type":"article","og_title":"Kultura kund\u00ebr anti kultur\u00ebs dhe spastrimet n\u00eb informim - Lajme nga Ulqini","og_description":"Shkruan Muhamet Nika K\u00ebtyre dit\u00ebve ishim d\u00ebshmitar\u00eb t\u00eb dy ngjarjeve paksa t\u00eb \u00e7uditshme n\u00eb Ulqin t\u00eb cilat mbase dike edhe mund ta ken\u00eb shqet\u00ebsuar , mir\u00ebpo","og_url":"https:\/\/www.visit-ulcinj.com\/blog\/2015\/06\/03\/kultura-kunder-anti-kultures-dhe-spastrimet-ne-informim\/","og_site_name":"Lajme nga Ulqini","article_published_time":"2015-06-03T16:13:55+00:00","article_modified_time":"2015-06-03T16:18:06+00:00","og_image":[{"url":"http:\/\/www.visit-ulcinj.com\/blog\/wp-content\/uploads\/2014\/09\/Servantesi-dhe-Dulcinea-Ulqin.jpg"}],"twitter_misc":{"Written by":"ulqini","Est. reading time":"2 minutes"},"schema":{"@context":"https:\/\/schema.org","@graph":[{"@type":"WebSite","@id":"https:\/\/www.visit-ulcinj.com\/blog\/#website","url":"https:\/\/www.visit-ulcinj.com\/blog\/","name":"Lajme nga Ulqini","description":"Lajme,Vijesti,Ulqini,Ulqin,Crna Gora,Mali i Zi","potentialAction":[{"@type":"SearchAction","target":{"@type":"EntryPoint","urlTemplate":"https:\/\/www.visit-ulcinj.com\/blog\/?s={search_term_string}"},"query-input":"required name=search_term_string"}],"inLanguage":"en-US"},{"@type":"ImageObject","inLanguage":"en-US","@id":"https:\/\/www.visit-ulcinj.com\/blog\/2015\/06\/03\/kultura-kunder-anti-kultures-dhe-spastrimet-ne-informim\/#primaryimage","url":"https:\/\/www.visit-ulcinj.com\/blog\/wp-content\/uploads\/2014\/09\/Servantesi-dhe-Dulcinea-Ulqin.jpg","contentUrl":"https:\/\/www.visit-ulcinj.com\/blog\/wp-content\/uploads\/2014\/09\/Servantesi-dhe-Dulcinea-Ulqin.jpg","width":960,"height":640},{"@type":"WebPage","@id":"https:\/\/www.visit-ulcinj.com\/blog\/2015\/06\/03\/kultura-kunder-anti-kultures-dhe-spastrimet-ne-informim\/#webpage","url":"https:\/\/www.visit-ulcinj.com\/blog\/2015\/06\/03\/kultura-kunder-anti-kultures-dhe-spastrimet-ne-informim\/","name":"Kultura kund\u00ebr anti kultur\u00ebs dhe spastrimet n\u00eb informim - Lajme nga Ulqini","isPartOf":{"@id":"https:\/\/www.visit-ulcinj.com\/blog\/#website"},"primaryImageOfPage":{"@id":"https:\/\/www.visit-ulcinj.com\/blog\/2015\/06\/03\/kultura-kunder-anti-kultures-dhe-spastrimet-ne-informim\/#primaryimage"},"datePublished":"2015-06-03T16:13:55+00:00","dateModified":"2015-06-03T16:18:06+00:00","author":{"@id":"https:\/\/www.visit-ulcinj.com\/blog\/#\/schema\/person\/dcab619c614d3038751c63bc2aadc06d"},"description":"Shkruan Muhamet Nika K\u00ebtyre dit\u00ebve ishim d\u00ebshmitar\u00eb t\u00eb dy ngjarjeve paksa t\u00eb \u00e7uditshme n\u00eb Ulqin t\u00eb cilat mbase dike edhe mund ta ken\u00eb shqet\u00ebsuar , mir\u00ebpo","breadcrumb":{"@id":"https:\/\/www.visit-ulcinj.com\/blog\/2015\/06\/03\/kultura-kunder-anti-kultures-dhe-spastrimet-ne-informim\/#breadcrumb"},"inLanguage":"en-US","potentialAction":[{"@type":"ReadAction","target":["https:\/\/www.visit-ulcinj.com\/blog\/2015\/06\/03\/kultura-kunder-anti-kultures-dhe-spastrimet-ne-informim\/"]}]},{"@type":"BreadcrumbList","@id":"https:\/\/www.visit-ulcinj.com\/blog\/2015\/06\/03\/kultura-kunder-anti-kultures-dhe-spastrimet-ne-informim\/#breadcrumb","itemListElement":[{"@type":"ListItem","position":1,"name":"Kultura kund\u00ebr anti kultur\u00ebs dhe spastrimet n\u00eb informim"}]},{"@type":"Person","@id":"https:\/\/www.visit-ulcinj.com\/blog\/#\/schema\/person\/dcab619c614d3038751c63bc2aadc06d","name":"ulqini","sameAs":["http:\/\/www.visit-ulcinj.com"],"url":"https:\/\/www.visit-ulcinj.com\/blog\/author\/admin\/"}]}},"jetpack_featured_media_url":"","jetpack_sharing_enabled":true,"jetpack_shortlink":"https:\/\/wp.me\/pe6lTn-nBw","_links":{"self":[{"href":"https:\/\/www.visit-ulcinj.com\/blog\/wp-json\/wp\/v2\/posts\/90738"}],"collection":[{"href":"https:\/\/www.visit-ulcinj.com\/blog\/wp-json\/wp\/v2\/posts"}],"about":[{"href":"https:\/\/www.visit-ulcinj.com\/blog\/wp-json\/wp\/v2\/types\/post"}],"author":[{"embeddable":true,"href":"https:\/\/www.visit-ulcinj.com\/blog\/wp-json\/wp\/v2\/users\/1"}],"replies":[{"embeddable":true,"href":"https:\/\/www.visit-ulcinj.com\/blog\/wp-json\/wp\/v2\/comments?post=90738"}],"version-history":[{"count":3,"href":"https:\/\/www.visit-ulcinj.com\/blog\/wp-json\/wp\/v2\/posts\/90738\/revisions"}],"predecessor-version":[{"id":90743,"href":"https:\/\/www.visit-ulcinj.com\/blog\/wp-json\/wp\/v2\/posts\/90738\/revisions\/90743"}],"wp:attachment":[{"href":"https:\/\/www.visit-ulcinj.com\/blog\/wp-json\/wp\/v2\/media?parent=90738"}],"wp:term":[{"taxonomy":"category","embeddable":true,"href":"https:\/\/www.visit-ulcinj.com\/blog\/wp-json\/wp\/v2\/categories?post=90738"},{"taxonomy":"post_tag","embeddable":true,"href":"https:\/\/www.visit-ulcinj.com\/blog\/wp-json\/wp\/v2\/tags?post=90738"}],"curies":[{"name":"wp","href":"https:\/\/api.w.org\/{rel}","templated":true}]}}