{"id":90769,"date":"2015-06-05T08:29:37","date_gmt":"2015-06-05T07:29:37","guid":{"rendered":"http:\/\/www.visit-ulcinj.com\/blog\/?p=90769"},"modified":"2015-06-05T08:29:37","modified_gmt":"2015-06-05T07:29:37","slug":"dinamitasi-u-crnoj-gori-rade-prekovremeno","status":"publish","type":"post","link":"https:\/\/www.visit-ulcinj.com\/blog\/2015\/06\/05\/dinamitasi-u-crnoj-gori-rade-prekovremeno\/","title":{"rendered":"Dinamita\u0161i u Crnoj Gori rade prekovremeno"},"content":{"rendered":"<p><a href=\"http:\/\/www.visit-ulcinj.com\/blog\/wp-content\/uploads\/2015\/06\/Dinamitasi-u-Crnoj-Gori.jpg\"><img loading=\"lazy\" class=\"alignleft wp-image-90770\" src=\"http:\/\/www.visit-ulcinj.com\/blog\/wp-content\/uploads\/2015\/06\/Dinamitasi-u-Crnoj-Gori.jpg\" alt=\"Dinamitasi u Crnoj Gori\" width=\"508\" height=\"444\" srcset=\"https:\/\/www.visit-ulcinj.com\/blog\/wp-content\/uploads\/2015\/06\/Dinamitasi-u-Crnoj-Gori.jpg 403w, https:\/\/www.visit-ulcinj.com\/blog\/wp-content\/uploads\/2015\/06\/Dinamitasi-u-Crnoj-Gori-300x262.jpg 300w\" sizes=\"(max-width: 508px) 100vw, 508px\" \/><\/a>Kada ste zadnji put pro\u010ditali daje krivolovac osu\u0111en na tri godine zatvora za neki od slu\u010dajeva svojevrsnog biocida koji se odvija na na\u0161im rijekama, jezerima ili moru i to kori\u0161\u0107enjem struje, dinamita i drugih nedozvoljenim sredstava?!<\/p>\n<div class=\"body-text\">\n<p>Zbog navedenog krivi\u010dnog djela proteklih deceniju niko nije zavr\u0161io iza brave, \u0161to ne zna\u010di da problem ne postoji, pi\u0161e Pobjeda.<\/p>\n<p>Zapravo je obrnuto: problem je dio svakodnevice, pa \u0107ete redovno \u010duti eksploziju na moru, vidjeti ubijenu ribu u priobalju ili biti svjedok da se riba i vodeni organizmi ulovljeni na nedozvoljeni na\u010din i u nedozvoljeno vrijeme prodaju \u201ena crno\u201c, ili nude gra\u0111anima, restoranima bez mnogo ustezanja&#8230;<\/p>\n<p>Kaznu, dakle do tri godine zatvora, za ova krivi\u010dna djela predvi\u0111a krivi\u010dni zakonik u ta\u010dki 326. kojom se sankcioni\u0161e krivolov nedozvoljenim sredstvima ili u vrijeme koje ugro\u017eava biolo\u0161ki opstanak pojedinih vrsta riba i vodenih organizama.<\/p>\n<p>Prema podacima Uprave za inspekcijske poslove, ribarska inspekcija je pro\u0161le godine dva puta posumnjala da je izlovljena riba ulovljena dinamitom, uzorci su poslati na vje\u0161ta\u010denje Institutu za biologiju mora, i oba puta vje\u0161ta\u010denja su potvrdila sumnje inspekcije.<\/p>\n<p>U konkretnim slu\u010dajevima inspektor je podnio krivi\u010dnu prijavu prema Tu\u017eila\u0161tvu. Kako se navodi to je redovna procedura u takvim slu\u010dajevima.<\/p>\n<p>\u201eRiba za koju ne postoje dokazi o porijeklu oduzima se na licu mjesa i uni\u0161tava, a protiv subjekta nadzora preduzimaju se zakonom predvi\u0111ene kaznene mjere. U tom smislu, Inspekcija za morsko ribarstvo reagovala je prema istra\u017enim organima radi utvr\u0111ivanja po\u010dionioca krivi\u010dnog djela, pa se ovi postupci vode pred sudskim organima\u201c, saop\u0161teno je iz Uprave za isnpekcijske poslove.<\/p>\n<p>UIP je saop\u0161tila da od po\u010detka godine nijesu podnijete prijave za krivolov dinamitom.<\/p>\n<p>Prema ocjeni Miodraga Vugdeli\u0107a, koji je gotovo deceniju i po proveo u krovnoj sportskoribolovnoj organizaciji na moru, problem krivolova svih vrsta nije od ju\u010de. On smatra da \u010dak ni \u010detiri inspektora (jedno vrijeme ih bilo samo dva) te\u0161ko da mo\u017ee da uradi sveobuhvatnmu kontrolu, koja podrazumijeva i kontrolu izlova, prodaje i jo\u0161 efikasnu borbu protiv dinamita\u0161a i krivolovaca..<\/p>\n<p>\u201eKada je, po starom sistemu, svaka op\u0161tina imala ribolovnog inspektora, to je bilo mnogo efikasnije rje\u0161enje i rezultati su se vidjeli na terenu. Ovako, fizi\u010dki je nemogu\u0107e da jedan \u010dovjek pokrije vi\u0161e op\u0161tina, a pogotovo ako, recimo nema \u010damac kao osnovno sredstvo za terenski rad\u201c, ka\u017ee Vugdeli\u0107.<\/p>\n<p>On isti\u010de da je godinama Savez za sportski ribolov na moru ukazivao na problem krivolova i problem ribolova nedozvoljenim sredstvima, ali se o\u010dito u toj opblasti svi odri\u010du nadle\u017enosti.<\/p>\n<p>I ove godine je ponovo pri\u010da o dinamita\u0161ima zaparala \u201eprijemnike\u201c javnosti kada je krivolovac u Baru, prije nekoliko dana, ostao bez ruke, a tu\u017eilac procijenio da je u pitanju samopovre\u0111ivanje i da nema osnova za krivi\u010dno gonjenje po slu\u017ebenoj du\u017enosti. Ali i to je bila vijest \u201eod jednog dana\u201c u moru drugih informacija na stupcima crnih hronika&#8230;<\/p>\n<p>U op\u0161toj \u201eapatiji\u201c i nekoj vrsti ravnodu\u0161nosti zbog nemo\u0107i da se stane na put ovom problemu, pionirski je poduhvat kada jedan grad u Crnoj Gori prepozna problem i pozabavi se njime.<\/p>\n<p><a href=\"http:\/\/www.visit-ulcinj.com\/blog\/wp-content\/uploads\/2015\/06\/Dinamitasi-u-Crnoj-Gori-Ulcinj.jpg\"><img loading=\"lazy\" class=\"alignleft wp-image-90771\" src=\"http:\/\/www.visit-ulcinj.com\/blog\/wp-content\/uploads\/2015\/06\/Dinamitasi-u-Crnoj-Gori-Ulcinj.jpg\" alt=\"Dinamitasi u Crnoj Gori-Ulcinj\" width=\"508\" height=\"186\" srcset=\"https:\/\/www.visit-ulcinj.com\/blog\/wp-content\/uploads\/2015\/06\/Dinamitasi-u-Crnoj-Gori-Ulcinj.jpg 960w, https:\/\/www.visit-ulcinj.com\/blog\/wp-content\/uploads\/2015\/06\/Dinamitasi-u-Crnoj-Gori-Ulcinj-300x110.jpg 300w\" sizes=\"(max-width: 508px) 100vw, 508px\" \/><\/a><\/p>\n<p>To je u\u010dinila ulcinjska op\u0161tina kandidovala projekat i zahvaljuju\u0107i donaciji Norve\u0161ke ideja se ve\u0107 primjenjuje a cilj je da se, izme\u0111u ostalog, izbore i sa dinamita\u0161ima u svom ataru. A to nije malo podru\u010dje, ra\u010dunaju\u0107i obalnu morsku liniju i vodenu granicu na Bojani prema Republici Albaniji.<\/p>\n<p>Prema rije\u010dima potpredsjednika op\u0161tine Ulcinj Ardijana Mavri\u0107a, projekat \u201eOdr\u017eivi razvoj morskog i obalnog ekosistema posredstvom za\u0161tite i odgoja morske faune\u201c promovi\u0161e za\u0161titu okoline, s ciljem razvoja potencijala ribarstva kao zna\u010dajne grane za lokalno stanovni\u0161tvo kroz odr\u017eivi razvoj morskih resursa u obalnom pojasu.<\/p>\n<p>Projekat ima \u010detiri faze i traja\u0107e 20 mjeseci. Glavninu sredstava, 85 odsto obezbije\u0111eno je kroz donaciju, dok \u0107e 15 odsto kofinansirati op\u0161tina.<\/p>\n<p><strong>Izvor: CDM<\/strong><\/p>\n<\/div>\n","protected":false},"excerpt":{"rendered":"<p>Kada ste zadnji put pro\u010ditali daje krivolovac osu\u0111en na tri godine zatvora za neki od slu\u010dajeva svojevrsnog biocida koji se odvija na na\u0161im rijekama, jezerima ili moru i to kori\u0161\u0107enjem struje, dinamita i drugih nedozvoljenim sredstava?! Zbog navedenog krivi\u010dnog djela proteklih deceniju niko nije zavr\u0161io iza brave, \u0161to ne zna\u010di da problem ne postoji, pi\u0161e [&hellip;]<\/p>\n","protected":false},"author":1,"featured_media":0,"comment_status":"closed","ping_status":"closed","sticky":false,"template":"","format":"standard","meta":{"spay_email":"","jetpack_publicize_message":"","jetpack_is_tweetstorm":false,"jetpack_publicize_feature_enabled":true},"categories":[6950],"tags":[],"jetpack_publicize_connections":[],"yoast_head":"<!-- This site is optimized with the Yoast SEO plugin v19.1 - https:\/\/yoast.com\/wordpress\/plugins\/seo\/ -->\n<title>Dinamita\u0161i u Crnoj Gori rade prekovremeno - Lajme nga Ulqini<\/title>\n<meta name=\"description\" content=\"Kada ste zadnji put pro\u010ditali daje krivolovac osu\u0111en na tri godine zatvora za neki od slu\u010dajeva svojevrsnog biocida koji se odvija na na\u0161im rijekama,\" \/>\n<meta name=\"robots\" content=\"index, follow, max-snippet:-1, max-image-preview:large, max-video-preview:-1\" \/>\n<link rel=\"canonical\" href=\"https:\/\/www.visit-ulcinj.com\/blog\/2015\/06\/05\/dinamitasi-u-crnoj-gori-rade-prekovremeno\/\" \/>\n<meta property=\"og:locale\" content=\"en_US\" \/>\n<meta property=\"og:type\" content=\"article\" \/>\n<meta property=\"og:title\" content=\"Dinamita\u0161i u Crnoj Gori rade prekovremeno - Lajme nga Ulqini\" \/>\n<meta property=\"og:description\" content=\"Kada ste zadnji put pro\u010ditali daje krivolovac osu\u0111en na tri godine zatvora za neki od slu\u010dajeva svojevrsnog biocida koji se odvija na na\u0161im rijekama,\" \/>\n<meta property=\"og:url\" content=\"https:\/\/www.visit-ulcinj.com\/blog\/2015\/06\/05\/dinamitasi-u-crnoj-gori-rade-prekovremeno\/\" \/>\n<meta property=\"og:site_name\" content=\"Lajme nga Ulqini\" \/>\n<meta property=\"article:published_time\" content=\"2015-06-05T07:29:37+00:00\" \/>\n<meta property=\"og:image\" content=\"http:\/\/www.visit-ulcinj.com\/blog\/wp-content\/uploads\/2015\/06\/Dinamitasi-u-Crnoj-Gori.jpg\" \/>\n<meta name=\"twitter:label1\" content=\"Written by\" \/>\n\t<meta name=\"twitter:data1\" content=\"ulqini\" \/>\n\t<meta name=\"twitter:label2\" content=\"Est. reading time\" \/>\n\t<meta name=\"twitter:data2\" content=\"3 minutes\" \/>\n<script type=\"application\/ld+json\" class=\"yoast-schema-graph\">{\"@context\":\"https:\/\/schema.org\",\"@graph\":[{\"@type\":\"WebSite\",\"@id\":\"https:\/\/www.visit-ulcinj.com\/blog\/#website\",\"url\":\"https:\/\/www.visit-ulcinj.com\/blog\/\",\"name\":\"Lajme nga Ulqini\",\"description\":\"Lajme,Vijesti,Ulqini,Ulqin,Crna Gora,Mali i Zi\",\"potentialAction\":[{\"@type\":\"SearchAction\",\"target\":{\"@type\":\"EntryPoint\",\"urlTemplate\":\"https:\/\/www.visit-ulcinj.com\/blog\/?s={search_term_string}\"},\"query-input\":\"required name=search_term_string\"}],\"inLanguage\":\"en-US\"},{\"@type\":\"ImageObject\",\"inLanguage\":\"en-US\",\"@id\":\"https:\/\/www.visit-ulcinj.com\/blog\/2015\/06\/05\/dinamitasi-u-crnoj-gori-rade-prekovremeno\/#primaryimage\",\"url\":\"https:\/\/www.visit-ulcinj.com\/blog\/wp-content\/uploads\/2015\/06\/Dinamitasi-u-Crnoj-Gori.jpg\",\"contentUrl\":\"https:\/\/www.visit-ulcinj.com\/blog\/wp-content\/uploads\/2015\/06\/Dinamitasi-u-Crnoj-Gori.jpg\",\"width\":403,\"height\":352},{\"@type\":\"WebPage\",\"@id\":\"https:\/\/www.visit-ulcinj.com\/blog\/2015\/06\/05\/dinamitasi-u-crnoj-gori-rade-prekovremeno\/#webpage\",\"url\":\"https:\/\/www.visit-ulcinj.com\/blog\/2015\/06\/05\/dinamitasi-u-crnoj-gori-rade-prekovremeno\/\",\"name\":\"Dinamita\u0161i u Crnoj Gori rade prekovremeno - Lajme nga Ulqini\",\"isPartOf\":{\"@id\":\"https:\/\/www.visit-ulcinj.com\/blog\/#website\"},\"primaryImageOfPage\":{\"@id\":\"https:\/\/www.visit-ulcinj.com\/blog\/2015\/06\/05\/dinamitasi-u-crnoj-gori-rade-prekovremeno\/#primaryimage\"},\"datePublished\":\"2015-06-05T07:29:37+00:00\",\"dateModified\":\"2015-06-05T07:29:37+00:00\",\"author\":{\"@id\":\"https:\/\/www.visit-ulcinj.com\/blog\/#\/schema\/person\/dcab619c614d3038751c63bc2aadc06d\"},\"description\":\"Kada ste zadnji put pro\u010ditali daje krivolovac osu\u0111en na tri godine zatvora za neki od slu\u010dajeva svojevrsnog biocida koji se odvija na na\u0161im rijekama,\",\"breadcrumb\":{\"@id\":\"https:\/\/www.visit-ulcinj.com\/blog\/2015\/06\/05\/dinamitasi-u-crnoj-gori-rade-prekovremeno\/#breadcrumb\"},\"inLanguage\":\"en-US\",\"potentialAction\":[{\"@type\":\"ReadAction\",\"target\":[\"https:\/\/www.visit-ulcinj.com\/blog\/2015\/06\/05\/dinamitasi-u-crnoj-gori-rade-prekovremeno\/\"]}]},{\"@type\":\"BreadcrumbList\",\"@id\":\"https:\/\/www.visit-ulcinj.com\/blog\/2015\/06\/05\/dinamitasi-u-crnoj-gori-rade-prekovremeno\/#breadcrumb\",\"itemListElement\":[{\"@type\":\"ListItem\",\"position\":1,\"name\":\"Dinamita\u0161i u Crnoj Gori rade prekovremeno\"}]},{\"@type\":\"Person\",\"@id\":\"https:\/\/www.visit-ulcinj.com\/blog\/#\/schema\/person\/dcab619c614d3038751c63bc2aadc06d\",\"name\":\"ulqini\",\"sameAs\":[\"http:\/\/www.visit-ulcinj.com\"],\"url\":\"https:\/\/www.visit-ulcinj.com\/blog\/author\/admin\/\"}]}<\/script>\n<!-- \/ Yoast SEO plugin. -->","yoast_head_json":{"title":"Dinamita\u0161i u Crnoj Gori rade prekovremeno - Lajme nga Ulqini","description":"Kada ste zadnji put pro\u010ditali daje krivolovac osu\u0111en na tri godine zatvora za neki od slu\u010dajeva svojevrsnog biocida koji se odvija na na\u0161im rijekama,","robots":{"index":"index","follow":"follow","max-snippet":"max-snippet:-1","max-image-preview":"max-image-preview:large","max-video-preview":"max-video-preview:-1"},"canonical":"https:\/\/www.visit-ulcinj.com\/blog\/2015\/06\/05\/dinamitasi-u-crnoj-gori-rade-prekovremeno\/","og_locale":"en_US","og_type":"article","og_title":"Dinamita\u0161i u Crnoj Gori rade prekovremeno - Lajme nga Ulqini","og_description":"Kada ste zadnji put pro\u010ditali daje krivolovac osu\u0111en na tri godine zatvora za neki od slu\u010dajeva svojevrsnog biocida koji se odvija na na\u0161im rijekama,","og_url":"https:\/\/www.visit-ulcinj.com\/blog\/2015\/06\/05\/dinamitasi-u-crnoj-gori-rade-prekovremeno\/","og_site_name":"Lajme nga Ulqini","article_published_time":"2015-06-05T07:29:37+00:00","og_image":[{"url":"http:\/\/www.visit-ulcinj.com\/blog\/wp-content\/uploads\/2015\/06\/Dinamitasi-u-Crnoj-Gori.jpg"}],"twitter_misc":{"Written by":"ulqini","Est. reading time":"3 minutes"},"schema":{"@context":"https:\/\/schema.org","@graph":[{"@type":"WebSite","@id":"https:\/\/www.visit-ulcinj.com\/blog\/#website","url":"https:\/\/www.visit-ulcinj.com\/blog\/","name":"Lajme nga Ulqini","description":"Lajme,Vijesti,Ulqini,Ulqin,Crna Gora,Mali i Zi","potentialAction":[{"@type":"SearchAction","target":{"@type":"EntryPoint","urlTemplate":"https:\/\/www.visit-ulcinj.com\/blog\/?s={search_term_string}"},"query-input":"required name=search_term_string"}],"inLanguage":"en-US"},{"@type":"ImageObject","inLanguage":"en-US","@id":"https:\/\/www.visit-ulcinj.com\/blog\/2015\/06\/05\/dinamitasi-u-crnoj-gori-rade-prekovremeno\/#primaryimage","url":"https:\/\/www.visit-ulcinj.com\/blog\/wp-content\/uploads\/2015\/06\/Dinamitasi-u-Crnoj-Gori.jpg","contentUrl":"https:\/\/www.visit-ulcinj.com\/blog\/wp-content\/uploads\/2015\/06\/Dinamitasi-u-Crnoj-Gori.jpg","width":403,"height":352},{"@type":"WebPage","@id":"https:\/\/www.visit-ulcinj.com\/blog\/2015\/06\/05\/dinamitasi-u-crnoj-gori-rade-prekovremeno\/#webpage","url":"https:\/\/www.visit-ulcinj.com\/blog\/2015\/06\/05\/dinamitasi-u-crnoj-gori-rade-prekovremeno\/","name":"Dinamita\u0161i u Crnoj Gori rade prekovremeno - Lajme nga Ulqini","isPartOf":{"@id":"https:\/\/www.visit-ulcinj.com\/blog\/#website"},"primaryImageOfPage":{"@id":"https:\/\/www.visit-ulcinj.com\/blog\/2015\/06\/05\/dinamitasi-u-crnoj-gori-rade-prekovremeno\/#primaryimage"},"datePublished":"2015-06-05T07:29:37+00:00","dateModified":"2015-06-05T07:29:37+00:00","author":{"@id":"https:\/\/www.visit-ulcinj.com\/blog\/#\/schema\/person\/dcab619c614d3038751c63bc2aadc06d"},"description":"Kada ste zadnji put pro\u010ditali daje krivolovac osu\u0111en na tri godine zatvora za neki od slu\u010dajeva svojevrsnog biocida koji se odvija na na\u0161im rijekama,","breadcrumb":{"@id":"https:\/\/www.visit-ulcinj.com\/blog\/2015\/06\/05\/dinamitasi-u-crnoj-gori-rade-prekovremeno\/#breadcrumb"},"inLanguage":"en-US","potentialAction":[{"@type":"ReadAction","target":["https:\/\/www.visit-ulcinj.com\/blog\/2015\/06\/05\/dinamitasi-u-crnoj-gori-rade-prekovremeno\/"]}]},{"@type":"BreadcrumbList","@id":"https:\/\/www.visit-ulcinj.com\/blog\/2015\/06\/05\/dinamitasi-u-crnoj-gori-rade-prekovremeno\/#breadcrumb","itemListElement":[{"@type":"ListItem","position":1,"name":"Dinamita\u0161i u Crnoj Gori rade prekovremeno"}]},{"@type":"Person","@id":"https:\/\/www.visit-ulcinj.com\/blog\/#\/schema\/person\/dcab619c614d3038751c63bc2aadc06d","name":"ulqini","sameAs":["http:\/\/www.visit-ulcinj.com"],"url":"https:\/\/www.visit-ulcinj.com\/blog\/author\/admin\/"}]}},"jetpack_featured_media_url":"","jetpack_sharing_enabled":true,"jetpack_shortlink":"https:\/\/wp.me\/pe6lTn-nC1","_links":{"self":[{"href":"https:\/\/www.visit-ulcinj.com\/blog\/wp-json\/wp\/v2\/posts\/90769"}],"collection":[{"href":"https:\/\/www.visit-ulcinj.com\/blog\/wp-json\/wp\/v2\/posts"}],"about":[{"href":"https:\/\/www.visit-ulcinj.com\/blog\/wp-json\/wp\/v2\/types\/post"}],"author":[{"embeddable":true,"href":"https:\/\/www.visit-ulcinj.com\/blog\/wp-json\/wp\/v2\/users\/1"}],"replies":[{"embeddable":true,"href":"https:\/\/www.visit-ulcinj.com\/blog\/wp-json\/wp\/v2\/comments?post=90769"}],"version-history":[{"count":1,"href":"https:\/\/www.visit-ulcinj.com\/blog\/wp-json\/wp\/v2\/posts\/90769\/revisions"}],"predecessor-version":[{"id":90772,"href":"https:\/\/www.visit-ulcinj.com\/blog\/wp-json\/wp\/v2\/posts\/90769\/revisions\/90772"}],"wp:attachment":[{"href":"https:\/\/www.visit-ulcinj.com\/blog\/wp-json\/wp\/v2\/media?parent=90769"}],"wp:term":[{"taxonomy":"category","embeddable":true,"href":"https:\/\/www.visit-ulcinj.com\/blog\/wp-json\/wp\/v2\/categories?post=90769"},{"taxonomy":"post_tag","embeddable":true,"href":"https:\/\/www.visit-ulcinj.com\/blog\/wp-json\/wp\/v2\/tags?post=90769"}],"curies":[{"name":"wp","href":"https:\/\/api.w.org\/{rel}","templated":true}]}}