{"id":90804,"date":"2015-06-05T17:07:00","date_gmt":"2015-06-05T16:07:00","guid":{"rendered":"http:\/\/www.visit-ulcinj.com\/blog\/?p=90804"},"modified":"2015-06-05T17:07:00","modified_gmt":"2015-06-05T16:07:00","slug":"mejdani-gacit-mjere-selmani-nenes","status":"publish","type":"post","link":"https:\/\/www.visit-ulcinj.com\/blog\/2015\/06\/05\/mejdani-gacit-mjere-selmani-nenes\/","title":{"rendered":"Mejdani Ga\u00e7it: Mjer\u00eb Selmani i n\u00ebn\u00ebs \u2026."},"content":{"rendered":"<p><strong><em>Shkruan muhamet Nika <\/em><\/strong><\/p>\n<p>\u201c<strong><em>Mjer Selman i n\u00ebn\u00ebs \/ke t\u00eb qaj m\u00eb par\u00eb\/ a prij\u00ebsit n\u00eb krye \/a popullin e marr\u00eb&#8230;?!<\/em><\/strong><\/p>\n<p>A e dini q\u00eb para m\u00eb shum\u00eb se 50 vitesh (1964) n\u00eb kanjonin(gryk\u00ebn) e Kryth\u00ebs &#8211; Bardhel\u00ebs, Komuna e Ulqinit ishte xhiruar nj\u00eb pjes\u00eb e filmit shum\u00eb t\u00eb njohur Old Shatterhand- rreth 3 minuta.Filmi pat sukses p\u00ebr koh\u00ebn dhe u prit mir\u00eb n\u00eb kinemat\u00eb evropiane duke fituar \u00e7mimin \u201cEkrani i art\u00eb\u201d. Kjo konfirmohet nga nj\u00eb shkrim i postuar n\u00eb faqet e internetit nga ish-kamermani i TV-Teut\u00ebs, Sejdo Ismaili.<\/p>\n<p><a href=\"http:\/\/www.visit-ulcinj.com\/blog\/wp-content\/uploads\/2015\/06\/Old-Shatterhand-Krythe-Ulqin.jpg\"><img loading=\"lazy\" class=\"alignleft wp-image-90805\" src=\"http:\/\/www.visit-ulcinj.com\/blog\/wp-content\/uploads\/2015\/06\/Old-Shatterhand-Krythe-Ulqin.jpg\" alt=\"Old Shatterhand-Krythe-Ulqin\" width=\"508\" height=\"257\" srcset=\"https:\/\/www.visit-ulcinj.com\/blog\/wp-content\/uploads\/2015\/06\/Old-Shatterhand-Krythe-Ulqin.jpg 608w, https:\/\/www.visit-ulcinj.com\/blog\/wp-content\/uploads\/2015\/06\/Old-Shatterhand-Krythe-Ulqin-300x152.jpg 300w\" sizes=\"(max-width: 508px) 100vw, 508px\" \/><\/a><\/p>\n<p>Se ky kanjon \u00ebsht\u00eb nga m\u00eb t\u00eb bukurit e bot\u00ebs dhe m\u00eb ekzotik\u00ebt \u00ebsht\u00eb e v\u00ebrteta e par\u00eb . MJER\u00cb SELMANI I N\u00cbN\u00cbS \u2026.<br \/>\n<a href=\"http:\/\/www.visit-ulcinj.com\/blog\/wp-content\/uploads\/2015\/06\/Blurja-e-zhurit-ne-Ga\u00e7\u00eb-Ulqin.jpg\"><img loading=\"lazy\" class=\"alignleft size-full wp-image-90806\" src=\"http:\/\/www.visit-ulcinj.com\/blog\/wp-content\/uploads\/2015\/06\/Blurja-e-zhurit-ne-Ga\u00e7\u00eb-Ulqin.jpg\" alt=\"Blurja e zhurit ne Ga\u00e7\u00eb-Ulqin\" width=\"508\" height=\"341\" \/><\/a><\/p>\n<p>Kurse e v\u00ebrteta e dyt\u00eb \u00ebsht\u00eb q\u00eb ky kanjon , dita dit\u00ebs po e humb primatin e vet nga devastimi i pakontrolluar mjedisor q\u00eb b\u00ebn\u00eb mafiokracia politike e qytetit dhe e shtetit&#8230;?!!.<br \/>\nDhe a e dini pse?! Fajtor\u00ebt kryesor p\u00ebr k\u00ebt\u00eb jan\u00eb njer\u00ebzit e politik\u00ebs lokale dhe republikane q\u00eb n\u00eb m\u00ebnyr\u00eb fare t\u00eb paligjshme i dhan\u00eb tok\u00ebn e komun\u00ebs( pjesa d\u00ebrmuese&#8230;) , pa dijen e kuvendit-falas, nj\u00eb X- personi me influenc\u00eb. Me siguri i af\u00ebrt me qeverin\u00eb republikane dhe me ndikim n\u00eb at\u00eb vendore. Ky veprim fare i paligjsh\u00ebm u krye, nga ish kryetari i komun\u00ebs dhe sekretari p\u00ebr urbaniz\u00ebm i koh\u00ebs diku rreth vitit 2003-2004 e vazhdon edhe sot&#8230;?!!<br \/>\nK\u00ebtij personi iu mund\u00ebsua nga elektrodistribucioni edhe v\u00ebnia e nj\u00eb trafoje af\u00ebr mejdanit t\u00eb gurit pa u hamendur fare sidomos n\u00eb ndikimin<\/p>\n<p>negativ t\u00eb tymit n\u00eb kanjon dhe n\u00eb prishjen e rrug\u00ebs regjionale Ulqin Sukubin\u00eb q\u00eb nuk \u00ebsht\u00eb e nd\u00ebrtuar p\u00ebr kamion\u00eb t\u00eb tonazhit t\u00eb r\u00ebnd\u00eb&#8230;?!!!<\/p>\n<p>Kush e dha at\u00ebher\u00eb lejen- po ku jan\u00eb k\u00ebtu \u201c frajerat e An\u00ebs s\u00eb Malit\u201d p\u00ebr t\u00eb ngritur z\u00ebrin?! Dhe sipas burimeve mir\u00eb t\u00eb informuara mikut t\u00eb pushtetit, si duket iu lejua nj\u00eb koh\u00eb t\u00eb gjat\u00eb, e mbase edhe iu fal fare shpenzimi i rrym\u00ebs ( nga Selmani s\u2019\u00ebm\u00ebs)&#8230;.?!<\/p>\n<p>Mbase flitet p\u00ebr nj\u00eb borxh prej 50 mij\u00eb euro energji elektrike&#8230;?!!!Thuhet se aktualisht ky mejdan ka kaluar n\u00eb duart e nj\u00eb pronari tjet\u00ebr , gjithashtu jasht\u00eb Ulqinit, edhe ky b\u00ebn\u00eb shfryt\u00ebzimin aktual t\u00eb gurit dhe p\u00ebr \u00e7do dit\u00eb prish rrug\u00ebn pa e trazuar kush&#8230;?!!<\/p>\n<p>Si pas neve- Ku ta dish , n\u00ebse ende nxirret gur p\u00ebr shitje, nga prona e komun\u00ebs- dh\u00ebn\u00ebsit t\u00eb lejes, mbase edhe sot i shkon p\u00ebrqindja e t\u00eb hollave nga guri i shitur edhe pse nuk \u00ebsht\u00eb m\u00eb n\u00eb at\u00eb post dh\u00ebn\u00ebsi i saj. Kuptohet q\u00eb e gjith\u00eb kjo mund t\u00eb vazhdoj\u00eb, deri sa t\u00eb mos pengohet e t\u00eb lihet i qet t\u00eb punoj\u00eb nga inspektor\u00ebt dhe Kuvendi si pushtet..?!!!<\/p>\n<p>.Hajde tash ti e mos e k\u00ebndo s\u00ebrish k\u00ebng\u00ebn toske Mjer Selman n\u00ebn\u00ebs \/ke t\u00eb qaj m\u00eb par\u00eb\/ a prij\u00ebsit n\u00eb krye \/a popullin e marr\u00eb?!<\/p>\n","protected":false},"excerpt":{"rendered":"<p>Shkruan muhamet Nika \u201cMjer Selman i n\u00ebn\u00ebs \/ke t\u00eb qaj m\u00eb par\u00eb\/ a prij\u00ebsit n\u00eb krye \/a popullin e marr\u00eb&#8230;?! A e dini q\u00eb para m\u00eb shum\u00eb se 50 vitesh (1964) n\u00eb kanjonin(gryk\u00ebn) e Kryth\u00ebs &#8211; Bardhel\u00ebs, Komuna e Ulqinit ishte xhiruar nj\u00eb pjes\u00eb e filmit shum\u00eb t\u00eb njohur Old Shatterhand- rreth 3 minuta.Filmi pat [&hellip;]<\/p>\n","protected":false},"author":1,"featured_media":0,"comment_status":"closed","ping_status":"closed","sticky":false,"template":"","format":"standard","meta":{"spay_email":"","jetpack_publicize_message":"","jetpack_is_tweetstorm":false,"jetpack_publicize_feature_enabled":true},"categories":[8],"tags":[],"jetpack_publicize_connections":[],"yoast_head":"<!-- This site is optimized with the Yoast SEO plugin v19.1 - https:\/\/yoast.com\/wordpress\/plugins\/seo\/ -->\n<title>Mejdani Ga\u00e7it: Mjer\u00eb Selmani i n\u00ebn\u00ebs \u2026. - Lajme nga Ulqini<\/title>\n<meta name=\"description\" content=\"Shkruan muhamet Nika \u201cMjer Selman i n\u00ebn\u00ebs \/ke t\u00eb qaj m\u00eb par\u00eb\/ a prij\u00ebsit n\u00eb krye \/a popullin e marr\u00eb...?! A e dini q\u00eb para m\u00eb shum\u00eb se 50 vitesh (1964) n\u00eb\" \/>\n<meta name=\"robots\" content=\"index, follow, max-snippet:-1, max-image-preview:large, max-video-preview:-1\" \/>\n<link rel=\"canonical\" href=\"https:\/\/www.visit-ulcinj.com\/blog\/2015\/06\/05\/mejdani-gacit-mjere-selmani-nenes\/\" \/>\n<meta property=\"og:locale\" content=\"en_US\" \/>\n<meta property=\"og:type\" content=\"article\" \/>\n<meta property=\"og:title\" content=\"Mejdani Ga\u00e7it: Mjer\u00eb Selmani i n\u00ebn\u00ebs \u2026. - Lajme nga Ulqini\" \/>\n<meta property=\"og:description\" content=\"Shkruan muhamet Nika \u201cMjer Selman i n\u00ebn\u00ebs \/ke t\u00eb qaj m\u00eb par\u00eb\/ a prij\u00ebsit n\u00eb krye \/a popullin e marr\u00eb...?! A e dini q\u00eb para m\u00eb shum\u00eb se 50 vitesh (1964) n\u00eb\" \/>\n<meta property=\"og:url\" content=\"https:\/\/www.visit-ulcinj.com\/blog\/2015\/06\/05\/mejdani-gacit-mjere-selmani-nenes\/\" \/>\n<meta property=\"og:site_name\" content=\"Lajme nga Ulqini\" \/>\n<meta property=\"article:published_time\" content=\"2015-06-05T16:07:00+00:00\" \/>\n<meta property=\"og:image\" content=\"http:\/\/www.visit-ulcinj.com\/blog\/wp-content\/uploads\/2015\/06\/Old-Shatterhand-Krythe-Ulqin.jpg\" \/>\n<meta name=\"twitter:label1\" content=\"Written by\" \/>\n\t<meta name=\"twitter:data1\" content=\"ulqini\" \/>\n\t<meta name=\"twitter:label2\" content=\"Est. reading time\" \/>\n\t<meta name=\"twitter:data2\" content=\"3 minutes\" \/>\n<script type=\"application\/ld+json\" class=\"yoast-schema-graph\">{\"@context\":\"https:\/\/schema.org\",\"@graph\":[{\"@type\":\"WebSite\",\"@id\":\"https:\/\/www.visit-ulcinj.com\/blog\/#website\",\"url\":\"https:\/\/www.visit-ulcinj.com\/blog\/\",\"name\":\"Lajme nga Ulqini\",\"description\":\"Lajme,Vijesti,Ulqini,Ulqin,Crna Gora,Mali i Zi\",\"potentialAction\":[{\"@type\":\"SearchAction\",\"target\":{\"@type\":\"EntryPoint\",\"urlTemplate\":\"https:\/\/www.visit-ulcinj.com\/blog\/?s={search_term_string}\"},\"query-input\":\"required name=search_term_string\"}],\"inLanguage\":\"en-US\"},{\"@type\":\"ImageObject\",\"inLanguage\":\"en-US\",\"@id\":\"https:\/\/www.visit-ulcinj.com\/blog\/2015\/06\/05\/mejdani-gacit-mjere-selmani-nenes\/#primaryimage\",\"url\":\"https:\/\/www.visit-ulcinj.com\/blog\/wp-content\/uploads\/2015\/06\/Old-Shatterhand-Krythe-Ulqin.jpg\",\"contentUrl\":\"https:\/\/www.visit-ulcinj.com\/blog\/wp-content\/uploads\/2015\/06\/Old-Shatterhand-Krythe-Ulqin.jpg\",\"width\":608,\"height\":308},{\"@type\":\"WebPage\",\"@id\":\"https:\/\/www.visit-ulcinj.com\/blog\/2015\/06\/05\/mejdani-gacit-mjere-selmani-nenes\/#webpage\",\"url\":\"https:\/\/www.visit-ulcinj.com\/blog\/2015\/06\/05\/mejdani-gacit-mjere-selmani-nenes\/\",\"name\":\"Mejdani Ga\u00e7it: Mjer\u00eb Selmani i n\u00ebn\u00ebs \u2026. - Lajme nga Ulqini\",\"isPartOf\":{\"@id\":\"https:\/\/www.visit-ulcinj.com\/blog\/#website\"},\"primaryImageOfPage\":{\"@id\":\"https:\/\/www.visit-ulcinj.com\/blog\/2015\/06\/05\/mejdani-gacit-mjere-selmani-nenes\/#primaryimage\"},\"datePublished\":\"2015-06-05T16:07:00+00:00\",\"dateModified\":\"2015-06-05T16:07:00+00:00\",\"author\":{\"@id\":\"https:\/\/www.visit-ulcinj.com\/blog\/#\/schema\/person\/dcab619c614d3038751c63bc2aadc06d\"},\"description\":\"Shkruan muhamet Nika \u201cMjer Selman i n\u00ebn\u00ebs \/ke t\u00eb qaj m\u00eb par\u00eb\/ a prij\u00ebsit n\u00eb krye \/a popullin e marr\u00eb...?! A e dini q\u00eb para m\u00eb shum\u00eb se 50 vitesh (1964) n\u00eb\",\"breadcrumb\":{\"@id\":\"https:\/\/www.visit-ulcinj.com\/blog\/2015\/06\/05\/mejdani-gacit-mjere-selmani-nenes\/#breadcrumb\"},\"inLanguage\":\"en-US\",\"potentialAction\":[{\"@type\":\"ReadAction\",\"target\":[\"https:\/\/www.visit-ulcinj.com\/blog\/2015\/06\/05\/mejdani-gacit-mjere-selmani-nenes\/\"]}]},{\"@type\":\"BreadcrumbList\",\"@id\":\"https:\/\/www.visit-ulcinj.com\/blog\/2015\/06\/05\/mejdani-gacit-mjere-selmani-nenes\/#breadcrumb\",\"itemListElement\":[{\"@type\":\"ListItem\",\"position\":1,\"name\":\"Mejdani Ga\u00e7it: Mjer\u00eb Selmani i n\u00ebn\u00ebs \u2026.\"}]},{\"@type\":\"Person\",\"@id\":\"https:\/\/www.visit-ulcinj.com\/blog\/#\/schema\/person\/dcab619c614d3038751c63bc2aadc06d\",\"name\":\"ulqini\",\"sameAs\":[\"http:\/\/www.visit-ulcinj.com\"],\"url\":\"https:\/\/www.visit-ulcinj.com\/blog\/author\/admin\/\"}]}<\/script>\n<!-- \/ Yoast SEO plugin. -->","yoast_head_json":{"title":"Mejdani Ga\u00e7it: Mjer\u00eb Selmani i n\u00ebn\u00ebs \u2026. - Lajme nga Ulqini","description":"Shkruan muhamet Nika \u201cMjer Selman i n\u00ebn\u00ebs \/ke t\u00eb qaj m\u00eb par\u00eb\/ a prij\u00ebsit n\u00eb krye \/a popullin e marr\u00eb...?! A e dini q\u00eb para m\u00eb shum\u00eb se 50 vitesh (1964) n\u00eb","robots":{"index":"index","follow":"follow","max-snippet":"max-snippet:-1","max-image-preview":"max-image-preview:large","max-video-preview":"max-video-preview:-1"},"canonical":"https:\/\/www.visit-ulcinj.com\/blog\/2015\/06\/05\/mejdani-gacit-mjere-selmani-nenes\/","og_locale":"en_US","og_type":"article","og_title":"Mejdani Ga\u00e7it: Mjer\u00eb Selmani i n\u00ebn\u00ebs \u2026. - Lajme nga Ulqini","og_description":"Shkruan muhamet Nika \u201cMjer Selman i n\u00ebn\u00ebs \/ke t\u00eb qaj m\u00eb par\u00eb\/ a prij\u00ebsit n\u00eb krye \/a popullin e marr\u00eb...?! A e dini q\u00eb para m\u00eb shum\u00eb se 50 vitesh (1964) n\u00eb","og_url":"https:\/\/www.visit-ulcinj.com\/blog\/2015\/06\/05\/mejdani-gacit-mjere-selmani-nenes\/","og_site_name":"Lajme nga Ulqini","article_published_time":"2015-06-05T16:07:00+00:00","og_image":[{"url":"http:\/\/www.visit-ulcinj.com\/blog\/wp-content\/uploads\/2015\/06\/Old-Shatterhand-Krythe-Ulqin.jpg"}],"twitter_misc":{"Written by":"ulqini","Est. reading time":"3 minutes"},"schema":{"@context":"https:\/\/schema.org","@graph":[{"@type":"WebSite","@id":"https:\/\/www.visit-ulcinj.com\/blog\/#website","url":"https:\/\/www.visit-ulcinj.com\/blog\/","name":"Lajme nga Ulqini","description":"Lajme,Vijesti,Ulqini,Ulqin,Crna Gora,Mali i Zi","potentialAction":[{"@type":"SearchAction","target":{"@type":"EntryPoint","urlTemplate":"https:\/\/www.visit-ulcinj.com\/blog\/?s={search_term_string}"},"query-input":"required name=search_term_string"}],"inLanguage":"en-US"},{"@type":"ImageObject","inLanguage":"en-US","@id":"https:\/\/www.visit-ulcinj.com\/blog\/2015\/06\/05\/mejdani-gacit-mjere-selmani-nenes\/#primaryimage","url":"https:\/\/www.visit-ulcinj.com\/blog\/wp-content\/uploads\/2015\/06\/Old-Shatterhand-Krythe-Ulqin.jpg","contentUrl":"https:\/\/www.visit-ulcinj.com\/blog\/wp-content\/uploads\/2015\/06\/Old-Shatterhand-Krythe-Ulqin.jpg","width":608,"height":308},{"@type":"WebPage","@id":"https:\/\/www.visit-ulcinj.com\/blog\/2015\/06\/05\/mejdani-gacit-mjere-selmani-nenes\/#webpage","url":"https:\/\/www.visit-ulcinj.com\/blog\/2015\/06\/05\/mejdani-gacit-mjere-selmani-nenes\/","name":"Mejdani Ga\u00e7it: Mjer\u00eb Selmani i n\u00ebn\u00ebs \u2026. - Lajme nga Ulqini","isPartOf":{"@id":"https:\/\/www.visit-ulcinj.com\/blog\/#website"},"primaryImageOfPage":{"@id":"https:\/\/www.visit-ulcinj.com\/blog\/2015\/06\/05\/mejdani-gacit-mjere-selmani-nenes\/#primaryimage"},"datePublished":"2015-06-05T16:07:00+00:00","dateModified":"2015-06-05T16:07:00+00:00","author":{"@id":"https:\/\/www.visit-ulcinj.com\/blog\/#\/schema\/person\/dcab619c614d3038751c63bc2aadc06d"},"description":"Shkruan muhamet Nika \u201cMjer Selman i n\u00ebn\u00ebs \/ke t\u00eb qaj m\u00eb par\u00eb\/ a prij\u00ebsit n\u00eb krye \/a popullin e marr\u00eb...?! A e dini q\u00eb para m\u00eb shum\u00eb se 50 vitesh (1964) n\u00eb","breadcrumb":{"@id":"https:\/\/www.visit-ulcinj.com\/blog\/2015\/06\/05\/mejdani-gacit-mjere-selmani-nenes\/#breadcrumb"},"inLanguage":"en-US","potentialAction":[{"@type":"ReadAction","target":["https:\/\/www.visit-ulcinj.com\/blog\/2015\/06\/05\/mejdani-gacit-mjere-selmani-nenes\/"]}]},{"@type":"BreadcrumbList","@id":"https:\/\/www.visit-ulcinj.com\/blog\/2015\/06\/05\/mejdani-gacit-mjere-selmani-nenes\/#breadcrumb","itemListElement":[{"@type":"ListItem","position":1,"name":"Mejdani Ga\u00e7it: Mjer\u00eb Selmani i n\u00ebn\u00ebs \u2026."}]},{"@type":"Person","@id":"https:\/\/www.visit-ulcinj.com\/blog\/#\/schema\/person\/dcab619c614d3038751c63bc2aadc06d","name":"ulqini","sameAs":["http:\/\/www.visit-ulcinj.com"],"url":"https:\/\/www.visit-ulcinj.com\/blog\/author\/admin\/"}]}},"jetpack_featured_media_url":"","jetpack_sharing_enabled":true,"jetpack_shortlink":"https:\/\/wp.me\/pe6lTn-nCA","_links":{"self":[{"href":"https:\/\/www.visit-ulcinj.com\/blog\/wp-json\/wp\/v2\/posts\/90804"}],"collection":[{"href":"https:\/\/www.visit-ulcinj.com\/blog\/wp-json\/wp\/v2\/posts"}],"about":[{"href":"https:\/\/www.visit-ulcinj.com\/blog\/wp-json\/wp\/v2\/types\/post"}],"author":[{"embeddable":true,"href":"https:\/\/www.visit-ulcinj.com\/blog\/wp-json\/wp\/v2\/users\/1"}],"replies":[{"embeddable":true,"href":"https:\/\/www.visit-ulcinj.com\/blog\/wp-json\/wp\/v2\/comments?post=90804"}],"version-history":[{"count":1,"href":"https:\/\/www.visit-ulcinj.com\/blog\/wp-json\/wp\/v2\/posts\/90804\/revisions"}],"predecessor-version":[{"id":90807,"href":"https:\/\/www.visit-ulcinj.com\/blog\/wp-json\/wp\/v2\/posts\/90804\/revisions\/90807"}],"wp:attachment":[{"href":"https:\/\/www.visit-ulcinj.com\/blog\/wp-json\/wp\/v2\/media?parent=90804"}],"wp:term":[{"taxonomy":"category","embeddable":true,"href":"https:\/\/www.visit-ulcinj.com\/blog\/wp-json\/wp\/v2\/categories?post=90804"},{"taxonomy":"post_tag","embeddable":true,"href":"https:\/\/www.visit-ulcinj.com\/blog\/wp-json\/wp\/v2\/tags?post=90804"}],"curies":[{"name":"wp","href":"https:\/\/api.w.org\/{rel}","templated":true}]}}