{"id":90818,"date":"2015-06-07T16:55:02","date_gmt":"2015-06-07T15:55:02","guid":{"rendered":"http:\/\/www.visit-ulcinj.com\/blog\/?p=90818"},"modified":"2015-06-08T15:39:33","modified_gmt":"2015-06-08T14:39:33","slug":"ulqini-qyteti-qe-mbeti-pa-kinema","status":"publish","type":"post","link":"https:\/\/www.visit-ulcinj.com\/blog\/2015\/06\/07\/ulqini-qyteti-qe-mbeti-pa-kinema\/","title":{"rendered":"Ulqini qyteti q\u00eb mbeti pa kinema"},"content":{"rendered":"<p><a href=\"http:\/\/www.visit-ulcinj.com\/blog\/wp-content\/uploads\/2015\/06\/Ulqini-pa-kinema-.jpg\"><img loading=\"lazy\" class=\"alignleft wp-image-90819\" src=\"http:\/\/www.visit-ulcinj.com\/blog\/wp-content\/uploads\/2015\/06\/Ulqini-pa-kinema-.jpg\" alt=\"Ulqini-pa-kinema-\" width=\"508\" height=\"305\" srcset=\"https:\/\/www.visit-ulcinj.com\/blog\/wp-content\/uploads\/2015\/06\/Ulqini-pa-kinema-.jpg 960w, https:\/\/www.visit-ulcinj.com\/blog\/wp-content\/uploads\/2015\/06\/Ulqini-pa-kinema--300x180.jpg 300w\" sizes=\"(max-width: 508px) 100vw, 508px\" \/><\/a>N\u00eb qendren e Ulqinit po shkat\u00ebrrohet sht\u00ebpia e kinemas karakteristike 70-vje\u00e7are, e cila p\u00ebrbajti edhe krenarin\u00eb e k\u00ebtij qyteti, po kthehet n\u00eb rr\u00ebnoj. Tashm\u00eb \u00ebsht\u00eb pik\u00ebrisht rr\u00ebnoja q\u00eb do t\u2019i befasojn\u00eb turist\u00ebt e huaj dhe vlerat e dikurshme t\u00eb Ulqinit q\u00eb po humbin dita-dit\u00ebs. Madje, shqet\u00ebsimi i banor\u00ebve shprehet edhe n\u00eb nj\u00eb drejtim tjet\u00ebr.<\/p>\n<p>Duhet cekur se Kino Salla &#8220;Crvena Zvjezda&#8221; u themelua n\u00eb vitin 1948.<\/p>\n<p>Aktualisht nuk dihet se \u00e7far fati asht\u00eb rezervuar kinemas, por shikuar k\u00ebto fotografi, b\u00ebhet fjal\u00eb p\u00ebr t\u00eb shp\u00ebtuar jet\u00ebn e njer\u00ebzve, q\u00eb p\u00ebrb\u00ebjn\u00eb nj\u00eb rrezik t\u00eb madh p\u00ebr njer\u00ebzit, pasi muret e tyre po rr\u00ebzohen p\u00ebrdit\u00eb.<\/p>\n<p>Ka pasur mjaft raste kur gur\u00ebt dhe muret e sht\u00ebpive t\u00eb vjetra, p\u00ebr t\u00eb cilat nuk kujdeset askush, bien mbi kalimtar\u00ebt. Shtrohet pyetja ku jan\u00eb thuajse t\u00eb gjitha institucionet publike t\u00eb qytetit.<\/p>\n<p>\u00cbsht\u00eb e v\u00ebshtir\u00eb t\u00eb gjesh n\u00eb arkiva, apo n\u00eb kujtes\u00ebn e ulqinak\u00ebve t\u00eb hersh\u00ebm, se kur \u00ebsht\u00eb ngritur kinemaja e par\u00eb n\u00eb qytet, por nj\u00eb gj\u00eb \u00ebsht\u00eb e sigurt se 67 vjet m\u00eb par\u00eb, n\u00eb kap\u00ebrcyellin e luft\u00ebs s\u00eb dyt\u00eb bot\u00ebrore qyteti bregdetar pati dy kinema. Qyteti i Ulqinit e humbi lidhjen me kineman\u00eb n\u00eb vitin 1990 &#8211; 1995.<\/p>\n<p><a href=\"http:\/\/www.visit-ulcinj.com\/blog\/wp-content\/uploads\/2015\/01\/Disco-Fama-Ulqin.jpg\"><img loading=\"lazy\" class=\"alignleft wp-image-87680\" src=\"http:\/\/www.visit-ulcinj.com\/blog\/wp-content\/uploads\/2015\/01\/Disco-Fama-Ulqin.jpg\" alt=\"Disco-Fama-Ulqin\" width=\"508\" height=\"339\" srcset=\"https:\/\/www.visit-ulcinj.com\/blog\/wp-content\/uploads\/2015\/01\/Disco-Fama-Ulqin.jpg 960w, https:\/\/www.visit-ulcinj.com\/blog\/wp-content\/uploads\/2015\/01\/Disco-Fama-Ulqin-300x200.jpg 300w\" sizes=\"(max-width: 508px) 100vw, 508px\" \/><\/a><\/p>\n<p>Nj\u00eb tjet\u00ebr kinema verore u ngrit n\u00eb fillim t\u00eb viteve 1960 n\u00eb Ran\u00eb \u201cKino Bashta\u201d. Me nj\u00eb kapacitet prej 500 vendesh, duke u kthyer n\u00eb nj\u00eb vend arg\u00ebtimi p\u00ebr mij\u00ebra pushues q\u00eb kalonin pushimet e zakonshme n\u00eb plazhet e Ulqinit, dhe ajo ekzistoi si e till\u00eb deri n\u00eb fund t\u00eb viteve 1990 -1995.<\/p>\n<p>T\u00eb tilla mbet\u00ebn kinemat\u00eb e qytetit t\u00eb lasht\u00eb t\u00eb Ulqinit deri n\u00eb fillimin e viteve 1990 &#8211; 1995, duke ky\u00e7ur n\u00eb memorien e ulqinak\u00ebve, t\u00eb gjitha kujtimet q\u00eb lidheshin me magjin\u00eb e ekranit t\u00eb madh. Dy kinemat\u00eb e qytetit, ajo e Kino Salles, si dhe kinemaja verore n\u00eb Ran\u00eb ( Plazhi i vogel) u mbyll\u00ebn shum\u00eb shpejt.<\/p>\n<p>Duhet cekur q\u00eb t\u00eb gjitha godinat iu rikthyen familjeve t\u00eb ish-pronar\u00ebve, nd\u00ebrsa tentativat p\u00ebr rikthimin e kinemas\u00eb nuk mund\u00ebn t\u00eb prodhojn\u00eb m\u00eb shum\u00eb se sa nj\u00eb Festival nd\u00ebrkomb\u00ebtar t\u00eb filmit, q\u00eb nuk do t\u00eb mbahet kurr.<\/p>\n<p>Sot k\u00ebsaj komune i mungon kinemaja dhe p\u00ebr momentin nuk ka gjasa q\u00eb t\u00eb b\u00ebhet di\u00e7ka p\u00ebr t\u00eb zgjidhur problemin. Kinemaja e qytetit t\u00eb Ulqinit nuk ka gjasa t\u00eb nd\u00ebrtohet duke ditur se s\u00eb pari i mungon hap\u00ebsira sip\u00ebrfaqes nd\u00ebrtimore e pastaj edhe financimi.<\/p>\n<p>Ata q\u00eb kalojn\u00eb pran\u00eb kinemas\u00eb s\u00eb dikurshme t\u00eb qytetit mund t\u00eb thon\u00eb se dikur na ishte nj\u00eb kinema n\u00eb Ran\u00eb dhe n\u00eb qend\u00ebr t\u00eb qytetit e cila ka shfaqur mij\u00ebra filma t\u00eb vendeve t\u00eb ndryshme t\u00eb bot\u00ebs, nd\u00ebrsa tash ekziston nj\u00eb objekt komercial e sh\u00ebndruar n\u00eb Disco kurse tjetra po kthehet n\u00eb rr\u00ebnoj.<\/p>\n<p>Ulqini me gjith\u00eb emrin e sh\u00ebnuar n\u00eb pasurit\u00eb e p\u00ebrbotshme si t\u00eb jet\u00eb e mbrojtur nga UNESKO, do t\u00eb jet\u00eb thjesht nj\u00eb qytet muze.<\/p>\n<p><strong><a href=\"https:\/\/www.facebook.com\/photo.php?fbid=1054135471282839&amp;set=pcb.1579191712331763&amp;type=1&amp;theater\" target=\"_blank\">Foto Baro Vukovic\u200e Facebook<\/a><\/strong><\/p>\n\n\t\t<style type=\"text\/css\">\n\t\t\t#gallery-1 {\n\t\t\t\tmargin: auto;\n\t\t\t}\n\t\t\t#gallery-1 .gallery-item {\n\t\t\t\tfloat: left;\n\t\t\t\tmargin-top: 10px;\n\t\t\t\ttext-align: center;\n\t\t\t\twidth: 33%;\n\t\t\t}\n\t\t\t#gallery-1 img {\n\t\t\t\tborder: 2px solid #cfcfcf;\n\t\t\t}\n\t\t\t#gallery-1 .gallery-caption {\n\t\t\t\tmargin-left: 0;\n\t\t\t}\n\t\t\t\/* see gallery_shortcode() in wp-includes\/media.php *\/\n\t\t<\/style>\n\t\t<div id='gallery-1' class='gallery galleryid-90818 gallery-columns-3 gallery-size-thumbnail'><dl class='gallery-item'>\n\t\t\t<dt class='gallery-icon portrait'>\n\t\t\t\t<a href='https:\/\/www.visit-ulcinj.com\/blog\/2015\/06\/07\/ulqini-qyteti-qe-mbeti-pa-kinema\/rrenoja-kinema-ulqini\/'><img width=\"150\" height=\"150\" src=\"https:\/\/www.visit-ulcinj.com\/blog\/wp-content\/uploads\/2015\/06\/Rr\u00ebnoja-kinema-Ulqini-150x150.jpg\" class=\"attachment-thumbnail size-thumbnail\" alt=\"\" loading=\"lazy\" \/><\/a>\n\t\t\t<\/dt><\/dl><dl class='gallery-item'>\n\t\t\t<dt class='gallery-icon portrait'>\n\t\t\t\t<a href='https:\/\/www.visit-ulcinj.com\/blog\/2015\/06\/07\/ulqini-qyteti-qe-mbeti-pa-kinema\/rrenoja-kinema-ulqini-1\/'><img width=\"150\" height=\"150\" src=\"https:\/\/www.visit-ulcinj.com\/blog\/wp-content\/uploads\/2015\/06\/Rr\u00ebnoja-kinema-Ulqini-1-150x150.jpg\" class=\"attachment-thumbnail size-thumbnail\" alt=\"\" loading=\"lazy\" \/><\/a>\n\t\t\t<\/dt><\/dl><dl class='gallery-item'>\n\t\t\t<dt class='gallery-icon portrait'>\n\t\t\t\t<a href='https:\/\/www.visit-ulcinj.com\/blog\/2015\/06\/07\/ulqini-qyteti-qe-mbeti-pa-kinema\/rrenoja-kinema-ulqini-2\/'><img width=\"150\" height=\"150\" src=\"https:\/\/www.visit-ulcinj.com\/blog\/wp-content\/uploads\/2015\/06\/Rr\u00ebnoja-kinema-Ulqini-2-150x150.jpg\" class=\"attachment-thumbnail size-thumbnail\" alt=\"\" loading=\"lazy\" \/><\/a>\n\t\t\t<\/dt><\/dl><br style=\"clear: both\" \/>\n\t\t<\/div>\n\n","protected":false},"excerpt":{"rendered":"<p>N\u00eb qendren e Ulqinit po shkat\u00ebrrohet sht\u00ebpia e kinemas karakteristike 70-vje\u00e7are, e cila p\u00ebrbajti edhe krenarin\u00eb e k\u00ebtij qyteti, po kthehet n\u00eb rr\u00ebnoj. Tashm\u00eb \u00ebsht\u00eb pik\u00ebrisht rr\u00ebnoja q\u00eb do t\u2019i befasojn\u00eb turist\u00ebt e huaj dhe vlerat e dikurshme t\u00eb Ulqinit q\u00eb po humbin dita-dit\u00ebs. Madje, shqet\u00ebsimi i banor\u00ebve shprehet edhe n\u00eb nj\u00eb drejtim tjet\u00ebr. Duhet [&hellip;]<\/p>\n","protected":false},"author":1,"featured_media":0,"comment_status":"closed","ping_status":"closed","sticky":false,"template":"","format":"standard","meta":{"spay_email":"","jetpack_publicize_message":"","jetpack_is_tweetstorm":false,"jetpack_publicize_feature_enabled":true},"categories":[1,13],"tags":[],"jetpack_publicize_connections":[],"yoast_head":"<!-- This site is optimized with the Yoast SEO plugin v19.1 - https:\/\/yoast.com\/wordpress\/plugins\/seo\/ -->\n<title>Ulqini qyteti q\u00eb mbeti pa kinema - Lajme nga Ulqini<\/title>\n<meta name=\"description\" content=\"N\u00eb qendren e Ulqinit po shkat\u00ebrrohet sht\u00ebpia e kinemas karakteristike 70-vje\u00e7are, e cila p\u00ebrbajti edhe krenarin\u00eb e k\u00ebtij qyteti, po kthehet n\u00eb rr\u00ebnoj.\" \/>\n<meta name=\"robots\" content=\"index, follow, max-snippet:-1, max-image-preview:large, max-video-preview:-1\" \/>\n<link rel=\"canonical\" href=\"https:\/\/www.visit-ulcinj.com\/blog\/2015\/06\/07\/ulqini-qyteti-qe-mbeti-pa-kinema\/\" \/>\n<meta property=\"og:locale\" content=\"en_US\" \/>\n<meta property=\"og:type\" content=\"article\" \/>\n<meta property=\"og:title\" content=\"Ulqini qyteti q\u00eb mbeti pa kinema - Lajme nga Ulqini\" \/>\n<meta property=\"og:description\" content=\"N\u00eb qendren e Ulqinit po shkat\u00ebrrohet sht\u00ebpia e kinemas karakteristike 70-vje\u00e7are, e cila p\u00ebrbajti edhe krenarin\u00eb e k\u00ebtij qyteti, po kthehet n\u00eb rr\u00ebnoj.\" \/>\n<meta property=\"og:url\" content=\"https:\/\/www.visit-ulcinj.com\/blog\/2015\/06\/07\/ulqini-qyteti-qe-mbeti-pa-kinema\/\" \/>\n<meta property=\"og:site_name\" content=\"Lajme nga Ulqini\" \/>\n<meta property=\"article:published_time\" content=\"2015-06-07T15:55:02+00:00\" \/>\n<meta property=\"article:modified_time\" content=\"2015-06-08T14:39:33+00:00\" \/>\n<meta property=\"og:image\" content=\"https:\/\/www.visit-ulcinj.com\/blog\/wp-content\/uploads\/2015\/06\/Rr\u00ebnoja-kinema-Ulqini-150x150.jpg\" \/>\n<meta name=\"twitter:label1\" content=\"Written by\" \/>\n\t<meta name=\"twitter:data1\" content=\"ulqini\" \/>\n\t<meta name=\"twitter:label2\" content=\"Est. reading time\" \/>\n\t<meta name=\"twitter:data2\" content=\"3 minutes\" \/>\n<script type=\"application\/ld+json\" class=\"yoast-schema-graph\">{\"@context\":\"https:\/\/schema.org\",\"@graph\":[{\"@type\":\"WebSite\",\"@id\":\"https:\/\/www.visit-ulcinj.com\/blog\/#website\",\"url\":\"https:\/\/www.visit-ulcinj.com\/blog\/\",\"name\":\"Lajme nga Ulqini\",\"description\":\"Lajme,Vijesti,Ulqini,Ulqin,Crna Gora,Mali i Zi\",\"potentialAction\":[{\"@type\":\"SearchAction\",\"target\":{\"@type\":\"EntryPoint\",\"urlTemplate\":\"https:\/\/www.visit-ulcinj.com\/blog\/?s={search_term_string}\"},\"query-input\":\"required name=search_term_string\"}],\"inLanguage\":\"en-US\"},{\"@type\":\"ImageObject\",\"inLanguage\":\"en-US\",\"@id\":\"https:\/\/www.visit-ulcinj.com\/blog\/2015\/06\/07\/ulqini-qyteti-qe-mbeti-pa-kinema\/#primaryimage\",\"url\":\"https:\/\/www.visit-ulcinj.com\/blog\/wp-content\/uploads\/2015\/06\/Ulqini-pa-kinema-.jpg\",\"contentUrl\":\"https:\/\/www.visit-ulcinj.com\/blog\/wp-content\/uploads\/2015\/06\/Ulqini-pa-kinema-.jpg\",\"width\":960,\"height\":576},{\"@type\":\"WebPage\",\"@id\":\"https:\/\/www.visit-ulcinj.com\/blog\/2015\/06\/07\/ulqini-qyteti-qe-mbeti-pa-kinema\/#webpage\",\"url\":\"https:\/\/www.visit-ulcinj.com\/blog\/2015\/06\/07\/ulqini-qyteti-qe-mbeti-pa-kinema\/\",\"name\":\"Ulqini qyteti q\u00eb mbeti pa kinema - Lajme nga Ulqini\",\"isPartOf\":{\"@id\":\"https:\/\/www.visit-ulcinj.com\/blog\/#website\"},\"primaryImageOfPage\":{\"@id\":\"https:\/\/www.visit-ulcinj.com\/blog\/2015\/06\/07\/ulqini-qyteti-qe-mbeti-pa-kinema\/#primaryimage\"},\"datePublished\":\"2015-06-07T15:55:02+00:00\",\"dateModified\":\"2015-06-08T14:39:33+00:00\",\"author\":{\"@id\":\"https:\/\/www.visit-ulcinj.com\/blog\/#\/schema\/person\/dcab619c614d3038751c63bc2aadc06d\"},\"description\":\"N\u00eb qendren e Ulqinit po shkat\u00ebrrohet sht\u00ebpia e kinemas karakteristike 70-vje\u00e7are, e cila p\u00ebrbajti edhe krenarin\u00eb e k\u00ebtij qyteti, po kthehet n\u00eb rr\u00ebnoj.\",\"breadcrumb\":{\"@id\":\"https:\/\/www.visit-ulcinj.com\/blog\/2015\/06\/07\/ulqini-qyteti-qe-mbeti-pa-kinema\/#breadcrumb\"},\"inLanguage\":\"en-US\",\"potentialAction\":[{\"@type\":\"ReadAction\",\"target\":[\"https:\/\/www.visit-ulcinj.com\/blog\/2015\/06\/07\/ulqini-qyteti-qe-mbeti-pa-kinema\/\"]}]},{\"@type\":\"BreadcrumbList\",\"@id\":\"https:\/\/www.visit-ulcinj.com\/blog\/2015\/06\/07\/ulqini-qyteti-qe-mbeti-pa-kinema\/#breadcrumb\",\"itemListElement\":[{\"@type\":\"ListItem\",\"position\":1,\"name\":\"Ulqini qyteti q\u00eb mbeti pa kinema\"}]},{\"@type\":\"Person\",\"@id\":\"https:\/\/www.visit-ulcinj.com\/blog\/#\/schema\/person\/dcab619c614d3038751c63bc2aadc06d\",\"name\":\"ulqini\",\"sameAs\":[\"http:\/\/www.visit-ulcinj.com\"],\"url\":\"https:\/\/www.visit-ulcinj.com\/blog\/author\/admin\/\"}]}<\/script>\n<!-- \/ Yoast SEO plugin. -->","yoast_head_json":{"title":"Ulqini qyteti q\u00eb mbeti pa kinema - Lajme nga Ulqini","description":"N\u00eb qendren e Ulqinit po shkat\u00ebrrohet sht\u00ebpia e kinemas karakteristike 70-vje\u00e7are, e cila p\u00ebrbajti edhe krenarin\u00eb e k\u00ebtij qyteti, po kthehet n\u00eb rr\u00ebnoj.","robots":{"index":"index","follow":"follow","max-snippet":"max-snippet:-1","max-image-preview":"max-image-preview:large","max-video-preview":"max-video-preview:-1"},"canonical":"https:\/\/www.visit-ulcinj.com\/blog\/2015\/06\/07\/ulqini-qyteti-qe-mbeti-pa-kinema\/","og_locale":"en_US","og_type":"article","og_title":"Ulqini qyteti q\u00eb mbeti pa kinema - Lajme nga Ulqini","og_description":"N\u00eb qendren e Ulqinit po shkat\u00ebrrohet sht\u00ebpia e kinemas karakteristike 70-vje\u00e7are, e cila p\u00ebrbajti edhe krenarin\u00eb e k\u00ebtij qyteti, po kthehet n\u00eb rr\u00ebnoj.","og_url":"https:\/\/www.visit-ulcinj.com\/blog\/2015\/06\/07\/ulqini-qyteti-qe-mbeti-pa-kinema\/","og_site_name":"Lajme nga Ulqini","article_published_time":"2015-06-07T15:55:02+00:00","article_modified_time":"2015-06-08T14:39:33+00:00","og_image":[{"url":"https:\/\/www.visit-ulcinj.com\/blog\/wp-content\/uploads\/2015\/06\/Rr\u00ebnoja-kinema-Ulqini-150x150.jpg"}],"twitter_misc":{"Written by":"ulqini","Est. reading time":"3 minutes"},"schema":{"@context":"https:\/\/schema.org","@graph":[{"@type":"WebSite","@id":"https:\/\/www.visit-ulcinj.com\/blog\/#website","url":"https:\/\/www.visit-ulcinj.com\/blog\/","name":"Lajme nga Ulqini","description":"Lajme,Vijesti,Ulqini,Ulqin,Crna Gora,Mali i Zi","potentialAction":[{"@type":"SearchAction","target":{"@type":"EntryPoint","urlTemplate":"https:\/\/www.visit-ulcinj.com\/blog\/?s={search_term_string}"},"query-input":"required name=search_term_string"}],"inLanguage":"en-US"},{"@type":"ImageObject","inLanguage":"en-US","@id":"https:\/\/www.visit-ulcinj.com\/blog\/2015\/06\/07\/ulqini-qyteti-qe-mbeti-pa-kinema\/#primaryimage","url":"https:\/\/www.visit-ulcinj.com\/blog\/wp-content\/uploads\/2015\/06\/Ulqini-pa-kinema-.jpg","contentUrl":"https:\/\/www.visit-ulcinj.com\/blog\/wp-content\/uploads\/2015\/06\/Ulqini-pa-kinema-.jpg","width":960,"height":576},{"@type":"WebPage","@id":"https:\/\/www.visit-ulcinj.com\/blog\/2015\/06\/07\/ulqini-qyteti-qe-mbeti-pa-kinema\/#webpage","url":"https:\/\/www.visit-ulcinj.com\/blog\/2015\/06\/07\/ulqini-qyteti-qe-mbeti-pa-kinema\/","name":"Ulqini qyteti q\u00eb mbeti pa kinema - Lajme nga Ulqini","isPartOf":{"@id":"https:\/\/www.visit-ulcinj.com\/blog\/#website"},"primaryImageOfPage":{"@id":"https:\/\/www.visit-ulcinj.com\/blog\/2015\/06\/07\/ulqini-qyteti-qe-mbeti-pa-kinema\/#primaryimage"},"datePublished":"2015-06-07T15:55:02+00:00","dateModified":"2015-06-08T14:39:33+00:00","author":{"@id":"https:\/\/www.visit-ulcinj.com\/blog\/#\/schema\/person\/dcab619c614d3038751c63bc2aadc06d"},"description":"N\u00eb qendren e Ulqinit po shkat\u00ebrrohet sht\u00ebpia e kinemas karakteristike 70-vje\u00e7are, e cila p\u00ebrbajti edhe krenarin\u00eb e k\u00ebtij qyteti, po kthehet n\u00eb rr\u00ebnoj.","breadcrumb":{"@id":"https:\/\/www.visit-ulcinj.com\/blog\/2015\/06\/07\/ulqini-qyteti-qe-mbeti-pa-kinema\/#breadcrumb"},"inLanguage":"en-US","potentialAction":[{"@type":"ReadAction","target":["https:\/\/www.visit-ulcinj.com\/blog\/2015\/06\/07\/ulqini-qyteti-qe-mbeti-pa-kinema\/"]}]},{"@type":"BreadcrumbList","@id":"https:\/\/www.visit-ulcinj.com\/blog\/2015\/06\/07\/ulqini-qyteti-qe-mbeti-pa-kinema\/#breadcrumb","itemListElement":[{"@type":"ListItem","position":1,"name":"Ulqini qyteti q\u00eb mbeti pa kinema"}]},{"@type":"Person","@id":"https:\/\/www.visit-ulcinj.com\/blog\/#\/schema\/person\/dcab619c614d3038751c63bc2aadc06d","name":"ulqini","sameAs":["http:\/\/www.visit-ulcinj.com"],"url":"https:\/\/www.visit-ulcinj.com\/blog\/author\/admin\/"}]}},"jetpack_featured_media_url":"","jetpack_sharing_enabled":true,"jetpack_shortlink":"https:\/\/wp.me\/pe6lTn-nCO","_links":{"self":[{"href":"https:\/\/www.visit-ulcinj.com\/blog\/wp-json\/wp\/v2\/posts\/90818"}],"collection":[{"href":"https:\/\/www.visit-ulcinj.com\/blog\/wp-json\/wp\/v2\/posts"}],"about":[{"href":"https:\/\/www.visit-ulcinj.com\/blog\/wp-json\/wp\/v2\/types\/post"}],"author":[{"embeddable":true,"href":"https:\/\/www.visit-ulcinj.com\/blog\/wp-json\/wp\/v2\/users\/1"}],"replies":[{"embeddable":true,"href":"https:\/\/www.visit-ulcinj.com\/blog\/wp-json\/wp\/v2\/comments?post=90818"}],"version-history":[{"count":2,"href":"https:\/\/www.visit-ulcinj.com\/blog\/wp-json\/wp\/v2\/posts\/90818\/revisions"}],"predecessor-version":[{"id":90824,"href":"https:\/\/www.visit-ulcinj.com\/blog\/wp-json\/wp\/v2\/posts\/90818\/revisions\/90824"}],"wp:attachment":[{"href":"https:\/\/www.visit-ulcinj.com\/blog\/wp-json\/wp\/v2\/media?parent=90818"}],"wp:term":[{"taxonomy":"category","embeddable":true,"href":"https:\/\/www.visit-ulcinj.com\/blog\/wp-json\/wp\/v2\/categories?post=90818"},{"taxonomy":"post_tag","embeddable":true,"href":"https:\/\/www.visit-ulcinj.com\/blog\/wp-json\/wp\/v2\/tags?post=90818"}],"curies":[{"name":"wp","href":"https:\/\/api.w.org\/{rel}","templated":true}]}}