{"id":90828,"date":"2015-06-07T17:26:31","date_gmt":"2015-06-07T16:26:31","guid":{"rendered":"http:\/\/www.visit-ulcinj.com\/blog\/?p=90828"},"modified":"2015-06-07T17:28:19","modified_gmt":"2015-06-07T16:28:19","slug":"pse-po-zbrazet-veriu-malit-te-zi","status":"publish","type":"post","link":"https:\/\/www.visit-ulcinj.com\/blog\/2015\/06\/07\/pse-po-zbrazet-veriu-malit-te-zi\/","title":{"rendered":"Pse po zbrazet veriu i Malit t\u00eb Zi"},"content":{"rendered":"<p><a href=\"http:\/\/www.visit-ulcinj.com\/blog\/wp-content\/uploads\/2015\/06\/Foto-Vijesti.jpg\"><img loading=\"lazy\" class=\"alignleft wp-image-90826\" src=\"http:\/\/www.visit-ulcinj.com\/blog\/wp-content\/uploads\/2015\/06\/Foto-Vijesti.jpg\" alt=\"Foto-Vijesti\" width=\"508\" height=\"319\" srcset=\"https:\/\/www.visit-ulcinj.com\/blog\/wp-content\/uploads\/2015\/06\/Foto-Vijesti.jpg 560w, https:\/\/www.visit-ulcinj.com\/blog\/wp-content\/uploads\/2015\/06\/Foto-Vijesti-300x189.jpg 300w\" sizes=\"(max-width: 508px) 100vw, 508px\" \/><\/a><strong>Foto: Vijesti Online<\/strong><\/p>\n<p>Eksodi prek edhe veriun e Malit t\u00eb Zi. 30 njer\u00ebz largohen \u00e7do dit\u00eb. Qeveria: \u201cLidhet me ardhjen e sezonit t\u00eb nd\u00ebrtimit\u201d. Ende asnj\u00eb raportim p\u00ebr p\u00ebrfshirje t\u00eb sh\u00ebrbimeve t\u00eb huaja. P\u00ebrfaqsuesit e organizat\u00ebs joqeveritare \u201cEuromost\u201d kan\u00eb evidentuar 10 autobusa q\u00eb jan\u00eb larguar me njer\u00ebz vet\u00ebm k\u00ebto dy dit\u00ebt\u00a0 fundit, b\u00ebjn\u00eb t\u00eb ditur mediat malazeze.<\/p>\n<p>Gazeta\u201cShekulli\u201d p\u00ebrcjell n\u00eb faqen e vet online nj\u00eb lajm q\u00eb flet p\u00ebr eksodin q\u00eb ka prekur edhe Malin e Zi. Madje jo zon\u00ebn q\u00eb banohet me shqiptar\u00eb, por edhe veriun e vendit.<\/p>\n<p>Mali i Zi po braktiset gjithnj\u00eb e m\u00eb shum\u00eb nga qindra e mij\u00ebra qytetar\u00eb. T\u00eb dh\u00ebnat e fundit t\u00eb organizatave joqeveritare tregojn\u00eb se nga veriu i vendit, largohen \u00e7do dit\u00eb rreth 30 njer\u00ebz. Situata e r\u00ebnd\u00eb ekonomike n\u00eb veri t\u00eb Malit t\u00eb Zi, papun\u00ebsia e madhe, mungesa e investimeve, jan\u00eb vet\u00ebm disa nga arsyet pse koh\u00ebt e fundit, qytetar\u00ebt po largohen drejt Europ\u00ebs, shkruan \u201cAA\u201d.<\/p>\n<p>Qeveria e Malit t\u00eb Zi shprehet se nuk ka vend p\u00ebr panik, nd\u00ebrsa disa parti politike k\u00ebrkojn\u00eb reagim urgjent t\u00eb qeveris\u00eb. Sociolog\u00ebt paralajm\u00ebrojn\u00eb se veriu i vendit mund t\u00eb p\u00ebrjetoj\u00eb fatin e nj\u00ebjt\u00eb t\u00eb fshatit malazez, i cili \u00ebsht\u00eb sot pothuajse i zbraz\u00ebt.<\/p>\n<p>Nga Qeveria tani p\u00ebr tani nuk ka reagime t\u00eb m\u00ebdha ndaj fenomenit t\u00eb largimit t\u00eb njer\u00ebzve nga veriu i vendit. Z\u00ebvend\u00ebskryeministri Rafet Husovi\u00e7 thot\u00eb se ardhja e sezonit t\u00eb nd\u00ebrtimit \u00ebsht\u00eb arsyeja kryesore p\u00ebr udh\u00ebtim, nd\u00ebrsa shton se\u00a0populli i Malit t\u00eb Zi shkon tek t\u00eb af\u00ebrmit jasht\u00eb vendit, p\u00ebr t\u00eb gjetur pun\u00eb t\u00eb p\u00ebrkohshme.<\/p>\n<p>T\u00eb dh\u00ebnat e Entit p\u00ebr Statistika s\u00eb Malit t\u00eb Zi (MONSTAT), tregojn\u00eb se nga veriu i vendit n\u00eb dy muajt e par\u00eb jan\u00eb larguar 179 qytetar\u00eb. K\u00ebt\u00eb pjes\u00eb t\u00eb Malit t\u00eb Zi, e braktisin tre banor\u00eb n\u00eb dit\u00eb.<\/p>\n<p>Ambasadorja e Gjermanis\u00eb n\u00eb Podgoric\u00eb, Elizabet Shtajnaker apeloi q\u00eb qytetar\u00ebt nga veriu i Malit t\u00eb Zi t\u00eb mos shkojn\u00eb n\u00eb vendin e saj, sepse atje nuk do t\u00eb marrin azil. Ajo tregoi se disa familje tashm\u00eb jan\u00eb kthyer n\u00eb Mal t\u00eb Zi.<\/p>\n<p>Sipas raportit t\u00eb fundit t\u00eb Komisionit Evropian, numri m\u00eb i madh i azilk\u00ebrkuesve vjen nga Serbia dhe Kosova, nd\u00ebrkoh\u00eb q\u00eb qytetar\u00eb e Malit t\u00eb Zi nuk jan\u00eb t\u00eb njohur si &#8220;emigrant\u00ebt problematik\u00eb&#8221;.<\/p>\n<p>Sipas vler\u00ebsimeve t\u00eb Institutit Demografik Amerikan n\u00eb vitin 2050, Mali i Zi do t\u00eb ket\u00eb p\u00ebr 10 deri 11 p\u00ebrqind m\u00eb pak banor\u00eb, ose\u00a060 mij\u00eb banor\u00eb m\u00eb pak.<\/p>\n<p><strong>\/Shekulli Online\/<\/strong><\/p>\n","protected":false},"excerpt":{"rendered":"<p>Foto: Vijesti Online Eksodi prek edhe veriun e Malit t\u00eb Zi. 30 njer\u00ebz largohen \u00e7do dit\u00eb. Qeveria: \u201cLidhet me ardhjen e sezonit t\u00eb nd\u00ebrtimit\u201d. Ende asnj\u00eb raportim p\u00ebr p\u00ebrfshirje t\u00eb sh\u00ebrbimeve t\u00eb huaja. P\u00ebrfaqsuesit e organizat\u00ebs joqeveritare \u201cEuromost\u201d kan\u00eb evidentuar 10 autobusa q\u00eb jan\u00eb larguar me njer\u00ebz vet\u00ebm k\u00ebto dy dit\u00ebt\u00a0 fundit, b\u00ebjn\u00eb t\u00eb ditur [&hellip;]<\/p>\n","protected":false},"author":1,"featured_media":0,"comment_status":"closed","ping_status":"closed","sticky":false,"template":"","format":"standard","meta":{"spay_email":"","jetpack_publicize_message":"","jetpack_is_tweetstorm":false,"jetpack_publicize_feature_enabled":true},"categories":[12],"tags":[],"jetpack_publicize_connections":[],"yoast_head":"<!-- This site is optimized with the Yoast SEO plugin v19.1 - https:\/\/yoast.com\/wordpress\/plugins\/seo\/ -->\n<title>Pse po zbrazet veriu i Malit t\u00eb Zi - Lajme nga Ulqini<\/title>\n<meta name=\"description\" content=\"Foto: Vijesti Online Eksodi prek edhe veriun e Malit t\u00eb Zi. 30 njer\u00ebz largohen \u00e7do dit\u00eb. Qeveria: \u201cLidhet me ardhjen e sezonit t\u00eb nd\u00ebrtimit\u201d. Ende asnj\u00eb\" \/>\n<meta name=\"robots\" content=\"index, follow, max-snippet:-1, max-image-preview:large, max-video-preview:-1\" \/>\n<link rel=\"canonical\" href=\"https:\/\/www.visit-ulcinj.com\/blog\/2015\/06\/07\/pse-po-zbrazet-veriu-malit-te-zi\/\" \/>\n<meta property=\"og:locale\" content=\"en_US\" \/>\n<meta property=\"og:type\" content=\"article\" \/>\n<meta property=\"og:title\" content=\"Pse po zbrazet veriu i Malit t\u00eb Zi - Lajme nga Ulqini\" \/>\n<meta property=\"og:description\" content=\"Foto: Vijesti Online Eksodi prek edhe veriun e Malit t\u00eb Zi. 30 njer\u00ebz largohen \u00e7do dit\u00eb. Qeveria: \u201cLidhet me ardhjen e sezonit t\u00eb nd\u00ebrtimit\u201d. Ende asnj\u00eb\" \/>\n<meta property=\"og:url\" content=\"https:\/\/www.visit-ulcinj.com\/blog\/2015\/06\/07\/pse-po-zbrazet-veriu-malit-te-zi\/\" \/>\n<meta property=\"og:site_name\" content=\"Lajme nga Ulqini\" \/>\n<meta property=\"article:published_time\" content=\"2015-06-07T16:26:31+00:00\" \/>\n<meta property=\"article:modified_time\" content=\"2015-06-07T16:28:19+00:00\" \/>\n<meta property=\"og:image\" content=\"http:\/\/www.visit-ulcinj.com\/blog\/wp-content\/uploads\/2015\/06\/Foto-Vijesti.jpg\" \/>\n<meta name=\"twitter:label1\" content=\"Written by\" \/>\n\t<meta name=\"twitter:data1\" content=\"ulqini\" \/>\n\t<meta name=\"twitter:label2\" content=\"Est. reading time\" \/>\n\t<meta name=\"twitter:data2\" content=\"2 minutes\" \/>\n<script type=\"application\/ld+json\" class=\"yoast-schema-graph\">{\"@context\":\"https:\/\/schema.org\",\"@graph\":[{\"@type\":\"WebSite\",\"@id\":\"https:\/\/www.visit-ulcinj.com\/blog\/#website\",\"url\":\"https:\/\/www.visit-ulcinj.com\/blog\/\",\"name\":\"Lajme nga Ulqini\",\"description\":\"Lajme,Vijesti,Ulqini,Ulqin,Crna Gora,Mali i Zi\",\"potentialAction\":[{\"@type\":\"SearchAction\",\"target\":{\"@type\":\"EntryPoint\",\"urlTemplate\":\"https:\/\/www.visit-ulcinj.com\/blog\/?s={search_term_string}\"},\"query-input\":\"required name=search_term_string\"}],\"inLanguage\":\"en-US\"},{\"@type\":\"ImageObject\",\"inLanguage\":\"en-US\",\"@id\":\"https:\/\/www.visit-ulcinj.com\/blog\/2015\/06\/07\/pse-po-zbrazet-veriu-malit-te-zi\/#primaryimage\",\"url\":\"https:\/\/www.visit-ulcinj.com\/blog\/wp-content\/uploads\/2015\/06\/Foto-Vijesti.jpg\",\"contentUrl\":\"https:\/\/www.visit-ulcinj.com\/blog\/wp-content\/uploads\/2015\/06\/Foto-Vijesti.jpg\",\"width\":560,\"height\":352},{\"@type\":\"WebPage\",\"@id\":\"https:\/\/www.visit-ulcinj.com\/blog\/2015\/06\/07\/pse-po-zbrazet-veriu-malit-te-zi\/#webpage\",\"url\":\"https:\/\/www.visit-ulcinj.com\/blog\/2015\/06\/07\/pse-po-zbrazet-veriu-malit-te-zi\/\",\"name\":\"Pse po zbrazet veriu i Malit t\u00eb Zi - Lajme nga Ulqini\",\"isPartOf\":{\"@id\":\"https:\/\/www.visit-ulcinj.com\/blog\/#website\"},\"primaryImageOfPage\":{\"@id\":\"https:\/\/www.visit-ulcinj.com\/blog\/2015\/06\/07\/pse-po-zbrazet-veriu-malit-te-zi\/#primaryimage\"},\"datePublished\":\"2015-06-07T16:26:31+00:00\",\"dateModified\":\"2015-06-07T16:28:19+00:00\",\"author\":{\"@id\":\"https:\/\/www.visit-ulcinj.com\/blog\/#\/schema\/person\/dcab619c614d3038751c63bc2aadc06d\"},\"description\":\"Foto: Vijesti Online Eksodi prek edhe veriun e Malit t\u00eb Zi. 30 njer\u00ebz largohen \u00e7do dit\u00eb. Qeveria: \u201cLidhet me ardhjen e sezonit t\u00eb nd\u00ebrtimit\u201d. Ende asnj\u00eb\",\"breadcrumb\":{\"@id\":\"https:\/\/www.visit-ulcinj.com\/blog\/2015\/06\/07\/pse-po-zbrazet-veriu-malit-te-zi\/#breadcrumb\"},\"inLanguage\":\"en-US\",\"potentialAction\":[{\"@type\":\"ReadAction\",\"target\":[\"https:\/\/www.visit-ulcinj.com\/blog\/2015\/06\/07\/pse-po-zbrazet-veriu-malit-te-zi\/\"]}]},{\"@type\":\"BreadcrumbList\",\"@id\":\"https:\/\/www.visit-ulcinj.com\/blog\/2015\/06\/07\/pse-po-zbrazet-veriu-malit-te-zi\/#breadcrumb\",\"itemListElement\":[{\"@type\":\"ListItem\",\"position\":1,\"name\":\"Pse po zbrazet veriu i Malit t\u00eb Zi\"}]},{\"@type\":\"Person\",\"@id\":\"https:\/\/www.visit-ulcinj.com\/blog\/#\/schema\/person\/dcab619c614d3038751c63bc2aadc06d\",\"name\":\"ulqini\",\"sameAs\":[\"http:\/\/www.visit-ulcinj.com\"],\"url\":\"https:\/\/www.visit-ulcinj.com\/blog\/author\/admin\/\"}]}<\/script>\n<!-- \/ Yoast SEO plugin. -->","yoast_head_json":{"title":"Pse po zbrazet veriu i Malit t\u00eb Zi - Lajme nga Ulqini","description":"Foto: Vijesti Online Eksodi prek edhe veriun e Malit t\u00eb Zi. 30 njer\u00ebz largohen \u00e7do dit\u00eb. Qeveria: \u201cLidhet me ardhjen e sezonit t\u00eb nd\u00ebrtimit\u201d. Ende asnj\u00eb","robots":{"index":"index","follow":"follow","max-snippet":"max-snippet:-1","max-image-preview":"max-image-preview:large","max-video-preview":"max-video-preview:-1"},"canonical":"https:\/\/www.visit-ulcinj.com\/blog\/2015\/06\/07\/pse-po-zbrazet-veriu-malit-te-zi\/","og_locale":"en_US","og_type":"article","og_title":"Pse po zbrazet veriu i Malit t\u00eb Zi - Lajme nga Ulqini","og_description":"Foto: Vijesti Online Eksodi prek edhe veriun e Malit t\u00eb Zi. 30 njer\u00ebz largohen \u00e7do dit\u00eb. Qeveria: \u201cLidhet me ardhjen e sezonit t\u00eb nd\u00ebrtimit\u201d. Ende asnj\u00eb","og_url":"https:\/\/www.visit-ulcinj.com\/blog\/2015\/06\/07\/pse-po-zbrazet-veriu-malit-te-zi\/","og_site_name":"Lajme nga Ulqini","article_published_time":"2015-06-07T16:26:31+00:00","article_modified_time":"2015-06-07T16:28:19+00:00","og_image":[{"url":"http:\/\/www.visit-ulcinj.com\/blog\/wp-content\/uploads\/2015\/06\/Foto-Vijesti.jpg"}],"twitter_misc":{"Written by":"ulqini","Est. reading time":"2 minutes"},"schema":{"@context":"https:\/\/schema.org","@graph":[{"@type":"WebSite","@id":"https:\/\/www.visit-ulcinj.com\/blog\/#website","url":"https:\/\/www.visit-ulcinj.com\/blog\/","name":"Lajme nga Ulqini","description":"Lajme,Vijesti,Ulqini,Ulqin,Crna Gora,Mali i Zi","potentialAction":[{"@type":"SearchAction","target":{"@type":"EntryPoint","urlTemplate":"https:\/\/www.visit-ulcinj.com\/blog\/?s={search_term_string}"},"query-input":"required name=search_term_string"}],"inLanguage":"en-US"},{"@type":"ImageObject","inLanguage":"en-US","@id":"https:\/\/www.visit-ulcinj.com\/blog\/2015\/06\/07\/pse-po-zbrazet-veriu-malit-te-zi\/#primaryimage","url":"https:\/\/www.visit-ulcinj.com\/blog\/wp-content\/uploads\/2015\/06\/Foto-Vijesti.jpg","contentUrl":"https:\/\/www.visit-ulcinj.com\/blog\/wp-content\/uploads\/2015\/06\/Foto-Vijesti.jpg","width":560,"height":352},{"@type":"WebPage","@id":"https:\/\/www.visit-ulcinj.com\/blog\/2015\/06\/07\/pse-po-zbrazet-veriu-malit-te-zi\/#webpage","url":"https:\/\/www.visit-ulcinj.com\/blog\/2015\/06\/07\/pse-po-zbrazet-veriu-malit-te-zi\/","name":"Pse po zbrazet veriu i Malit t\u00eb Zi - Lajme nga Ulqini","isPartOf":{"@id":"https:\/\/www.visit-ulcinj.com\/blog\/#website"},"primaryImageOfPage":{"@id":"https:\/\/www.visit-ulcinj.com\/blog\/2015\/06\/07\/pse-po-zbrazet-veriu-malit-te-zi\/#primaryimage"},"datePublished":"2015-06-07T16:26:31+00:00","dateModified":"2015-06-07T16:28:19+00:00","author":{"@id":"https:\/\/www.visit-ulcinj.com\/blog\/#\/schema\/person\/dcab619c614d3038751c63bc2aadc06d"},"description":"Foto: Vijesti Online Eksodi prek edhe veriun e Malit t\u00eb Zi. 30 njer\u00ebz largohen \u00e7do dit\u00eb. Qeveria: \u201cLidhet me ardhjen e sezonit t\u00eb nd\u00ebrtimit\u201d. Ende asnj\u00eb","breadcrumb":{"@id":"https:\/\/www.visit-ulcinj.com\/blog\/2015\/06\/07\/pse-po-zbrazet-veriu-malit-te-zi\/#breadcrumb"},"inLanguage":"en-US","potentialAction":[{"@type":"ReadAction","target":["https:\/\/www.visit-ulcinj.com\/blog\/2015\/06\/07\/pse-po-zbrazet-veriu-malit-te-zi\/"]}]},{"@type":"BreadcrumbList","@id":"https:\/\/www.visit-ulcinj.com\/blog\/2015\/06\/07\/pse-po-zbrazet-veriu-malit-te-zi\/#breadcrumb","itemListElement":[{"@type":"ListItem","position":1,"name":"Pse po zbrazet veriu i Malit t\u00eb Zi"}]},{"@type":"Person","@id":"https:\/\/www.visit-ulcinj.com\/blog\/#\/schema\/person\/dcab619c614d3038751c63bc2aadc06d","name":"ulqini","sameAs":["http:\/\/www.visit-ulcinj.com"],"url":"https:\/\/www.visit-ulcinj.com\/blog\/author\/admin\/"}]}},"jetpack_featured_media_url":"","jetpack_sharing_enabled":true,"jetpack_shortlink":"https:\/\/wp.me\/pe6lTn-nCY","_links":{"self":[{"href":"https:\/\/www.visit-ulcinj.com\/blog\/wp-json\/wp\/v2\/posts\/90828"}],"collection":[{"href":"https:\/\/www.visit-ulcinj.com\/blog\/wp-json\/wp\/v2\/posts"}],"about":[{"href":"https:\/\/www.visit-ulcinj.com\/blog\/wp-json\/wp\/v2\/types\/post"}],"author":[{"embeddable":true,"href":"https:\/\/www.visit-ulcinj.com\/blog\/wp-json\/wp\/v2\/users\/1"}],"replies":[{"embeddable":true,"href":"https:\/\/www.visit-ulcinj.com\/blog\/wp-json\/wp\/v2\/comments?post=90828"}],"version-history":[{"count":1,"href":"https:\/\/www.visit-ulcinj.com\/blog\/wp-json\/wp\/v2\/posts\/90828\/revisions"}],"predecessor-version":[{"id":90829,"href":"https:\/\/www.visit-ulcinj.com\/blog\/wp-json\/wp\/v2\/posts\/90828\/revisions\/90829"}],"wp:attachment":[{"href":"https:\/\/www.visit-ulcinj.com\/blog\/wp-json\/wp\/v2\/media?parent=90828"}],"wp:term":[{"taxonomy":"category","embeddable":true,"href":"https:\/\/www.visit-ulcinj.com\/blog\/wp-json\/wp\/v2\/categories?post=90828"},{"taxonomy":"post_tag","embeddable":true,"href":"https:\/\/www.visit-ulcinj.com\/blog\/wp-json\/wp\/v2\/tags?post=90828"}],"curies":[{"name":"wp","href":"https:\/\/api.w.org\/{rel}","templated":true}]}}