{"id":90830,"date":"2015-06-07T17:37:15","date_gmt":"2015-06-07T16:37:15","guid":{"rendered":"http:\/\/www.visit-ulcinj.com\/blog\/?p=90830"},"modified":"2015-06-07T17:37:15","modified_gmt":"2015-06-07T16:37:15","slug":"grupi-dt-lidh-fiber-optike-jahtet-dhe-barkat-ne-mal-te-zi","status":"publish","type":"post","link":"https:\/\/www.visit-ulcinj.com\/blog\/2015\/06\/07\/grupi-dt-lidh-fiber-optike-jahtet-dhe-barkat-ne-mal-te-zi\/","title":{"rendered":"Grupi DT lidh me Fib\u00ebr Optike jahtet dhe barkat n\u00eb Mal t\u00eb Zi"},"content":{"rendered":"<p><a href=\"http:\/\/www.visit-ulcinj.com\/blog\/wp-content\/uploads\/2015\/06\/Fibra-optike-ne-Porto-Montenegro-Mali-i-zi.jpg\"><img loading=\"lazy\" class=\"alignleft wp-image-90832\" src=\"http:\/\/www.visit-ulcinj.com\/blog\/wp-content\/uploads\/2015\/06\/Fibra-optike-ne-Porto-Montenegro-Mali-i-zi.jpg\" alt=\"Fibra-optike-ne-Porto-Montenegro-Mali-i-zi\" width=\"508\" height=\"350\" \/><\/a>Porti, i njohur si Porto Montenegro, \u00ebsht\u00eb nj\u00eb nd\u00ebr m\u00eb t\u00eb m\u00ebdhenjt\u00eb dhe nj\u00eb nga investimet e huaja m\u00eb t\u00eb suksesshme n\u00eb vend. Ai ndodhet n\u00eb gjirin e mbrojtur nga UNESCO, at\u00eb t\u00eb Kotorrit, dhe kombinon nj\u00eb marin\u00eb t\u00eb klasit bot\u00ebror me sh\u00ebrbime me rezidenca moderne bregdetare dhe veprimtari kulturore. Kjo b\u00ebn q\u00eb doku t\u00eb jet\u00eb nj\u00eb port ideal p\u00ebr jahte me vende ankorimi nga 12 deri n\u00eb 180 m.<\/p>\n<p>Secila nga k\u00ebto barka mund t\u00eb perceptohet si nj\u00eb kompani e vog\u00ebl, duke qen\u00eb se n\u00eb to ka personel q\u00eb punon dhe jeton duke p\u00ebrdorur internetin n\u00eb barka gjat\u00eb t\u00eb gjith\u00eb vitit. \u00c7do bark\u00eb mund t\u00eb ket\u00eb nj\u00eb lidhje me fib\u00ebr optike (dhe padyshim q\u00eb edhe energji elektrike dhe uj\u00eb) dhe t\u00eb nj\u00ebjtin sh\u00ebrbim n\u00eb apartamente dhe n\u00eb vendet e biznesit, gj\u00eb e cila \u00ebsht\u00eb shum\u00eb e r\u00ebnd\u00ebsishme jo vet\u00ebm p\u00ebr mysafir\u00ebt e p\u00ebrkohsh\u00ebm, por edhe p\u00ebr personelin e barkave i cili akomodohet p\u00ebr periudha m\u00eb t\u00eb gjata n\u00eb port.<\/p>\n<p>Gjat\u00eb vizit\u00ebs s\u00eb saj t\u00eb fundit n\u00eb Malin e Zi, Claudia Nemat, an\u00ebtare e Bordit Drejtues p\u00ebr Europ\u00ebn dhe Teknologjin\u00eb e grupit gjerman Deutsche Telekom i cili ka mund\u00ebsuar sh\u00ebrbimin e internetit n\u00eb k\u00ebto barka, theksoi se ky port duhet vizituar si nj\u00eb shembull unik se si Deutsche Telekom po zgjeron lidershipin e tij n\u00eb teknologji. Duke pasur n\u00eb mendje r\u00ebnd\u00ebsin\u00eb e t\u00eb qenurit i pranish\u00ebm atje q\u00eb nga fillimi, Crnogorski Telekom, pjes\u00eb e Grupit DT, n\u00eb koordinim me Porto Montenegro, zhvilluan infrastruktur\u00ebn e nevojshme p\u00ebr t\u00eb mb\u00ebshtetur k\u00ebt\u00eb sh\u00ebrbim superior dhe n\u00eb disa raste unik n\u00eb vend.<\/p>\n<p>P\u00ebrve\u00e7 plot\u00ebsimit t\u00eb nevojave p\u00ebr telekomunikacion p\u00ebr q\u00ebllime biznesi t\u00eb punonj\u00ebsve t\u00eb Porto Montenegro, Crnogorski Telekom ka qen\u00eb gjat\u00eb t\u00eb gjith\u00eb koh\u00ebs i pranish\u00ebm gjat\u00eb punimeve p\u00ebr nd\u00ebrtimin e portit, si nj\u00eb partner p\u00ebr sigurimin e infrastruktur\u00ebs s\u00eb nevojshme me fib\u00ebr optike si n\u00eb zonat rezidenciale ashtu dhe n\u00eb ato t\u00eb biznesit. Kjo gj\u00eb b\u00ebri t\u00eb mundur ofrimin e nj\u00eb sh\u00ebrbimi superior p\u00ebr klient\u00ebt (internet t\u00eb shpejt\u00ebsis\u00eb s\u00eb lart\u00eb dhe TV me Definicion t\u00eb Lart\u00eb n\u00eb m\u00eb shum\u00eb se 100 apartamente dhe objekte biznesi). T\u00eb gjith\u00eb klient\u00ebt q\u00eb d\u00ebshirojn\u00eb t\u00eb ken\u00eb TV, Internet, apo thirrje zanore jan\u00eb abonent\u00eb t\u00eb telefonis\u00eb fikse t\u00eb Crnogorski Telekom (CT).<\/p>\n<p>Grupi i Deutsche Telekom \u00ebsht\u00eb prezent n\u00eb Shqip\u00ebri n\u00ebp\u00ebrmjet AMC dhe operon n\u00eb m\u00eb shum\u00eb se 50 vende t\u00eb bot\u00ebs duke investuar \u00e7do vit miliarda Euro p\u00ebr nd\u00ebrtimin e rrjeteve moderne, infrastruktur\u00ebs se telekomunikacionit dhe produkteve e sh\u00ebrbimeve inovative.<\/p>\n<p><strong>JAVA News<\/strong><\/p>\n","protected":false},"excerpt":{"rendered":"<p>Porti, i njohur si Porto Montenegro, \u00ebsht\u00eb nj\u00eb nd\u00ebr m\u00eb t\u00eb m\u00ebdhenjt\u00eb dhe nj\u00eb nga investimet e huaja m\u00eb t\u00eb suksesshme n\u00eb vend. Ai ndodhet n\u00eb gjirin e mbrojtur nga UNESCO, at\u00eb t\u00eb Kotorrit, dhe kombinon nj\u00eb marin\u00eb t\u00eb klasit bot\u00ebror me sh\u00ebrbime me rezidenca moderne bregdetare dhe veprimtari kulturore. Kjo b\u00ebn q\u00eb doku t\u00eb [&hellip;]<\/p>\n","protected":false},"author":1,"featured_media":0,"comment_status":"closed","ping_status":"closed","sticky":false,"template":"","format":"standard","meta":{"spay_email":"","jetpack_publicize_message":"","jetpack_is_tweetstorm":false,"jetpack_publicize_feature_enabled":true},"categories":[10],"tags":[],"jetpack_publicize_connections":[],"yoast_head":"<!-- This site is optimized with the Yoast SEO plugin v19.1 - https:\/\/yoast.com\/wordpress\/plugins\/seo\/ -->\n<title>Grupi DT lidh me Fib\u00ebr Optike jahtet dhe barkat n\u00eb Mal t\u00eb Zi - Lajme nga Ulqini<\/title>\n<meta name=\"description\" content=\"Porti, i njohur si Porto Montenegro, \u00ebsht\u00eb nj\u00eb nd\u00ebr m\u00eb t\u00eb m\u00ebdhenjt\u00eb dhe nj\u00eb nga investimet e huaja m\u00eb t\u00eb suksesshme n\u00eb vend. Ai ndodhet n\u00eb gjirin e\" \/>\n<meta name=\"robots\" content=\"index, follow, max-snippet:-1, max-image-preview:large, max-video-preview:-1\" \/>\n<link rel=\"canonical\" href=\"https:\/\/www.visit-ulcinj.com\/blog\/2015\/06\/07\/grupi-dt-lidh-fiber-optike-jahtet-dhe-barkat-ne-mal-te-zi\/\" \/>\n<meta property=\"og:locale\" content=\"en_US\" \/>\n<meta property=\"og:type\" content=\"article\" \/>\n<meta property=\"og:title\" content=\"Grupi DT lidh me Fib\u00ebr Optike jahtet dhe barkat n\u00eb Mal t\u00eb Zi - Lajme nga Ulqini\" \/>\n<meta property=\"og:description\" content=\"Porti, i njohur si Porto Montenegro, \u00ebsht\u00eb nj\u00eb nd\u00ebr m\u00eb t\u00eb m\u00ebdhenjt\u00eb dhe nj\u00eb nga investimet e huaja m\u00eb t\u00eb suksesshme n\u00eb vend. Ai ndodhet n\u00eb gjirin e\" \/>\n<meta property=\"og:url\" content=\"https:\/\/www.visit-ulcinj.com\/blog\/2015\/06\/07\/grupi-dt-lidh-fiber-optike-jahtet-dhe-barkat-ne-mal-te-zi\/\" \/>\n<meta property=\"og:site_name\" content=\"Lajme nga Ulqini\" \/>\n<meta property=\"article:published_time\" content=\"2015-06-07T16:37:15+00:00\" \/>\n<meta property=\"og:image\" content=\"http:\/\/www.visit-ulcinj.com\/blog\/wp-content\/uploads\/2015\/06\/Fibra-optike-ne-Porto-Montenegro-Mali-i-zi.jpg\" \/>\n<meta name=\"twitter:label1\" content=\"Written by\" \/>\n\t<meta name=\"twitter:data1\" content=\"ulqini\" \/>\n\t<meta name=\"twitter:label2\" content=\"Est. reading time\" \/>\n\t<meta name=\"twitter:data2\" content=\"2 minutes\" \/>\n<script type=\"application\/ld+json\" class=\"yoast-schema-graph\">{\"@context\":\"https:\/\/schema.org\",\"@graph\":[{\"@type\":\"WebSite\",\"@id\":\"https:\/\/www.visit-ulcinj.com\/blog\/#website\",\"url\":\"https:\/\/www.visit-ulcinj.com\/blog\/\",\"name\":\"Lajme nga Ulqini\",\"description\":\"Lajme,Vijesti,Ulqini,Ulqin,Crna Gora,Mali i Zi\",\"potentialAction\":[{\"@type\":\"SearchAction\",\"target\":{\"@type\":\"EntryPoint\",\"urlTemplate\":\"https:\/\/www.visit-ulcinj.com\/blog\/?s={search_term_string}\"},\"query-input\":\"required name=search_term_string\"}],\"inLanguage\":\"en-US\"},{\"@type\":\"ImageObject\",\"inLanguage\":\"en-US\",\"@id\":\"https:\/\/www.visit-ulcinj.com\/blog\/2015\/06\/07\/grupi-dt-lidh-fiber-optike-jahtet-dhe-barkat-ne-mal-te-zi\/#primaryimage\",\"url\":\"http:\/\/www.visit-ulcinj.com\/blog\/wp-content\/uploads\/2015\/06\/Fibra-optike-ne-Porto-Montenegro-Mali-i-zi.jpg\",\"contentUrl\":\"http:\/\/www.visit-ulcinj.com\/blog\/wp-content\/uploads\/2015\/06\/Fibra-optike-ne-Porto-Montenegro-Mali-i-zi.jpg\"},{\"@type\":\"WebPage\",\"@id\":\"https:\/\/www.visit-ulcinj.com\/blog\/2015\/06\/07\/grupi-dt-lidh-fiber-optike-jahtet-dhe-barkat-ne-mal-te-zi\/#webpage\",\"url\":\"https:\/\/www.visit-ulcinj.com\/blog\/2015\/06\/07\/grupi-dt-lidh-fiber-optike-jahtet-dhe-barkat-ne-mal-te-zi\/\",\"name\":\"Grupi DT lidh me Fib\u00ebr Optike jahtet dhe barkat n\u00eb Mal t\u00eb Zi - Lajme nga Ulqini\",\"isPartOf\":{\"@id\":\"https:\/\/www.visit-ulcinj.com\/blog\/#website\"},\"primaryImageOfPage\":{\"@id\":\"https:\/\/www.visit-ulcinj.com\/blog\/2015\/06\/07\/grupi-dt-lidh-fiber-optike-jahtet-dhe-barkat-ne-mal-te-zi\/#primaryimage\"},\"datePublished\":\"2015-06-07T16:37:15+00:00\",\"dateModified\":\"2015-06-07T16:37:15+00:00\",\"author\":{\"@id\":\"https:\/\/www.visit-ulcinj.com\/blog\/#\/schema\/person\/dcab619c614d3038751c63bc2aadc06d\"},\"description\":\"Porti, i njohur si Porto Montenegro, \u00ebsht\u00eb nj\u00eb nd\u00ebr m\u00eb t\u00eb m\u00ebdhenjt\u00eb dhe nj\u00eb nga investimet e huaja m\u00eb t\u00eb suksesshme n\u00eb vend. Ai ndodhet n\u00eb gjirin e\",\"breadcrumb\":{\"@id\":\"https:\/\/www.visit-ulcinj.com\/blog\/2015\/06\/07\/grupi-dt-lidh-fiber-optike-jahtet-dhe-barkat-ne-mal-te-zi\/#breadcrumb\"},\"inLanguage\":\"en-US\",\"potentialAction\":[{\"@type\":\"ReadAction\",\"target\":[\"https:\/\/www.visit-ulcinj.com\/blog\/2015\/06\/07\/grupi-dt-lidh-fiber-optike-jahtet-dhe-barkat-ne-mal-te-zi\/\"]}]},{\"@type\":\"BreadcrumbList\",\"@id\":\"https:\/\/www.visit-ulcinj.com\/blog\/2015\/06\/07\/grupi-dt-lidh-fiber-optike-jahtet-dhe-barkat-ne-mal-te-zi\/#breadcrumb\",\"itemListElement\":[{\"@type\":\"ListItem\",\"position\":1,\"name\":\"Grupi DT lidh me Fib\u00ebr Optike jahtet dhe barkat n\u00eb Mal t\u00eb Zi\"}]},{\"@type\":\"Person\",\"@id\":\"https:\/\/www.visit-ulcinj.com\/blog\/#\/schema\/person\/dcab619c614d3038751c63bc2aadc06d\",\"name\":\"ulqini\",\"sameAs\":[\"http:\/\/www.visit-ulcinj.com\"],\"url\":\"https:\/\/www.visit-ulcinj.com\/blog\/author\/admin\/\"}]}<\/script>\n<!-- \/ Yoast SEO plugin. -->","yoast_head_json":{"title":"Grupi DT lidh me Fib\u00ebr Optike jahtet dhe barkat n\u00eb Mal t\u00eb Zi - Lajme nga Ulqini","description":"Porti, i njohur si Porto Montenegro, \u00ebsht\u00eb nj\u00eb nd\u00ebr m\u00eb t\u00eb m\u00ebdhenjt\u00eb dhe nj\u00eb nga investimet e huaja m\u00eb t\u00eb suksesshme n\u00eb vend. Ai ndodhet n\u00eb gjirin e","robots":{"index":"index","follow":"follow","max-snippet":"max-snippet:-1","max-image-preview":"max-image-preview:large","max-video-preview":"max-video-preview:-1"},"canonical":"https:\/\/www.visit-ulcinj.com\/blog\/2015\/06\/07\/grupi-dt-lidh-fiber-optike-jahtet-dhe-barkat-ne-mal-te-zi\/","og_locale":"en_US","og_type":"article","og_title":"Grupi DT lidh me Fib\u00ebr Optike jahtet dhe barkat n\u00eb Mal t\u00eb Zi - Lajme nga Ulqini","og_description":"Porti, i njohur si Porto Montenegro, \u00ebsht\u00eb nj\u00eb nd\u00ebr m\u00eb t\u00eb m\u00ebdhenjt\u00eb dhe nj\u00eb nga investimet e huaja m\u00eb t\u00eb suksesshme n\u00eb vend. Ai ndodhet n\u00eb gjirin e","og_url":"https:\/\/www.visit-ulcinj.com\/blog\/2015\/06\/07\/grupi-dt-lidh-fiber-optike-jahtet-dhe-barkat-ne-mal-te-zi\/","og_site_name":"Lajme nga Ulqini","article_published_time":"2015-06-07T16:37:15+00:00","og_image":[{"url":"http:\/\/www.visit-ulcinj.com\/blog\/wp-content\/uploads\/2015\/06\/Fibra-optike-ne-Porto-Montenegro-Mali-i-zi.jpg"}],"twitter_misc":{"Written by":"ulqini","Est. reading time":"2 minutes"},"schema":{"@context":"https:\/\/schema.org","@graph":[{"@type":"WebSite","@id":"https:\/\/www.visit-ulcinj.com\/blog\/#website","url":"https:\/\/www.visit-ulcinj.com\/blog\/","name":"Lajme nga Ulqini","description":"Lajme,Vijesti,Ulqini,Ulqin,Crna Gora,Mali i Zi","potentialAction":[{"@type":"SearchAction","target":{"@type":"EntryPoint","urlTemplate":"https:\/\/www.visit-ulcinj.com\/blog\/?s={search_term_string}"},"query-input":"required name=search_term_string"}],"inLanguage":"en-US"},{"@type":"ImageObject","inLanguage":"en-US","@id":"https:\/\/www.visit-ulcinj.com\/blog\/2015\/06\/07\/grupi-dt-lidh-fiber-optike-jahtet-dhe-barkat-ne-mal-te-zi\/#primaryimage","url":"http:\/\/www.visit-ulcinj.com\/blog\/wp-content\/uploads\/2015\/06\/Fibra-optike-ne-Porto-Montenegro-Mali-i-zi.jpg","contentUrl":"http:\/\/www.visit-ulcinj.com\/blog\/wp-content\/uploads\/2015\/06\/Fibra-optike-ne-Porto-Montenegro-Mali-i-zi.jpg"},{"@type":"WebPage","@id":"https:\/\/www.visit-ulcinj.com\/blog\/2015\/06\/07\/grupi-dt-lidh-fiber-optike-jahtet-dhe-barkat-ne-mal-te-zi\/#webpage","url":"https:\/\/www.visit-ulcinj.com\/blog\/2015\/06\/07\/grupi-dt-lidh-fiber-optike-jahtet-dhe-barkat-ne-mal-te-zi\/","name":"Grupi DT lidh me Fib\u00ebr Optike jahtet dhe barkat n\u00eb Mal t\u00eb Zi - Lajme nga Ulqini","isPartOf":{"@id":"https:\/\/www.visit-ulcinj.com\/blog\/#website"},"primaryImageOfPage":{"@id":"https:\/\/www.visit-ulcinj.com\/blog\/2015\/06\/07\/grupi-dt-lidh-fiber-optike-jahtet-dhe-barkat-ne-mal-te-zi\/#primaryimage"},"datePublished":"2015-06-07T16:37:15+00:00","dateModified":"2015-06-07T16:37:15+00:00","author":{"@id":"https:\/\/www.visit-ulcinj.com\/blog\/#\/schema\/person\/dcab619c614d3038751c63bc2aadc06d"},"description":"Porti, i njohur si Porto Montenegro, \u00ebsht\u00eb nj\u00eb nd\u00ebr m\u00eb t\u00eb m\u00ebdhenjt\u00eb dhe nj\u00eb nga investimet e huaja m\u00eb t\u00eb suksesshme n\u00eb vend. Ai ndodhet n\u00eb gjirin e","breadcrumb":{"@id":"https:\/\/www.visit-ulcinj.com\/blog\/2015\/06\/07\/grupi-dt-lidh-fiber-optike-jahtet-dhe-barkat-ne-mal-te-zi\/#breadcrumb"},"inLanguage":"en-US","potentialAction":[{"@type":"ReadAction","target":["https:\/\/www.visit-ulcinj.com\/blog\/2015\/06\/07\/grupi-dt-lidh-fiber-optike-jahtet-dhe-barkat-ne-mal-te-zi\/"]}]},{"@type":"BreadcrumbList","@id":"https:\/\/www.visit-ulcinj.com\/blog\/2015\/06\/07\/grupi-dt-lidh-fiber-optike-jahtet-dhe-barkat-ne-mal-te-zi\/#breadcrumb","itemListElement":[{"@type":"ListItem","position":1,"name":"Grupi DT lidh me Fib\u00ebr Optike jahtet dhe barkat n\u00eb Mal t\u00eb Zi"}]},{"@type":"Person","@id":"https:\/\/www.visit-ulcinj.com\/blog\/#\/schema\/person\/dcab619c614d3038751c63bc2aadc06d","name":"ulqini","sameAs":["http:\/\/www.visit-ulcinj.com"],"url":"https:\/\/www.visit-ulcinj.com\/blog\/author\/admin\/"}]}},"jetpack_featured_media_url":"","jetpack_sharing_enabled":true,"jetpack_shortlink":"https:\/\/wp.me\/pe6lTn-nD0","_links":{"self":[{"href":"https:\/\/www.visit-ulcinj.com\/blog\/wp-json\/wp\/v2\/posts\/90830"}],"collection":[{"href":"https:\/\/www.visit-ulcinj.com\/blog\/wp-json\/wp\/v2\/posts"}],"about":[{"href":"https:\/\/www.visit-ulcinj.com\/blog\/wp-json\/wp\/v2\/types\/post"}],"author":[{"embeddable":true,"href":"https:\/\/www.visit-ulcinj.com\/blog\/wp-json\/wp\/v2\/users\/1"}],"replies":[{"embeddable":true,"href":"https:\/\/www.visit-ulcinj.com\/blog\/wp-json\/wp\/v2\/comments?post=90830"}],"version-history":[{"count":1,"href":"https:\/\/www.visit-ulcinj.com\/blog\/wp-json\/wp\/v2\/posts\/90830\/revisions"}],"predecessor-version":[{"id":90833,"href":"https:\/\/www.visit-ulcinj.com\/blog\/wp-json\/wp\/v2\/posts\/90830\/revisions\/90833"}],"wp:attachment":[{"href":"https:\/\/www.visit-ulcinj.com\/blog\/wp-json\/wp\/v2\/media?parent=90830"}],"wp:term":[{"taxonomy":"category","embeddable":true,"href":"https:\/\/www.visit-ulcinj.com\/blog\/wp-json\/wp\/v2\/categories?post=90830"},{"taxonomy":"post_tag","embeddable":true,"href":"https:\/\/www.visit-ulcinj.com\/blog\/wp-json\/wp\/v2\/tags?post=90830"}],"curies":[{"name":"wp","href":"https:\/\/api.w.org\/{rel}","templated":true}]}}