{"id":90837,"date":"2015-06-07T18:29:10","date_gmt":"2015-06-07T17:29:10","guid":{"rendered":"http:\/\/www.visit-ulcinj.com\/blog\/?p=90837"},"modified":"2015-06-07T18:29:10","modified_gmt":"2015-06-07T17:29:10","slug":"gazsjellesi-joniano-adriatik-projekti-shqiperise-dhe-3-vendeve-te-rajonit-qe-dergohet-se","status":"publish","type":"post","link":"https:\/\/www.visit-ulcinj.com\/blog\/2015\/06\/07\/gazsjellesi-joniano-adriatik-projekti-shqiperise-dhe-3-vendeve-te-rajonit-qe-dergohet-se\/","title":{"rendered":"Gazsjell\u00ebsi Joniano-Adriatik, projekti i Shqip\u00ebris\u00eb dhe 3 vendeve t\u00eb rajonit q\u00eb do i d\u00ebrgohet BE-s\u00eb"},"content":{"rendered":"<p><span class=\"arial14 \"><strong><a href=\"http:\/\/www.visit-ulcinj.com\/blog\/wp-content\/uploads\/2015\/06\/Gazsjell\u00ebsi-Joniano-Adriatik.jpg\"><img loading=\"lazy\" class=\"alignleft wp-image-90838\" src=\"http:\/\/www.visit-ulcinj.com\/blog\/wp-content\/uploads\/2015\/06\/Gazsjell\u00ebsi-Joniano-Adriatik.jpg\" alt=\"Gazsjell\u00ebsi Joniano-Adriatik\" width=\"508\" height=\"304\" \/><\/a>Gazsjell\u00ebsi Joniano-Adriatik \u00ebsht\u00eb nj\u00eb zgjatim i projektit Transadriatik drejt vendeve t\u00eb rajonit. Ai nis n\u00eb Fier dhe duke p\u00ebrshkuar vij\u00ebn bregdetare drejt veriut, arrin n\u00eb Malin e Zi e m\u00eb pas p\u00ebrfundon n\u00eb Split t\u00eb Kroacis\u00eb.<\/strong><\/span><\/p>\n<p><span class=\"arial14 linkszi \">Sipas studimit t\u00eb fizibilitetit, gazsjell\u00ebsi do t\u00eb jet\u00eb rreth 511 kilomet\u00ebr i gjat\u00eb dhe do t\u00eb kushtoj\u00eb 617.6 milion\u00eb euro. N\u00eb pjes\u00ebn shqiptare shuma e investimit \u00ebsht\u00eb parashikuar t\u00eb jet\u00eb rreth 170 milion\u00eb euro dhe do t\u00eb realizohet p\u00ebrgjat\u00eb periudh\u00ebs 2017-2020.<br \/>\nNj\u00eb dit\u00eb m\u00eb par\u00eb, ministrat e Energjis\u00eb s\u00eb kat\u00ebr vendeve t\u00eb rajonit, ai Shqip\u00ebris\u00eb, Bosnjes, Malit t\u00eb Zi dhe Kroacis\u00eb, ran\u00eb dakord ta kualifikojn\u00eb projektin n\u00eb list\u00ebn e prioriteteve q\u00eb do t\u2019i propozohen Bashkimit Europian p\u00ebr financim.<\/p>\n<p>Arsyeja lidhet me p\u00ebrfitimet q\u00eb projekti ka p\u00ebr ekonomit\u00eb respektive. P\u00ebr Malin e Zi dhe Bosnjen, gazsjell\u00ebsi krijon akses n\u00eb rrjetet e gazit.<\/p>\n<p>P\u00ebr Shqip\u00ebrin\u00eb, ve\u00e7 investimeve n\u00eb mas\u00ebn 170 milion\u00eb euro dhe krijimit t\u00eb 250 vendeve t\u00eb reja t\u00eb pun\u00ebs, ai mund\u00ebson shtrirjen e rrjetit t\u00eb gazit n\u00eb zonat m\u00eb t\u00eb populluara t\u00eb vendit. Gazsjell\u00ebsi Transadriatik ndalon n\u00eb Fier duke vazhduar drejt Italis\u00eb, nd\u00ebrsa linja Joniano-Adriatike b\u00ebn t\u00eb mundur q\u00eb tubacioni t\u00eb shtrihet edhe n\u00eb qytetin e Durr\u00ebsit, at\u00eb t\u00eb Tiran\u00ebs dhe Shkodr\u00ebs.<\/p>\n<p>Paralelisht, nd\u00ebrtimi i k\u00ebtij gazsjell\u00ebsi rrit edhe m\u00eb shum\u00eb pozitat gjeostrategjike t\u00eb Shqip\u00ebris\u00eb n\u00eb rajon, duke e shnd\u00ebrruar at\u00eb n\u00eb nyje t\u00eb rrjetit rajonal t\u00eb gazit. Sipas studimit, gazsjell\u00ebsi do t\u00eb transportoj\u00eb 5 miliard\u00eb met\u00ebr kub gaz n\u00eb vit, prej t\u00eb cilave 1 miliard\u00eb met\u00ebr kub do t\u00eb konsumohen n\u00eb Shqip\u00ebri, 0.5 miliard\u00eb n\u00eb Mal t\u00eb Zi dhe pjesa tjet\u00ebr n\u00eb Bosnje e Kroaci.<\/p>\n<p>Linja \u00ebsht\u00eb projektuar t\u00eb funksionoj\u00eb n\u00eb dy drejtime, q\u00eb do t\u00eb thot\u00eb se mund t\u00eb transportoj\u00eb gaz si nga Shqip\u00ebria drejt Kroacis\u00eb, ashtu dhe anasjelltas.<\/p>\n<p>S\u00eb bashku me autostrad\u00ebn Durr\u00ebs-Nish, gazsjell\u00ebsi Joniano-Adriatik \u00ebsht\u00eb projekti m\u00eb i r\u00ebnd\u00ebsish\u00ebm q\u00eb vendet e rajonit do i propozojn\u00eb Bashkimit Europian. T\u00eb dy k\u00ebto vepra vijn\u00eb pas nism\u00ebs s\u00eb Berlinit, e cila kanalizon fondet e BE-s\u00eb p\u00ebr t\u00eb mb\u00ebshtetur zhvillimin e ekonomive t\u00eb Ballkanit.<\/p>\n<p>\/ Top Channel <\/span><\/p>\n<!--YouTube Error: bad URL entered-->\n","protected":false},"excerpt":{"rendered":"<p>Gazsjell\u00ebsi Joniano-Adriatik \u00ebsht\u00eb nj\u00eb zgjatim i projektit Transadriatik drejt vendeve t\u00eb rajonit. Ai nis n\u00eb Fier dhe duke p\u00ebrshkuar vij\u00ebn bregdetare drejt veriut, arrin n\u00eb Malin e Zi e m\u00eb pas p\u00ebrfundon n\u00eb Split t\u00eb Kroacis\u00eb. Sipas studimit t\u00eb fizibilitetit, gazsjell\u00ebsi do t\u00eb jet\u00eb rreth 511 kilomet\u00ebr i gjat\u00eb dhe do t\u00eb kushtoj\u00eb 617.6 milion\u00eb [&hellip;]<\/p>\n","protected":false},"author":1,"featured_media":0,"comment_status":"closed","ping_status":"closed","sticky":false,"template":"","format":"standard","meta":{"spay_email":"","jetpack_publicize_message":"","jetpack_is_tweetstorm":false,"jetpack_publicize_feature_enabled":true},"categories":[14],"tags":[],"jetpack_publicize_connections":[],"yoast_head":"<!-- This site is optimized with the Yoast SEO plugin v19.1 - https:\/\/yoast.com\/wordpress\/plugins\/seo\/ -->\n<title>Gazsjell\u00ebsi Joniano-Adriatik, projekti i Shqip\u00ebris\u00eb dhe 3 vendeve t\u00eb rajonit q\u00eb do i d\u00ebrgohet BE-s\u00eb - Lajme nga Ulqini<\/title>\n<meta name=\"description\" content=\"Gazsjell\u00ebsi Joniano-Adriatik \u00ebsht\u00eb nj\u00eb zgjatim i projektit Transadriatik drejt vendeve t\u00eb rajonit. Ai nis n\u00eb Fier dhe duke p\u00ebrshkuar vij\u00ebn bregdetare\" \/>\n<meta name=\"robots\" content=\"index, follow, max-snippet:-1, max-image-preview:large, max-video-preview:-1\" \/>\n<link rel=\"canonical\" href=\"https:\/\/www.visit-ulcinj.com\/blog\/2015\/06\/07\/gazsjellesi-joniano-adriatik-projekti-shqiperise-dhe-3-vendeve-te-rajonit-qe-dergohet-se\/\" \/>\n<meta property=\"og:locale\" content=\"en_US\" \/>\n<meta property=\"og:type\" content=\"article\" \/>\n<meta property=\"og:title\" content=\"Gazsjell\u00ebsi Joniano-Adriatik, projekti i Shqip\u00ebris\u00eb dhe 3 vendeve t\u00eb rajonit q\u00eb do i d\u00ebrgohet BE-s\u00eb - Lajme nga Ulqini\" \/>\n<meta property=\"og:description\" content=\"Gazsjell\u00ebsi Joniano-Adriatik \u00ebsht\u00eb nj\u00eb zgjatim i projektit Transadriatik drejt vendeve t\u00eb rajonit. Ai nis n\u00eb Fier dhe duke p\u00ebrshkuar vij\u00ebn bregdetare\" \/>\n<meta property=\"og:url\" content=\"https:\/\/www.visit-ulcinj.com\/blog\/2015\/06\/07\/gazsjellesi-joniano-adriatik-projekti-shqiperise-dhe-3-vendeve-te-rajonit-qe-dergohet-se\/\" \/>\n<meta property=\"og:site_name\" content=\"Lajme nga Ulqini\" \/>\n<meta property=\"article:published_time\" content=\"2015-06-07T17:29:10+00:00\" \/>\n<meta name=\"twitter:label1\" content=\"Written by\" \/>\n\t<meta name=\"twitter:data1\" content=\"ulqini\" \/>\n\t<meta name=\"twitter:label2\" content=\"Est. reading time\" \/>\n\t<meta name=\"twitter:data2\" content=\"2 minutes\" \/>\n<script type=\"application\/ld+json\" class=\"yoast-schema-graph\">{\"@context\":\"https:\/\/schema.org\",\"@graph\":[{\"@type\":\"WebSite\",\"@id\":\"https:\/\/www.visit-ulcinj.com\/blog\/#website\",\"url\":\"https:\/\/www.visit-ulcinj.com\/blog\/\",\"name\":\"Lajme nga Ulqini\",\"description\":\"Lajme,Vijesti,Ulqini,Ulqin,Crna Gora,Mali i Zi\",\"potentialAction\":[{\"@type\":\"SearchAction\",\"target\":{\"@type\":\"EntryPoint\",\"urlTemplate\":\"https:\/\/www.visit-ulcinj.com\/blog\/?s={search_term_string}\"},\"query-input\":\"required name=search_term_string\"}],\"inLanguage\":\"en-US\"},{\"@type\":\"WebPage\",\"@id\":\"https:\/\/www.visit-ulcinj.com\/blog\/2015\/06\/07\/gazsjellesi-joniano-adriatik-projekti-shqiperise-dhe-3-vendeve-te-rajonit-qe-dergohet-se\/#webpage\",\"url\":\"https:\/\/www.visit-ulcinj.com\/blog\/2015\/06\/07\/gazsjellesi-joniano-adriatik-projekti-shqiperise-dhe-3-vendeve-te-rajonit-qe-dergohet-se\/\",\"name\":\"Gazsjell\u00ebsi Joniano-Adriatik, projekti i Shqip\u00ebris\u00eb dhe 3 vendeve t\u00eb rajonit q\u00eb do i d\u00ebrgohet BE-s\u00eb - Lajme nga Ulqini\",\"isPartOf\":{\"@id\":\"https:\/\/www.visit-ulcinj.com\/blog\/#website\"},\"datePublished\":\"2015-06-07T17:29:10+00:00\",\"dateModified\":\"2015-06-07T17:29:10+00:00\",\"author\":{\"@id\":\"https:\/\/www.visit-ulcinj.com\/blog\/#\/schema\/person\/dcab619c614d3038751c63bc2aadc06d\"},\"description\":\"Gazsjell\u00ebsi Joniano-Adriatik \u00ebsht\u00eb nj\u00eb zgjatim i projektit Transadriatik drejt vendeve t\u00eb rajonit. Ai nis n\u00eb Fier dhe duke p\u00ebrshkuar vij\u00ebn bregdetare\",\"breadcrumb\":{\"@id\":\"https:\/\/www.visit-ulcinj.com\/blog\/2015\/06\/07\/gazsjellesi-joniano-adriatik-projekti-shqiperise-dhe-3-vendeve-te-rajonit-qe-dergohet-se\/#breadcrumb\"},\"inLanguage\":\"en-US\",\"potentialAction\":[{\"@type\":\"ReadAction\",\"target\":[\"https:\/\/www.visit-ulcinj.com\/blog\/2015\/06\/07\/gazsjellesi-joniano-adriatik-projekti-shqiperise-dhe-3-vendeve-te-rajonit-qe-dergohet-se\/\"]}]},{\"@type\":\"BreadcrumbList\",\"@id\":\"https:\/\/www.visit-ulcinj.com\/blog\/2015\/06\/07\/gazsjellesi-joniano-adriatik-projekti-shqiperise-dhe-3-vendeve-te-rajonit-qe-dergohet-se\/#breadcrumb\",\"itemListElement\":[{\"@type\":\"ListItem\",\"position\":1,\"name\":\"Gazsjell\u00ebsi Joniano-Adriatik, projekti i Shqip\u00ebris\u00eb dhe 3 vendeve t\u00eb rajonit q\u00eb do i d\u00ebrgohet BE-s\u00eb\"}]},{\"@type\":\"Person\",\"@id\":\"https:\/\/www.visit-ulcinj.com\/blog\/#\/schema\/person\/dcab619c614d3038751c63bc2aadc06d\",\"name\":\"ulqini\",\"sameAs\":[\"http:\/\/www.visit-ulcinj.com\"],\"url\":\"https:\/\/www.visit-ulcinj.com\/blog\/author\/admin\/\"}]}<\/script>\n<!-- \/ Yoast SEO plugin. -->","yoast_head_json":{"title":"Gazsjell\u00ebsi Joniano-Adriatik, projekti i Shqip\u00ebris\u00eb dhe 3 vendeve t\u00eb rajonit q\u00eb do i d\u00ebrgohet BE-s\u00eb - Lajme nga Ulqini","description":"Gazsjell\u00ebsi Joniano-Adriatik \u00ebsht\u00eb nj\u00eb zgjatim i projektit Transadriatik drejt vendeve t\u00eb rajonit. Ai nis n\u00eb Fier dhe duke p\u00ebrshkuar vij\u00ebn bregdetare","robots":{"index":"index","follow":"follow","max-snippet":"max-snippet:-1","max-image-preview":"max-image-preview:large","max-video-preview":"max-video-preview:-1"},"canonical":"https:\/\/www.visit-ulcinj.com\/blog\/2015\/06\/07\/gazsjellesi-joniano-adriatik-projekti-shqiperise-dhe-3-vendeve-te-rajonit-qe-dergohet-se\/","og_locale":"en_US","og_type":"article","og_title":"Gazsjell\u00ebsi Joniano-Adriatik, projekti i Shqip\u00ebris\u00eb dhe 3 vendeve t\u00eb rajonit q\u00eb do i d\u00ebrgohet BE-s\u00eb - Lajme nga Ulqini","og_description":"Gazsjell\u00ebsi Joniano-Adriatik \u00ebsht\u00eb nj\u00eb zgjatim i projektit Transadriatik drejt vendeve t\u00eb rajonit. Ai nis n\u00eb Fier dhe duke p\u00ebrshkuar vij\u00ebn bregdetare","og_url":"https:\/\/www.visit-ulcinj.com\/blog\/2015\/06\/07\/gazsjellesi-joniano-adriatik-projekti-shqiperise-dhe-3-vendeve-te-rajonit-qe-dergohet-se\/","og_site_name":"Lajme nga Ulqini","article_published_time":"2015-06-07T17:29:10+00:00","twitter_misc":{"Written by":"ulqini","Est. reading time":"2 minutes"},"schema":{"@context":"https:\/\/schema.org","@graph":[{"@type":"WebSite","@id":"https:\/\/www.visit-ulcinj.com\/blog\/#website","url":"https:\/\/www.visit-ulcinj.com\/blog\/","name":"Lajme nga Ulqini","description":"Lajme,Vijesti,Ulqini,Ulqin,Crna Gora,Mali i Zi","potentialAction":[{"@type":"SearchAction","target":{"@type":"EntryPoint","urlTemplate":"https:\/\/www.visit-ulcinj.com\/blog\/?s={search_term_string}"},"query-input":"required name=search_term_string"}],"inLanguage":"en-US"},{"@type":"WebPage","@id":"https:\/\/www.visit-ulcinj.com\/blog\/2015\/06\/07\/gazsjellesi-joniano-adriatik-projekti-shqiperise-dhe-3-vendeve-te-rajonit-qe-dergohet-se\/#webpage","url":"https:\/\/www.visit-ulcinj.com\/blog\/2015\/06\/07\/gazsjellesi-joniano-adriatik-projekti-shqiperise-dhe-3-vendeve-te-rajonit-qe-dergohet-se\/","name":"Gazsjell\u00ebsi Joniano-Adriatik, projekti i Shqip\u00ebris\u00eb dhe 3 vendeve t\u00eb rajonit q\u00eb do i d\u00ebrgohet BE-s\u00eb - Lajme nga Ulqini","isPartOf":{"@id":"https:\/\/www.visit-ulcinj.com\/blog\/#website"},"datePublished":"2015-06-07T17:29:10+00:00","dateModified":"2015-06-07T17:29:10+00:00","author":{"@id":"https:\/\/www.visit-ulcinj.com\/blog\/#\/schema\/person\/dcab619c614d3038751c63bc2aadc06d"},"description":"Gazsjell\u00ebsi Joniano-Adriatik \u00ebsht\u00eb nj\u00eb zgjatim i projektit Transadriatik drejt vendeve t\u00eb rajonit. Ai nis n\u00eb Fier dhe duke p\u00ebrshkuar vij\u00ebn bregdetare","breadcrumb":{"@id":"https:\/\/www.visit-ulcinj.com\/blog\/2015\/06\/07\/gazsjellesi-joniano-adriatik-projekti-shqiperise-dhe-3-vendeve-te-rajonit-qe-dergohet-se\/#breadcrumb"},"inLanguage":"en-US","potentialAction":[{"@type":"ReadAction","target":["https:\/\/www.visit-ulcinj.com\/blog\/2015\/06\/07\/gazsjellesi-joniano-adriatik-projekti-shqiperise-dhe-3-vendeve-te-rajonit-qe-dergohet-se\/"]}]},{"@type":"BreadcrumbList","@id":"https:\/\/www.visit-ulcinj.com\/blog\/2015\/06\/07\/gazsjellesi-joniano-adriatik-projekti-shqiperise-dhe-3-vendeve-te-rajonit-qe-dergohet-se\/#breadcrumb","itemListElement":[{"@type":"ListItem","position":1,"name":"Gazsjell\u00ebsi Joniano-Adriatik, projekti i Shqip\u00ebris\u00eb dhe 3 vendeve t\u00eb rajonit q\u00eb do i d\u00ebrgohet BE-s\u00eb"}]},{"@type":"Person","@id":"https:\/\/www.visit-ulcinj.com\/blog\/#\/schema\/person\/dcab619c614d3038751c63bc2aadc06d","name":"ulqini","sameAs":["http:\/\/www.visit-ulcinj.com"],"url":"https:\/\/www.visit-ulcinj.com\/blog\/author\/admin\/"}]}},"jetpack_featured_media_url":"","jetpack_sharing_enabled":true,"jetpack_shortlink":"https:\/\/wp.me\/pe6lTn-nD7","_links":{"self":[{"href":"https:\/\/www.visit-ulcinj.com\/blog\/wp-json\/wp\/v2\/posts\/90837"}],"collection":[{"href":"https:\/\/www.visit-ulcinj.com\/blog\/wp-json\/wp\/v2\/posts"}],"about":[{"href":"https:\/\/www.visit-ulcinj.com\/blog\/wp-json\/wp\/v2\/types\/post"}],"author":[{"embeddable":true,"href":"https:\/\/www.visit-ulcinj.com\/blog\/wp-json\/wp\/v2\/users\/1"}],"replies":[{"embeddable":true,"href":"https:\/\/www.visit-ulcinj.com\/blog\/wp-json\/wp\/v2\/comments?post=90837"}],"version-history":[{"count":1,"href":"https:\/\/www.visit-ulcinj.com\/blog\/wp-json\/wp\/v2\/posts\/90837\/revisions"}],"predecessor-version":[{"id":90839,"href":"https:\/\/www.visit-ulcinj.com\/blog\/wp-json\/wp\/v2\/posts\/90837\/revisions\/90839"}],"wp:attachment":[{"href":"https:\/\/www.visit-ulcinj.com\/blog\/wp-json\/wp\/v2\/media?parent=90837"}],"wp:term":[{"taxonomy":"category","embeddable":true,"href":"https:\/\/www.visit-ulcinj.com\/blog\/wp-json\/wp\/v2\/categories?post=90837"},{"taxonomy":"post_tag","embeddable":true,"href":"https:\/\/www.visit-ulcinj.com\/blog\/wp-json\/wp\/v2\/tags?post=90837"}],"curies":[{"name":"wp","href":"https:\/\/api.w.org\/{rel}","templated":true}]}}