{"id":90840,"date":"2015-06-08T15:29:47","date_gmt":"2015-06-08T14:29:47","guid":{"rendered":"http:\/\/www.visit-ulcinj.com\/blog\/?p=90840"},"modified":"2015-06-09T13:36:29","modified_gmt":"2015-06-09T12:36:29","slug":"ambasada-gjermane-ne-ulqin-garat-e-leximit-ne-gjuhen-gjermane","status":"publish","type":"post","link":"https:\/\/www.visit-ulcinj.com\/blog\/2015\/06\/08\/ambasada-gjermane-ne-ulqin-garat-e-leximit-ne-gjuhen-gjermane\/","title":{"rendered":"Ambasada Gjermane:  Garat e leximit n\u00eb gjuh\u00ebn gjermane"},"content":{"rendered":"<div class=\"text\">\n<p><a href=\"http:\/\/www.visit-ulcinj.com\/blog\/wp-content\/uploads\/2015\/06\/Ja-ich-spreche-Deutsch-Ulcinj-Montenegro.jpg\"><img loading=\"lazy\" class=\"alignleft wp-image-90841\" src=\"http:\/\/www.visit-ulcinj.com\/blog\/wp-content\/uploads\/2015\/06\/Ja-ich-spreche-Deutsch-Ulcinj-Montenegro.jpg\" alt=\"Ja, ich spreche Deutsch-Ulcinj-Montenegro\" width=\"508\" height=\"230\" srcset=\"https:\/\/www.visit-ulcinj.com\/blog\/wp-content\/uploads\/2015\/06\/Ja-ich-spreche-Deutsch-Ulcinj-Montenegro.jpg 435w, https:\/\/www.visit-ulcinj.com\/blog\/wp-content\/uploads\/2015\/06\/Ja-ich-spreche-Deutsch-Ulcinj-Montenegro-300x136.jpg 300w\" sizes=\"(max-width: 508px) 100vw, 508px\" \/><\/a>Sot me 09.06.2015 n\u00eb Biblioteken e Ulqinit do t\u00eb mbahet\u00a0\u201eGARA E LEXIMIT N\u00cb GJUHEN GJERMANE\u201d<\/p>\n<p>Shkolla fillore \u201eMarshal Tito\u201c nga Ulqini, si dhe shkollat fillore \u201eVuk Karaxhiq\u201c dhe \u201eVukashin Radunoviq\u201c nga Berana marrin pjes\u00eb n\u00eb \u201eGar\u00ebn Mbar\u00ebballkanike t\u00eb Leximit n\u00eb Gjuh\u00ebn Gjermane\u201c.<\/p>\n<p>N\u00eb raundin e par\u00eb jan\u00eb zgjedhur Fituesit e Shkollave.<\/p>\n<p>T\u00eb mart\u00ebn, m\u00eb 9 qershor do t\u00eb mbahet raundi i dyt\u00eb, p\u00ebr t\u00eb zgjedhur fituesin\/fituesen nga Mali i Zi.<\/p>\n<p>Fituesi gjegj. fituesja do t\u00eb shkoj\u00eb n\u00eb tetor n\u00eb Beograd p\u00ebr raundin final, ku ai\/ajo do t\u00eb konkurroj\u00eb me kandidat\u00ebt nga t\u00eb gjitha shtetet ballkanike.<\/p>\n<p>Gara organizohet dhe financohet nga Agjencia Qendrore Gjermane p\u00ebr Arsimin Jasht\u00eb Shtetit, e cila n\u00eb bashk\u00ebpunim me Ministrin\u00eb e Arsimit t\u00eb Malit t\u00eb Zi ka sjell\u00eb m\u00ebsimdh\u00ebn\u00ebs gjerman\u00eb n\u00eb Mal t\u00eb Zi, n\u00eb shkollat fillore dhe gjimnazet e Ulqinit dhe Beranes, ku edhe mund t\u00eb merret Diploma e Gjuh\u00ebs Gjermane.<\/p>\n<p>Ne, m\u00ebsimdh\u00ebn\u00ebsit gjerman\u00eb dhe malazias t\u00eb gjuh\u00ebs gjermane, i urojm\u00eb \u00e7do t\u00eb mir\u00eb Kampion\u00ebve tan\u00eb Gjerman\u00eb!<\/p>\n<p>Po ashtu urojm\u00eb q\u00eb n\u00eb t\u00eb ardhmen t\u00eb kemi edhe m\u00eb shum\u00eb Kampion\u00eb Gjerman\u00eb dhe p\u00ebr k\u00ebt\u00eb arsye po shfryt\u00ebzojm\u00eb rastin t\u2019i b\u00ebjm\u00eb pak\u00ebz reklam\u00eb l\u00ebnd\u00ebs s\u00eb gjuh\u00ebs gjermane dhe Diplom\u00ebs s\u00eb Gjuh\u00ebs Gjermane.<\/p>\n<p>Armin Schurr<\/p>\n<p>Konsulent gjerman p\u00ebr gjuh\u00ebn gjermane si gjuh\u00eb t\u00eb huaj n\u00eb Mal t\u00eb Zi<\/p>\n<p>(informacione m\u00eb t\u00eb holl\u00ebsishme n\u00eb faqen e Ambasad\u00ebs Gjermane:<\/p>\n<p><strong><a href=\"http:\/\/www.podgorica.diplo.de\/Vertretung\/podgorica\/de\/06\/Deutsches__Sprachdiplom.html\" target=\"_blank\">http:\/\/www.podgorica.diplo.de\/Vertretung\/podgorica\/de\/06\/Deutsches__Sprachdiplom.html<\/a><\/strong><\/p>\n<p>Komuna Ulqinit<\/p>\n<\/div>\n","protected":false},"excerpt":{"rendered":"<p>Sot me 09.06.2015 n\u00eb Biblioteken e Ulqinit do t\u00eb mbahet\u00a0\u201eGARA E LEXIMIT N\u00cb GJUHEN GJERMANE\u201d Shkolla fillore \u201eMarshal Tito\u201c nga Ulqini, si dhe shkollat fillore \u201eVuk Karaxhiq\u201c dhe \u201eVukashin Radunoviq\u201c nga Berana marrin pjes\u00eb n\u00eb \u201eGar\u00ebn Mbar\u00ebballkanike t\u00eb Leximit n\u00eb Gjuh\u00ebn Gjermane\u201c. N\u00eb raundin e par\u00eb jan\u00eb zgjedhur Fituesit e Shkollave. T\u00eb mart\u00ebn, m\u00eb 9 [&hellip;]<\/p>\n","protected":false},"author":1,"featured_media":0,"comment_status":"closed","ping_status":"closed","sticky":false,"template":"","format":"standard","meta":{"spay_email":"","jetpack_publicize_message":"","jetpack_is_tweetstorm":false,"jetpack_publicize_feature_enabled":true},"categories":[4,1],"tags":[],"jetpack_publicize_connections":[],"yoast_head":"<!-- This site is optimized with the Yoast SEO plugin v19.1 - https:\/\/yoast.com\/wordpress\/plugins\/seo\/ -->\n<title>Ambasada Gjermane: Garat e leximit n\u00eb gjuh\u00ebn gjermane - Lajme nga Ulqini<\/title>\n<meta name=\"description\" content=\"Sot me 09.06.2015 n\u00eb Biblioteken e Ulqinit do t\u00eb mbahet\u00a0\u201eGARA E LEXIMIT N\u00cb GJUHEN GJERMANE\u201d Shkolla fillore \u201eMarshal Tito\u201c nga Ulqini, si dhe shkollat\" \/>\n<meta name=\"robots\" content=\"index, follow, max-snippet:-1, max-image-preview:large, max-video-preview:-1\" \/>\n<link rel=\"canonical\" href=\"https:\/\/www.visit-ulcinj.com\/blog\/2015\/06\/08\/ambasada-gjermane-ne-ulqin-garat-e-leximit-ne-gjuhen-gjermane\/\" \/>\n<meta property=\"og:locale\" content=\"en_US\" \/>\n<meta property=\"og:type\" content=\"article\" \/>\n<meta property=\"og:title\" content=\"Ambasada Gjermane: Garat e leximit n\u00eb gjuh\u00ebn gjermane - Lajme nga Ulqini\" \/>\n<meta property=\"og:description\" content=\"Sot me 09.06.2015 n\u00eb Biblioteken e Ulqinit do t\u00eb mbahet\u00a0\u201eGARA E LEXIMIT N\u00cb GJUHEN GJERMANE\u201d Shkolla fillore \u201eMarshal Tito\u201c nga Ulqini, si dhe shkollat\" \/>\n<meta property=\"og:url\" content=\"https:\/\/www.visit-ulcinj.com\/blog\/2015\/06\/08\/ambasada-gjermane-ne-ulqin-garat-e-leximit-ne-gjuhen-gjermane\/\" \/>\n<meta property=\"og:site_name\" content=\"Lajme nga Ulqini\" \/>\n<meta property=\"article:published_time\" content=\"2015-06-08T14:29:47+00:00\" \/>\n<meta property=\"article:modified_time\" content=\"2015-06-09T12:36:29+00:00\" \/>\n<meta property=\"og:image\" content=\"http:\/\/www.visit-ulcinj.com\/blog\/wp-content\/uploads\/2015\/06\/Ja-ich-spreche-Deutsch-Ulcinj-Montenegro.jpg\" \/>\n<meta name=\"twitter:label1\" content=\"Written by\" \/>\n\t<meta name=\"twitter:data1\" content=\"ulqini\" \/>\n\t<meta name=\"twitter:label2\" content=\"Est. reading time\" \/>\n\t<meta name=\"twitter:data2\" content=\"1 minute\" \/>\n<script type=\"application\/ld+json\" class=\"yoast-schema-graph\">{\"@context\":\"https:\/\/schema.org\",\"@graph\":[{\"@type\":\"WebSite\",\"@id\":\"https:\/\/www.visit-ulcinj.com\/blog\/#website\",\"url\":\"https:\/\/www.visit-ulcinj.com\/blog\/\",\"name\":\"Lajme nga Ulqini\",\"description\":\"Lajme,Vijesti,Ulqini,Ulqin,Crna Gora,Mali i Zi\",\"potentialAction\":[{\"@type\":\"SearchAction\",\"target\":{\"@type\":\"EntryPoint\",\"urlTemplate\":\"https:\/\/www.visit-ulcinj.com\/blog\/?s={search_term_string}\"},\"query-input\":\"required name=search_term_string\"}],\"inLanguage\":\"en-US\"},{\"@type\":\"ImageObject\",\"inLanguage\":\"en-US\",\"@id\":\"https:\/\/www.visit-ulcinj.com\/blog\/2015\/06\/08\/ambasada-gjermane-ne-ulqin-garat-e-leximit-ne-gjuhen-gjermane\/#primaryimage\",\"url\":\"https:\/\/www.visit-ulcinj.com\/blog\/wp-content\/uploads\/2015\/06\/Ja-ich-spreche-Deutsch-Ulcinj-Montenegro.jpg\",\"contentUrl\":\"https:\/\/www.visit-ulcinj.com\/blog\/wp-content\/uploads\/2015\/06\/Ja-ich-spreche-Deutsch-Ulcinj-Montenegro.jpg\",\"width\":435,\"height\":197},{\"@type\":\"WebPage\",\"@id\":\"https:\/\/www.visit-ulcinj.com\/blog\/2015\/06\/08\/ambasada-gjermane-ne-ulqin-garat-e-leximit-ne-gjuhen-gjermane\/#webpage\",\"url\":\"https:\/\/www.visit-ulcinj.com\/blog\/2015\/06\/08\/ambasada-gjermane-ne-ulqin-garat-e-leximit-ne-gjuhen-gjermane\/\",\"name\":\"Ambasada Gjermane: Garat e leximit n\u00eb gjuh\u00ebn gjermane - Lajme nga Ulqini\",\"isPartOf\":{\"@id\":\"https:\/\/www.visit-ulcinj.com\/blog\/#website\"},\"primaryImageOfPage\":{\"@id\":\"https:\/\/www.visit-ulcinj.com\/blog\/2015\/06\/08\/ambasada-gjermane-ne-ulqin-garat-e-leximit-ne-gjuhen-gjermane\/#primaryimage\"},\"datePublished\":\"2015-06-08T14:29:47+00:00\",\"dateModified\":\"2015-06-09T12:36:29+00:00\",\"author\":{\"@id\":\"https:\/\/www.visit-ulcinj.com\/blog\/#\/schema\/person\/dcab619c614d3038751c63bc2aadc06d\"},\"description\":\"Sot me 09.06.2015 n\u00eb Biblioteken e Ulqinit do t\u00eb mbahet\u00a0\u201eGARA E LEXIMIT N\u00cb GJUHEN GJERMANE\u201d Shkolla fillore \u201eMarshal Tito\u201c nga Ulqini, si dhe shkollat\",\"breadcrumb\":{\"@id\":\"https:\/\/www.visit-ulcinj.com\/blog\/2015\/06\/08\/ambasada-gjermane-ne-ulqin-garat-e-leximit-ne-gjuhen-gjermane\/#breadcrumb\"},\"inLanguage\":\"en-US\",\"potentialAction\":[{\"@type\":\"ReadAction\",\"target\":[\"https:\/\/www.visit-ulcinj.com\/blog\/2015\/06\/08\/ambasada-gjermane-ne-ulqin-garat-e-leximit-ne-gjuhen-gjermane\/\"]}]},{\"@type\":\"BreadcrumbList\",\"@id\":\"https:\/\/www.visit-ulcinj.com\/blog\/2015\/06\/08\/ambasada-gjermane-ne-ulqin-garat-e-leximit-ne-gjuhen-gjermane\/#breadcrumb\",\"itemListElement\":[{\"@type\":\"ListItem\",\"position\":1,\"name\":\"Ambasada Gjermane: Garat e leximit n\u00eb gjuh\u00ebn gjermane\"}]},{\"@type\":\"Person\",\"@id\":\"https:\/\/www.visit-ulcinj.com\/blog\/#\/schema\/person\/dcab619c614d3038751c63bc2aadc06d\",\"name\":\"ulqini\",\"sameAs\":[\"http:\/\/www.visit-ulcinj.com\"],\"url\":\"https:\/\/www.visit-ulcinj.com\/blog\/author\/admin\/\"}]}<\/script>\n<!-- \/ Yoast SEO plugin. -->","yoast_head_json":{"title":"Ambasada Gjermane: Garat e leximit n\u00eb gjuh\u00ebn gjermane - Lajme nga Ulqini","description":"Sot me 09.06.2015 n\u00eb Biblioteken e Ulqinit do t\u00eb mbahet\u00a0\u201eGARA E LEXIMIT N\u00cb GJUHEN GJERMANE\u201d Shkolla fillore \u201eMarshal Tito\u201c nga Ulqini, si dhe shkollat","robots":{"index":"index","follow":"follow","max-snippet":"max-snippet:-1","max-image-preview":"max-image-preview:large","max-video-preview":"max-video-preview:-1"},"canonical":"https:\/\/www.visit-ulcinj.com\/blog\/2015\/06\/08\/ambasada-gjermane-ne-ulqin-garat-e-leximit-ne-gjuhen-gjermane\/","og_locale":"en_US","og_type":"article","og_title":"Ambasada Gjermane: Garat e leximit n\u00eb gjuh\u00ebn gjermane - Lajme nga Ulqini","og_description":"Sot me 09.06.2015 n\u00eb Biblioteken e Ulqinit do t\u00eb mbahet\u00a0\u201eGARA E LEXIMIT N\u00cb GJUHEN GJERMANE\u201d Shkolla fillore \u201eMarshal Tito\u201c nga Ulqini, si dhe shkollat","og_url":"https:\/\/www.visit-ulcinj.com\/blog\/2015\/06\/08\/ambasada-gjermane-ne-ulqin-garat-e-leximit-ne-gjuhen-gjermane\/","og_site_name":"Lajme nga Ulqini","article_published_time":"2015-06-08T14:29:47+00:00","article_modified_time":"2015-06-09T12:36:29+00:00","og_image":[{"url":"http:\/\/www.visit-ulcinj.com\/blog\/wp-content\/uploads\/2015\/06\/Ja-ich-spreche-Deutsch-Ulcinj-Montenegro.jpg"}],"twitter_misc":{"Written by":"ulqini","Est. reading time":"1 minute"},"schema":{"@context":"https:\/\/schema.org","@graph":[{"@type":"WebSite","@id":"https:\/\/www.visit-ulcinj.com\/blog\/#website","url":"https:\/\/www.visit-ulcinj.com\/blog\/","name":"Lajme nga Ulqini","description":"Lajme,Vijesti,Ulqini,Ulqin,Crna Gora,Mali i Zi","potentialAction":[{"@type":"SearchAction","target":{"@type":"EntryPoint","urlTemplate":"https:\/\/www.visit-ulcinj.com\/blog\/?s={search_term_string}"},"query-input":"required name=search_term_string"}],"inLanguage":"en-US"},{"@type":"ImageObject","inLanguage":"en-US","@id":"https:\/\/www.visit-ulcinj.com\/blog\/2015\/06\/08\/ambasada-gjermane-ne-ulqin-garat-e-leximit-ne-gjuhen-gjermane\/#primaryimage","url":"https:\/\/www.visit-ulcinj.com\/blog\/wp-content\/uploads\/2015\/06\/Ja-ich-spreche-Deutsch-Ulcinj-Montenegro.jpg","contentUrl":"https:\/\/www.visit-ulcinj.com\/blog\/wp-content\/uploads\/2015\/06\/Ja-ich-spreche-Deutsch-Ulcinj-Montenegro.jpg","width":435,"height":197},{"@type":"WebPage","@id":"https:\/\/www.visit-ulcinj.com\/blog\/2015\/06\/08\/ambasada-gjermane-ne-ulqin-garat-e-leximit-ne-gjuhen-gjermane\/#webpage","url":"https:\/\/www.visit-ulcinj.com\/blog\/2015\/06\/08\/ambasada-gjermane-ne-ulqin-garat-e-leximit-ne-gjuhen-gjermane\/","name":"Ambasada Gjermane: Garat e leximit n\u00eb gjuh\u00ebn gjermane - Lajme nga Ulqini","isPartOf":{"@id":"https:\/\/www.visit-ulcinj.com\/blog\/#website"},"primaryImageOfPage":{"@id":"https:\/\/www.visit-ulcinj.com\/blog\/2015\/06\/08\/ambasada-gjermane-ne-ulqin-garat-e-leximit-ne-gjuhen-gjermane\/#primaryimage"},"datePublished":"2015-06-08T14:29:47+00:00","dateModified":"2015-06-09T12:36:29+00:00","author":{"@id":"https:\/\/www.visit-ulcinj.com\/blog\/#\/schema\/person\/dcab619c614d3038751c63bc2aadc06d"},"description":"Sot me 09.06.2015 n\u00eb Biblioteken e Ulqinit do t\u00eb mbahet\u00a0\u201eGARA E LEXIMIT N\u00cb GJUHEN GJERMANE\u201d Shkolla fillore \u201eMarshal Tito\u201c nga Ulqini, si dhe shkollat","breadcrumb":{"@id":"https:\/\/www.visit-ulcinj.com\/blog\/2015\/06\/08\/ambasada-gjermane-ne-ulqin-garat-e-leximit-ne-gjuhen-gjermane\/#breadcrumb"},"inLanguage":"en-US","potentialAction":[{"@type":"ReadAction","target":["https:\/\/www.visit-ulcinj.com\/blog\/2015\/06\/08\/ambasada-gjermane-ne-ulqin-garat-e-leximit-ne-gjuhen-gjermane\/"]}]},{"@type":"BreadcrumbList","@id":"https:\/\/www.visit-ulcinj.com\/blog\/2015\/06\/08\/ambasada-gjermane-ne-ulqin-garat-e-leximit-ne-gjuhen-gjermane\/#breadcrumb","itemListElement":[{"@type":"ListItem","position":1,"name":"Ambasada Gjermane: Garat e leximit n\u00eb gjuh\u00ebn gjermane"}]},{"@type":"Person","@id":"https:\/\/www.visit-ulcinj.com\/blog\/#\/schema\/person\/dcab619c614d3038751c63bc2aadc06d","name":"ulqini","sameAs":["http:\/\/www.visit-ulcinj.com"],"url":"https:\/\/www.visit-ulcinj.com\/blog\/author\/admin\/"}]}},"jetpack_featured_media_url":"","jetpack_sharing_enabled":true,"jetpack_shortlink":"https:\/\/wp.me\/pe6lTn-nDa","_links":{"self":[{"href":"https:\/\/www.visit-ulcinj.com\/blog\/wp-json\/wp\/v2\/posts\/90840"}],"collection":[{"href":"https:\/\/www.visit-ulcinj.com\/blog\/wp-json\/wp\/v2\/posts"}],"about":[{"href":"https:\/\/www.visit-ulcinj.com\/blog\/wp-json\/wp\/v2\/types\/post"}],"author":[{"embeddable":true,"href":"https:\/\/www.visit-ulcinj.com\/blog\/wp-json\/wp\/v2\/users\/1"}],"replies":[{"embeddable":true,"href":"https:\/\/www.visit-ulcinj.com\/blog\/wp-json\/wp\/v2\/comments?post=90840"}],"version-history":[{"count":3,"href":"https:\/\/www.visit-ulcinj.com\/blog\/wp-json\/wp\/v2\/posts\/90840\/revisions"}],"predecessor-version":[{"id":90865,"href":"https:\/\/www.visit-ulcinj.com\/blog\/wp-json\/wp\/v2\/posts\/90840\/revisions\/90865"}],"wp:attachment":[{"href":"https:\/\/www.visit-ulcinj.com\/blog\/wp-json\/wp\/v2\/media?parent=90840"}],"wp:term":[{"taxonomy":"category","embeddable":true,"href":"https:\/\/www.visit-ulcinj.com\/blog\/wp-json\/wp\/v2\/categories?post=90840"},{"taxonomy":"post_tag","embeddable":true,"href":"https:\/\/www.visit-ulcinj.com\/blog\/wp-json\/wp\/v2\/tags?post=90840"}],"curies":[{"name":"wp","href":"https:\/\/api.w.org\/{rel}","templated":true}]}}