{"id":90844,"date":"2015-06-08T15:37:23","date_gmt":"2015-06-08T14:37:23","guid":{"rendered":"http:\/\/www.visit-ulcinj.com\/blog\/?p=90844"},"modified":"2015-06-08T15:38:13","modified_gmt":"2015-06-08T14:38:13","slug":"ambasada-njemacke-takmicenje-citanja-na-njemackom","status":"publish","type":"post","link":"https:\/\/www.visit-ulcinj.com\/blog\/2015\/06\/08\/ambasada-njemacke-takmicenje-citanja-na-njemackom\/","title":{"rendered":"Ambasada Njema\u010dke: Takmi\u010denje \u010ditanja na njema\u010dkom"},"content":{"rendered":"<p><a href=\"http:\/\/www.visit-ulcinj.com\/blog\/wp-content\/uploads\/2015\/06\/keep-calm-and-sprechen-deutsch-Ulcinj-Montenegro.png\"><img loading=\"lazy\" class=\"alignleft wp-image-90845\" src=\"http:\/\/www.visit-ulcinj.com\/blog\/wp-content\/uploads\/2015\/06\/keep-calm-and-sprechen-deutsch-Ulcinj-Montenegro.png\" alt=\"keep-calm-and-sprechen-deutsch-Ulcinj-Montenegro\" width=\"508\" height=\"593\" srcset=\"https:\/\/www.visit-ulcinj.com\/blog\/wp-content\/uploads\/2015\/06\/keep-calm-and-sprechen-deutsch-Ulcinj-Montenegro.png 600w, https:\/\/www.visit-ulcinj.com\/blog\/wp-content\/uploads\/2015\/06\/keep-calm-and-sprechen-deutsch-Ulcinj-Montenegro-257x300.png 257w\" sizes=\"(max-width: 508px) 100vw, 508px\" \/><\/a>Osnovna \u0161kola \u201eMar\u0161al Tito\u201c iz Ulcinja, kao i osnovne \u0161kole \u201eVuk Karad\u017ei\u0107\u201c i \u201eVuka\u0161in Radunovi\u0107\u201c iz Berana u\u010destvuju na \u201eBalkanskom takmi\u010denju u \u010ditanju na njema\u010dkom jeziku\u201c.<\/p>\n<p>U prvom kolu su progla\u0161eni pobjednici u \u0161kolama.<\/p>\n<p>U utorak, 9. juna, \u0107e se odr\u017eati drugo kolo za izbor pobjednika\/pobjednice Crne Gore.<\/p>\n<p>Pobjednik t.j. pobjednica putova\u0107e u oktobru na finale u Beograd, gdje \u0107e se takmi\u010diti sa kandidatima iz svih balkanskih zemalja.<\/p>\n<p>Takmi\u010denje je organizovala i financirala Njema\u010dka centralna agencija za \u0161kole u inostranstvu, koja je u saradnji sa Ministarstvom prosvjete Crne Gore poslala njema\u010dke nastavnike u Crnoj Gori u osnovnim \u0161kolama i gimnazijama u Ulcinju i Beranama, gdje se i mo\u017ee uzeti Diploma njema\u010dkog jezika.<\/p>\n<p>Mi, njema\u010dki i crnogorski nastavnici njema\u010dkog jezika \u017eelimo sve najbolje na\u0161im Njema\u010dkim \u0161ampionima!<\/p>\n<p>Takodje \u017eelimo da u budu\u0107nosti bude \u0161to vi\u0161e Njema\u010dkih \u0161ampiona i zato koristimo ovu priliku kao malu reklamu za predmet njema\u010dkog jezika i za Diplomu njema\u010dkog jezika.<\/p>\n<p>Armin Schurr<\/p>\n<p>Njema\u010dki konsultant za njema\u010dki jezik kao strani jezik u Crnoj Gori<\/p>\n<p>(za vi\u0161e informacija na stranici Njema\u010dke ambasade:<\/p>\n<p><strong><a href=\"http:\/\/www.podgorica.diplo.de\/Vertretung\/podgorica\/de\/06\/Deutsches__Sprachdiplom.html\" target=\"_blank\">http:\/\/www.podgorica.diplo.de\/Vertretung\/podgorica\/de\/06\/Deutsches__Sprachdiplom.html<\/a><\/strong><\/p>\n<p>Opstina Ulcinj<\/p>\n","protected":false},"excerpt":{"rendered":"<p>Osnovna \u0161kola \u201eMar\u0161al Tito\u201c iz Ulcinja, kao i osnovne \u0161kole \u201eVuk Karad\u017ei\u0107\u201c i \u201eVuka\u0161in Radunovi\u0107\u201c iz Berana u\u010destvuju na \u201eBalkanskom takmi\u010denju u \u010ditanju na njema\u010dkom jeziku\u201c. U prvom kolu su progla\u0161eni pobjednici u \u0161kolama. U utorak, 9. juna, \u0107e se odr\u017eati drugo kolo za izbor pobjednika\/pobjednice Crne Gore. Pobjednik t.j. pobjednica putova\u0107e u oktobru na [&hellip;]<\/p>\n","protected":false},"author":1,"featured_media":0,"comment_status":"closed","ping_status":"closed","sticky":false,"template":"","format":"standard","meta":{"spay_email":"","jetpack_publicize_message":"","jetpack_is_tweetstorm":false,"jetpack_publicize_feature_enabled":true},"categories":[8337],"tags":[],"jetpack_publicize_connections":[],"yoast_head":"<!-- This site is optimized with the Yoast SEO plugin v19.1 - https:\/\/yoast.com\/wordpress\/plugins\/seo\/ -->\n<title>Ambasada Njema\u010dke: Takmi\u010denje \u010ditanja na njema\u010dkom - Lajme nga Ulqini<\/title>\n<meta name=\"description\" content=\"Osnovna \u0161kola \u201eMar\u0161al Tito\u201c iz Ulcinja, kao i osnovne \u0161kole \u201eVuk Karad\u017ei\u0107\u201c i \u201eVuka\u0161in Radunovi\u0107\u201c iz Berana u\u010destvuju na \u201eBalkanskom takmi\u010denju u \u010ditanju\" \/>\n<meta name=\"robots\" content=\"index, follow, max-snippet:-1, max-image-preview:large, max-video-preview:-1\" \/>\n<link rel=\"canonical\" href=\"https:\/\/www.visit-ulcinj.com\/blog\/2015\/06\/08\/ambasada-njemacke-takmicenje-citanja-na-njemackom\/\" \/>\n<meta property=\"og:locale\" content=\"en_US\" \/>\n<meta property=\"og:type\" content=\"article\" \/>\n<meta property=\"og:title\" content=\"Ambasada Njema\u010dke: Takmi\u010denje \u010ditanja na njema\u010dkom - Lajme nga Ulqini\" \/>\n<meta property=\"og:description\" content=\"Osnovna \u0161kola \u201eMar\u0161al Tito\u201c iz Ulcinja, kao i osnovne \u0161kole \u201eVuk Karad\u017ei\u0107\u201c i \u201eVuka\u0161in Radunovi\u0107\u201c iz Berana u\u010destvuju na \u201eBalkanskom takmi\u010denju u \u010ditanju\" \/>\n<meta property=\"og:url\" content=\"https:\/\/www.visit-ulcinj.com\/blog\/2015\/06\/08\/ambasada-njemacke-takmicenje-citanja-na-njemackom\/\" \/>\n<meta property=\"og:site_name\" content=\"Lajme nga Ulqini\" \/>\n<meta property=\"article:published_time\" content=\"2015-06-08T14:37:23+00:00\" \/>\n<meta property=\"article:modified_time\" content=\"2015-06-08T14:38:13+00:00\" \/>\n<meta property=\"og:image\" content=\"http:\/\/www.visit-ulcinj.com\/blog\/wp-content\/uploads\/2015\/06\/keep-calm-and-sprechen-deutsch-Ulcinj-Montenegro.png\" \/>\n<meta name=\"twitter:label1\" content=\"Written by\" \/>\n\t<meta name=\"twitter:data1\" content=\"ulqini\" \/>\n\t<meta name=\"twitter:label2\" content=\"Est. reading time\" \/>\n\t<meta name=\"twitter:data2\" content=\"1 minute\" \/>\n<script type=\"application\/ld+json\" class=\"yoast-schema-graph\">{\"@context\":\"https:\/\/schema.org\",\"@graph\":[{\"@type\":\"WebSite\",\"@id\":\"https:\/\/www.visit-ulcinj.com\/blog\/#website\",\"url\":\"https:\/\/www.visit-ulcinj.com\/blog\/\",\"name\":\"Lajme nga Ulqini\",\"description\":\"Lajme,Vijesti,Ulqini,Ulqin,Crna Gora,Mali i Zi\",\"potentialAction\":[{\"@type\":\"SearchAction\",\"target\":{\"@type\":\"EntryPoint\",\"urlTemplate\":\"https:\/\/www.visit-ulcinj.com\/blog\/?s={search_term_string}\"},\"query-input\":\"required name=search_term_string\"}],\"inLanguage\":\"en-US\"},{\"@type\":\"ImageObject\",\"inLanguage\":\"en-US\",\"@id\":\"https:\/\/www.visit-ulcinj.com\/blog\/2015\/06\/08\/ambasada-njemacke-takmicenje-citanja-na-njemackom\/#primaryimage\",\"url\":\"https:\/\/www.visit-ulcinj.com\/blog\/wp-content\/uploads\/2015\/06\/keep-calm-and-sprechen-deutsch-Ulcinj-Montenegro.png\",\"contentUrl\":\"https:\/\/www.visit-ulcinj.com\/blog\/wp-content\/uploads\/2015\/06\/keep-calm-and-sprechen-deutsch-Ulcinj-Montenegro.png\",\"width\":600,\"height\":700},{\"@type\":\"WebPage\",\"@id\":\"https:\/\/www.visit-ulcinj.com\/blog\/2015\/06\/08\/ambasada-njemacke-takmicenje-citanja-na-njemackom\/#webpage\",\"url\":\"https:\/\/www.visit-ulcinj.com\/blog\/2015\/06\/08\/ambasada-njemacke-takmicenje-citanja-na-njemackom\/\",\"name\":\"Ambasada Njema\u010dke: Takmi\u010denje \u010ditanja na njema\u010dkom - Lajme nga Ulqini\",\"isPartOf\":{\"@id\":\"https:\/\/www.visit-ulcinj.com\/blog\/#website\"},\"primaryImageOfPage\":{\"@id\":\"https:\/\/www.visit-ulcinj.com\/blog\/2015\/06\/08\/ambasada-njemacke-takmicenje-citanja-na-njemackom\/#primaryimage\"},\"datePublished\":\"2015-06-08T14:37:23+00:00\",\"dateModified\":\"2015-06-08T14:38:13+00:00\",\"author\":{\"@id\":\"https:\/\/www.visit-ulcinj.com\/blog\/#\/schema\/person\/dcab619c614d3038751c63bc2aadc06d\"},\"description\":\"Osnovna \u0161kola \u201eMar\u0161al Tito\u201c iz Ulcinja, kao i osnovne \u0161kole \u201eVuk Karad\u017ei\u0107\u201c i \u201eVuka\u0161in Radunovi\u0107\u201c iz Berana u\u010destvuju na \u201eBalkanskom takmi\u010denju u \u010ditanju\",\"breadcrumb\":{\"@id\":\"https:\/\/www.visit-ulcinj.com\/blog\/2015\/06\/08\/ambasada-njemacke-takmicenje-citanja-na-njemackom\/#breadcrumb\"},\"inLanguage\":\"en-US\",\"potentialAction\":[{\"@type\":\"ReadAction\",\"target\":[\"https:\/\/www.visit-ulcinj.com\/blog\/2015\/06\/08\/ambasada-njemacke-takmicenje-citanja-na-njemackom\/\"]}]},{\"@type\":\"BreadcrumbList\",\"@id\":\"https:\/\/www.visit-ulcinj.com\/blog\/2015\/06\/08\/ambasada-njemacke-takmicenje-citanja-na-njemackom\/#breadcrumb\",\"itemListElement\":[{\"@type\":\"ListItem\",\"position\":1,\"name\":\"Ambasada Njema\u010dke: Takmi\u010denje \u010ditanja na njema\u010dkom\"}]},{\"@type\":\"Person\",\"@id\":\"https:\/\/www.visit-ulcinj.com\/blog\/#\/schema\/person\/dcab619c614d3038751c63bc2aadc06d\",\"name\":\"ulqini\",\"sameAs\":[\"http:\/\/www.visit-ulcinj.com\"],\"url\":\"https:\/\/www.visit-ulcinj.com\/blog\/author\/admin\/\"}]}<\/script>\n<!-- \/ Yoast SEO plugin. -->","yoast_head_json":{"title":"Ambasada Njema\u010dke: Takmi\u010denje \u010ditanja na njema\u010dkom - Lajme nga Ulqini","description":"Osnovna \u0161kola \u201eMar\u0161al Tito\u201c iz Ulcinja, kao i osnovne \u0161kole \u201eVuk Karad\u017ei\u0107\u201c i \u201eVuka\u0161in Radunovi\u0107\u201c iz Berana u\u010destvuju na \u201eBalkanskom takmi\u010denju u \u010ditanju","robots":{"index":"index","follow":"follow","max-snippet":"max-snippet:-1","max-image-preview":"max-image-preview:large","max-video-preview":"max-video-preview:-1"},"canonical":"https:\/\/www.visit-ulcinj.com\/blog\/2015\/06\/08\/ambasada-njemacke-takmicenje-citanja-na-njemackom\/","og_locale":"en_US","og_type":"article","og_title":"Ambasada Njema\u010dke: Takmi\u010denje \u010ditanja na njema\u010dkom - Lajme nga Ulqini","og_description":"Osnovna \u0161kola \u201eMar\u0161al Tito\u201c iz Ulcinja, kao i osnovne \u0161kole \u201eVuk Karad\u017ei\u0107\u201c i \u201eVuka\u0161in Radunovi\u0107\u201c iz Berana u\u010destvuju na \u201eBalkanskom takmi\u010denju u \u010ditanju","og_url":"https:\/\/www.visit-ulcinj.com\/blog\/2015\/06\/08\/ambasada-njemacke-takmicenje-citanja-na-njemackom\/","og_site_name":"Lajme nga Ulqini","article_published_time":"2015-06-08T14:37:23+00:00","article_modified_time":"2015-06-08T14:38:13+00:00","og_image":[{"url":"http:\/\/www.visit-ulcinj.com\/blog\/wp-content\/uploads\/2015\/06\/keep-calm-and-sprechen-deutsch-Ulcinj-Montenegro.png"}],"twitter_misc":{"Written by":"ulqini","Est. reading time":"1 minute"},"schema":{"@context":"https:\/\/schema.org","@graph":[{"@type":"WebSite","@id":"https:\/\/www.visit-ulcinj.com\/blog\/#website","url":"https:\/\/www.visit-ulcinj.com\/blog\/","name":"Lajme nga Ulqini","description":"Lajme,Vijesti,Ulqini,Ulqin,Crna Gora,Mali i Zi","potentialAction":[{"@type":"SearchAction","target":{"@type":"EntryPoint","urlTemplate":"https:\/\/www.visit-ulcinj.com\/blog\/?s={search_term_string}"},"query-input":"required name=search_term_string"}],"inLanguage":"en-US"},{"@type":"ImageObject","inLanguage":"en-US","@id":"https:\/\/www.visit-ulcinj.com\/blog\/2015\/06\/08\/ambasada-njemacke-takmicenje-citanja-na-njemackom\/#primaryimage","url":"https:\/\/www.visit-ulcinj.com\/blog\/wp-content\/uploads\/2015\/06\/keep-calm-and-sprechen-deutsch-Ulcinj-Montenegro.png","contentUrl":"https:\/\/www.visit-ulcinj.com\/blog\/wp-content\/uploads\/2015\/06\/keep-calm-and-sprechen-deutsch-Ulcinj-Montenegro.png","width":600,"height":700},{"@type":"WebPage","@id":"https:\/\/www.visit-ulcinj.com\/blog\/2015\/06\/08\/ambasada-njemacke-takmicenje-citanja-na-njemackom\/#webpage","url":"https:\/\/www.visit-ulcinj.com\/blog\/2015\/06\/08\/ambasada-njemacke-takmicenje-citanja-na-njemackom\/","name":"Ambasada Njema\u010dke: Takmi\u010denje \u010ditanja na njema\u010dkom - Lajme nga Ulqini","isPartOf":{"@id":"https:\/\/www.visit-ulcinj.com\/blog\/#website"},"primaryImageOfPage":{"@id":"https:\/\/www.visit-ulcinj.com\/blog\/2015\/06\/08\/ambasada-njemacke-takmicenje-citanja-na-njemackom\/#primaryimage"},"datePublished":"2015-06-08T14:37:23+00:00","dateModified":"2015-06-08T14:38:13+00:00","author":{"@id":"https:\/\/www.visit-ulcinj.com\/blog\/#\/schema\/person\/dcab619c614d3038751c63bc2aadc06d"},"description":"Osnovna \u0161kola \u201eMar\u0161al Tito\u201c iz Ulcinja, kao i osnovne \u0161kole \u201eVuk Karad\u017ei\u0107\u201c i \u201eVuka\u0161in Radunovi\u0107\u201c iz Berana u\u010destvuju na \u201eBalkanskom takmi\u010denju u \u010ditanju","breadcrumb":{"@id":"https:\/\/www.visit-ulcinj.com\/blog\/2015\/06\/08\/ambasada-njemacke-takmicenje-citanja-na-njemackom\/#breadcrumb"},"inLanguage":"en-US","potentialAction":[{"@type":"ReadAction","target":["https:\/\/www.visit-ulcinj.com\/blog\/2015\/06\/08\/ambasada-njemacke-takmicenje-citanja-na-njemackom\/"]}]},{"@type":"BreadcrumbList","@id":"https:\/\/www.visit-ulcinj.com\/blog\/2015\/06\/08\/ambasada-njemacke-takmicenje-citanja-na-njemackom\/#breadcrumb","itemListElement":[{"@type":"ListItem","position":1,"name":"Ambasada Njema\u010dke: Takmi\u010denje \u010ditanja na njema\u010dkom"}]},{"@type":"Person","@id":"https:\/\/www.visit-ulcinj.com\/blog\/#\/schema\/person\/dcab619c614d3038751c63bc2aadc06d","name":"ulqini","sameAs":["http:\/\/www.visit-ulcinj.com"],"url":"https:\/\/www.visit-ulcinj.com\/blog\/author\/admin\/"}]}},"jetpack_featured_media_url":"","jetpack_sharing_enabled":true,"jetpack_shortlink":"https:\/\/wp.me\/pe6lTn-nDe","_links":{"self":[{"href":"https:\/\/www.visit-ulcinj.com\/blog\/wp-json\/wp\/v2\/posts\/90844"}],"collection":[{"href":"https:\/\/www.visit-ulcinj.com\/blog\/wp-json\/wp\/v2\/posts"}],"about":[{"href":"https:\/\/www.visit-ulcinj.com\/blog\/wp-json\/wp\/v2\/types\/post"}],"author":[{"embeddable":true,"href":"https:\/\/www.visit-ulcinj.com\/blog\/wp-json\/wp\/v2\/users\/1"}],"replies":[{"embeddable":true,"href":"https:\/\/www.visit-ulcinj.com\/blog\/wp-json\/wp\/v2\/comments?post=90844"}],"version-history":[{"count":2,"href":"https:\/\/www.visit-ulcinj.com\/blog\/wp-json\/wp\/v2\/posts\/90844\/revisions"}],"predecessor-version":[{"id":90847,"href":"https:\/\/www.visit-ulcinj.com\/blog\/wp-json\/wp\/v2\/posts\/90844\/revisions\/90847"}],"wp:attachment":[{"href":"https:\/\/www.visit-ulcinj.com\/blog\/wp-json\/wp\/v2\/media?parent=90844"}],"wp:term":[{"taxonomy":"category","embeddable":true,"href":"https:\/\/www.visit-ulcinj.com\/blog\/wp-json\/wp\/v2\/categories?post=90844"},{"taxonomy":"post_tag","embeddable":true,"href":"https:\/\/www.visit-ulcinj.com\/blog\/wp-json\/wp\/v2\/tags?post=90844"}],"curies":[{"name":"wp","href":"https:\/\/api.w.org\/{rel}","templated":true}]}}