{"id":90848,"date":"2015-06-08T15:50:51","date_gmt":"2015-06-08T14:50:51","guid":{"rendered":"http:\/\/www.visit-ulcinj.com\/blog\/?p=90848"},"modified":"2015-06-08T15:50:51","modified_gmt":"2015-06-08T14:50:51","slug":"auf%c2%adga%c2%adben-der-fach%c2%adschafts%c2%adbe%c2%adra%c2%adtung-ul%c2%adc%c2%adinj","status":"publish","type":"post","link":"https:\/\/www.visit-ulcinj.com\/blog\/2015\/06\/08\/auf%c2%adga%c2%adben-der-fach%c2%adschafts%c2%adbe%c2%adra%c2%adtung-ul%c2%adc%c2%adinj\/","title":{"rendered":"Auf\u00adga\u00adben der Fach\u00adschafts\u00adbe\u00adra\u00adtung Ul\u00adc\u00adinj"},"content":{"rendered":"<p><a href=\"http:\/\/www.visit-ulcinj.com\/blog\/wp-content\/uploads\/2015\/06\/Das-deutsche-Sprachdiplom-an-montenegrinischen-Schulen.jpg\"><img loading=\"lazy\" class=\"alignleft wp-image-90849\" src=\"http:\/\/www.visit-ulcinj.com\/blog\/wp-content\/uploads\/2015\/06\/Das-deutsche-Sprachdiplom-an-montenegrinischen-Schulen.jpg\" alt=\"Das deutsche Sprachdiplom an montenegrinischen Schulen\" width=\"508\" height=\"231\" srcset=\"https:\/\/www.visit-ulcinj.com\/blog\/wp-content\/uploads\/2015\/06\/Das-deutsche-Sprachdiplom-an-montenegrinischen-Schulen.jpg 1022w, https:\/\/www.visit-ulcinj.com\/blog\/wp-content\/uploads\/2015\/06\/Das-deutsche-Sprachdiplom-an-montenegrinischen-Schulen-300x136.jpg 300w\" sizes=\"(max-width: 508px) 100vw, 508px\" \/><\/a>Der Fach\u00adschafts\u00adbe\u00adra\u00adter in Ul\u00adc\u00adinj be\u00adtreut Schu\u00adlen sei\u00adnes Gast\u00adlan\u00addes mit er\u00adwei\u00adter\u00adtem Deutsch\u00adpro\u00adgramm, die in der Re\u00adgel zum Deut\u00adschen Sprach\u00addi\u00adplom der Kul\u00adtus\u00admi\u00adnis\u00adter\u00adkon\u00adfe\u00adrenz (DSD) f\u00fch\u00adren. Er ber\u00e4t Schu\u00adlen bei der Im\u00adple\u00admen\u00adtie\u00adrung des DSD-Pro\u00adgramms, lei\u00adtet die Pr\u00fc\u00adfung zum DSD und bil\u00addet die Deutsch\u00adleh\u00adrer fach\u00adlich und me\u00adtho\u00addisch di\u00addak\u00adtisch fort.<\/p>\n<p>Die F\u00f6r\u00adde\u00adrung der be\u00adtreu\u00adten Schu\u00adlen durch die Fach\u00adschafts\u00adbe\u00adra\u00adtung in Ul\u00adc\u00adinj um\u00adfasst eben\u00adso die Lehr- und Lern\u00admit\u00adtel\u00ads\u00adpen\u00adden so\u00adwie die Ver\u00adga\u00adbe von Sti\u00adpen\u00addi\u00aden f\u00fcr Deutsch\u00adleh\u00adrer und Sch\u00fc\u00adler des DSD-Pro\u00adgramms. Mit zahl\u00adrei\u00adchen Pro\u00adjek\u00adten tr\u00e4gt die Fach\u00adschafts\u00adbe\u00adra\u00adtung zur Ver\u00adnet\u00adzung der DSD-Schu\u00adlen im Land und \u00fcber\u00adre\u00adgio\u00adnal bei.<\/p>\n<p><strong>Ar\u00admin Schurr<\/strong><\/p>\n<p>Fach\u00adschafts\u00adbe\u00adra\u00adter in Mon\u00adte\u00adne\u00adgro<\/p>\n<ul>\n<li><strong>Stu\u00addi\u00adum:<\/strong><br \/>\nGer\u00adma\u00adnis\u00adtik und Ge\u00adschich\u00adte f\u00fcr das Lehr\u00adamt an Gym\u00adna\u00adsi\u00aden in T\u00fc\u00adbin\u00adgen<\/li>\n<li><strong>Bis\u00adhe\u00adri\u00adge T\u00e4\u00adtig\u00adkei\u00adten:<\/strong><br \/>\nLeh\u00adrer f\u00fcr Deutsch, Ge\u00adschich\u00adte, Ita\u00adlie\u00adnisch an Gym\u00adna\u00adsi\u00aden in Ba\u00adden-W\u00fcrt\u00adtem\u00adberg<\/li>\n<li><strong>Bis\u00adhe\u00adri\u00adge Aus\u00adlands\u00adsta\u00adtio\u00adnen:<\/strong><br \/>\n1991-2000: Aus\u00adlands\u00addienst\u00adleh\u00adrer an der Eu\u00adro\u00adpa-Schu\u00adle in Va\u00adre\u00adse (Ita\u00adli\u00aden)<\/li>\n<li><strong>Jet\u00adzi\u00adge Fach\u00adschafts\u00adbe\u00adra\u00adter\u00adt\u00e4\u00adtig\u00adkeit:<\/strong><br \/>\nSeit dem 1.Sep\u00adtem\u00adber 2010 ist Ar\u00admin Schurr Fach\u00adschafts\u00adbe\u00adra\u00adter\/Ko\u00ador\u00addi\u00adna\u00adtor f\u00fcr Deutsch in Mon\u00adte\u00adne\u00adgro. Sein Dienstort ist Ul\u00adc\u00adinj, ei\u00adne klei\u00adne Stadt am Meer im S\u00fc\u00adden des Lan\u00addes. In Mon\u00adte\u00adne\u00adgro gibt es in den St\u00e4d\u00adten Ul\u00adc\u00adinj und Be\u00adra\u00adne ins\u00adge\u00adsamt f\u00fcnf PASCH-Schu\u00adlen, da\u00advon zwei Gym\u00adna\u00adsi\u00aden, an de\u00adnen das DSD I und II ab\u00adge\u00adlegt wer\u00adden kann.<\/li>\n<\/ul>\n<p>&nbsp;<\/p>\n<p><strong>Das deutsche Sprachdiplom an montenegrinischen Schulen<\/strong><\/p>\n<p>&nbsp;<\/p>\n<p>In Montenegro bieten zur Zeit zwei Gymnasien die M\u00f6glichkeit, das Deutsche Sprachdiplom der deutschen Kultusministerkonferenz (DSD) zu erwerben: das Gymnasium \u201eBratstvo-Jedinstvo\u201c in Ulcinj und das Gymnasium \u201ePanto Mali\u0161i\u0107\u201c\u00a0in Berane.<\/p>\n<p>An diesen Schulen sowie an den Grundschulen \u201eMar\u0161al Tito\u201c (Ulcinj) \u201eVuk Karad\u017ei\u0107\u201c und \u201eVuka\u0161in Radunovi\u0107\u201c (Berane) unterrichten vier aus Deutschland entsandte Lehrer zusammen mit ihren montene\u00adgrinischen Kollegen. Ziel ist das deutsche Sprachdiplom, Stufe I und II. Das montenegrini\u00adsche Abitur ist von der\u00a0Kulturministerkonferenz als Nachweis f\u00fcr die Zugangsberechtigung zu deutschen Hoch\u00adschulen anerkannt.\u00a0In Verbindung mit dem Sprachdiplom der Stufe II erm\u00f6glicht es die Aufnahme eines Studiums in Deutschland ohne Vorsemester und ohne Sprachfeststellpr\u00fcfung.<\/p>\n<p>Es gibt einen Fachschaftsberater\/Koordinator der Zentralstelle f\u00fcr das Auslandsschulwesen des deutschen Bundesverwaltungsamts in Montenegro, der f\u00fcr die Vorbereitung und Durchf\u00fchrung des Deutschen Sprachdiploms DSD sowie f\u00fcr die Betreuung dieser f\u00fcnfPartnerschafts-Schulen (PASCH-Schulen) zust\u00e4ndig ist.<\/p>\n<p>Weitere Informationen: <a href=\"http:\/\/www.bva.bund.de\/DE\/Organisation\/Abteilungen\/Abteilung_ZfA\/Auslandsschularbeit\/Fachberater\/Europa\/Ulcinj\/node.html\"> http:\/\/www.bva.bund.de\/DE\/Organisation\/Abteilungen\/Abteilung_ZfA\/Auslandsschularbeit\/Fachberater\/Europa\/Ulcinj\/node.html <\/a><\/p>\n<p>&nbsp;<\/p>\n<div class=\"singleview news\">\n<p class=\"isFirstInSlot\"><strong>Medienprojekt Klasse!<\/strong>\n<\/p>\n<div class=\"docData news\"><span class=\"label\">Datum<\/span> <span class=\"value\">08.06.2015<\/span><\/div>\n<div class=\"abstract\">\n<p>Vor kurzem fand in Ulcinj\/Montenegro am Gymnasium Bratstvo-Jedinstvo ein Zeitungsprojekt seinen Abschluss.<\/p>\n<\/div>\n<p>Dazu schrieben die jungen Redakteure und Redakteurinnen:<br \/>\n<q>&#8220;Unser deutscher Deutschlehrer, Herr Schlegel, hat die Autorin und Journalistin Petra Gabriel eingeladen. Sie hat uns in einem Zeitungs-Workshop die Arbeit einer Redaktion erkl\u00e4rt und \u00fcber den Aufbau einer Zeitung und Artikel berichtet. Das Ziel war das selbstst\u00e4ndige Erstellen einer Zeitungsseite. Gemeinsam entschieden wir uns daf\u00fcr, die Jugendlichen aus Ulcinj als \u00dcberthema f\u00fcr die Artikel zu w\u00e4hlen. Petra Gabriel hat ihre ehemalige Zeitung kontaktiert und so bekommen wir die M\u00f6glichkeit, diese von uns erstellte Seite in der deutschen Zeitung zu ver\u00f6ffentlichen.&#8221;<\/q><br \/>\nAm 2. April 2015 ist die Seite im &#8220;S\u00fcdkurier&#8221; erschienen.<\/p>\n<div class=\"sectionRelated\">\n<p><strong>Hier geht es zum Download der Seite aus dem &#8220;S\u00fcdkurier&#8221;<\/strong><\/p>\n<ul class=\"links\">\n<li><a title=\"\u00d6ffnet im neuen Fenster\" href=\"http:\/\/www.bva.bund.de\/DE\/Organisation\/Abteilungen\/Abteilung_ZfA\/Auslandsschularbeit\/Fachberater\/Europa\/Ulcinj\/Aktuelles\/2015\/Klasse_Dwl.pdf?__blob=publicationFile&amp;v=3\" target=\"_blank\"><img class=\"BITVDocument\" src=\"http:\/\/www.bva.bund.de\/SiteGlobals\/StyleBundles\/Bilder\/Farbschema\/img_file_bitv_nein.png?__blob=normal&amp;v=3\" alt=\"Datei ist nicht barrierefrei\" \/><strong> Klasse!\u00a0(PDF, 4MB, Datei ist nicht barrierefrei)<\/strong><\/a><\/li>\n<\/ul>\n<p><a href=\"http:\/\/www.bva.bund.de\/DE\/Organisation\/Abteilungen\/Abteilung_ZfA\/Auslandsschularbeit\/Fachberater\/Europa\/Ulcinj\/Aktuelles\/2015\/Klasse!_txt.html\" target=\"_blank\"><strong>Source: http:\/\/www.bva.bund.de\/DE\/Organisation\/Abteilungen\/Abteilung_ZfA\/Auslandsschularbeit\/Fachberater\/Europa\/Ulcinj\/Aktuelles\/2015\/Klasse!_txt.html<\/strong><\/a><\/p>\n<\/div>\n<\/div>\n","protected":false},"excerpt":{"rendered":"<p>Der Fach\u00adschafts\u00adbe\u00adra\u00adter in Ul\u00adc\u00adinj be\u00adtreut Schu\u00adlen sei\u00adnes Gast\u00adlan\u00addes mit er\u00adwei\u00adter\u00adtem Deutsch\u00adpro\u00adgramm, die in der Re\u00adgel zum Deut\u00adschen Sprach\u00addi\u00adplom der Kul\u00adtus\u00admi\u00adnis\u00adter\u00adkon\u00adfe\u00adrenz (DSD) f\u00fch\u00adren. Er ber\u00e4t Schu\u00adlen bei der Im\u00adple\u00admen\u00adtie\u00adrung des DSD-Pro\u00adgramms, lei\u00adtet die Pr\u00fc\u00adfung zum DSD und bil\u00addet die Deutsch\u00adleh\u00adrer fach\u00adlich und me\u00adtho\u00addisch di\u00addak\u00adtisch fort. Die F\u00f6r\u00adde\u00adrung der be\u00adtreu\u00adten Schu\u00adlen durch die Fach\u00adschafts\u00adbe\u00adra\u00adtung in Ul\u00adc\u00adinj um\u00adfasst [&hellip;]<\/p>\n","protected":false},"author":1,"featured_media":0,"comment_status":"closed","ping_status":"closed","sticky":false,"template":"","format":"standard","meta":{"spay_email":"","jetpack_publicize_message":"","jetpack_is_tweetstorm":false,"jetpack_publicize_feature_enabled":true},"categories":[7],"tags":[],"jetpack_publicize_connections":[],"yoast_head":"<!-- This site is optimized with the Yoast SEO plugin v19.1 - https:\/\/yoast.com\/wordpress\/plugins\/seo\/ -->\n<title>Auf\u00adga\u00adben der Fach\u00adschafts\u00adbe\u00adra\u00adtung Ul\u00adc\u00adinj - Lajme nga Ulqini<\/title>\n<meta name=\"description\" content=\"Der Fach\u00adschafts\u00adbe\u00adra\u00adter in Ul\u00adc\u00adinj be\u00adtreut Schu\u00adlen sei\u00adnes Gast\u00adlan\u00addes mit er\u00adwei\u00adter\u00adtem Deutsch\u00adpro\u00adgramm, die in der Re\u00adgel zum Deut\u00adschen\" \/>\n<meta name=\"robots\" content=\"index, follow, max-snippet:-1, max-image-preview:large, max-video-preview:-1\" \/>\n<link rel=\"canonical\" href=\"https:\/\/www.visit-ulcinj.com\/blog\/2015\/06\/08\/auf\u00adga\u00adben-der-fach\u00adschafts\u00adbe\u00adra\u00adtung-ul\u00adc\u00adinj\/\" \/>\n<meta property=\"og:locale\" content=\"en_US\" \/>\n<meta property=\"og:type\" content=\"article\" \/>\n<meta property=\"og:title\" content=\"Auf\u00adga\u00adben der Fach\u00adschafts\u00adbe\u00adra\u00adtung Ul\u00adc\u00adinj - Lajme nga Ulqini\" \/>\n<meta property=\"og:description\" content=\"Der Fach\u00adschafts\u00adbe\u00adra\u00adter in Ul\u00adc\u00adinj be\u00adtreut Schu\u00adlen sei\u00adnes Gast\u00adlan\u00addes mit er\u00adwei\u00adter\u00adtem Deutsch\u00adpro\u00adgramm, die in der Re\u00adgel zum Deut\u00adschen\" \/>\n<meta property=\"og:url\" content=\"https:\/\/www.visit-ulcinj.com\/blog\/2015\/06\/08\/auf\u00adga\u00adben-der-fach\u00adschafts\u00adbe\u00adra\u00adtung-ul\u00adc\u00adinj\/\" \/>\n<meta property=\"og:site_name\" content=\"Lajme nga Ulqini\" \/>\n<meta property=\"article:published_time\" content=\"2015-06-08T14:50:51+00:00\" \/>\n<meta property=\"og:image\" content=\"http:\/\/www.visit-ulcinj.com\/blog\/wp-content\/uploads\/2015\/06\/Das-deutsche-Sprachdiplom-an-montenegrinischen-Schulen.jpg\" \/>\n<meta name=\"twitter:label1\" content=\"Written by\" \/>\n\t<meta name=\"twitter:data1\" content=\"ulqini\" \/>\n\t<meta name=\"twitter:label2\" content=\"Est. reading time\" \/>\n\t<meta name=\"twitter:data2\" content=\"4 minutes\" \/>\n<script type=\"application\/ld+json\" class=\"yoast-schema-graph\">{\"@context\":\"https:\/\/schema.org\",\"@graph\":[{\"@type\":\"WebSite\",\"@id\":\"https:\/\/www.visit-ulcinj.com\/blog\/#website\",\"url\":\"https:\/\/www.visit-ulcinj.com\/blog\/\",\"name\":\"Lajme nga Ulqini\",\"description\":\"Lajme,Vijesti,Ulqini,Ulqin,Crna Gora,Mali i Zi\",\"potentialAction\":[{\"@type\":\"SearchAction\",\"target\":{\"@type\":\"EntryPoint\",\"urlTemplate\":\"https:\/\/www.visit-ulcinj.com\/blog\/?s={search_term_string}\"},\"query-input\":\"required name=search_term_string\"}],\"inLanguage\":\"en-US\"},{\"@type\":\"ImageObject\",\"inLanguage\":\"en-US\",\"@id\":\"https:\/\/www.visit-ulcinj.com\/blog\/2015\/06\/08\/auf%c2%adga%c2%adben-der-fach%c2%adschafts%c2%adbe%c2%adra%c2%adtung-ul%c2%adc%c2%adinj\/#primaryimage\",\"url\":\"https:\/\/www.visit-ulcinj.com\/blog\/wp-content\/uploads\/2015\/06\/Das-deutsche-Sprachdiplom-an-montenegrinischen-Schulen.jpg\",\"contentUrl\":\"https:\/\/www.visit-ulcinj.com\/blog\/wp-content\/uploads\/2015\/06\/Das-deutsche-Sprachdiplom-an-montenegrinischen-Schulen.jpg\",\"width\":1022,\"height\":464},{\"@type\":\"WebPage\",\"@id\":\"https:\/\/www.visit-ulcinj.com\/blog\/2015\/06\/08\/auf%c2%adga%c2%adben-der-fach%c2%adschafts%c2%adbe%c2%adra%c2%adtung-ul%c2%adc%c2%adinj\/#webpage\",\"url\":\"https:\/\/www.visit-ulcinj.com\/blog\/2015\/06\/08\/auf%c2%adga%c2%adben-der-fach%c2%adschafts%c2%adbe%c2%adra%c2%adtung-ul%c2%adc%c2%adinj\/\",\"name\":\"Auf\u00adga\u00adben der Fach\u00adschafts\u00adbe\u00adra\u00adtung Ul\u00adc\u00adinj - Lajme nga Ulqini\",\"isPartOf\":{\"@id\":\"https:\/\/www.visit-ulcinj.com\/blog\/#website\"},\"primaryImageOfPage\":{\"@id\":\"https:\/\/www.visit-ulcinj.com\/blog\/2015\/06\/08\/auf%c2%adga%c2%adben-der-fach%c2%adschafts%c2%adbe%c2%adra%c2%adtung-ul%c2%adc%c2%adinj\/#primaryimage\"},\"datePublished\":\"2015-06-08T14:50:51+00:00\",\"dateModified\":\"2015-06-08T14:50:51+00:00\",\"author\":{\"@id\":\"https:\/\/www.visit-ulcinj.com\/blog\/#\/schema\/person\/dcab619c614d3038751c63bc2aadc06d\"},\"description\":\"Der Fach\u00adschafts\u00adbe\u00adra\u00adter in Ul\u00adc\u00adinj be\u00adtreut Schu\u00adlen sei\u00adnes Gast\u00adlan\u00addes mit er\u00adwei\u00adter\u00adtem Deutsch\u00adpro\u00adgramm, die in der Re\u00adgel zum Deut\u00adschen\",\"breadcrumb\":{\"@id\":\"https:\/\/www.visit-ulcinj.com\/blog\/2015\/06\/08\/auf%c2%adga%c2%adben-der-fach%c2%adschafts%c2%adbe%c2%adra%c2%adtung-ul%c2%adc%c2%adinj\/#breadcrumb\"},\"inLanguage\":\"en-US\",\"potentialAction\":[{\"@type\":\"ReadAction\",\"target\":[\"https:\/\/www.visit-ulcinj.com\/blog\/2015\/06\/08\/auf%c2%adga%c2%adben-der-fach%c2%adschafts%c2%adbe%c2%adra%c2%adtung-ul%c2%adc%c2%adinj\/\"]}]},{\"@type\":\"BreadcrumbList\",\"@id\":\"https:\/\/www.visit-ulcinj.com\/blog\/2015\/06\/08\/auf%c2%adga%c2%adben-der-fach%c2%adschafts%c2%adbe%c2%adra%c2%adtung-ul%c2%adc%c2%adinj\/#breadcrumb\",\"itemListElement\":[{\"@type\":\"ListItem\",\"position\":1,\"name\":\"Auf\u00adga\u00adben der Fach\u00adschafts\u00adbe\u00adra\u00adtung Ul\u00adc\u00adinj\"}]},{\"@type\":\"Person\",\"@id\":\"https:\/\/www.visit-ulcinj.com\/blog\/#\/schema\/person\/dcab619c614d3038751c63bc2aadc06d\",\"name\":\"ulqini\",\"sameAs\":[\"http:\/\/www.visit-ulcinj.com\"],\"url\":\"https:\/\/www.visit-ulcinj.com\/blog\/author\/admin\/\"}]}<\/script>\n<!-- \/ Yoast SEO plugin. -->","yoast_head_json":{"title":"Auf\u00adga\u00adben der Fach\u00adschafts\u00adbe\u00adra\u00adtung Ul\u00adc\u00adinj - Lajme nga Ulqini","description":"Der Fach\u00adschafts\u00adbe\u00adra\u00adter in Ul\u00adc\u00adinj be\u00adtreut Schu\u00adlen sei\u00adnes Gast\u00adlan\u00addes mit er\u00adwei\u00adter\u00adtem Deutsch\u00adpro\u00adgramm, die in der Re\u00adgel zum Deut\u00adschen","robots":{"index":"index","follow":"follow","max-snippet":"max-snippet:-1","max-image-preview":"max-image-preview:large","max-video-preview":"max-video-preview:-1"},"canonical":"https:\/\/www.visit-ulcinj.com\/blog\/2015\/06\/08\/auf\u00adga\u00adben-der-fach\u00adschafts\u00adbe\u00adra\u00adtung-ul\u00adc\u00adinj\/","og_locale":"en_US","og_type":"article","og_title":"Auf\u00adga\u00adben der Fach\u00adschafts\u00adbe\u00adra\u00adtung Ul\u00adc\u00adinj - Lajme nga Ulqini","og_description":"Der Fach\u00adschafts\u00adbe\u00adra\u00adter in Ul\u00adc\u00adinj be\u00adtreut Schu\u00adlen sei\u00adnes Gast\u00adlan\u00addes mit er\u00adwei\u00adter\u00adtem Deutsch\u00adpro\u00adgramm, die in der Re\u00adgel zum Deut\u00adschen","og_url":"https:\/\/www.visit-ulcinj.com\/blog\/2015\/06\/08\/auf\u00adga\u00adben-der-fach\u00adschafts\u00adbe\u00adra\u00adtung-ul\u00adc\u00adinj\/","og_site_name":"Lajme nga Ulqini","article_published_time":"2015-06-08T14:50:51+00:00","og_image":[{"url":"http:\/\/www.visit-ulcinj.com\/blog\/wp-content\/uploads\/2015\/06\/Das-deutsche-Sprachdiplom-an-montenegrinischen-Schulen.jpg"}],"twitter_misc":{"Written by":"ulqini","Est. reading time":"4 minutes"},"schema":{"@context":"https:\/\/schema.org","@graph":[{"@type":"WebSite","@id":"https:\/\/www.visit-ulcinj.com\/blog\/#website","url":"https:\/\/www.visit-ulcinj.com\/blog\/","name":"Lajme nga Ulqini","description":"Lajme,Vijesti,Ulqini,Ulqin,Crna Gora,Mali i Zi","potentialAction":[{"@type":"SearchAction","target":{"@type":"EntryPoint","urlTemplate":"https:\/\/www.visit-ulcinj.com\/blog\/?s={search_term_string}"},"query-input":"required name=search_term_string"}],"inLanguage":"en-US"},{"@type":"ImageObject","inLanguage":"en-US","@id":"https:\/\/www.visit-ulcinj.com\/blog\/2015\/06\/08\/auf%c2%adga%c2%adben-der-fach%c2%adschafts%c2%adbe%c2%adra%c2%adtung-ul%c2%adc%c2%adinj\/#primaryimage","url":"https:\/\/www.visit-ulcinj.com\/blog\/wp-content\/uploads\/2015\/06\/Das-deutsche-Sprachdiplom-an-montenegrinischen-Schulen.jpg","contentUrl":"https:\/\/www.visit-ulcinj.com\/blog\/wp-content\/uploads\/2015\/06\/Das-deutsche-Sprachdiplom-an-montenegrinischen-Schulen.jpg","width":1022,"height":464},{"@type":"WebPage","@id":"https:\/\/www.visit-ulcinj.com\/blog\/2015\/06\/08\/auf%c2%adga%c2%adben-der-fach%c2%adschafts%c2%adbe%c2%adra%c2%adtung-ul%c2%adc%c2%adinj\/#webpage","url":"https:\/\/www.visit-ulcinj.com\/blog\/2015\/06\/08\/auf%c2%adga%c2%adben-der-fach%c2%adschafts%c2%adbe%c2%adra%c2%adtung-ul%c2%adc%c2%adinj\/","name":"Auf\u00adga\u00adben der Fach\u00adschafts\u00adbe\u00adra\u00adtung Ul\u00adc\u00adinj - Lajme nga Ulqini","isPartOf":{"@id":"https:\/\/www.visit-ulcinj.com\/blog\/#website"},"primaryImageOfPage":{"@id":"https:\/\/www.visit-ulcinj.com\/blog\/2015\/06\/08\/auf%c2%adga%c2%adben-der-fach%c2%adschafts%c2%adbe%c2%adra%c2%adtung-ul%c2%adc%c2%adinj\/#primaryimage"},"datePublished":"2015-06-08T14:50:51+00:00","dateModified":"2015-06-08T14:50:51+00:00","author":{"@id":"https:\/\/www.visit-ulcinj.com\/blog\/#\/schema\/person\/dcab619c614d3038751c63bc2aadc06d"},"description":"Der Fach\u00adschafts\u00adbe\u00adra\u00adter in Ul\u00adc\u00adinj be\u00adtreut Schu\u00adlen sei\u00adnes Gast\u00adlan\u00addes mit er\u00adwei\u00adter\u00adtem Deutsch\u00adpro\u00adgramm, die in der Re\u00adgel zum Deut\u00adschen","breadcrumb":{"@id":"https:\/\/www.visit-ulcinj.com\/blog\/2015\/06\/08\/auf%c2%adga%c2%adben-der-fach%c2%adschafts%c2%adbe%c2%adra%c2%adtung-ul%c2%adc%c2%adinj\/#breadcrumb"},"inLanguage":"en-US","potentialAction":[{"@type":"ReadAction","target":["https:\/\/www.visit-ulcinj.com\/blog\/2015\/06\/08\/auf%c2%adga%c2%adben-der-fach%c2%adschafts%c2%adbe%c2%adra%c2%adtung-ul%c2%adc%c2%adinj\/"]}]},{"@type":"BreadcrumbList","@id":"https:\/\/www.visit-ulcinj.com\/blog\/2015\/06\/08\/auf%c2%adga%c2%adben-der-fach%c2%adschafts%c2%adbe%c2%adra%c2%adtung-ul%c2%adc%c2%adinj\/#breadcrumb","itemListElement":[{"@type":"ListItem","position":1,"name":"Auf\u00adga\u00adben der Fach\u00adschafts\u00adbe\u00adra\u00adtung Ul\u00adc\u00adinj"}]},{"@type":"Person","@id":"https:\/\/www.visit-ulcinj.com\/blog\/#\/schema\/person\/dcab619c614d3038751c63bc2aadc06d","name":"ulqini","sameAs":["http:\/\/www.visit-ulcinj.com"],"url":"https:\/\/www.visit-ulcinj.com\/blog\/author\/admin\/"}]}},"jetpack_featured_media_url":"","jetpack_sharing_enabled":true,"jetpack_shortlink":"https:\/\/wp.me\/pe6lTn-nDi","_links":{"self":[{"href":"https:\/\/www.visit-ulcinj.com\/blog\/wp-json\/wp\/v2\/posts\/90848"}],"collection":[{"href":"https:\/\/www.visit-ulcinj.com\/blog\/wp-json\/wp\/v2\/posts"}],"about":[{"href":"https:\/\/www.visit-ulcinj.com\/blog\/wp-json\/wp\/v2\/types\/post"}],"author":[{"embeddable":true,"href":"https:\/\/www.visit-ulcinj.com\/blog\/wp-json\/wp\/v2\/users\/1"}],"replies":[{"embeddable":true,"href":"https:\/\/www.visit-ulcinj.com\/blog\/wp-json\/wp\/v2\/comments?post=90848"}],"version-history":[{"count":1,"href":"https:\/\/www.visit-ulcinj.com\/blog\/wp-json\/wp\/v2\/posts\/90848\/revisions"}],"predecessor-version":[{"id":90850,"href":"https:\/\/www.visit-ulcinj.com\/blog\/wp-json\/wp\/v2\/posts\/90848\/revisions\/90850"}],"wp:attachment":[{"href":"https:\/\/www.visit-ulcinj.com\/blog\/wp-json\/wp\/v2\/media?parent=90848"}],"wp:term":[{"taxonomy":"category","embeddable":true,"href":"https:\/\/www.visit-ulcinj.com\/blog\/wp-json\/wp\/v2\/categories?post=90848"},{"taxonomy":"post_tag","embeddable":true,"href":"https:\/\/www.visit-ulcinj.com\/blog\/wp-json\/wp\/v2\/tags?post=90848"}],"curies":[{"name":"wp","href":"https:\/\/api.w.org\/{rel}","templated":true}]}}