{"id":90854,"date":"2015-06-08T16:31:18","date_gmt":"2015-06-08T15:31:18","guid":{"rendered":"http:\/\/www.visit-ulcinj.com\/blog\/?p=90854"},"modified":"2015-06-08T16:31:18","modified_gmt":"2015-06-08T15:31:18","slug":"od-oktobra-opstina-ulcinj-preuzima-upravljanje-solanom","status":"publish","type":"post","link":"https:\/\/www.visit-ulcinj.com\/blog\/2015\/06\/08\/od-oktobra-opstina-ulcinj-preuzima-upravljanje-solanom\/","title":{"rendered":"Od oktobra Op\u0161tina Ulcinj preuzima upravljanje Solanom"},"content":{"rendered":"<p><a href=\"http:\/\/www.visit-ulcinj.com\/blog\/wp-content\/uploads\/2014\/01\/Solana-Ulcinj.jpg\"><img loading=\"lazy\" class=\"alignleft wp-image-78521\" src=\"http:\/\/www.visit-ulcinj.com\/blog\/wp-content\/uploads\/2014\/01\/Solana-Ulcinj.jpg\" alt=\"Solana Ulcinj\" width=\"508\" height=\"338\" srcset=\"https:\/\/www.visit-ulcinj.com\/blog\/wp-content\/uploads\/2014\/01\/Solana-Ulcinj.jpg 720w, https:\/\/www.visit-ulcinj.com\/blog\/wp-content\/uploads\/2014\/01\/Solana-Ulcinj-300x199.jpg 300w\" sizes=\"(max-width: 508px) 100vw, 508px\" \/><\/a>Op\u0161tina Ulcinj trebalo bi da od oktobra ove godine preuzme upravljanje Solanom, pi\u0161e\u00a0Portal Ul-info.\u00a0<span id=\"more-86006\"><\/span><\/p>\n<p>U lokalnoj upravi se u saradnji sa nevladinim organizacijama ovih dana radi na dono\u0161enju Studije za\u0161tite za Solanu, na osnovu koje \u0107e to podru\u010dje potom biti progla\u0161eno parkom prirode.<\/p>\n<p>Lokalni Parlament je ranije donio odluku da Solana bude za\u0161ti\u0107eno podru\u010dje na kojoj se proizvodi so.U Vladi Crne Gore ka\u017eu da tra\u017ee investitora koji \u0107e pokrenuti proizvodnju.<\/p>\n<p>\u201eAli dosta toga zavisi i od prostorno-planske dokumentacije kako bi znali \u0161ta je od drugih kapaciteta planirano na Solani\u201d, navode iz Ministarstva odr\u017eivog razvoja i turizma.<\/p>\n","protected":false},"excerpt":{"rendered":"<p>Op\u0161tina Ulcinj trebalo bi da od oktobra ove godine preuzme upravljanje Solanom, pi\u0161e\u00a0Portal Ul-info.\u00a0 U lokalnoj upravi se u saradnji sa nevladinim organizacijama ovih dana radi na dono\u0161enju Studije za\u0161tite za Solanu, na osnovu koje \u0107e to podru\u010dje potom biti progla\u0161eno parkom prirode. Lokalni Parlament je ranije donio odluku da Solana bude za\u0161ti\u0107eno podru\u010dje na [&hellip;]<\/p>\n","protected":false},"author":1,"featured_media":0,"comment_status":"closed","ping_status":"closed","sticky":false,"template":"","format":"standard","meta":{"spay_email":"","jetpack_publicize_message":"","jetpack_is_tweetstorm":false,"jetpack_publicize_feature_enabled":true},"categories":[8337],"tags":[],"jetpack_publicize_connections":[],"yoast_head":"<!-- This site is optimized with the Yoast SEO plugin v19.1 - https:\/\/yoast.com\/wordpress\/plugins\/seo\/ -->\n<title>Od oktobra Op\u0161tina Ulcinj preuzima upravljanje Solanom - Lajme nga Ulqini<\/title>\n<meta name=\"description\" content=\"Op\u0161tina Ulcinj trebalo bi da od oktobra ove godine preuzme upravljanje Solanom, pi\u0161e\u00a0Portal Ul-info.\u00a0 U lokalnoj upravi se u saradnji sa nevladinim\" \/>\n<meta name=\"robots\" content=\"index, follow, max-snippet:-1, max-image-preview:large, max-video-preview:-1\" \/>\n<link rel=\"canonical\" href=\"https:\/\/www.visit-ulcinj.com\/blog\/2015\/06\/08\/od-oktobra-opstina-ulcinj-preuzima-upravljanje-solanom\/\" \/>\n<meta property=\"og:locale\" content=\"en_US\" \/>\n<meta property=\"og:type\" content=\"article\" \/>\n<meta property=\"og:title\" content=\"Od oktobra Op\u0161tina Ulcinj preuzima upravljanje Solanom - Lajme nga Ulqini\" \/>\n<meta property=\"og:description\" content=\"Op\u0161tina Ulcinj trebalo bi da od oktobra ove godine preuzme upravljanje Solanom, pi\u0161e\u00a0Portal Ul-info.\u00a0 U lokalnoj upravi se u saradnji sa nevladinim\" \/>\n<meta property=\"og:url\" content=\"https:\/\/www.visit-ulcinj.com\/blog\/2015\/06\/08\/od-oktobra-opstina-ulcinj-preuzima-upravljanje-solanom\/\" \/>\n<meta property=\"og:site_name\" content=\"Lajme nga Ulqini\" \/>\n<meta property=\"article:published_time\" content=\"2015-06-08T15:31:18+00:00\" \/>\n<meta property=\"og:image\" content=\"http:\/\/www.visit-ulcinj.com\/blog\/wp-content\/uploads\/2014\/01\/Solana-Ulcinj.jpg\" \/>\n<meta name=\"twitter:label1\" content=\"Written by\" \/>\n\t<meta name=\"twitter:data1\" content=\"ulqini\" \/>\n\t<meta name=\"twitter:label2\" content=\"Est. reading time\" \/>\n\t<meta name=\"twitter:data2\" content=\"1 minute\" \/>\n<script type=\"application\/ld+json\" class=\"yoast-schema-graph\">{\"@context\":\"https:\/\/schema.org\",\"@graph\":[{\"@type\":\"WebSite\",\"@id\":\"https:\/\/www.visit-ulcinj.com\/blog\/#website\",\"url\":\"https:\/\/www.visit-ulcinj.com\/blog\/\",\"name\":\"Lajme nga Ulqini\",\"description\":\"Lajme,Vijesti,Ulqini,Ulqin,Crna Gora,Mali i Zi\",\"potentialAction\":[{\"@type\":\"SearchAction\",\"target\":{\"@type\":\"EntryPoint\",\"urlTemplate\":\"https:\/\/www.visit-ulcinj.com\/blog\/?s={search_term_string}\"},\"query-input\":\"required name=search_term_string\"}],\"inLanguage\":\"en-US\"},{\"@type\":\"ImageObject\",\"inLanguage\":\"en-US\",\"@id\":\"https:\/\/www.visit-ulcinj.com\/blog\/2015\/06\/08\/od-oktobra-opstina-ulcinj-preuzima-upravljanje-solanom\/#primaryimage\",\"url\":\"https:\/\/www.visit-ulcinj.com\/blog\/wp-content\/uploads\/2014\/01\/Solana-Ulcinj.jpg\",\"contentUrl\":\"https:\/\/www.visit-ulcinj.com\/blog\/wp-content\/uploads\/2014\/01\/Solana-Ulcinj.jpg\",\"width\":720,\"height\":479},{\"@type\":\"WebPage\",\"@id\":\"https:\/\/www.visit-ulcinj.com\/blog\/2015\/06\/08\/od-oktobra-opstina-ulcinj-preuzima-upravljanje-solanom\/#webpage\",\"url\":\"https:\/\/www.visit-ulcinj.com\/blog\/2015\/06\/08\/od-oktobra-opstina-ulcinj-preuzima-upravljanje-solanom\/\",\"name\":\"Od oktobra Op\u0161tina Ulcinj preuzima upravljanje Solanom - Lajme nga Ulqini\",\"isPartOf\":{\"@id\":\"https:\/\/www.visit-ulcinj.com\/blog\/#website\"},\"primaryImageOfPage\":{\"@id\":\"https:\/\/www.visit-ulcinj.com\/blog\/2015\/06\/08\/od-oktobra-opstina-ulcinj-preuzima-upravljanje-solanom\/#primaryimage\"},\"datePublished\":\"2015-06-08T15:31:18+00:00\",\"dateModified\":\"2015-06-08T15:31:18+00:00\",\"author\":{\"@id\":\"https:\/\/www.visit-ulcinj.com\/blog\/#\/schema\/person\/dcab619c614d3038751c63bc2aadc06d\"},\"description\":\"Op\u0161tina Ulcinj trebalo bi da od oktobra ove godine preuzme upravljanje Solanom, pi\u0161e\u00a0Portal Ul-info.\u00a0 U lokalnoj upravi se u saradnji sa nevladinim\",\"breadcrumb\":{\"@id\":\"https:\/\/www.visit-ulcinj.com\/blog\/2015\/06\/08\/od-oktobra-opstina-ulcinj-preuzima-upravljanje-solanom\/#breadcrumb\"},\"inLanguage\":\"en-US\",\"potentialAction\":[{\"@type\":\"ReadAction\",\"target\":[\"https:\/\/www.visit-ulcinj.com\/blog\/2015\/06\/08\/od-oktobra-opstina-ulcinj-preuzima-upravljanje-solanom\/\"]}]},{\"@type\":\"BreadcrumbList\",\"@id\":\"https:\/\/www.visit-ulcinj.com\/blog\/2015\/06\/08\/od-oktobra-opstina-ulcinj-preuzima-upravljanje-solanom\/#breadcrumb\",\"itemListElement\":[{\"@type\":\"ListItem\",\"position\":1,\"name\":\"Od oktobra Op\u0161tina Ulcinj preuzima upravljanje Solanom\"}]},{\"@type\":\"Person\",\"@id\":\"https:\/\/www.visit-ulcinj.com\/blog\/#\/schema\/person\/dcab619c614d3038751c63bc2aadc06d\",\"name\":\"ulqini\",\"sameAs\":[\"http:\/\/www.visit-ulcinj.com\"],\"url\":\"https:\/\/www.visit-ulcinj.com\/blog\/author\/admin\/\"}]}<\/script>\n<!-- \/ Yoast SEO plugin. -->","yoast_head_json":{"title":"Od oktobra Op\u0161tina Ulcinj preuzima upravljanje Solanom - Lajme nga Ulqini","description":"Op\u0161tina Ulcinj trebalo bi da od oktobra ove godine preuzme upravljanje Solanom, pi\u0161e\u00a0Portal Ul-info.\u00a0 U lokalnoj upravi se u saradnji sa nevladinim","robots":{"index":"index","follow":"follow","max-snippet":"max-snippet:-1","max-image-preview":"max-image-preview:large","max-video-preview":"max-video-preview:-1"},"canonical":"https:\/\/www.visit-ulcinj.com\/blog\/2015\/06\/08\/od-oktobra-opstina-ulcinj-preuzima-upravljanje-solanom\/","og_locale":"en_US","og_type":"article","og_title":"Od oktobra Op\u0161tina Ulcinj preuzima upravljanje Solanom - Lajme nga Ulqini","og_description":"Op\u0161tina Ulcinj trebalo bi da od oktobra ove godine preuzme upravljanje Solanom, pi\u0161e\u00a0Portal Ul-info.\u00a0 U lokalnoj upravi se u saradnji sa nevladinim","og_url":"https:\/\/www.visit-ulcinj.com\/blog\/2015\/06\/08\/od-oktobra-opstina-ulcinj-preuzima-upravljanje-solanom\/","og_site_name":"Lajme nga Ulqini","article_published_time":"2015-06-08T15:31:18+00:00","og_image":[{"url":"http:\/\/www.visit-ulcinj.com\/blog\/wp-content\/uploads\/2014\/01\/Solana-Ulcinj.jpg"}],"twitter_misc":{"Written by":"ulqini","Est. reading time":"1 minute"},"schema":{"@context":"https:\/\/schema.org","@graph":[{"@type":"WebSite","@id":"https:\/\/www.visit-ulcinj.com\/blog\/#website","url":"https:\/\/www.visit-ulcinj.com\/blog\/","name":"Lajme nga Ulqini","description":"Lajme,Vijesti,Ulqini,Ulqin,Crna Gora,Mali i Zi","potentialAction":[{"@type":"SearchAction","target":{"@type":"EntryPoint","urlTemplate":"https:\/\/www.visit-ulcinj.com\/blog\/?s={search_term_string}"},"query-input":"required name=search_term_string"}],"inLanguage":"en-US"},{"@type":"ImageObject","inLanguage":"en-US","@id":"https:\/\/www.visit-ulcinj.com\/blog\/2015\/06\/08\/od-oktobra-opstina-ulcinj-preuzima-upravljanje-solanom\/#primaryimage","url":"https:\/\/www.visit-ulcinj.com\/blog\/wp-content\/uploads\/2014\/01\/Solana-Ulcinj.jpg","contentUrl":"https:\/\/www.visit-ulcinj.com\/blog\/wp-content\/uploads\/2014\/01\/Solana-Ulcinj.jpg","width":720,"height":479},{"@type":"WebPage","@id":"https:\/\/www.visit-ulcinj.com\/blog\/2015\/06\/08\/od-oktobra-opstina-ulcinj-preuzima-upravljanje-solanom\/#webpage","url":"https:\/\/www.visit-ulcinj.com\/blog\/2015\/06\/08\/od-oktobra-opstina-ulcinj-preuzima-upravljanje-solanom\/","name":"Od oktobra Op\u0161tina Ulcinj preuzima upravljanje Solanom - Lajme nga Ulqini","isPartOf":{"@id":"https:\/\/www.visit-ulcinj.com\/blog\/#website"},"primaryImageOfPage":{"@id":"https:\/\/www.visit-ulcinj.com\/blog\/2015\/06\/08\/od-oktobra-opstina-ulcinj-preuzima-upravljanje-solanom\/#primaryimage"},"datePublished":"2015-06-08T15:31:18+00:00","dateModified":"2015-06-08T15:31:18+00:00","author":{"@id":"https:\/\/www.visit-ulcinj.com\/blog\/#\/schema\/person\/dcab619c614d3038751c63bc2aadc06d"},"description":"Op\u0161tina Ulcinj trebalo bi da od oktobra ove godine preuzme upravljanje Solanom, pi\u0161e\u00a0Portal Ul-info.\u00a0 U lokalnoj upravi se u saradnji sa nevladinim","breadcrumb":{"@id":"https:\/\/www.visit-ulcinj.com\/blog\/2015\/06\/08\/od-oktobra-opstina-ulcinj-preuzima-upravljanje-solanom\/#breadcrumb"},"inLanguage":"en-US","potentialAction":[{"@type":"ReadAction","target":["https:\/\/www.visit-ulcinj.com\/blog\/2015\/06\/08\/od-oktobra-opstina-ulcinj-preuzima-upravljanje-solanom\/"]}]},{"@type":"BreadcrumbList","@id":"https:\/\/www.visit-ulcinj.com\/blog\/2015\/06\/08\/od-oktobra-opstina-ulcinj-preuzima-upravljanje-solanom\/#breadcrumb","itemListElement":[{"@type":"ListItem","position":1,"name":"Od oktobra Op\u0161tina Ulcinj preuzima upravljanje Solanom"}]},{"@type":"Person","@id":"https:\/\/www.visit-ulcinj.com\/blog\/#\/schema\/person\/dcab619c614d3038751c63bc2aadc06d","name":"ulqini","sameAs":["http:\/\/www.visit-ulcinj.com"],"url":"https:\/\/www.visit-ulcinj.com\/blog\/author\/admin\/"}]}},"jetpack_featured_media_url":"","jetpack_sharing_enabled":true,"jetpack_shortlink":"https:\/\/wp.me\/pe6lTn-nDo","_links":{"self":[{"href":"https:\/\/www.visit-ulcinj.com\/blog\/wp-json\/wp\/v2\/posts\/90854"}],"collection":[{"href":"https:\/\/www.visit-ulcinj.com\/blog\/wp-json\/wp\/v2\/posts"}],"about":[{"href":"https:\/\/www.visit-ulcinj.com\/blog\/wp-json\/wp\/v2\/types\/post"}],"author":[{"embeddable":true,"href":"https:\/\/www.visit-ulcinj.com\/blog\/wp-json\/wp\/v2\/users\/1"}],"replies":[{"embeddable":true,"href":"https:\/\/www.visit-ulcinj.com\/blog\/wp-json\/wp\/v2\/comments?post=90854"}],"version-history":[{"count":1,"href":"https:\/\/www.visit-ulcinj.com\/blog\/wp-json\/wp\/v2\/posts\/90854\/revisions"}],"predecessor-version":[{"id":90855,"href":"https:\/\/www.visit-ulcinj.com\/blog\/wp-json\/wp\/v2\/posts\/90854\/revisions\/90855"}],"wp:attachment":[{"href":"https:\/\/www.visit-ulcinj.com\/blog\/wp-json\/wp\/v2\/media?parent=90854"}],"wp:term":[{"taxonomy":"category","embeddable":true,"href":"https:\/\/www.visit-ulcinj.com\/blog\/wp-json\/wp\/v2\/categories?post=90854"},{"taxonomy":"post_tag","embeddable":true,"href":"https:\/\/www.visit-ulcinj.com\/blog\/wp-json\/wp\/v2\/tags?post=90854"}],"curies":[{"name":"wp","href":"https:\/\/api.w.org\/{rel}","templated":true}]}}