{"id":90861,"date":"2015-06-08T17:01:36","date_gmt":"2015-06-08T16:01:36","guid":{"rendered":"http:\/\/www.visit-ulcinj.com\/blog\/?p=90861"},"modified":"2015-06-08T17:01:36","modified_gmt":"2015-06-08T16:01:36","slug":"turisticka-sezona-u-ulcinju-sezona-koja-obecava-video","status":"publish","type":"post","link":"https:\/\/www.visit-ulcinj.com\/blog\/2015\/06\/08\/turisticka-sezona-u-ulcinju-sezona-koja-obecava-video\/","title":{"rendered":"Turisti\u010dka sezona u Ulcinju, sezona koja obe\u0107ava &#8211; Video"},"content":{"rendered":"<p><strong><a href=\"http:\/\/www.visit-ulcinj.com\/blog\/wp-content\/uploads\/2015\/06\/Turizam-Ulcinja.jpg\"><img loading=\"lazy\" class=\"alignleft wp-image-90862\" src=\"http:\/\/www.visit-ulcinj.com\/blog\/wp-content\/uploads\/2015\/06\/Turizam-Ulcinja.jpg\" alt=\"Turizam-Ulcinja\" width=\"508\" height=\"234\" srcset=\"https:\/\/www.visit-ulcinj.com\/blog\/wp-content\/uploads\/2015\/06\/Turizam-Ulcinja.jpg 650w, https:\/\/www.visit-ulcinj.com\/blog\/wp-content\/uploads\/2015\/06\/Turizam-Ulcinja-300x138.jpg 300w\" sizes=\"(max-width: 508px) 100vw, 508px\" \/><\/a>Na jugu i sjeveru dr\u017eave turisti\u010dki radnici zadovoljni su trenutnom posjetom turista i optimisti\u010dno do\u010dekuju glavni dio sezone.<\/strong><\/p>\n<p>Turisti\u010dka sezona u Budvi i Ulcinju po\u010dela je neo\u010dekivano dobro. Lijepo vrijeme i kvalitet usluga ugostitelja privla\u010de sve vi\u0161e turista, pa je u metropolia turizma trenutno \u0161est odsto vi\u0161e posjetilaca nego u isto vrijeme pro\u0161le godine.<\/p>\n<p>I Ulcinj bilje\u017ei porast broja turista, a turisti\u010dki poslenici se, ka\u017eu, s razlogom nadaju uspje\u0161noj sezoni.<\/p>\n<p><strong>Dijana Dra\u0161kovi\u0107, <\/strong><\/p>\n<p><strong>TVCG<\/strong><\/p>\n<p>[flv]http:\/\/www.rtcg.me\/upload\/boxFileData\/2015\/06\/7\/127145\/Dijana.mp4[\/flv]<\/p>\n<p>&nbsp;<\/p>\n<p>&nbsp;<\/p>\n","protected":false},"excerpt":{"rendered":"<p>Na jugu i sjeveru dr\u017eave turisti\u010dki radnici zadovoljni su trenutnom posjetom turista i optimisti\u010dno do\u010dekuju glavni dio sezone. Turisti\u010dka sezona u Budvi i Ulcinju po\u010dela je neo\u010dekivano dobro. Lijepo vrijeme i kvalitet usluga ugostitelja privla\u010de sve vi\u0161e turista, pa je u metropolia turizma trenutno \u0161est odsto vi\u0161e posjetilaca nego u isto vrijeme pro\u0161le godine. I [&hellip;]<\/p>\n","protected":false},"author":1,"featured_media":0,"comment_status":"closed","ping_status":"closed","sticky":false,"template":"","format":"standard","meta":{"spay_email":"","jetpack_publicize_message":"","jetpack_is_tweetstorm":false,"jetpack_publicize_feature_enabled":true},"categories":[8337],"tags":[],"jetpack_publicize_connections":[],"yoast_head":"<!-- This site is optimized with the Yoast SEO plugin v19.1 - https:\/\/yoast.com\/wordpress\/plugins\/seo\/ -->\n<title>Turisti\u010dka sezona u Ulcinju, sezona koja obe\u0107ava - Video - Lajme nga Ulqini<\/title>\n<meta name=\"description\" content=\"Na jugu i sjeveru dr\u017eave turisti\u010dki radnici zadovoljni su trenutnom posjetom turista i optimisti\u010dno do\u010dekuju glavni dio sezone. Turisti\u010dka sezona u Budvi\" \/>\n<meta name=\"robots\" content=\"index, follow, max-snippet:-1, max-image-preview:large, max-video-preview:-1\" \/>\n<link rel=\"canonical\" href=\"https:\/\/www.visit-ulcinj.com\/blog\/2015\/06\/08\/turisticka-sezona-u-ulcinju-sezona-koja-obecava-video\/\" \/>\n<meta property=\"og:locale\" content=\"en_US\" \/>\n<meta property=\"og:type\" content=\"article\" \/>\n<meta property=\"og:title\" content=\"Turisti\u010dka sezona u Ulcinju, sezona koja obe\u0107ava - Video - Lajme nga Ulqini\" \/>\n<meta property=\"og:description\" content=\"Na jugu i sjeveru dr\u017eave turisti\u010dki radnici zadovoljni su trenutnom posjetom turista i optimisti\u010dno do\u010dekuju glavni dio sezone. Turisti\u010dka sezona u Budvi\" \/>\n<meta property=\"og:url\" content=\"https:\/\/www.visit-ulcinj.com\/blog\/2015\/06\/08\/turisticka-sezona-u-ulcinju-sezona-koja-obecava-video\/\" \/>\n<meta property=\"og:site_name\" content=\"Lajme nga Ulqini\" \/>\n<meta property=\"article:published_time\" content=\"2015-06-08T16:01:36+00:00\" \/>\n<meta property=\"og:image\" content=\"http:\/\/www.visit-ulcinj.com\/blog\/wp-content\/uploads\/2015\/06\/Turizam-Ulcinja.jpg\" \/>\n<meta name=\"twitter:label1\" content=\"Written by\" \/>\n\t<meta name=\"twitter:data1\" content=\"ulqini\" \/>\n\t<meta name=\"twitter:label2\" content=\"Est. reading time\" \/>\n\t<meta name=\"twitter:data2\" content=\"1 minute\" \/>\n<script type=\"application\/ld+json\" class=\"yoast-schema-graph\">{\"@context\":\"https:\/\/schema.org\",\"@graph\":[{\"@type\":\"WebSite\",\"@id\":\"https:\/\/www.visit-ulcinj.com\/blog\/#website\",\"url\":\"https:\/\/www.visit-ulcinj.com\/blog\/\",\"name\":\"Lajme nga Ulqini\",\"description\":\"Lajme,Vijesti,Ulqini,Ulqin,Crna Gora,Mali i Zi\",\"potentialAction\":[{\"@type\":\"SearchAction\",\"target\":{\"@type\":\"EntryPoint\",\"urlTemplate\":\"https:\/\/www.visit-ulcinj.com\/blog\/?s={search_term_string}\"},\"query-input\":\"required name=search_term_string\"}],\"inLanguage\":\"en-US\"},{\"@type\":\"ImageObject\",\"inLanguage\":\"en-US\",\"@id\":\"https:\/\/www.visit-ulcinj.com\/blog\/2015\/06\/08\/turisticka-sezona-u-ulcinju-sezona-koja-obecava-video\/#primaryimage\",\"url\":\"https:\/\/www.visit-ulcinj.com\/blog\/wp-content\/uploads\/2015\/06\/Turizam-Ulcinja.jpg\",\"contentUrl\":\"https:\/\/www.visit-ulcinj.com\/blog\/wp-content\/uploads\/2015\/06\/Turizam-Ulcinja.jpg\",\"width\":650,\"height\":300},{\"@type\":\"WebPage\",\"@id\":\"https:\/\/www.visit-ulcinj.com\/blog\/2015\/06\/08\/turisticka-sezona-u-ulcinju-sezona-koja-obecava-video\/#webpage\",\"url\":\"https:\/\/www.visit-ulcinj.com\/blog\/2015\/06\/08\/turisticka-sezona-u-ulcinju-sezona-koja-obecava-video\/\",\"name\":\"Turisti\u010dka sezona u Ulcinju, sezona koja obe\u0107ava - Video - Lajme nga Ulqini\",\"isPartOf\":{\"@id\":\"https:\/\/www.visit-ulcinj.com\/blog\/#website\"},\"primaryImageOfPage\":{\"@id\":\"https:\/\/www.visit-ulcinj.com\/blog\/2015\/06\/08\/turisticka-sezona-u-ulcinju-sezona-koja-obecava-video\/#primaryimage\"},\"datePublished\":\"2015-06-08T16:01:36+00:00\",\"dateModified\":\"2015-06-08T16:01:36+00:00\",\"author\":{\"@id\":\"https:\/\/www.visit-ulcinj.com\/blog\/#\/schema\/person\/dcab619c614d3038751c63bc2aadc06d\"},\"description\":\"Na jugu i sjeveru dr\u017eave turisti\u010dki radnici zadovoljni su trenutnom posjetom turista i optimisti\u010dno do\u010dekuju glavni dio sezone. Turisti\u010dka sezona u Budvi\",\"breadcrumb\":{\"@id\":\"https:\/\/www.visit-ulcinj.com\/blog\/2015\/06\/08\/turisticka-sezona-u-ulcinju-sezona-koja-obecava-video\/#breadcrumb\"},\"inLanguage\":\"en-US\",\"potentialAction\":[{\"@type\":\"ReadAction\",\"target\":[\"https:\/\/www.visit-ulcinj.com\/blog\/2015\/06\/08\/turisticka-sezona-u-ulcinju-sezona-koja-obecava-video\/\"]}]},{\"@type\":\"BreadcrumbList\",\"@id\":\"https:\/\/www.visit-ulcinj.com\/blog\/2015\/06\/08\/turisticka-sezona-u-ulcinju-sezona-koja-obecava-video\/#breadcrumb\",\"itemListElement\":[{\"@type\":\"ListItem\",\"position\":1,\"name\":\"Turisti\u010dka sezona u Ulcinju, sezona koja obe\u0107ava &#8211; Video\"}]},{\"@type\":\"Person\",\"@id\":\"https:\/\/www.visit-ulcinj.com\/blog\/#\/schema\/person\/dcab619c614d3038751c63bc2aadc06d\",\"name\":\"ulqini\",\"sameAs\":[\"http:\/\/www.visit-ulcinj.com\"],\"url\":\"https:\/\/www.visit-ulcinj.com\/blog\/author\/admin\/\"}]}<\/script>\n<!-- \/ Yoast SEO plugin. -->","yoast_head_json":{"title":"Turisti\u010dka sezona u Ulcinju, sezona koja obe\u0107ava - Video - Lajme nga Ulqini","description":"Na jugu i sjeveru dr\u017eave turisti\u010dki radnici zadovoljni su trenutnom posjetom turista i optimisti\u010dno do\u010dekuju glavni dio sezone. Turisti\u010dka sezona u Budvi","robots":{"index":"index","follow":"follow","max-snippet":"max-snippet:-1","max-image-preview":"max-image-preview:large","max-video-preview":"max-video-preview:-1"},"canonical":"https:\/\/www.visit-ulcinj.com\/blog\/2015\/06\/08\/turisticka-sezona-u-ulcinju-sezona-koja-obecava-video\/","og_locale":"en_US","og_type":"article","og_title":"Turisti\u010dka sezona u Ulcinju, sezona koja obe\u0107ava - Video - Lajme nga Ulqini","og_description":"Na jugu i sjeveru dr\u017eave turisti\u010dki radnici zadovoljni su trenutnom posjetom turista i optimisti\u010dno do\u010dekuju glavni dio sezone. Turisti\u010dka sezona u Budvi","og_url":"https:\/\/www.visit-ulcinj.com\/blog\/2015\/06\/08\/turisticka-sezona-u-ulcinju-sezona-koja-obecava-video\/","og_site_name":"Lajme nga Ulqini","article_published_time":"2015-06-08T16:01:36+00:00","og_image":[{"url":"http:\/\/www.visit-ulcinj.com\/blog\/wp-content\/uploads\/2015\/06\/Turizam-Ulcinja.jpg"}],"twitter_misc":{"Written by":"ulqini","Est. reading time":"1 minute"},"schema":{"@context":"https:\/\/schema.org","@graph":[{"@type":"WebSite","@id":"https:\/\/www.visit-ulcinj.com\/blog\/#website","url":"https:\/\/www.visit-ulcinj.com\/blog\/","name":"Lajme nga Ulqini","description":"Lajme,Vijesti,Ulqini,Ulqin,Crna Gora,Mali i Zi","potentialAction":[{"@type":"SearchAction","target":{"@type":"EntryPoint","urlTemplate":"https:\/\/www.visit-ulcinj.com\/blog\/?s={search_term_string}"},"query-input":"required name=search_term_string"}],"inLanguage":"en-US"},{"@type":"ImageObject","inLanguage":"en-US","@id":"https:\/\/www.visit-ulcinj.com\/blog\/2015\/06\/08\/turisticka-sezona-u-ulcinju-sezona-koja-obecava-video\/#primaryimage","url":"https:\/\/www.visit-ulcinj.com\/blog\/wp-content\/uploads\/2015\/06\/Turizam-Ulcinja.jpg","contentUrl":"https:\/\/www.visit-ulcinj.com\/blog\/wp-content\/uploads\/2015\/06\/Turizam-Ulcinja.jpg","width":650,"height":300},{"@type":"WebPage","@id":"https:\/\/www.visit-ulcinj.com\/blog\/2015\/06\/08\/turisticka-sezona-u-ulcinju-sezona-koja-obecava-video\/#webpage","url":"https:\/\/www.visit-ulcinj.com\/blog\/2015\/06\/08\/turisticka-sezona-u-ulcinju-sezona-koja-obecava-video\/","name":"Turisti\u010dka sezona u Ulcinju, sezona koja obe\u0107ava - Video - Lajme nga Ulqini","isPartOf":{"@id":"https:\/\/www.visit-ulcinj.com\/blog\/#website"},"primaryImageOfPage":{"@id":"https:\/\/www.visit-ulcinj.com\/blog\/2015\/06\/08\/turisticka-sezona-u-ulcinju-sezona-koja-obecava-video\/#primaryimage"},"datePublished":"2015-06-08T16:01:36+00:00","dateModified":"2015-06-08T16:01:36+00:00","author":{"@id":"https:\/\/www.visit-ulcinj.com\/blog\/#\/schema\/person\/dcab619c614d3038751c63bc2aadc06d"},"description":"Na jugu i sjeveru dr\u017eave turisti\u010dki radnici zadovoljni su trenutnom posjetom turista i optimisti\u010dno do\u010dekuju glavni dio sezone. Turisti\u010dka sezona u Budvi","breadcrumb":{"@id":"https:\/\/www.visit-ulcinj.com\/blog\/2015\/06\/08\/turisticka-sezona-u-ulcinju-sezona-koja-obecava-video\/#breadcrumb"},"inLanguage":"en-US","potentialAction":[{"@type":"ReadAction","target":["https:\/\/www.visit-ulcinj.com\/blog\/2015\/06\/08\/turisticka-sezona-u-ulcinju-sezona-koja-obecava-video\/"]}]},{"@type":"BreadcrumbList","@id":"https:\/\/www.visit-ulcinj.com\/blog\/2015\/06\/08\/turisticka-sezona-u-ulcinju-sezona-koja-obecava-video\/#breadcrumb","itemListElement":[{"@type":"ListItem","position":1,"name":"Turisti\u010dka sezona u Ulcinju, sezona koja obe\u0107ava &#8211; Video"}]},{"@type":"Person","@id":"https:\/\/www.visit-ulcinj.com\/blog\/#\/schema\/person\/dcab619c614d3038751c63bc2aadc06d","name":"ulqini","sameAs":["http:\/\/www.visit-ulcinj.com"],"url":"https:\/\/www.visit-ulcinj.com\/blog\/author\/admin\/"}]}},"jetpack_featured_media_url":"","jetpack_sharing_enabled":true,"jetpack_shortlink":"https:\/\/wp.me\/pe6lTn-nDv","_links":{"self":[{"href":"https:\/\/www.visit-ulcinj.com\/blog\/wp-json\/wp\/v2\/posts\/90861"}],"collection":[{"href":"https:\/\/www.visit-ulcinj.com\/blog\/wp-json\/wp\/v2\/posts"}],"about":[{"href":"https:\/\/www.visit-ulcinj.com\/blog\/wp-json\/wp\/v2\/types\/post"}],"author":[{"embeddable":true,"href":"https:\/\/www.visit-ulcinj.com\/blog\/wp-json\/wp\/v2\/users\/1"}],"replies":[{"embeddable":true,"href":"https:\/\/www.visit-ulcinj.com\/blog\/wp-json\/wp\/v2\/comments?post=90861"}],"version-history":[{"count":1,"href":"https:\/\/www.visit-ulcinj.com\/blog\/wp-json\/wp\/v2\/posts\/90861\/revisions"}],"predecessor-version":[{"id":90863,"href":"https:\/\/www.visit-ulcinj.com\/blog\/wp-json\/wp\/v2\/posts\/90861\/revisions\/90863"}],"wp:attachment":[{"href":"https:\/\/www.visit-ulcinj.com\/blog\/wp-json\/wp\/v2\/media?parent=90861"}],"wp:term":[{"taxonomy":"category","embeddable":true,"href":"https:\/\/www.visit-ulcinj.com\/blog\/wp-json\/wp\/v2\/categories?post=90861"},{"taxonomy":"post_tag","embeddable":true,"href":"https:\/\/www.visit-ulcinj.com\/blog\/wp-json\/wp\/v2\/tags?post=90861"}],"curies":[{"name":"wp","href":"https:\/\/api.w.org\/{rel}","templated":true}]}}