{"id":90869,"date":"2015-06-09T13:51:20","date_gmt":"2015-06-09T12:51:20","guid":{"rendered":"http:\/\/www.visit-ulcinj.com\/blog\/?p=90869"},"modified":"2015-06-09T13:51:20","modified_gmt":"2015-06-09T12:51:20","slug":"banoret-e-krajes-kerkojn-hapjen-e-pikes-kufitare-shqiperi-video","status":"publish","type":"post","link":"https:\/\/www.visit-ulcinj.com\/blog\/2015\/06\/09\/banoret-e-krajes-kerkojn-hapjen-e-pikes-kufitare-shqiperi-video\/","title":{"rendered":"Banor\u00ebt e Kraj\u00ebs k\u00ebrkojn hapjen e pik\u00ebs kufitare me Shqip\u00ebri &#8211; Video"},"content":{"rendered":"<p><a href=\"http:\/\/www.visit-ulcinj.com\/blog\/wp-content\/uploads\/2015\/06\/Liqeni-Shkodres-Mapa-.jpg\"><img loading=\"lazy\" class=\"alignleft wp-image-90870\" src=\"http:\/\/www.visit-ulcinj.com\/blog\/wp-content\/uploads\/2015\/06\/Liqeni-Shkodres-Mapa-.jpg\" alt=\"Liqeni-Shkodres-Mapa-\" width=\"508\" height=\"312\" srcset=\"https:\/\/www.visit-ulcinj.com\/blog\/wp-content\/uploads\/2015\/06\/Liqeni-Shkodres-Mapa-.jpg 1024w, https:\/\/www.visit-ulcinj.com\/blog\/wp-content\/uploads\/2015\/06\/Liqeni-Shkodres-Mapa--300x184.jpg 300w\" sizes=\"(max-width: 508px) 100vw, 508px\" \/><\/a>Subjektet poltike dhe banor\u00ebt e zon\u00ebs s\u00eb Kraj\u00ebs , pran\u00eb Liqenit t\u00eb Shkodr\u00ebs, vazhdimisht kan\u00eb k\u00ebrkuar hapjen e pik\u00ebs kufitare me Shqip\u00ebrin\u00eb, q\u00eb do t\u00eb ndihmonte qarkullimin e lir\u00eb t\u00eb njer\u00ebzve dhe mall\u00ebrave si dhe do ta rriste mir\u00ebqenien e k\u00ebsaj zone t\u00eb shqiptar\u00ebve n\u00eb Mal t\u00eb Zi.<\/p>\n<div><span style=\"color: #000000; font-family: Arial,Helvetica,Arial Unicode MS,sans-serif;\">P<\/span>\u00ebr m\u00eb shum\u00eb ndiqeni kronik\u00ebn e p\u00ebrgaditur nga korrespondenti i Z\u00ebrit t\u00eb Amerik\u00ebs, Ali Salaj.<b><br \/>\n<\/b><\/div>\n<div><\/div>\n<div>VAO<\/div>\n<div><!--YouTube Error: bad URL entered--><\/div>\n","protected":false},"excerpt":{"rendered":"<p>Subjektet poltike dhe banor\u00ebt e zon\u00ebs s\u00eb Kraj\u00ebs , pran\u00eb Liqenit t\u00eb Shkodr\u00ebs, vazhdimisht kan\u00eb k\u00ebrkuar hapjen e pik\u00ebs kufitare me Shqip\u00ebrin\u00eb, q\u00eb do t\u00eb ndihmonte qarkullimin e lir\u00eb t\u00eb njer\u00ebzve dhe mall\u00ebrave si dhe do ta rriste mir\u00ebqenien e k\u00ebsaj zone t\u00eb shqiptar\u00ebve n\u00eb Mal t\u00eb Zi. P\u00ebr m\u00eb shum\u00eb ndiqeni kronik\u00ebn e p\u00ebrgaditur [&hellip;]<\/p>\n","protected":false},"author":1,"featured_media":0,"comment_status":"closed","ping_status":"closed","sticky":false,"template":"","format":"standard","meta":{"spay_email":"","jetpack_publicize_message":"","jetpack_is_tweetstorm":false,"jetpack_publicize_feature_enabled":true},"categories":[11],"tags":[],"jetpack_publicize_connections":[],"yoast_head":"<!-- This site is optimized with the Yoast SEO plugin v19.1 - https:\/\/yoast.com\/wordpress\/plugins\/seo\/ -->\n<title>Banor\u00ebt e Kraj\u00ebs k\u00ebrkojn hapjen e pik\u00ebs kufitare me Shqip\u00ebri - Video - Lajme nga Ulqini<\/title>\n<meta name=\"description\" content=\"Subjektet poltike dhe banor\u00ebt e zon\u00ebs s\u00eb Kraj\u00ebs , pran\u00eb Liqenit t\u00eb Shkodr\u00ebs, vazhdimisht kan\u00eb k\u00ebrkuar hapjen e pik\u00ebs kufitare me Shqip\u00ebrin\u00eb, q\u00eb do t\u00eb\" \/>\n<meta name=\"robots\" content=\"index, follow, max-snippet:-1, max-image-preview:large, max-video-preview:-1\" \/>\n<link rel=\"canonical\" href=\"https:\/\/www.visit-ulcinj.com\/blog\/2015\/06\/09\/banoret-e-krajes-kerkojn-hapjen-e-pikes-kufitare-shqiperi-video\/\" \/>\n<meta property=\"og:locale\" content=\"en_US\" \/>\n<meta property=\"og:type\" content=\"article\" \/>\n<meta property=\"og:title\" content=\"Banor\u00ebt e Kraj\u00ebs k\u00ebrkojn hapjen e pik\u00ebs kufitare me Shqip\u00ebri - Video - Lajme nga Ulqini\" \/>\n<meta property=\"og:description\" content=\"Subjektet poltike dhe banor\u00ebt e zon\u00ebs s\u00eb Kraj\u00ebs , pran\u00eb Liqenit t\u00eb Shkodr\u00ebs, vazhdimisht kan\u00eb k\u00ebrkuar hapjen e pik\u00ebs kufitare me Shqip\u00ebrin\u00eb, q\u00eb do t\u00eb\" \/>\n<meta property=\"og:url\" content=\"https:\/\/www.visit-ulcinj.com\/blog\/2015\/06\/09\/banoret-e-krajes-kerkojn-hapjen-e-pikes-kufitare-shqiperi-video\/\" \/>\n<meta property=\"og:site_name\" content=\"Lajme nga Ulqini\" \/>\n<meta property=\"article:published_time\" content=\"2015-06-09T12:51:20+00:00\" \/>\n<meta property=\"og:image\" content=\"http:\/\/www.visit-ulcinj.com\/blog\/wp-content\/uploads\/2015\/06\/Liqeni-Shkodres-Mapa-.jpg\" \/>\n<meta name=\"twitter:label1\" content=\"Written by\" \/>\n\t<meta name=\"twitter:data1\" content=\"ulqini\" \/>\n<script type=\"application\/ld+json\" class=\"yoast-schema-graph\">{\"@context\":\"https:\/\/schema.org\",\"@graph\":[{\"@type\":\"WebSite\",\"@id\":\"https:\/\/www.visit-ulcinj.com\/blog\/#website\",\"url\":\"https:\/\/www.visit-ulcinj.com\/blog\/\",\"name\":\"Lajme nga Ulqini\",\"description\":\"Lajme,Vijesti,Ulqini,Ulqin,Crna Gora,Mali i Zi\",\"potentialAction\":[{\"@type\":\"SearchAction\",\"target\":{\"@type\":\"EntryPoint\",\"urlTemplate\":\"https:\/\/www.visit-ulcinj.com\/blog\/?s={search_term_string}\"},\"query-input\":\"required name=search_term_string\"}],\"inLanguage\":\"en-US\"},{\"@type\":\"ImageObject\",\"inLanguage\":\"en-US\",\"@id\":\"https:\/\/www.visit-ulcinj.com\/blog\/2015\/06\/09\/banoret-e-krajes-kerkojn-hapjen-e-pikes-kufitare-shqiperi-video\/#primaryimage\",\"url\":\"https:\/\/www.visit-ulcinj.com\/blog\/wp-content\/uploads\/2015\/06\/Liqeni-Shkodres-Mapa-.jpg\",\"contentUrl\":\"https:\/\/www.visit-ulcinj.com\/blog\/wp-content\/uploads\/2015\/06\/Liqeni-Shkodres-Mapa-.jpg\",\"width\":1024,\"height\":629},{\"@type\":\"WebPage\",\"@id\":\"https:\/\/www.visit-ulcinj.com\/blog\/2015\/06\/09\/banoret-e-krajes-kerkojn-hapjen-e-pikes-kufitare-shqiperi-video\/#webpage\",\"url\":\"https:\/\/www.visit-ulcinj.com\/blog\/2015\/06\/09\/banoret-e-krajes-kerkojn-hapjen-e-pikes-kufitare-shqiperi-video\/\",\"name\":\"Banor\u00ebt e Kraj\u00ebs k\u00ebrkojn hapjen e pik\u00ebs kufitare me Shqip\u00ebri - Video - Lajme nga Ulqini\",\"isPartOf\":{\"@id\":\"https:\/\/www.visit-ulcinj.com\/blog\/#website\"},\"primaryImageOfPage\":{\"@id\":\"https:\/\/www.visit-ulcinj.com\/blog\/2015\/06\/09\/banoret-e-krajes-kerkojn-hapjen-e-pikes-kufitare-shqiperi-video\/#primaryimage\"},\"datePublished\":\"2015-06-09T12:51:20+00:00\",\"dateModified\":\"2015-06-09T12:51:20+00:00\",\"author\":{\"@id\":\"https:\/\/www.visit-ulcinj.com\/blog\/#\/schema\/person\/dcab619c614d3038751c63bc2aadc06d\"},\"description\":\"Subjektet poltike dhe banor\u00ebt e zon\u00ebs s\u00eb Kraj\u00ebs , pran\u00eb Liqenit t\u00eb Shkodr\u00ebs, vazhdimisht kan\u00eb k\u00ebrkuar hapjen e pik\u00ebs kufitare me Shqip\u00ebrin\u00eb, q\u00eb do t\u00eb\",\"breadcrumb\":{\"@id\":\"https:\/\/www.visit-ulcinj.com\/blog\/2015\/06\/09\/banoret-e-krajes-kerkojn-hapjen-e-pikes-kufitare-shqiperi-video\/#breadcrumb\"},\"inLanguage\":\"en-US\",\"potentialAction\":[{\"@type\":\"ReadAction\",\"target\":[\"https:\/\/www.visit-ulcinj.com\/blog\/2015\/06\/09\/banoret-e-krajes-kerkojn-hapjen-e-pikes-kufitare-shqiperi-video\/\"]}]},{\"@type\":\"BreadcrumbList\",\"@id\":\"https:\/\/www.visit-ulcinj.com\/blog\/2015\/06\/09\/banoret-e-krajes-kerkojn-hapjen-e-pikes-kufitare-shqiperi-video\/#breadcrumb\",\"itemListElement\":[{\"@type\":\"ListItem\",\"position\":1,\"name\":\"Banor\u00ebt e Kraj\u00ebs k\u00ebrkojn hapjen e pik\u00ebs kufitare me Shqip\u00ebri &#8211; Video\"}]},{\"@type\":\"Person\",\"@id\":\"https:\/\/www.visit-ulcinj.com\/blog\/#\/schema\/person\/dcab619c614d3038751c63bc2aadc06d\",\"name\":\"ulqini\",\"sameAs\":[\"http:\/\/www.visit-ulcinj.com\"],\"url\":\"https:\/\/www.visit-ulcinj.com\/blog\/author\/admin\/\"}]}<\/script>\n<!-- \/ Yoast SEO plugin. -->","yoast_head_json":{"title":"Banor\u00ebt e Kraj\u00ebs k\u00ebrkojn hapjen e pik\u00ebs kufitare me Shqip\u00ebri - Video - Lajme nga Ulqini","description":"Subjektet poltike dhe banor\u00ebt e zon\u00ebs s\u00eb Kraj\u00ebs , pran\u00eb Liqenit t\u00eb Shkodr\u00ebs, vazhdimisht kan\u00eb k\u00ebrkuar hapjen e pik\u00ebs kufitare me Shqip\u00ebrin\u00eb, q\u00eb do t\u00eb","robots":{"index":"index","follow":"follow","max-snippet":"max-snippet:-1","max-image-preview":"max-image-preview:large","max-video-preview":"max-video-preview:-1"},"canonical":"https:\/\/www.visit-ulcinj.com\/blog\/2015\/06\/09\/banoret-e-krajes-kerkojn-hapjen-e-pikes-kufitare-shqiperi-video\/","og_locale":"en_US","og_type":"article","og_title":"Banor\u00ebt e Kraj\u00ebs k\u00ebrkojn hapjen e pik\u00ebs kufitare me Shqip\u00ebri - Video - Lajme nga Ulqini","og_description":"Subjektet poltike dhe banor\u00ebt e zon\u00ebs s\u00eb Kraj\u00ebs , pran\u00eb Liqenit t\u00eb Shkodr\u00ebs, vazhdimisht kan\u00eb k\u00ebrkuar hapjen e pik\u00ebs kufitare me Shqip\u00ebrin\u00eb, q\u00eb do t\u00eb","og_url":"https:\/\/www.visit-ulcinj.com\/blog\/2015\/06\/09\/banoret-e-krajes-kerkojn-hapjen-e-pikes-kufitare-shqiperi-video\/","og_site_name":"Lajme nga Ulqini","article_published_time":"2015-06-09T12:51:20+00:00","og_image":[{"url":"http:\/\/www.visit-ulcinj.com\/blog\/wp-content\/uploads\/2015\/06\/Liqeni-Shkodres-Mapa-.jpg"}],"twitter_misc":{"Written by":"ulqini"},"schema":{"@context":"https:\/\/schema.org","@graph":[{"@type":"WebSite","@id":"https:\/\/www.visit-ulcinj.com\/blog\/#website","url":"https:\/\/www.visit-ulcinj.com\/blog\/","name":"Lajme nga Ulqini","description":"Lajme,Vijesti,Ulqini,Ulqin,Crna Gora,Mali i Zi","potentialAction":[{"@type":"SearchAction","target":{"@type":"EntryPoint","urlTemplate":"https:\/\/www.visit-ulcinj.com\/blog\/?s={search_term_string}"},"query-input":"required name=search_term_string"}],"inLanguage":"en-US"},{"@type":"ImageObject","inLanguage":"en-US","@id":"https:\/\/www.visit-ulcinj.com\/blog\/2015\/06\/09\/banoret-e-krajes-kerkojn-hapjen-e-pikes-kufitare-shqiperi-video\/#primaryimage","url":"https:\/\/www.visit-ulcinj.com\/blog\/wp-content\/uploads\/2015\/06\/Liqeni-Shkodres-Mapa-.jpg","contentUrl":"https:\/\/www.visit-ulcinj.com\/blog\/wp-content\/uploads\/2015\/06\/Liqeni-Shkodres-Mapa-.jpg","width":1024,"height":629},{"@type":"WebPage","@id":"https:\/\/www.visit-ulcinj.com\/blog\/2015\/06\/09\/banoret-e-krajes-kerkojn-hapjen-e-pikes-kufitare-shqiperi-video\/#webpage","url":"https:\/\/www.visit-ulcinj.com\/blog\/2015\/06\/09\/banoret-e-krajes-kerkojn-hapjen-e-pikes-kufitare-shqiperi-video\/","name":"Banor\u00ebt e Kraj\u00ebs k\u00ebrkojn hapjen e pik\u00ebs kufitare me Shqip\u00ebri - Video - Lajme nga Ulqini","isPartOf":{"@id":"https:\/\/www.visit-ulcinj.com\/blog\/#website"},"primaryImageOfPage":{"@id":"https:\/\/www.visit-ulcinj.com\/blog\/2015\/06\/09\/banoret-e-krajes-kerkojn-hapjen-e-pikes-kufitare-shqiperi-video\/#primaryimage"},"datePublished":"2015-06-09T12:51:20+00:00","dateModified":"2015-06-09T12:51:20+00:00","author":{"@id":"https:\/\/www.visit-ulcinj.com\/blog\/#\/schema\/person\/dcab619c614d3038751c63bc2aadc06d"},"description":"Subjektet poltike dhe banor\u00ebt e zon\u00ebs s\u00eb Kraj\u00ebs , pran\u00eb Liqenit t\u00eb Shkodr\u00ebs, vazhdimisht kan\u00eb k\u00ebrkuar hapjen e pik\u00ebs kufitare me Shqip\u00ebrin\u00eb, q\u00eb do t\u00eb","breadcrumb":{"@id":"https:\/\/www.visit-ulcinj.com\/blog\/2015\/06\/09\/banoret-e-krajes-kerkojn-hapjen-e-pikes-kufitare-shqiperi-video\/#breadcrumb"},"inLanguage":"en-US","potentialAction":[{"@type":"ReadAction","target":["https:\/\/www.visit-ulcinj.com\/blog\/2015\/06\/09\/banoret-e-krajes-kerkojn-hapjen-e-pikes-kufitare-shqiperi-video\/"]}]},{"@type":"BreadcrumbList","@id":"https:\/\/www.visit-ulcinj.com\/blog\/2015\/06\/09\/banoret-e-krajes-kerkojn-hapjen-e-pikes-kufitare-shqiperi-video\/#breadcrumb","itemListElement":[{"@type":"ListItem","position":1,"name":"Banor\u00ebt e Kraj\u00ebs k\u00ebrkojn hapjen e pik\u00ebs kufitare me Shqip\u00ebri &#8211; Video"}]},{"@type":"Person","@id":"https:\/\/www.visit-ulcinj.com\/blog\/#\/schema\/person\/dcab619c614d3038751c63bc2aadc06d","name":"ulqini","sameAs":["http:\/\/www.visit-ulcinj.com"],"url":"https:\/\/www.visit-ulcinj.com\/blog\/author\/admin\/"}]}},"jetpack_featured_media_url":"","jetpack_sharing_enabled":true,"jetpack_shortlink":"https:\/\/wp.me\/pe6lTn-nDD","_links":{"self":[{"href":"https:\/\/www.visit-ulcinj.com\/blog\/wp-json\/wp\/v2\/posts\/90869"}],"collection":[{"href":"https:\/\/www.visit-ulcinj.com\/blog\/wp-json\/wp\/v2\/posts"}],"about":[{"href":"https:\/\/www.visit-ulcinj.com\/blog\/wp-json\/wp\/v2\/types\/post"}],"author":[{"embeddable":true,"href":"https:\/\/www.visit-ulcinj.com\/blog\/wp-json\/wp\/v2\/users\/1"}],"replies":[{"embeddable":true,"href":"https:\/\/www.visit-ulcinj.com\/blog\/wp-json\/wp\/v2\/comments?post=90869"}],"version-history":[{"count":1,"href":"https:\/\/www.visit-ulcinj.com\/blog\/wp-json\/wp\/v2\/posts\/90869\/revisions"}],"predecessor-version":[{"id":90871,"href":"https:\/\/www.visit-ulcinj.com\/blog\/wp-json\/wp\/v2\/posts\/90869\/revisions\/90871"}],"wp:attachment":[{"href":"https:\/\/www.visit-ulcinj.com\/blog\/wp-json\/wp\/v2\/media?parent=90869"}],"wp:term":[{"taxonomy":"category","embeddable":true,"href":"https:\/\/www.visit-ulcinj.com\/blog\/wp-json\/wp\/v2\/categories?post=90869"},{"taxonomy":"post_tag","embeddable":true,"href":"https:\/\/www.visit-ulcinj.com\/blog\/wp-json\/wp\/v2\/tags?post=90869"}],"curies":[{"name":"wp","href":"https:\/\/api.w.org\/{rel}","templated":true}]}}