{"id":90876,"date":"2015-06-09T14:25:21","date_gmt":"2015-06-09T13:25:21","guid":{"rendered":"http:\/\/www.visit-ulcinj.com\/blog\/?p=90876"},"modified":"2015-06-09T14:25:21","modified_gmt":"2015-06-09T13:25:21","slug":"ulqini-gatshem-te-mireprese-turistet","status":"publish","type":"post","link":"https:\/\/www.visit-ulcinj.com\/blog\/2015\/06\/09\/ulqini-gatshem-te-mireprese-turistet\/","title":{"rendered":"Ulqini i gatsh\u00ebm t\u00eb mir\u00ebpres\u00eb turist\u00ebt"},"content":{"rendered":"<p><a href=\"http:\/\/www.visit-ulcinj.com\/blog\/wp-content\/uploads\/2015\/06\/Turizam-Ulcinja.jpg\"><img loading=\"lazy\" class=\"alignleft wp-image-90862\" src=\"http:\/\/www.visit-ulcinj.com\/blog\/wp-content\/uploads\/2015\/06\/Turizam-Ulcinja.jpg\" alt=\"Turizam-Ulcinja\" width=\"508\" height=\"234\" srcset=\"https:\/\/www.visit-ulcinj.com\/blog\/wp-content\/uploads\/2015\/06\/Turizam-Ulcinja.jpg 650w, https:\/\/www.visit-ulcinj.com\/blog\/wp-content\/uploads\/2015\/06\/Turizam-Ulcinja-300x138.jpg 300w\" sizes=\"(max-width: 508px) 100vw, 508px\" \/><\/a>Ulqini \u00ebsht\u00eb nj\u00ebri nd\u00ebr qytetet m\u00eb t\u00eb vjetra n\u00eb bregdetin e Adriatikut. Treva e Ulqinit deshmohet si vendbanim qe nga periudha parahistorike. N\u00eb t\u00eb ndeshen gjurma t\u00eb jet\u00ebs dhe t\u00eb vendbanimeve ilire q\u00eb nga epoka e bronzit,si\u00e7 jan\u00eb dyshemet\u00eb e dheut,tumullat dhe s\u00ebpatat t\u00eb ashtuquajtura t\u00eb tipit Shkodran-Dalmatin. N\u00eb rrug\u00ebtimin e jet\u00ebs urbane mbi dymij\u00ebvje\u00e7are, jan\u00eb nd\u00ebrruar stin\u00eb e mote t\u00eb panum\u00ebrta, t\u00eb shoq\u00ebruara me bukuri josh\u00ebse t\u00eb \u201dkoh\u00ebve t\u00eb arta legjendare\u201d por edhe me furtuna e rr\u00ebbeshe t\u00eb koh\u00ebpaskohshme q\u00eb kan\u00eb kanosur egzistenc\u00ebn dhe jet\u00ebn e k\u00ebtij qyteti.[13]<\/p>\n<p>Temperatura e ajrit n\u00eb Ulqin \u00ebsht\u00eb e p\u00ebrshtatshme p\u00ebr rr\u00ebzitje dhe larje ne det, dhe zgjat\u00eb gjasht\u00eb muaj, prej majit deri ne tetor, poashtu n\u00eb ket\u00eb periudh\u00eb, temperatur\u00ebs i p\u00ebrgjigjet temperatura e ujit. Ulqini b\u00ebn pjes\u00eb ne vendet m\u00eb me diell t\u00eb bregdetit Adriatik. Mesatarja e dit\u00ebve me diell ne Ulqin \u00ebsht\u00eb 218 dit\u00eb<\/p>\n<p>Ulqini \u00ebsht\u00eb nj\u00eb qytet multi-etnik, ku p\u00ebrqindjen m\u00eb t\u00eb madhe t\u00eb banor\u00ebve e p\u00ebrb\u00ebjn shqiptar\u00ebt, t\u00eb cil\u00ebt jan\u00eb banor\u00ebt autokton t\u00eb Ulqinit.<br \/>\nIslami \u00ebsht\u00eb feja m\u00eb e p\u00ebrhapur n\u00eb Ulqin, q\u00eb pasohet nga Krishterimi. T\u00eb krishter\u00ebt jan\u00eb t\u00eb ndar\u00eb n\u00eb ortodoks dhe katolik\u00eb.<br \/>\nNga 19,921 banor\u00ebt e Komun\u00ebs s\u00eb Ulqinit, 6207 jan\u00eb popullsi aktive, nd\u00ebrsa 9840 jan\u00eb popullsi joaktive, t\u00eb tjer\u00ebt jan\u00eb n\u00ebn 15 vjet.<\/p>\n<p>Ulqini posedon nj\u00eb pasuri t\u00eb madhe arkitektonike q\u00eb kan\u00eb vlera t\u00eb m\u00ebdha kulturore. Nd\u00ebr ta b\u00ebjn\u00eb pjes\u00eb, xhamit\u00eb, krojt\u00eb dhe mbetjet arkeologjike.<br \/>\nN\u00eb Qytet gjenden 6 xhami dhe shum\u00eb t\u00eb tjera n\u00eb rrethin. Xhamit\u00eb e qytetit jan\u00eb: Xhamia e Pash\u00ebs, Xhamia e Detar\u00ebve, Xhamia e Lamit, Xhamia e Bregut, Xhamia e Kryepazarit (ose e Majapazarit) dhe Xhamia e Namazgjahut (ose e Mezgjahut).<\/p>\n<p>Turizmi<br \/>\nUlqini \u00ebsht\u00eb nj\u00eb destinacion i njohur turistit gjat\u00eb ver\u00ebs. Edhe pse n\u00eb mas\u00eb t\u00eb madhe i panjohur nga turist\u00eb t\u00eb vende t\u00eb m\u00ebdha, turist\u00ebt q\u00eb e kan\u00eb k\u00ebt\u00eb vend destinacion ky\u00e7 dhe rritja e numrit t\u00eb turist\u00ebve q\u00eb vijn\u00eb p\u00ebr her\u00eb t\u00eb par\u00eb e b\u00ebjn\u00eb k\u00ebt\u00eb qytet nj\u00eb pik\u00eb t\u00eb nxeht\u00eb p\u00ebr pushuesit p\u00ebrgjat\u00eb muajve maj deri shtator. \u00cbsht\u00eb i njohur ve\u00e7mas p\u00ebr plazhet e tija me r\u00ebr\u00eb. Plazhi m\u00eb i njohur i Ulqini \u00ebsht\u00eb Plazhi i Madh\u00eb, q\u00eb \u00ebsht\u00eb nj\u00eb plazh ranor 12 km i gjat\u00eb, plazhi m\u00eb i gjat\u00eb n\u00eb Mal t\u00eb Zi. Si miniatur\u00eb e Plazhit t\u00eb Madh\u00eb, n\u00eb qytet qendet Plazhi i Vog\u00ebl (Rana), q\u00eb \u00ebsht\u00eb nj\u00eb plazh ranor 376 m i gjat\u00eb dhe gjat\u00eb sezonit veror arrin kapacitetin maksimal. Plazhi i Grave \u00ebsht\u00eb nj\u00eb nd\u00ebr plazhet shk\u00ebmbore m\u00eb t\u00eb njohura t\u00eb Ulqini, n\u00eb k\u00ebt\u00eb plazh gjinden burime t\u00eb sulfurit dhe radiumit q\u00eb s\u00eb bashku me krip\u00ebn e detit krijojn\u00eb uj\u00ebra me karakter sh\u00ebndetsor\u00eb. Sipas kultur\u00ebs vendase ky plazh ka ndikim n\u00eb rritjen e fertilitetit tek femra, \u00ebsht\u00eb i rrethuar nga Pylli i Pishave. P\u00ebr turist\u00eb q\u00eb d\u00ebshirojn\u00eb paq\u00ebn dhe nj\u00eb atmosfer\u00eb unike si mund\u00ebsi kan\u00eb ishullin Ada e Bun\u00ebs. N\u00eb ishull \u00ebsht\u00eb i vendosur edhe nj kamp naturist\u00ebsh.<br \/>\nSi simbol kryesor arkitektonik i Ulqini \u00ebsht\u00eb Kalaja (Qyteti i vjet\u00ebr) q\u00eb \u00ebsht\u00eb b\u00ebrthama e t\u00eb gjith\u00eb qytetit. Ajo q\u00eb dallon Ulqinin nga qytetet tjera bregdetare, \u00ebsht\u00eb sigurisht, pazari i cili gjindet n\u00eb rrug\u00ebn kryesore t\u00eb qytetit. K\u00ebtu, sidomos t\u00eb mart\u00ebve dhe t\u00eb premteve, dit\u00ebve t\u00eb pazarit, mund t\u00eb bleni prodhimet autentike vendase.<br \/>\nNj\u00eb karakterstik\u00eb tjet\u00ebr e Ulqinit \u00ebsht\u00eb se \u00ebsht\u00eb nd\u00ebr qytetet e rralla n\u00eb Evrop\u00eb ku mund t\u00eb gjendet uji i njelm\u00ebt (deti) dhe uji i \u00ebmb\u00ebl (liqe dhe lumenj).<\/p>\n<p><strong><small>Lajmiexpress.net<\/small><\/strong><\/p>\n","protected":false},"excerpt":{"rendered":"<p>Ulqini \u00ebsht\u00eb nj\u00ebri nd\u00ebr qytetet m\u00eb t\u00eb vjetra n\u00eb bregdetin e Adriatikut. Treva e Ulqinit deshmohet si vendbanim qe nga periudha parahistorike. N\u00eb t\u00eb ndeshen gjurma t\u00eb jet\u00ebs dhe t\u00eb vendbanimeve ilire q\u00eb nga epoka e bronzit,si\u00e7 jan\u00eb dyshemet\u00eb e dheut,tumullat dhe s\u00ebpatat t\u00eb ashtuquajtura t\u00eb tipit Shkodran-Dalmatin. N\u00eb rrug\u00ebtimin e jet\u00ebs urbane mbi dymij\u00ebvje\u00e7are, [&hellip;]<\/p>\n","protected":false},"author":1,"featured_media":0,"comment_status":"closed","ping_status":"closed","sticky":false,"template":"","format":"standard","meta":{"spay_email":"","jetpack_publicize_message":"","jetpack_is_tweetstorm":false,"jetpack_publicize_feature_enabled":true},"categories":[15],"tags":[],"jetpack_publicize_connections":[],"yoast_head":"<!-- This site is optimized with the Yoast SEO plugin v19.1 - https:\/\/yoast.com\/wordpress\/plugins\/seo\/ -->\n<title>Ulqini i gatsh\u00ebm t\u00eb mir\u00ebpres\u00eb turist\u00ebt - Lajme nga Ulqini<\/title>\n<meta name=\"description\" content=\"Ulqini \u00ebsht\u00eb nj\u00ebri nd\u00ebr qytetet m\u00eb t\u00eb vjetra n\u00eb bregdetin e Adriatikut. Treva e Ulqinit deshmohet si vendbanim qe nga periudha parahistorike. N\u00eb t\u00eb\" \/>\n<meta name=\"robots\" content=\"index, follow, max-snippet:-1, max-image-preview:large, max-video-preview:-1\" \/>\n<link rel=\"canonical\" href=\"https:\/\/www.visit-ulcinj.com\/blog\/2015\/06\/09\/ulqini-gatshem-te-mireprese-turistet\/\" \/>\n<meta property=\"og:locale\" content=\"en_US\" \/>\n<meta property=\"og:type\" content=\"article\" \/>\n<meta property=\"og:title\" content=\"Ulqini i gatsh\u00ebm t\u00eb mir\u00ebpres\u00eb turist\u00ebt - Lajme nga Ulqini\" \/>\n<meta property=\"og:description\" content=\"Ulqini \u00ebsht\u00eb nj\u00ebri nd\u00ebr qytetet m\u00eb t\u00eb vjetra n\u00eb bregdetin e Adriatikut. Treva e Ulqinit deshmohet si vendbanim qe nga periudha parahistorike. N\u00eb t\u00eb\" \/>\n<meta property=\"og:url\" content=\"https:\/\/www.visit-ulcinj.com\/blog\/2015\/06\/09\/ulqini-gatshem-te-mireprese-turistet\/\" \/>\n<meta property=\"og:site_name\" content=\"Lajme nga Ulqini\" \/>\n<meta property=\"article:published_time\" content=\"2015-06-09T13:25:21+00:00\" \/>\n<meta property=\"og:image\" content=\"http:\/\/www.visit-ulcinj.com\/blog\/wp-content\/uploads\/2015\/06\/Turizam-Ulcinja.jpg\" \/>\n<meta name=\"twitter:label1\" content=\"Written by\" \/>\n\t<meta name=\"twitter:data1\" content=\"ulqini\" \/>\n\t<meta name=\"twitter:label2\" content=\"Est. reading time\" \/>\n\t<meta name=\"twitter:data2\" content=\"3 minutes\" \/>\n<script type=\"application\/ld+json\" class=\"yoast-schema-graph\">{\"@context\":\"https:\/\/schema.org\",\"@graph\":[{\"@type\":\"WebSite\",\"@id\":\"https:\/\/www.visit-ulcinj.com\/blog\/#website\",\"url\":\"https:\/\/www.visit-ulcinj.com\/blog\/\",\"name\":\"Lajme nga Ulqini\",\"description\":\"Lajme,Vijesti,Ulqini,Ulqin,Crna Gora,Mali i Zi\",\"potentialAction\":[{\"@type\":\"SearchAction\",\"target\":{\"@type\":\"EntryPoint\",\"urlTemplate\":\"https:\/\/www.visit-ulcinj.com\/blog\/?s={search_term_string}\"},\"query-input\":\"required name=search_term_string\"}],\"inLanguage\":\"en-US\"},{\"@type\":\"ImageObject\",\"inLanguage\":\"en-US\",\"@id\":\"https:\/\/www.visit-ulcinj.com\/blog\/2015\/06\/09\/ulqini-gatshem-te-mireprese-turistet\/#primaryimage\",\"url\":\"https:\/\/www.visit-ulcinj.com\/blog\/wp-content\/uploads\/2015\/06\/Turizam-Ulcinja.jpg\",\"contentUrl\":\"https:\/\/www.visit-ulcinj.com\/blog\/wp-content\/uploads\/2015\/06\/Turizam-Ulcinja.jpg\",\"width\":650,\"height\":300},{\"@type\":\"WebPage\",\"@id\":\"https:\/\/www.visit-ulcinj.com\/blog\/2015\/06\/09\/ulqini-gatshem-te-mireprese-turistet\/#webpage\",\"url\":\"https:\/\/www.visit-ulcinj.com\/blog\/2015\/06\/09\/ulqini-gatshem-te-mireprese-turistet\/\",\"name\":\"Ulqini i gatsh\u00ebm t\u00eb mir\u00ebpres\u00eb turist\u00ebt - Lajme nga Ulqini\",\"isPartOf\":{\"@id\":\"https:\/\/www.visit-ulcinj.com\/blog\/#website\"},\"primaryImageOfPage\":{\"@id\":\"https:\/\/www.visit-ulcinj.com\/blog\/2015\/06\/09\/ulqini-gatshem-te-mireprese-turistet\/#primaryimage\"},\"datePublished\":\"2015-06-09T13:25:21+00:00\",\"dateModified\":\"2015-06-09T13:25:21+00:00\",\"author\":{\"@id\":\"https:\/\/www.visit-ulcinj.com\/blog\/#\/schema\/person\/dcab619c614d3038751c63bc2aadc06d\"},\"description\":\"Ulqini \u00ebsht\u00eb nj\u00ebri nd\u00ebr qytetet m\u00eb t\u00eb vjetra n\u00eb bregdetin e Adriatikut. Treva e Ulqinit deshmohet si vendbanim qe nga periudha parahistorike. N\u00eb t\u00eb\",\"breadcrumb\":{\"@id\":\"https:\/\/www.visit-ulcinj.com\/blog\/2015\/06\/09\/ulqini-gatshem-te-mireprese-turistet\/#breadcrumb\"},\"inLanguage\":\"en-US\",\"potentialAction\":[{\"@type\":\"ReadAction\",\"target\":[\"https:\/\/www.visit-ulcinj.com\/blog\/2015\/06\/09\/ulqini-gatshem-te-mireprese-turistet\/\"]}]},{\"@type\":\"BreadcrumbList\",\"@id\":\"https:\/\/www.visit-ulcinj.com\/blog\/2015\/06\/09\/ulqini-gatshem-te-mireprese-turistet\/#breadcrumb\",\"itemListElement\":[{\"@type\":\"ListItem\",\"position\":1,\"name\":\"Ulqini i gatsh\u00ebm t\u00eb mir\u00ebpres\u00eb turist\u00ebt\"}]},{\"@type\":\"Person\",\"@id\":\"https:\/\/www.visit-ulcinj.com\/blog\/#\/schema\/person\/dcab619c614d3038751c63bc2aadc06d\",\"name\":\"ulqini\",\"sameAs\":[\"http:\/\/www.visit-ulcinj.com\"],\"url\":\"https:\/\/www.visit-ulcinj.com\/blog\/author\/admin\/\"}]}<\/script>\n<!-- \/ Yoast SEO plugin. -->","yoast_head_json":{"title":"Ulqini i gatsh\u00ebm t\u00eb mir\u00ebpres\u00eb turist\u00ebt - Lajme nga Ulqini","description":"Ulqini \u00ebsht\u00eb nj\u00ebri nd\u00ebr qytetet m\u00eb t\u00eb vjetra n\u00eb bregdetin e Adriatikut. Treva e Ulqinit deshmohet si vendbanim qe nga periudha parahistorike. N\u00eb t\u00eb","robots":{"index":"index","follow":"follow","max-snippet":"max-snippet:-1","max-image-preview":"max-image-preview:large","max-video-preview":"max-video-preview:-1"},"canonical":"https:\/\/www.visit-ulcinj.com\/blog\/2015\/06\/09\/ulqini-gatshem-te-mireprese-turistet\/","og_locale":"en_US","og_type":"article","og_title":"Ulqini i gatsh\u00ebm t\u00eb mir\u00ebpres\u00eb turist\u00ebt - Lajme nga Ulqini","og_description":"Ulqini \u00ebsht\u00eb nj\u00ebri nd\u00ebr qytetet m\u00eb t\u00eb vjetra n\u00eb bregdetin e Adriatikut. Treva e Ulqinit deshmohet si vendbanim qe nga periudha parahistorike. N\u00eb t\u00eb","og_url":"https:\/\/www.visit-ulcinj.com\/blog\/2015\/06\/09\/ulqini-gatshem-te-mireprese-turistet\/","og_site_name":"Lajme nga Ulqini","article_published_time":"2015-06-09T13:25:21+00:00","og_image":[{"url":"http:\/\/www.visit-ulcinj.com\/blog\/wp-content\/uploads\/2015\/06\/Turizam-Ulcinja.jpg"}],"twitter_misc":{"Written by":"ulqini","Est. reading time":"3 minutes"},"schema":{"@context":"https:\/\/schema.org","@graph":[{"@type":"WebSite","@id":"https:\/\/www.visit-ulcinj.com\/blog\/#website","url":"https:\/\/www.visit-ulcinj.com\/blog\/","name":"Lajme nga Ulqini","description":"Lajme,Vijesti,Ulqini,Ulqin,Crna Gora,Mali i Zi","potentialAction":[{"@type":"SearchAction","target":{"@type":"EntryPoint","urlTemplate":"https:\/\/www.visit-ulcinj.com\/blog\/?s={search_term_string}"},"query-input":"required name=search_term_string"}],"inLanguage":"en-US"},{"@type":"ImageObject","inLanguage":"en-US","@id":"https:\/\/www.visit-ulcinj.com\/blog\/2015\/06\/09\/ulqini-gatshem-te-mireprese-turistet\/#primaryimage","url":"https:\/\/www.visit-ulcinj.com\/blog\/wp-content\/uploads\/2015\/06\/Turizam-Ulcinja.jpg","contentUrl":"https:\/\/www.visit-ulcinj.com\/blog\/wp-content\/uploads\/2015\/06\/Turizam-Ulcinja.jpg","width":650,"height":300},{"@type":"WebPage","@id":"https:\/\/www.visit-ulcinj.com\/blog\/2015\/06\/09\/ulqini-gatshem-te-mireprese-turistet\/#webpage","url":"https:\/\/www.visit-ulcinj.com\/blog\/2015\/06\/09\/ulqini-gatshem-te-mireprese-turistet\/","name":"Ulqini i gatsh\u00ebm t\u00eb mir\u00ebpres\u00eb turist\u00ebt - Lajme nga Ulqini","isPartOf":{"@id":"https:\/\/www.visit-ulcinj.com\/blog\/#website"},"primaryImageOfPage":{"@id":"https:\/\/www.visit-ulcinj.com\/blog\/2015\/06\/09\/ulqini-gatshem-te-mireprese-turistet\/#primaryimage"},"datePublished":"2015-06-09T13:25:21+00:00","dateModified":"2015-06-09T13:25:21+00:00","author":{"@id":"https:\/\/www.visit-ulcinj.com\/blog\/#\/schema\/person\/dcab619c614d3038751c63bc2aadc06d"},"description":"Ulqini \u00ebsht\u00eb nj\u00ebri nd\u00ebr qytetet m\u00eb t\u00eb vjetra n\u00eb bregdetin e Adriatikut. Treva e Ulqinit deshmohet si vendbanim qe nga periudha parahistorike. N\u00eb t\u00eb","breadcrumb":{"@id":"https:\/\/www.visit-ulcinj.com\/blog\/2015\/06\/09\/ulqini-gatshem-te-mireprese-turistet\/#breadcrumb"},"inLanguage":"en-US","potentialAction":[{"@type":"ReadAction","target":["https:\/\/www.visit-ulcinj.com\/blog\/2015\/06\/09\/ulqini-gatshem-te-mireprese-turistet\/"]}]},{"@type":"BreadcrumbList","@id":"https:\/\/www.visit-ulcinj.com\/blog\/2015\/06\/09\/ulqini-gatshem-te-mireprese-turistet\/#breadcrumb","itemListElement":[{"@type":"ListItem","position":1,"name":"Ulqini i gatsh\u00ebm t\u00eb mir\u00ebpres\u00eb turist\u00ebt"}]},{"@type":"Person","@id":"https:\/\/www.visit-ulcinj.com\/blog\/#\/schema\/person\/dcab619c614d3038751c63bc2aadc06d","name":"ulqini","sameAs":["http:\/\/www.visit-ulcinj.com"],"url":"https:\/\/www.visit-ulcinj.com\/blog\/author\/admin\/"}]}},"jetpack_featured_media_url":"","jetpack_sharing_enabled":true,"jetpack_shortlink":"https:\/\/wp.me\/pe6lTn-nDK","_links":{"self":[{"href":"https:\/\/www.visit-ulcinj.com\/blog\/wp-json\/wp\/v2\/posts\/90876"}],"collection":[{"href":"https:\/\/www.visit-ulcinj.com\/blog\/wp-json\/wp\/v2\/posts"}],"about":[{"href":"https:\/\/www.visit-ulcinj.com\/blog\/wp-json\/wp\/v2\/types\/post"}],"author":[{"embeddable":true,"href":"https:\/\/www.visit-ulcinj.com\/blog\/wp-json\/wp\/v2\/users\/1"}],"replies":[{"embeddable":true,"href":"https:\/\/www.visit-ulcinj.com\/blog\/wp-json\/wp\/v2\/comments?post=90876"}],"version-history":[{"count":1,"href":"https:\/\/www.visit-ulcinj.com\/blog\/wp-json\/wp\/v2\/posts\/90876\/revisions"}],"predecessor-version":[{"id":90877,"href":"https:\/\/www.visit-ulcinj.com\/blog\/wp-json\/wp\/v2\/posts\/90876\/revisions\/90877"}],"wp:attachment":[{"href":"https:\/\/www.visit-ulcinj.com\/blog\/wp-json\/wp\/v2\/media?parent=90876"}],"wp:term":[{"taxonomy":"category","embeddable":true,"href":"https:\/\/www.visit-ulcinj.com\/blog\/wp-json\/wp\/v2\/categories?post=90876"},{"taxonomy":"post_tag","embeddable":true,"href":"https:\/\/www.visit-ulcinj.com\/blog\/wp-json\/wp\/v2\/tags?post=90876"}],"curies":[{"name":"wp","href":"https:\/\/api.w.org\/{rel}","templated":true}]}}