{"id":90878,"date":"2015-06-09T15:35:58","date_gmt":"2015-06-09T14:35:58","guid":{"rendered":"http:\/\/www.visit-ulcinj.com\/blog\/?p=90878"},"modified":"2015-06-09T15:35:58","modified_gmt":"2015-06-09T14:35:58","slug":"ministar-gvozdenovic-sa-predstavnicima-delegacije-evropske-komisije-u-posjeti-ulcinjskoj-solani","status":"publish","type":"post","link":"https:\/\/www.visit-ulcinj.com\/blog\/2015\/06\/09\/ministar-gvozdenovic-sa-predstavnicima-delegacije-evropske-komisije-u-posjeti-ulcinjskoj-solani\/","title":{"rendered":"Ministar Gvozdenovi\u0107 sa predstavnicima delegacije Evropske komisije u posjeti ulcinjskoj solani"},"content":{"rendered":"<div><a href=\"http:\/\/www.visit-ulcinj.com\/blog\/wp-content\/uploads\/2015\/06\/Branimir-Gvozdenovic.jpg\"><img loading=\"lazy\" class=\"alignleft wp-image-90879\" src=\"http:\/\/www.visit-ulcinj.com\/blog\/wp-content\/uploads\/2015\/06\/Branimir-Gvozdenovic.jpg\" alt=\"Branimir Gvozdenovic\" width=\"508\" height=\"381\" srcset=\"https:\/\/www.visit-ulcinj.com\/blog\/wp-content\/uploads\/2015\/06\/Branimir-Gvozdenovic.jpg 640w, https:\/\/www.visit-ulcinj.com\/blog\/wp-content\/uploads\/2015\/06\/Branimir-Gvozdenovic-300x225.jpg 300w\" sizes=\"(max-width: 508px) 100vw, 508px\" \/><\/a>Ministar odr\u017eivog razvoja i turizma <strong>Branimir Gvozdenovi\u0107<\/strong> obi\u0107i \u0107e, zajedno sa predstavnicima delegacije Evropske komisije, u srijedu <strong>10. juna<\/strong> 2015. godine u <strong>9.30 sati<\/strong>, Solanu u Ulcinju, gdje \u0107e biti predstavljeni aktivnosti i rezultati na stvaranju neophodnih uslova za o\u010duvanje biodiverziteta i za\u0161titu tog lokaliteta.<\/div>\n<div><\/div>\n<div>U 9.30 sati, ispred suvenirnice u Solani, izjave za medije da\u0107e zamjenik \u0161efa Jedinice za Crnu Goru u Generalnoj direkciji za pro\u0161irenje Tomas Haglajtner, ministar odr\u017eivog razvoja i turizma Branimir Gvozdenovi\u0107 i dr\u017eavna sekretarka u Ministarstvu odr\u017eivog razvoja i turizma Daliborka Pejovi\u0107.<\/div>\n<div><\/div>\n<div>Nakon izjava predvi\u0111en je obilazak Solane. Sa predstavnicima Evropske komisije, u posjeti \u0107e biti predsjednik i potpredsjednica op\u0161tine Ulcinj &#8211; Fatmir \u0110eka i Zenepa Lika, predstavnici Delegacije Evropske unije u Crnoj Gori, predstavnici Ministarstva poljoprivrede i ruralnog razvoja, Agencije za za\u0161titu \u017eivotne sredine, Centra za odr\u017eivi razvoj (UNDP), Centra za prou\u010davanje ptica i ste\u010dajni upravnik Solane.<\/div>\n<div><\/div>\n<div>Posjeta ulcinjskoj solani organizuje se u sklopu osmog sastanka Pododbora za oblast saobra\u0107aja, energetike, \u017eivotne sredine i regionalne politike izme\u0111u Crne Gore i Evropske komisije, koji se odr\u017eava od 09. do 10. juna u Podgorici.<\/div>\n<div><\/div>\n<div><strong>Ministarstvo odr\u017eivog razvoja i turizma\/Biro za odnose s javno\u0161\u0107u<\/strong><\/div>\n","protected":false},"excerpt":{"rendered":"<p>Ministar odr\u017eivog razvoja i turizma Branimir Gvozdenovi\u0107 obi\u0107i \u0107e, zajedno sa predstavnicima delegacije Evropske komisije, u srijedu 10. juna 2015. godine u 9.30 sati, Solanu u Ulcinju, gdje \u0107e biti predstavljeni aktivnosti i rezultati na stvaranju neophodnih uslova za o\u010duvanje biodiverziteta i za\u0161titu tog lokaliteta. U 9.30 sati, ispred suvenirnice u Solani, izjave za medije [&hellip;]<\/p>\n","protected":false},"author":1,"featured_media":0,"comment_status":"closed","ping_status":"closed","sticky":false,"template":"","format":"standard","meta":{"spay_email":"","jetpack_publicize_message":"","jetpack_is_tweetstorm":false,"jetpack_publicize_feature_enabled":true},"categories":[6950],"tags":[],"jetpack_publicize_connections":[],"yoast_head":"<!-- This site is optimized with the Yoast SEO plugin v19.1 - https:\/\/yoast.com\/wordpress\/plugins\/seo\/ -->\n<title>Ministar Gvozdenovi\u0107 sa predstavnicima delegacije Evropske komisije u posjeti ulcinjskoj solani - Lajme nga Ulqini<\/title>\n<meta name=\"description\" content=\"Ministar odr\u017eivog razvoja i turizma Branimir Gvozdenovi\u0107 obi\u0107i \u0107e, zajedno sa predstavnicima delegacije Evropske komisije, u srijedu 10. juna 2015. godine\" \/>\n<meta name=\"robots\" content=\"index, follow, max-snippet:-1, max-image-preview:large, max-video-preview:-1\" \/>\n<link rel=\"canonical\" href=\"https:\/\/www.visit-ulcinj.com\/blog\/2015\/06\/09\/ministar-gvozdenovic-sa-predstavnicima-delegacije-evropske-komisije-u-posjeti-ulcinjskoj-solani\/\" \/>\n<meta property=\"og:locale\" content=\"en_US\" \/>\n<meta property=\"og:type\" content=\"article\" \/>\n<meta property=\"og:title\" content=\"Ministar Gvozdenovi\u0107 sa predstavnicima delegacije Evropske komisije u posjeti ulcinjskoj solani - Lajme nga Ulqini\" \/>\n<meta property=\"og:description\" content=\"Ministar odr\u017eivog razvoja i turizma Branimir Gvozdenovi\u0107 obi\u0107i \u0107e, zajedno sa predstavnicima delegacije Evropske komisije, u srijedu 10. juna 2015. godine\" \/>\n<meta property=\"og:url\" content=\"https:\/\/www.visit-ulcinj.com\/blog\/2015\/06\/09\/ministar-gvozdenovic-sa-predstavnicima-delegacije-evropske-komisije-u-posjeti-ulcinjskoj-solani\/\" \/>\n<meta property=\"og:site_name\" content=\"Lajme nga Ulqini\" \/>\n<meta property=\"article:published_time\" content=\"2015-06-09T14:35:58+00:00\" \/>\n<meta property=\"og:image\" content=\"http:\/\/www.visit-ulcinj.com\/blog\/wp-content\/uploads\/2015\/06\/Branimir-Gvozdenovic.jpg\" \/>\n<meta name=\"twitter:label1\" content=\"Written by\" \/>\n\t<meta name=\"twitter:data1\" content=\"ulqini\" \/>\n\t<meta name=\"twitter:label2\" content=\"Est. reading time\" \/>\n\t<meta name=\"twitter:data2\" content=\"1 minute\" \/>\n<script type=\"application\/ld+json\" class=\"yoast-schema-graph\">{\"@context\":\"https:\/\/schema.org\",\"@graph\":[{\"@type\":\"WebSite\",\"@id\":\"https:\/\/www.visit-ulcinj.com\/blog\/#website\",\"url\":\"https:\/\/www.visit-ulcinj.com\/blog\/\",\"name\":\"Lajme nga Ulqini\",\"description\":\"Lajme,Vijesti,Ulqini,Ulqin,Crna Gora,Mali i Zi\",\"potentialAction\":[{\"@type\":\"SearchAction\",\"target\":{\"@type\":\"EntryPoint\",\"urlTemplate\":\"https:\/\/www.visit-ulcinj.com\/blog\/?s={search_term_string}\"},\"query-input\":\"required name=search_term_string\"}],\"inLanguage\":\"en-US\"},{\"@type\":\"ImageObject\",\"inLanguage\":\"en-US\",\"@id\":\"https:\/\/www.visit-ulcinj.com\/blog\/2015\/06\/09\/ministar-gvozdenovic-sa-predstavnicima-delegacije-evropske-komisije-u-posjeti-ulcinjskoj-solani\/#primaryimage\",\"url\":\"https:\/\/www.visit-ulcinj.com\/blog\/wp-content\/uploads\/2015\/06\/Branimir-Gvozdenovic.jpg\",\"contentUrl\":\"https:\/\/www.visit-ulcinj.com\/blog\/wp-content\/uploads\/2015\/06\/Branimir-Gvozdenovic.jpg\",\"width\":640,\"height\":480},{\"@type\":\"WebPage\",\"@id\":\"https:\/\/www.visit-ulcinj.com\/blog\/2015\/06\/09\/ministar-gvozdenovic-sa-predstavnicima-delegacije-evropske-komisije-u-posjeti-ulcinjskoj-solani\/#webpage\",\"url\":\"https:\/\/www.visit-ulcinj.com\/blog\/2015\/06\/09\/ministar-gvozdenovic-sa-predstavnicima-delegacije-evropske-komisije-u-posjeti-ulcinjskoj-solani\/\",\"name\":\"Ministar Gvozdenovi\u0107 sa predstavnicima delegacije Evropske komisije u posjeti ulcinjskoj solani - Lajme nga Ulqini\",\"isPartOf\":{\"@id\":\"https:\/\/www.visit-ulcinj.com\/blog\/#website\"},\"primaryImageOfPage\":{\"@id\":\"https:\/\/www.visit-ulcinj.com\/blog\/2015\/06\/09\/ministar-gvozdenovic-sa-predstavnicima-delegacije-evropske-komisije-u-posjeti-ulcinjskoj-solani\/#primaryimage\"},\"datePublished\":\"2015-06-09T14:35:58+00:00\",\"dateModified\":\"2015-06-09T14:35:58+00:00\",\"author\":{\"@id\":\"https:\/\/www.visit-ulcinj.com\/blog\/#\/schema\/person\/dcab619c614d3038751c63bc2aadc06d\"},\"description\":\"Ministar odr\u017eivog razvoja i turizma Branimir Gvozdenovi\u0107 obi\u0107i \u0107e, zajedno sa predstavnicima delegacije Evropske komisije, u srijedu 10. juna 2015. godine\",\"breadcrumb\":{\"@id\":\"https:\/\/www.visit-ulcinj.com\/blog\/2015\/06\/09\/ministar-gvozdenovic-sa-predstavnicima-delegacije-evropske-komisije-u-posjeti-ulcinjskoj-solani\/#breadcrumb\"},\"inLanguage\":\"en-US\",\"potentialAction\":[{\"@type\":\"ReadAction\",\"target\":[\"https:\/\/www.visit-ulcinj.com\/blog\/2015\/06\/09\/ministar-gvozdenovic-sa-predstavnicima-delegacije-evropske-komisije-u-posjeti-ulcinjskoj-solani\/\"]}]},{\"@type\":\"BreadcrumbList\",\"@id\":\"https:\/\/www.visit-ulcinj.com\/blog\/2015\/06\/09\/ministar-gvozdenovic-sa-predstavnicima-delegacije-evropske-komisije-u-posjeti-ulcinjskoj-solani\/#breadcrumb\",\"itemListElement\":[{\"@type\":\"ListItem\",\"position\":1,\"name\":\"Ministar Gvozdenovi\u0107 sa predstavnicima delegacije Evropske komisije u posjeti ulcinjskoj solani\"}]},{\"@type\":\"Person\",\"@id\":\"https:\/\/www.visit-ulcinj.com\/blog\/#\/schema\/person\/dcab619c614d3038751c63bc2aadc06d\",\"name\":\"ulqini\",\"sameAs\":[\"http:\/\/www.visit-ulcinj.com\"],\"url\":\"https:\/\/www.visit-ulcinj.com\/blog\/author\/admin\/\"}]}<\/script>\n<!-- \/ Yoast SEO plugin. -->","yoast_head_json":{"title":"Ministar Gvozdenovi\u0107 sa predstavnicima delegacije Evropske komisije u posjeti ulcinjskoj solani - Lajme nga Ulqini","description":"Ministar odr\u017eivog razvoja i turizma Branimir Gvozdenovi\u0107 obi\u0107i \u0107e, zajedno sa predstavnicima delegacije Evropske komisije, u srijedu 10. juna 2015. godine","robots":{"index":"index","follow":"follow","max-snippet":"max-snippet:-1","max-image-preview":"max-image-preview:large","max-video-preview":"max-video-preview:-1"},"canonical":"https:\/\/www.visit-ulcinj.com\/blog\/2015\/06\/09\/ministar-gvozdenovic-sa-predstavnicima-delegacije-evropske-komisije-u-posjeti-ulcinjskoj-solani\/","og_locale":"en_US","og_type":"article","og_title":"Ministar Gvozdenovi\u0107 sa predstavnicima delegacije Evropske komisije u posjeti ulcinjskoj solani - Lajme nga Ulqini","og_description":"Ministar odr\u017eivog razvoja i turizma Branimir Gvozdenovi\u0107 obi\u0107i \u0107e, zajedno sa predstavnicima delegacije Evropske komisije, u srijedu 10. juna 2015. godine","og_url":"https:\/\/www.visit-ulcinj.com\/blog\/2015\/06\/09\/ministar-gvozdenovic-sa-predstavnicima-delegacije-evropske-komisije-u-posjeti-ulcinjskoj-solani\/","og_site_name":"Lajme nga Ulqini","article_published_time":"2015-06-09T14:35:58+00:00","og_image":[{"url":"http:\/\/www.visit-ulcinj.com\/blog\/wp-content\/uploads\/2015\/06\/Branimir-Gvozdenovic.jpg"}],"twitter_misc":{"Written by":"ulqini","Est. reading time":"1 minute"},"schema":{"@context":"https:\/\/schema.org","@graph":[{"@type":"WebSite","@id":"https:\/\/www.visit-ulcinj.com\/blog\/#website","url":"https:\/\/www.visit-ulcinj.com\/blog\/","name":"Lajme nga Ulqini","description":"Lajme,Vijesti,Ulqini,Ulqin,Crna Gora,Mali i Zi","potentialAction":[{"@type":"SearchAction","target":{"@type":"EntryPoint","urlTemplate":"https:\/\/www.visit-ulcinj.com\/blog\/?s={search_term_string}"},"query-input":"required name=search_term_string"}],"inLanguage":"en-US"},{"@type":"ImageObject","inLanguage":"en-US","@id":"https:\/\/www.visit-ulcinj.com\/blog\/2015\/06\/09\/ministar-gvozdenovic-sa-predstavnicima-delegacije-evropske-komisije-u-posjeti-ulcinjskoj-solani\/#primaryimage","url":"https:\/\/www.visit-ulcinj.com\/blog\/wp-content\/uploads\/2015\/06\/Branimir-Gvozdenovic.jpg","contentUrl":"https:\/\/www.visit-ulcinj.com\/blog\/wp-content\/uploads\/2015\/06\/Branimir-Gvozdenovic.jpg","width":640,"height":480},{"@type":"WebPage","@id":"https:\/\/www.visit-ulcinj.com\/blog\/2015\/06\/09\/ministar-gvozdenovic-sa-predstavnicima-delegacije-evropske-komisije-u-posjeti-ulcinjskoj-solani\/#webpage","url":"https:\/\/www.visit-ulcinj.com\/blog\/2015\/06\/09\/ministar-gvozdenovic-sa-predstavnicima-delegacije-evropske-komisije-u-posjeti-ulcinjskoj-solani\/","name":"Ministar Gvozdenovi\u0107 sa predstavnicima delegacije Evropske komisije u posjeti ulcinjskoj solani - Lajme nga Ulqini","isPartOf":{"@id":"https:\/\/www.visit-ulcinj.com\/blog\/#website"},"primaryImageOfPage":{"@id":"https:\/\/www.visit-ulcinj.com\/blog\/2015\/06\/09\/ministar-gvozdenovic-sa-predstavnicima-delegacije-evropske-komisije-u-posjeti-ulcinjskoj-solani\/#primaryimage"},"datePublished":"2015-06-09T14:35:58+00:00","dateModified":"2015-06-09T14:35:58+00:00","author":{"@id":"https:\/\/www.visit-ulcinj.com\/blog\/#\/schema\/person\/dcab619c614d3038751c63bc2aadc06d"},"description":"Ministar odr\u017eivog razvoja i turizma Branimir Gvozdenovi\u0107 obi\u0107i \u0107e, zajedno sa predstavnicima delegacije Evropske komisije, u srijedu 10. juna 2015. godine","breadcrumb":{"@id":"https:\/\/www.visit-ulcinj.com\/blog\/2015\/06\/09\/ministar-gvozdenovic-sa-predstavnicima-delegacije-evropske-komisije-u-posjeti-ulcinjskoj-solani\/#breadcrumb"},"inLanguage":"en-US","potentialAction":[{"@type":"ReadAction","target":["https:\/\/www.visit-ulcinj.com\/blog\/2015\/06\/09\/ministar-gvozdenovic-sa-predstavnicima-delegacije-evropske-komisije-u-posjeti-ulcinjskoj-solani\/"]}]},{"@type":"BreadcrumbList","@id":"https:\/\/www.visit-ulcinj.com\/blog\/2015\/06\/09\/ministar-gvozdenovic-sa-predstavnicima-delegacije-evropske-komisije-u-posjeti-ulcinjskoj-solani\/#breadcrumb","itemListElement":[{"@type":"ListItem","position":1,"name":"Ministar Gvozdenovi\u0107 sa predstavnicima delegacije Evropske komisije u posjeti ulcinjskoj solani"}]},{"@type":"Person","@id":"https:\/\/www.visit-ulcinj.com\/blog\/#\/schema\/person\/dcab619c614d3038751c63bc2aadc06d","name":"ulqini","sameAs":["http:\/\/www.visit-ulcinj.com"],"url":"https:\/\/www.visit-ulcinj.com\/blog\/author\/admin\/"}]}},"jetpack_featured_media_url":"","jetpack_sharing_enabled":true,"jetpack_shortlink":"https:\/\/wp.me\/pe6lTn-nDM","_links":{"self":[{"href":"https:\/\/www.visit-ulcinj.com\/blog\/wp-json\/wp\/v2\/posts\/90878"}],"collection":[{"href":"https:\/\/www.visit-ulcinj.com\/blog\/wp-json\/wp\/v2\/posts"}],"about":[{"href":"https:\/\/www.visit-ulcinj.com\/blog\/wp-json\/wp\/v2\/types\/post"}],"author":[{"embeddable":true,"href":"https:\/\/www.visit-ulcinj.com\/blog\/wp-json\/wp\/v2\/users\/1"}],"replies":[{"embeddable":true,"href":"https:\/\/www.visit-ulcinj.com\/blog\/wp-json\/wp\/v2\/comments?post=90878"}],"version-history":[{"count":1,"href":"https:\/\/www.visit-ulcinj.com\/blog\/wp-json\/wp\/v2\/posts\/90878\/revisions"}],"predecessor-version":[{"id":90880,"href":"https:\/\/www.visit-ulcinj.com\/blog\/wp-json\/wp\/v2\/posts\/90878\/revisions\/90880"}],"wp:attachment":[{"href":"https:\/\/www.visit-ulcinj.com\/blog\/wp-json\/wp\/v2\/media?parent=90878"}],"wp:term":[{"taxonomy":"category","embeddable":true,"href":"https:\/\/www.visit-ulcinj.com\/blog\/wp-json\/wp\/v2\/categories?post=90878"},{"taxonomy":"post_tag","embeddable":true,"href":"https:\/\/www.visit-ulcinj.com\/blog\/wp-json\/wp\/v2\/tags?post=90878"}],"curies":[{"name":"wp","href":"https:\/\/api.w.org\/{rel}","templated":true}]}}