{"id":90884,"date":"2015-06-09T15:56:32","date_gmt":"2015-06-09T14:56:32","guid":{"rendered":"http:\/\/www.visit-ulcinj.com\/blog\/?p=90884"},"modified":"2015-06-09T15:56:32","modified_gmt":"2015-06-09T14:56:32","slug":"mbremje-festive-e-gjimnazit-drita","status":"publish","type":"post","link":"https:\/\/www.visit-ulcinj.com\/blog\/2015\/06\/09\/mbremje-festive-e-gjimnazit-drita\/","title":{"rendered":"Mbr\u00ebmje festive e Gjimnazit \u201cDrita\u201d"},"content":{"rendered":"<p><strong>Nx\u00ebn\u00ebs m\u00eb t\u00eb mir\u00eb t\u00eb gjimnazit u shpall\u00ebn Flaka Avdiu, n\u00eb klas\u00ebn e par\u00eb, Rajmond Gjonaj, n\u00eb klas\u00ebn e dyt\u00eb , Muhamed Bisha n\u00eb klas\u00ebn e tret\u00eb dhe Aida Rexhepi n\u00eb klas\u00ebn e kat\u00ebrt.<\/strong><\/p>\n<p><strong>Gjek\u00eb Gjonaj<\/strong><\/p>\n<p>Gjimnazi privat \u201c Drita\u201d i qytetit t\u00eb Ulqinit t\u00eb m\u00ebrkur\u00ebn e kaluar organizoi nj\u00eb mbr\u00ebmje festive n\u00eb hotelin \u201c Mediteran\u201d. N\u00eb k\u00ebt\u00eb ceremoni festive ishin t\u00eb pranish\u00ebm m\u00ebsimdh\u00ebn\u00ebs, nx\u00ebn\u00ebs t\u00eb k\u00ebsaj vatre t\u00eb dituris\u00eb dhe prind\u00ebr. Para t\u00eb pranishm\u00ebve fjal\u00ebn e mori themeluesi i k\u00ebsaj shkolle Hysein Bisha, i cili u d\u00ebshiroi mir\u00ebseardhje dhe i p\u00ebrsh\u00ebndeti t\u00eb pranishmit.<\/p>\n<p><strong>Bisha: N\u00eb sh\u00ebrbim t\u00eb vlerave dhe identitetit t\u00eb kultur\u00ebs shqiptare.<\/strong><\/p>\n<p><a href=\"http:\/\/www.visit-ulcinj.com\/blog\/wp-content\/uploads\/2015\/06\/Hysein-Bisha-Ulqin.jpg\"><img loading=\"lazy\" class=\"alignleft size-full wp-image-90885\" src=\"http:\/\/www.visit-ulcinj.com\/blog\/wp-content\/uploads\/2015\/06\/Hysein-Bisha-Ulqin.jpg\" alt=\"Hysein-Bisha-Ulqin\" width=\"268\" height=\"370\" srcset=\"https:\/\/www.visit-ulcinj.com\/blog\/wp-content\/uploads\/2015\/06\/Hysein-Bisha-Ulqin.jpg 268w, https:\/\/www.visit-ulcinj.com\/blog\/wp-content\/uploads\/2015\/06\/Hysein-Bisha-Ulqin-217x300.jpg 217w\" sizes=\"(max-width: 268px) 100vw, 268px\" \/><\/a>Hysein Bisha n\u00eb mes tjerash tha se kjo shkoll\u00eb ka nj\u00eb histori t\u00eb re n\u00ebnt\u00eb vje\u00e7are, por\u00a0\u00a0 t\u00eb suksesshme dhe me shum\u00eb sfida.<\/p>\n<p>\u201c Kjo shkoll\u00eb q\u00eb nga themelimi ka synuar q\u00eb t\u2019i ndihmoj\u00eb nx\u00ebn\u00ebsit shqiptar\u00eb p\u00ebr t\u00eb nx\u00ebn\u00eb dije dhe kultur\u00eb n\u00eb fusha t\u00eb ndryshme t\u00eb jet\u00ebs njer\u00ebzore. Me veprimtarin\u00eb e vet edukativo-arsimore gjimnazi ka v\u00ebn\u00eb n\u00eb l\u00ebvizje t\u00eb gjith\u00eb potencialin e tij intelektual p\u00ebr t\u2019i p\u00ebrparuar dhe mbrojtur vlerat dhe identitetin e\u00a0\u00a0 kultur\u00ebs shqiptare\u201d, pohoi Bisha. Ai u shpreh optimist se ky institucion i vet\u00ebm privat\u00a0\u00a0 i dijes dhe vlerave me m\u00ebsim n\u00eb gjuh\u00ebn shqipe n\u00eb Mal t\u00eb Zi do t\u00eb mbijetoj\u00eb n\u00eb t\u00eb ardhmen edhe p\u00ebrkund\u00ebr v\u00ebshtir\u00ebsive\u00a0\u00a0 financiare me t\u00eb cilat ballafaqohet. \u201c Ky \u00ebsht\u00eb nj\u00eb institucion me num\u00ebr i vog\u00ebl, ku m\u00ebsimin k\u00ebt\u00eb vit shkollor\u00eb e kan\u00eb ndejkur 80 nx\u00ebn\u00ebs n\u00eb godin\u00ebn e re n\u00eb ambijente t\u00eb p\u00ebrshtatshme\u00a0\u00a0 p\u00ebr zhvillimin e procesit m\u00ebsimor\u00eb, sipas planit dhe programit t\u00eb Minsitris\u00eb s\u00eb Arsimit t\u00eb Malit t\u00eb Zi. Por \u00ebsht\u00eb nj\u00eb kolektiv si nj\u00eb familje e madhe e cila ndjehet e lumtur p\u00ebr rezultatet e pun\u00ebs\u201d, theksoi Bisha , duke i ftuar prind\u00ebrit dhe t\u00eb gjith\u00eb dashamir\u00ebt e arsimit shqip kudo q\u00eb ndodhen q\u00eb t\u00eb ndihmojn\u00eb financiarisht k\u00ebt\u00eb gjimnaz, sepse kjo \u00ebsht\u00eb n\u00eb interesin e popullat\u00ebs shqiptare n\u00eb Malin e Zi.<\/p>\n<p><strong>Hoxhiq: Ky \u00ebsht\u00eb momenti m\u00eb i bukur i pun\u00ebs sime dyzetvje\u00e7are n\u00eb arsim.<\/strong><\/p>\n<p><a href=\"http:\/\/www.visit-ulcinj.com\/blog\/wp-content\/uploads\/2015\/06\/Fejzo-Hoxhiq-Ulqin.jpg\"><img loading=\"lazy\" class=\"alignleft wp-image-90886\" src=\"http:\/\/www.visit-ulcinj.com\/blog\/wp-content\/uploads\/2015\/06\/Fejzo-Hoxhiq-Ulqin.jpg\" alt=\"Fejzo-Hoxhiq-Ulqin\" width=\"508\" height=\"340\" srcset=\"https:\/\/www.visit-ulcinj.com\/blog\/wp-content\/uploads\/2015\/06\/Fejzo-Hoxhiq-Ulqin.jpg 478w, https:\/\/www.visit-ulcinj.com\/blog\/wp-content\/uploads\/2015\/06\/Fejzo-Hoxhiq-Ulqin-300x201.jpg 300w\" sizes=\"(max-width: 508px) 100vw, 508px\" \/><\/a><\/p>\n<p>Drejtori i gjkoll\u00ebs Fejzo Hoxhiq u uroi t\u00eb gjith\u00eb maturant\u00ebve suksese n\u00eb rrug\u00ebn e eduikimit dhe shprehu emocionet mbres\u00ebl\u00ebns\u00ebe q\u00eb i dhuroi kjo gjenerat\u00eb:<\/p>\n<p>\u201c Dola para jush t\u00eb dashur nx\u00ebn\u00ebs dhe prind\u00ebr v\u00ebrtet\u00eb jasht\u00eb protokollit me d\u00ebshir\u00ebn q\u00eb t\u00eb gjith\u00eb maturant\u00ebve t\u00eb ju d\u00ebshiroj nga zemra rrug\u00eb t\u00eb mbar\u00eb n\u00eb shkollimin e tyre t\u00eb m\u00ebtutjesh\u00ebm.<\/p>\n<p>\u201c Un\u00eb gjat\u00eb pun\u00ebs sime 40 &#8211; vje\u00e7are n\u00eb arsim nuk kam patur moment m\u00eb t\u00eb bukur dhe nuk e kam ndier veten m\u00eb t\u00eb g\u00ebzuar se sonte\u201d, u shpreh i emocionuar Hoxhiq.<\/p>\n<p><strong>Markashi: Krenohemi me k\u00ebt\u00eb gjenerat\u00eb<\/strong><\/p>\n<p><a href=\"http:\/\/www.visit-ulcinj.com\/blog\/wp-content\/uploads\/2015\/06\/Nx\u00ebnesit-e-gjimnazit-Drita-Ulqin.jpg\"><img loading=\"lazy\" class=\"alignleft wp-image-90887\" src=\"http:\/\/www.visit-ulcinj.com\/blog\/wp-content\/uploads\/2015\/06\/Nx\u00ebnesit-e-gjimnazit-Drita-Ulqin.jpg\" alt=\"Nx\u00ebnesit e gjimnazit Drita-Ulqin\" width=\"508\" height=\"335\" srcset=\"https:\/\/www.visit-ulcinj.com\/blog\/wp-content\/uploads\/2015\/06\/Nx\u00ebnesit-e-gjimnazit-Drita-Ulqin.jpg 461w, https:\/\/www.visit-ulcinj.com\/blog\/wp-content\/uploads\/2015\/06\/Nx\u00ebnesit-e-gjimnazit-Drita-Ulqin-300x198.jpg 300w\" sizes=\"(max-width: 508px) 100vw, 508px\" \/><\/a><\/p>\n<p>Profesori Mirsad Markashi, n\u00eb em\u00ebr t\u00eb kujdestar\u00ebve t\u00eb klas\u00ebve t\u00eb kat\u00ebrta\u00a0\u00a0 shprehu fjal\u00eb fal\u00ebnderimi p\u00ebr k\u00ebt\u00eb gjenerat\u00eb. Ai t\u00eb gjith\u00eb maturant\u00ebve t\u00eb k\u00ebtij gjimnazi u d\u00ebshiroi n\u00eb radh\u00eb t\u00eb par\u00eb q\u00eb t\u00eb b\u00ebhen njer\u00ebz t\u00eb mir\u00eb e pastaj t\u00eb realizojn\u00eb t\u00eb\u00eb gjitha \u00ebndrrat e tyre Po ashtu fal\u00ebnderoi edhe t\u00eb gjith\u00eb koleg\u00ebt e tij q\u00eb kan\u00eb punuar me k\u00ebt\u00eb gjenerat\u00eb me t\u00eb v\u00ebrtet\u00eb t\u00eb mir\u00eb dhe t\u00eb suksesshme, me t\u00eb cil\u00ebn , si\u00e7 theksoi ai, krenohemi t\u00eb gjith\u00eb.<\/p>\n<p><strong>L\u00ebvdata nx\u00ebn\u00ebsve m\u00eb t\u00eb mir\u00eb<\/strong><\/p>\n<p>Kujdesdar\u00ebt e klas\u00ebve, Isa Kraja, Blerta Zeneli, Sabit Kurti, Mirsad Markashi dhe Astrit Salaj\u00a0\u00a0 nx\u00ebn\u00ebsve t\u00eb dalluar u ndan\u00eb l\u00ebvdata. Nx\u00ebn\u00ebs m\u00eb t\u00eb mir\u00eb t\u00eb shkoll\u00ebs u shpall\u00ebn <strong>Flaka Avdiu<\/strong>, n\u00eb klas\u00ebn e par\u00eb, <strong>Rajmond Gjonaj<\/strong>, n\u00eb klas\u00ebn e dyt\u00eb , <strong>Muhamed Bisha<\/strong> n\u00eb klas\u00ebn e tret\u00eb dhe <strong>Aida Rexhepi<\/strong> n\u00eb klas\u00ebn e kat\u00ebrt.<\/p>\n<p>P\u00ebrve\u00e7 k\u00ebtyre u shp\u00ebrblyen me l\u00ebvdata edhe k\u00ebta nx\u00ebn\u00ebs p\u00ebr sukses shembullor\u00eb dhe t\u00eb shk\u00eblqyesh\u00ebm: <strong>Mersida Xhurretoviq<\/strong><strong>, Arbenita Coboviq, Fatmire Hoxhiq, Besart Hoxhiq, Dorjeta Nasufaga, Arzana Gjenashi, Leart Kallaba, Arb\u00ebr Markashi, Mehdi Demiroviq, Enis Asllanoviq, Genta \u00c7oboviq, Zade Rexha, Dafina Taganoviq, Enis Lika, Fatmire Hoxhiq, Besmir Asllanoviq <\/strong>dhe <strong> Edon Hoxhiq.<br \/>\n<\/strong><\/p>\n<p><strong>Mesazhi i maturant\u00ebve: Sot jemi gjimnazist\u00ebt m\u00eb t\u00eb mir\u00eb , nes\u00ebr do t\u00eb jemi student\u00ebt m\u00eb t\u00eb mir\u00eb.<\/strong><\/p>\n<p>Bukurin\u00eb k\u00ebsaj mbr\u00ebmje magjepse ve\u00e7mas ia shtuan maturant\u00ebt e k\u00ebtij gjimnazi t\u00eb cil\u00ebt n\u00eb uniform\u00ebn e p\u00ebrbashk\u00ebt shk\u00eblyqen me bukurin\u00eb e tyre. Ata t\u00eb entuziasmuar pasi kaluan kat\u00ebr vite t\u00eb paharruara s\u00eb bashku sikur nj\u00eb familje mor\u00ebn d\u00ebftesat p\u00ebr p\u00ebrfundimin e matur\u00ebs. N\u00eb mbyllje t\u00eb k\u00ebsaj nate magjepse u shpreh\u00ebn t\u00eb k\u00ebnaqur q\u00eb kan\u00eb pasur fatin t\u00eb jen\u00eb nx\u00ebn\u00ebs t\u00eb k\u00ebsaj shkolle, dhe premtuan se ashtu si\u00e7 kan\u00eb qen\u00eb gjimnazist\u00ebt m\u00eb t\u00eb mir\u00eb , nes\u00ebr do t\u00eb jen\u00eb edhe student\u00ebt m\u00eb t\u00eb mir\u00eb.<\/p>\n<p>Krahas buz\u00ebqeshjes s\u00eb tyre, nuk munguan as lot\u00ebt e g\u00ebzimit. Me k\u00ebt\u00eb rast doli nga shtypi edhe numri tret\u00eb i Revist\u00ebs shkollore \u201c Drita\u201d.<\/p>\n","protected":false},"excerpt":{"rendered":"<p>Nx\u00ebn\u00ebs m\u00eb t\u00eb mir\u00eb t\u00eb gjimnazit u shpall\u00ebn Flaka Avdiu, n\u00eb klas\u00ebn e par\u00eb, Rajmond Gjonaj, n\u00eb klas\u00ebn e dyt\u00eb , Muhamed Bisha n\u00eb klas\u00ebn e tret\u00eb dhe Aida Rexhepi n\u00eb klas\u00ebn e kat\u00ebrt. Gjek\u00eb Gjonaj Gjimnazi privat \u201c Drita\u201d i qytetit t\u00eb Ulqinit t\u00eb m\u00ebrkur\u00ebn e kaluar organizoi nj\u00eb mbr\u00ebmje festive n\u00eb hotelin \u201c [&hellip;]<\/p>\n","protected":false},"author":1,"featured_media":0,"comment_status":"closed","ping_status":"closed","sticky":false,"template":"","format":"standard","meta":{"spay_email":"","jetpack_publicize_message":"","jetpack_is_tweetstorm":false,"jetpack_publicize_feature_enabled":true},"categories":[13],"tags":[],"jetpack_publicize_connections":[],"yoast_head":"<!-- This site is optimized with the Yoast SEO plugin v19.1 - https:\/\/yoast.com\/wordpress\/plugins\/seo\/ -->\n<title>Mbr\u00ebmje festive e Gjimnazit \u201cDrita\u201d - Lajme nga Ulqini<\/title>\n<meta name=\"description\" content=\"Nx\u00ebn\u00ebs m\u00eb t\u00eb mir\u00eb t\u00eb gjimnazit u shpall\u00ebn Flaka Avdiu, n\u00eb klas\u00ebn e par\u00eb, Rajmond Gjonaj, n\u00eb klas\u00ebn e dyt\u00eb , Muhamed Bisha n\u00eb klas\u00ebn e tret\u00eb dhe Aida\" \/>\n<meta name=\"robots\" content=\"index, follow, max-snippet:-1, max-image-preview:large, max-video-preview:-1\" \/>\n<link rel=\"canonical\" href=\"https:\/\/www.visit-ulcinj.com\/blog\/2015\/06\/09\/mbremje-festive-e-gjimnazit-drita\/\" \/>\n<meta property=\"og:locale\" content=\"en_US\" \/>\n<meta property=\"og:type\" content=\"article\" \/>\n<meta property=\"og:title\" content=\"Mbr\u00ebmje festive e Gjimnazit \u201cDrita\u201d - Lajme nga Ulqini\" \/>\n<meta property=\"og:description\" content=\"Nx\u00ebn\u00ebs m\u00eb t\u00eb mir\u00eb t\u00eb gjimnazit u shpall\u00ebn Flaka Avdiu, n\u00eb klas\u00ebn e par\u00eb, Rajmond Gjonaj, n\u00eb klas\u00ebn e dyt\u00eb , Muhamed Bisha n\u00eb klas\u00ebn e tret\u00eb dhe Aida\" \/>\n<meta property=\"og:url\" content=\"https:\/\/www.visit-ulcinj.com\/blog\/2015\/06\/09\/mbremje-festive-e-gjimnazit-drita\/\" \/>\n<meta property=\"og:site_name\" content=\"Lajme nga Ulqini\" \/>\n<meta property=\"article:published_time\" content=\"2015-06-09T14:56:32+00:00\" \/>\n<meta property=\"og:image\" content=\"http:\/\/www.visit-ulcinj.com\/blog\/wp-content\/uploads\/2015\/06\/Hysein-Bisha-Ulqin.jpg\" \/>\n<meta name=\"twitter:label1\" content=\"Written by\" \/>\n\t<meta name=\"twitter:data1\" content=\"ulqini\" \/>\n\t<meta name=\"twitter:label2\" content=\"Est. reading time\" \/>\n\t<meta name=\"twitter:data2\" content=\"4 minutes\" \/>\n<script type=\"application\/ld+json\" class=\"yoast-schema-graph\">{\"@context\":\"https:\/\/schema.org\",\"@graph\":[{\"@type\":\"WebSite\",\"@id\":\"https:\/\/www.visit-ulcinj.com\/blog\/#website\",\"url\":\"https:\/\/www.visit-ulcinj.com\/blog\/\",\"name\":\"Lajme nga Ulqini\",\"description\":\"Lajme,Vijesti,Ulqini,Ulqin,Crna Gora,Mali i Zi\",\"potentialAction\":[{\"@type\":\"SearchAction\",\"target\":{\"@type\":\"EntryPoint\",\"urlTemplate\":\"https:\/\/www.visit-ulcinj.com\/blog\/?s={search_term_string}\"},\"query-input\":\"required name=search_term_string\"}],\"inLanguage\":\"en-US\"},{\"@type\":\"ImageObject\",\"inLanguage\":\"en-US\",\"@id\":\"https:\/\/www.visit-ulcinj.com\/blog\/2015\/06\/09\/mbremje-festive-e-gjimnazit-drita\/#primaryimage\",\"url\":\"https:\/\/www.visit-ulcinj.com\/blog\/wp-content\/uploads\/2015\/06\/Hysein-Bisha-Ulqin.jpg\",\"contentUrl\":\"https:\/\/www.visit-ulcinj.com\/blog\/wp-content\/uploads\/2015\/06\/Hysein-Bisha-Ulqin.jpg\",\"width\":268,\"height\":370},{\"@type\":\"WebPage\",\"@id\":\"https:\/\/www.visit-ulcinj.com\/blog\/2015\/06\/09\/mbremje-festive-e-gjimnazit-drita\/#webpage\",\"url\":\"https:\/\/www.visit-ulcinj.com\/blog\/2015\/06\/09\/mbremje-festive-e-gjimnazit-drita\/\",\"name\":\"Mbr\u00ebmje festive e Gjimnazit \u201cDrita\u201d - Lajme nga Ulqini\",\"isPartOf\":{\"@id\":\"https:\/\/www.visit-ulcinj.com\/blog\/#website\"},\"primaryImageOfPage\":{\"@id\":\"https:\/\/www.visit-ulcinj.com\/blog\/2015\/06\/09\/mbremje-festive-e-gjimnazit-drita\/#primaryimage\"},\"datePublished\":\"2015-06-09T14:56:32+00:00\",\"dateModified\":\"2015-06-09T14:56:32+00:00\",\"author\":{\"@id\":\"https:\/\/www.visit-ulcinj.com\/blog\/#\/schema\/person\/dcab619c614d3038751c63bc2aadc06d\"},\"description\":\"Nx\u00ebn\u00ebs m\u00eb t\u00eb mir\u00eb t\u00eb gjimnazit u shpall\u00ebn Flaka Avdiu, n\u00eb klas\u00ebn e par\u00eb, Rajmond Gjonaj, n\u00eb klas\u00ebn e dyt\u00eb , Muhamed Bisha n\u00eb klas\u00ebn e tret\u00eb dhe Aida\",\"breadcrumb\":{\"@id\":\"https:\/\/www.visit-ulcinj.com\/blog\/2015\/06\/09\/mbremje-festive-e-gjimnazit-drita\/#breadcrumb\"},\"inLanguage\":\"en-US\",\"potentialAction\":[{\"@type\":\"ReadAction\",\"target\":[\"https:\/\/www.visit-ulcinj.com\/blog\/2015\/06\/09\/mbremje-festive-e-gjimnazit-drita\/\"]}]},{\"@type\":\"BreadcrumbList\",\"@id\":\"https:\/\/www.visit-ulcinj.com\/blog\/2015\/06\/09\/mbremje-festive-e-gjimnazit-drita\/#breadcrumb\",\"itemListElement\":[{\"@type\":\"ListItem\",\"position\":1,\"name\":\"Mbr\u00ebmje festive e Gjimnazit \u201cDrita\u201d\"}]},{\"@type\":\"Person\",\"@id\":\"https:\/\/www.visit-ulcinj.com\/blog\/#\/schema\/person\/dcab619c614d3038751c63bc2aadc06d\",\"name\":\"ulqini\",\"sameAs\":[\"http:\/\/www.visit-ulcinj.com\"],\"url\":\"https:\/\/www.visit-ulcinj.com\/blog\/author\/admin\/\"}]}<\/script>\n<!-- \/ Yoast SEO plugin. -->","yoast_head_json":{"title":"Mbr\u00ebmje festive e Gjimnazit \u201cDrita\u201d - Lajme nga Ulqini","description":"Nx\u00ebn\u00ebs m\u00eb t\u00eb mir\u00eb t\u00eb gjimnazit u shpall\u00ebn Flaka Avdiu, n\u00eb klas\u00ebn e par\u00eb, Rajmond Gjonaj, n\u00eb klas\u00ebn e dyt\u00eb , Muhamed Bisha n\u00eb klas\u00ebn e tret\u00eb dhe Aida","robots":{"index":"index","follow":"follow","max-snippet":"max-snippet:-1","max-image-preview":"max-image-preview:large","max-video-preview":"max-video-preview:-1"},"canonical":"https:\/\/www.visit-ulcinj.com\/blog\/2015\/06\/09\/mbremje-festive-e-gjimnazit-drita\/","og_locale":"en_US","og_type":"article","og_title":"Mbr\u00ebmje festive e Gjimnazit \u201cDrita\u201d - Lajme nga Ulqini","og_description":"Nx\u00ebn\u00ebs m\u00eb t\u00eb mir\u00eb t\u00eb gjimnazit u shpall\u00ebn Flaka Avdiu, n\u00eb klas\u00ebn e par\u00eb, Rajmond Gjonaj, n\u00eb klas\u00ebn e dyt\u00eb , Muhamed Bisha n\u00eb klas\u00ebn e tret\u00eb dhe Aida","og_url":"https:\/\/www.visit-ulcinj.com\/blog\/2015\/06\/09\/mbremje-festive-e-gjimnazit-drita\/","og_site_name":"Lajme nga Ulqini","article_published_time":"2015-06-09T14:56:32+00:00","og_image":[{"url":"http:\/\/www.visit-ulcinj.com\/blog\/wp-content\/uploads\/2015\/06\/Hysein-Bisha-Ulqin.jpg"}],"twitter_misc":{"Written by":"ulqini","Est. reading time":"4 minutes"},"schema":{"@context":"https:\/\/schema.org","@graph":[{"@type":"WebSite","@id":"https:\/\/www.visit-ulcinj.com\/blog\/#website","url":"https:\/\/www.visit-ulcinj.com\/blog\/","name":"Lajme nga Ulqini","description":"Lajme,Vijesti,Ulqini,Ulqin,Crna Gora,Mali i Zi","potentialAction":[{"@type":"SearchAction","target":{"@type":"EntryPoint","urlTemplate":"https:\/\/www.visit-ulcinj.com\/blog\/?s={search_term_string}"},"query-input":"required name=search_term_string"}],"inLanguage":"en-US"},{"@type":"ImageObject","inLanguage":"en-US","@id":"https:\/\/www.visit-ulcinj.com\/blog\/2015\/06\/09\/mbremje-festive-e-gjimnazit-drita\/#primaryimage","url":"https:\/\/www.visit-ulcinj.com\/blog\/wp-content\/uploads\/2015\/06\/Hysein-Bisha-Ulqin.jpg","contentUrl":"https:\/\/www.visit-ulcinj.com\/blog\/wp-content\/uploads\/2015\/06\/Hysein-Bisha-Ulqin.jpg","width":268,"height":370},{"@type":"WebPage","@id":"https:\/\/www.visit-ulcinj.com\/blog\/2015\/06\/09\/mbremje-festive-e-gjimnazit-drita\/#webpage","url":"https:\/\/www.visit-ulcinj.com\/blog\/2015\/06\/09\/mbremje-festive-e-gjimnazit-drita\/","name":"Mbr\u00ebmje festive e Gjimnazit \u201cDrita\u201d - Lajme nga Ulqini","isPartOf":{"@id":"https:\/\/www.visit-ulcinj.com\/blog\/#website"},"primaryImageOfPage":{"@id":"https:\/\/www.visit-ulcinj.com\/blog\/2015\/06\/09\/mbremje-festive-e-gjimnazit-drita\/#primaryimage"},"datePublished":"2015-06-09T14:56:32+00:00","dateModified":"2015-06-09T14:56:32+00:00","author":{"@id":"https:\/\/www.visit-ulcinj.com\/blog\/#\/schema\/person\/dcab619c614d3038751c63bc2aadc06d"},"description":"Nx\u00ebn\u00ebs m\u00eb t\u00eb mir\u00eb t\u00eb gjimnazit u shpall\u00ebn Flaka Avdiu, n\u00eb klas\u00ebn e par\u00eb, Rajmond Gjonaj, n\u00eb klas\u00ebn e dyt\u00eb , Muhamed Bisha n\u00eb klas\u00ebn e tret\u00eb dhe Aida","breadcrumb":{"@id":"https:\/\/www.visit-ulcinj.com\/blog\/2015\/06\/09\/mbremje-festive-e-gjimnazit-drita\/#breadcrumb"},"inLanguage":"en-US","potentialAction":[{"@type":"ReadAction","target":["https:\/\/www.visit-ulcinj.com\/blog\/2015\/06\/09\/mbremje-festive-e-gjimnazit-drita\/"]}]},{"@type":"BreadcrumbList","@id":"https:\/\/www.visit-ulcinj.com\/blog\/2015\/06\/09\/mbremje-festive-e-gjimnazit-drita\/#breadcrumb","itemListElement":[{"@type":"ListItem","position":1,"name":"Mbr\u00ebmje festive e Gjimnazit \u201cDrita\u201d"}]},{"@type":"Person","@id":"https:\/\/www.visit-ulcinj.com\/blog\/#\/schema\/person\/dcab619c614d3038751c63bc2aadc06d","name":"ulqini","sameAs":["http:\/\/www.visit-ulcinj.com"],"url":"https:\/\/www.visit-ulcinj.com\/blog\/author\/admin\/"}]}},"jetpack_featured_media_url":"","jetpack_sharing_enabled":true,"jetpack_shortlink":"https:\/\/wp.me\/pe6lTn-nDS","_links":{"self":[{"href":"https:\/\/www.visit-ulcinj.com\/blog\/wp-json\/wp\/v2\/posts\/90884"}],"collection":[{"href":"https:\/\/www.visit-ulcinj.com\/blog\/wp-json\/wp\/v2\/posts"}],"about":[{"href":"https:\/\/www.visit-ulcinj.com\/blog\/wp-json\/wp\/v2\/types\/post"}],"author":[{"embeddable":true,"href":"https:\/\/www.visit-ulcinj.com\/blog\/wp-json\/wp\/v2\/users\/1"}],"replies":[{"embeddable":true,"href":"https:\/\/www.visit-ulcinj.com\/blog\/wp-json\/wp\/v2\/comments?post=90884"}],"version-history":[{"count":1,"href":"https:\/\/www.visit-ulcinj.com\/blog\/wp-json\/wp\/v2\/posts\/90884\/revisions"}],"predecessor-version":[{"id":90888,"href":"https:\/\/www.visit-ulcinj.com\/blog\/wp-json\/wp\/v2\/posts\/90884\/revisions\/90888"}],"wp:attachment":[{"href":"https:\/\/www.visit-ulcinj.com\/blog\/wp-json\/wp\/v2\/media?parent=90884"}],"wp:term":[{"taxonomy":"category","embeddable":true,"href":"https:\/\/www.visit-ulcinj.com\/blog\/wp-json\/wp\/v2\/categories?post=90884"},{"taxonomy":"post_tag","embeddable":true,"href":"https:\/\/www.visit-ulcinj.com\/blog\/wp-json\/wp\/v2\/tags?post=90884"}],"curies":[{"name":"wp","href":"https:\/\/api.w.org\/{rel}","templated":true}]}}