{"id":90889,"date":"2015-06-09T16:06:01","date_gmt":"2015-06-09T15:06:01","guid":{"rendered":"http:\/\/www.visit-ulcinj.com\/blog\/?p=90889"},"modified":"2015-06-09T16:06:01","modified_gmt":"2015-06-09T15:06:01","slug":"flamuri-shqiptar-trazon-mediat-malazeze","status":"publish","type":"post","link":"https:\/\/www.visit-ulcinj.com\/blog\/2015\/06\/09\/flamuri-shqiptar-trazon-mediat-malazeze\/","title":{"rendered":"Flamuri shqiptar \u201ctrazon\u201d mediat malazeze"},"content":{"rendered":"<div>\n<p class=\"description\"><strong><a href=\"http:\/\/www.visit-ulcinj.com\/blog\/wp-content\/uploads\/2015\/06\/Flamuri-shqiptar-n\u00eb-Rumi-1.jpg\"><img loading=\"lazy\" class=\"alignleft wp-image-90890\" src=\"http:\/\/www.visit-ulcinj.com\/blog\/wp-content\/uploads\/2015\/06\/Flamuri-shqiptar-n\u00eb-Rumi-1.jpg\" alt=\"Flamuri shqiptar n\u00eb Rumi-1\" width=\"508\" height=\"448\" srcset=\"https:\/\/www.visit-ulcinj.com\/blog\/wp-content\/uploads\/2015\/06\/Flamuri-shqiptar-n\u00eb-Rumi-1.jpg 567w, https:\/\/www.visit-ulcinj.com\/blog\/wp-content\/uploads\/2015\/06\/Flamuri-shqiptar-n\u00eb-Rumi-1-300x265.jpg 300w\" sizes=\"(max-width: 508px) 100vw, 508px\" \/><\/a>Shoqata Bjeshkatare \u201cRumia\u201d organizoi t\u00eb diel\u00ebn daljen tradicionale n\u00eb malin e Rumis\u00eb n\u00eb t\u00eb cilin aktivitet mor\u00ebn pjes\u00eb rreth 170 bjeshkatar\u00eb. P\u00ebrve\u00e7 bjeshkatar\u00ebve nga Ulqini, Kraja, Ana e Malit, Mal\u00ebsia pati edhe plot t\u00eb tjer\u00eb Shkodra, Prishtina dhe Gjakova<\/strong><\/p>\n<p>Nj\u00eb dalje e bukur dhe e organizuar mir\u00eb ka edhe pjes\u00ebn e radh\u00ebs q\u00eb \u00ebsht\u00eb b\u00ebr\u00eb tashm\u00eb e zakonshme. Njejt\u00eb si vitin e kaluar edhe k\u00ebt\u00eb vit mediat e shkruara dhe elektronike n\u00eb Mal t\u00eb Zi i kan\u00eb dh\u00ebn\u00eb hap\u00ebsir\u00eb k\u00ebtij aktiviteti ku ajo q\u00eb m\u00eb s\u00eb shumti ju ka r\u00ebn\u00eb n\u00eb sy ka qen\u00eb valvitja e flamurit shqiptar n\u00eb majen e Rumis\u00eb, transmeton Indeksoline.<\/p>\n<p>Disa foto t\u00eb cil\u00ebt jan\u00eb publikuar m\u00eb par\u00eb n\u00eb facebook nga vet pjesmarr\u00ebsit ku mund t\u00eb shihen pamje t\u00eb t\u00eb rinjve me flamuj kan\u00eb qen\u00eb t\u00eb mjaftueshme p\u00ebr t\u00eb b\u00ebr\u00eb tem\u00ebn e radh\u00ebs. E p\u00ebrditshmja malazeze DAN e dit\u00ebs s\u00eb marte n\u00eb ballin\u00ebn e vet mban titullin \u2018\u2019Flamuri shqiptar n\u00eb maje t\u00eb Rumis\u00eb\u2019\u2019.<\/p>\n<p>Kjo e p\u00ebrditshme n\u00eb lidhje me k\u00ebt\u00eb ka kontaktuar edhe Drejtorin\u00eb e policis\u00eb dhe sipas informacioneve jozyrtare q\u00eb kan\u00eb marr\u00eb ata m\u00ebsohet se policia e Tivarit \u00ebsht\u00eb duke u marr\u00eb me gjith\u00eb k\u00ebt\u00eb si rreth fotografive diskutabile, se a b\u00ebhet fjal\u00eb p\u00ebr ndonj\u00eb delegacion t\u00eb bjeshkatareve nga shteti tjet\u00ebr si dhe a \u00ebsht\u00eb Rumia vend publik.<\/p>\n<p>T\u00eb nj\u00ebjtat fotografi mbr\u00ebm\u00eb jan\u00eb publikuar edhe nga nj\u00eb portal informative dhe fluksi i komenteve ka qen\u00eb relativisht i madh dhe pothuajse t\u00eb gjith\u00eb kritikonin aktin e val\u00ebvitjes s\u00eb flamurit shqiptar n\u00eb Rumi.<strong>\/Indeksonline\/<\/strong><br \/>\nLexo m\u00eb shum\u00eb n\u00eb: <a href=\"http:\/\/www.gazetaexpress.com\/lajme\/flamuri-shqiptar-trazon-mediat-malazeze-107254\/\">http:\/\/www.gazetaexpress.com\/lajme\/flamuri-shqiptar-trazon-mediat-malazeze-107254\/?utm_source=referral&amp;utm_medium=web&amp;utm_campaign=copyright<\/a><\/div>\n","protected":false},"excerpt":{"rendered":"<p>Shoqata Bjeshkatare \u201cRumia\u201d organizoi t\u00eb diel\u00ebn daljen tradicionale n\u00eb malin e Rumis\u00eb n\u00eb t\u00eb cilin aktivitet mor\u00ebn pjes\u00eb rreth 170 bjeshkatar\u00eb. P\u00ebrve\u00e7 bjeshkatar\u00ebve nga Ulqini, Kraja, Ana e Malit, Mal\u00ebsia pati edhe plot t\u00eb tjer\u00eb Shkodra, Prishtina dhe Gjakova Nj\u00eb dalje e bukur dhe e organizuar mir\u00eb ka edhe pjes\u00ebn e radh\u00ebs q\u00eb \u00ebsht\u00eb b\u00ebr\u00eb [&hellip;]<\/p>\n","protected":false},"author":1,"featured_media":0,"comment_status":"closed","ping_status":"closed","sticky":false,"template":"","format":"standard","meta":{"spay_email":"","jetpack_publicize_message":"","jetpack_is_tweetstorm":false,"jetpack_publicize_feature_enabled":true},"categories":[7],"tags":[],"jetpack_publicize_connections":[],"yoast_head":"<!-- This site is optimized with the Yoast SEO plugin v19.1 - https:\/\/yoast.com\/wordpress\/plugins\/seo\/ -->\n<title>Flamuri shqiptar \u201ctrazon\u201d mediat malazeze - Lajme nga Ulqini<\/title>\n<meta name=\"description\" content=\"Shoqata Bjeshkatare \u201cRumia\u201d organizoi t\u00eb diel\u00ebn daljen tradicionale n\u00eb malin e Rumis\u00eb n\u00eb t\u00eb cilin aktivitet mor\u00ebn pjes\u00eb rreth 170 bjeshkatar\u00eb. P\u00ebrve\u00e7\" \/>\n<meta name=\"robots\" content=\"index, follow, max-snippet:-1, max-image-preview:large, max-video-preview:-1\" \/>\n<link rel=\"canonical\" href=\"https:\/\/www.visit-ulcinj.com\/blog\/2015\/06\/09\/flamuri-shqiptar-trazon-mediat-malazeze\/\" \/>\n<meta property=\"og:locale\" content=\"en_US\" \/>\n<meta property=\"og:type\" content=\"article\" \/>\n<meta property=\"og:title\" content=\"Flamuri shqiptar \u201ctrazon\u201d mediat malazeze - Lajme nga Ulqini\" \/>\n<meta property=\"og:description\" content=\"Shoqata Bjeshkatare \u201cRumia\u201d organizoi t\u00eb diel\u00ebn daljen tradicionale n\u00eb malin e Rumis\u00eb n\u00eb t\u00eb cilin aktivitet mor\u00ebn pjes\u00eb rreth 170 bjeshkatar\u00eb. P\u00ebrve\u00e7\" \/>\n<meta property=\"og:url\" content=\"https:\/\/www.visit-ulcinj.com\/blog\/2015\/06\/09\/flamuri-shqiptar-trazon-mediat-malazeze\/\" \/>\n<meta property=\"og:site_name\" content=\"Lajme nga Ulqini\" \/>\n<meta property=\"article:published_time\" content=\"2015-06-09T15:06:01+00:00\" \/>\n<meta name=\"twitter:label1\" content=\"Written by\" \/>\n\t<meta name=\"twitter:data1\" content=\"ulqini\" \/>\n\t<meta name=\"twitter:label2\" content=\"Est. reading time\" \/>\n\t<meta name=\"twitter:data2\" content=\"1 minute\" \/>\n<script type=\"application\/ld+json\" class=\"yoast-schema-graph\">{\"@context\":\"https:\/\/schema.org\",\"@graph\":[{\"@type\":\"WebSite\",\"@id\":\"https:\/\/www.visit-ulcinj.com\/blog\/#website\",\"url\":\"https:\/\/www.visit-ulcinj.com\/blog\/\",\"name\":\"Lajme nga Ulqini\",\"description\":\"Lajme,Vijesti,Ulqini,Ulqin,Crna Gora,Mali i Zi\",\"potentialAction\":[{\"@type\":\"SearchAction\",\"target\":{\"@type\":\"EntryPoint\",\"urlTemplate\":\"https:\/\/www.visit-ulcinj.com\/blog\/?s={search_term_string}\"},\"query-input\":\"required name=search_term_string\"}],\"inLanguage\":\"en-US\"},{\"@type\":\"WebPage\",\"@id\":\"https:\/\/www.visit-ulcinj.com\/blog\/2015\/06\/09\/flamuri-shqiptar-trazon-mediat-malazeze\/#webpage\",\"url\":\"https:\/\/www.visit-ulcinj.com\/blog\/2015\/06\/09\/flamuri-shqiptar-trazon-mediat-malazeze\/\",\"name\":\"Flamuri shqiptar \u201ctrazon\u201d mediat malazeze - Lajme nga Ulqini\",\"isPartOf\":{\"@id\":\"https:\/\/www.visit-ulcinj.com\/blog\/#website\"},\"datePublished\":\"2015-06-09T15:06:01+00:00\",\"dateModified\":\"2015-06-09T15:06:01+00:00\",\"author\":{\"@id\":\"https:\/\/www.visit-ulcinj.com\/blog\/#\/schema\/person\/dcab619c614d3038751c63bc2aadc06d\"},\"description\":\"Shoqata Bjeshkatare \u201cRumia\u201d organizoi t\u00eb diel\u00ebn daljen tradicionale n\u00eb malin e Rumis\u00eb n\u00eb t\u00eb cilin aktivitet mor\u00ebn pjes\u00eb rreth 170 bjeshkatar\u00eb. P\u00ebrve\u00e7\",\"breadcrumb\":{\"@id\":\"https:\/\/www.visit-ulcinj.com\/blog\/2015\/06\/09\/flamuri-shqiptar-trazon-mediat-malazeze\/#breadcrumb\"},\"inLanguage\":\"en-US\",\"potentialAction\":[{\"@type\":\"ReadAction\",\"target\":[\"https:\/\/www.visit-ulcinj.com\/blog\/2015\/06\/09\/flamuri-shqiptar-trazon-mediat-malazeze\/\"]}]},{\"@type\":\"BreadcrumbList\",\"@id\":\"https:\/\/www.visit-ulcinj.com\/blog\/2015\/06\/09\/flamuri-shqiptar-trazon-mediat-malazeze\/#breadcrumb\",\"itemListElement\":[{\"@type\":\"ListItem\",\"position\":1,\"name\":\"Flamuri shqiptar \u201ctrazon\u201d mediat malazeze\"}]},{\"@type\":\"Person\",\"@id\":\"https:\/\/www.visit-ulcinj.com\/blog\/#\/schema\/person\/dcab619c614d3038751c63bc2aadc06d\",\"name\":\"ulqini\",\"sameAs\":[\"http:\/\/www.visit-ulcinj.com\"],\"url\":\"https:\/\/www.visit-ulcinj.com\/blog\/author\/admin\/\"}]}<\/script>\n<!-- \/ Yoast SEO plugin. -->","yoast_head_json":{"title":"Flamuri shqiptar \u201ctrazon\u201d mediat malazeze - Lajme nga Ulqini","description":"Shoqata Bjeshkatare \u201cRumia\u201d organizoi t\u00eb diel\u00ebn daljen tradicionale n\u00eb malin e Rumis\u00eb n\u00eb t\u00eb cilin aktivitet mor\u00ebn pjes\u00eb rreth 170 bjeshkatar\u00eb. P\u00ebrve\u00e7","robots":{"index":"index","follow":"follow","max-snippet":"max-snippet:-1","max-image-preview":"max-image-preview:large","max-video-preview":"max-video-preview:-1"},"canonical":"https:\/\/www.visit-ulcinj.com\/blog\/2015\/06\/09\/flamuri-shqiptar-trazon-mediat-malazeze\/","og_locale":"en_US","og_type":"article","og_title":"Flamuri shqiptar \u201ctrazon\u201d mediat malazeze - Lajme nga Ulqini","og_description":"Shoqata Bjeshkatare \u201cRumia\u201d organizoi t\u00eb diel\u00ebn daljen tradicionale n\u00eb malin e Rumis\u00eb n\u00eb t\u00eb cilin aktivitet mor\u00ebn pjes\u00eb rreth 170 bjeshkatar\u00eb. P\u00ebrve\u00e7","og_url":"https:\/\/www.visit-ulcinj.com\/blog\/2015\/06\/09\/flamuri-shqiptar-trazon-mediat-malazeze\/","og_site_name":"Lajme nga Ulqini","article_published_time":"2015-06-09T15:06:01+00:00","twitter_misc":{"Written by":"ulqini","Est. reading time":"1 minute"},"schema":{"@context":"https:\/\/schema.org","@graph":[{"@type":"WebSite","@id":"https:\/\/www.visit-ulcinj.com\/blog\/#website","url":"https:\/\/www.visit-ulcinj.com\/blog\/","name":"Lajme nga Ulqini","description":"Lajme,Vijesti,Ulqini,Ulqin,Crna Gora,Mali i Zi","potentialAction":[{"@type":"SearchAction","target":{"@type":"EntryPoint","urlTemplate":"https:\/\/www.visit-ulcinj.com\/blog\/?s={search_term_string}"},"query-input":"required name=search_term_string"}],"inLanguage":"en-US"},{"@type":"WebPage","@id":"https:\/\/www.visit-ulcinj.com\/blog\/2015\/06\/09\/flamuri-shqiptar-trazon-mediat-malazeze\/#webpage","url":"https:\/\/www.visit-ulcinj.com\/blog\/2015\/06\/09\/flamuri-shqiptar-trazon-mediat-malazeze\/","name":"Flamuri shqiptar \u201ctrazon\u201d mediat malazeze - Lajme nga Ulqini","isPartOf":{"@id":"https:\/\/www.visit-ulcinj.com\/blog\/#website"},"datePublished":"2015-06-09T15:06:01+00:00","dateModified":"2015-06-09T15:06:01+00:00","author":{"@id":"https:\/\/www.visit-ulcinj.com\/blog\/#\/schema\/person\/dcab619c614d3038751c63bc2aadc06d"},"description":"Shoqata Bjeshkatare \u201cRumia\u201d organizoi t\u00eb diel\u00ebn daljen tradicionale n\u00eb malin e Rumis\u00eb n\u00eb t\u00eb cilin aktivitet mor\u00ebn pjes\u00eb rreth 170 bjeshkatar\u00eb. P\u00ebrve\u00e7","breadcrumb":{"@id":"https:\/\/www.visit-ulcinj.com\/blog\/2015\/06\/09\/flamuri-shqiptar-trazon-mediat-malazeze\/#breadcrumb"},"inLanguage":"en-US","potentialAction":[{"@type":"ReadAction","target":["https:\/\/www.visit-ulcinj.com\/blog\/2015\/06\/09\/flamuri-shqiptar-trazon-mediat-malazeze\/"]}]},{"@type":"BreadcrumbList","@id":"https:\/\/www.visit-ulcinj.com\/blog\/2015\/06\/09\/flamuri-shqiptar-trazon-mediat-malazeze\/#breadcrumb","itemListElement":[{"@type":"ListItem","position":1,"name":"Flamuri shqiptar \u201ctrazon\u201d mediat malazeze"}]},{"@type":"Person","@id":"https:\/\/www.visit-ulcinj.com\/blog\/#\/schema\/person\/dcab619c614d3038751c63bc2aadc06d","name":"ulqini","sameAs":["http:\/\/www.visit-ulcinj.com"],"url":"https:\/\/www.visit-ulcinj.com\/blog\/author\/admin\/"}]}},"jetpack_featured_media_url":"","jetpack_sharing_enabled":true,"jetpack_shortlink":"https:\/\/wp.me\/pe6lTn-nDX","_links":{"self":[{"href":"https:\/\/www.visit-ulcinj.com\/blog\/wp-json\/wp\/v2\/posts\/90889"}],"collection":[{"href":"https:\/\/www.visit-ulcinj.com\/blog\/wp-json\/wp\/v2\/posts"}],"about":[{"href":"https:\/\/www.visit-ulcinj.com\/blog\/wp-json\/wp\/v2\/types\/post"}],"author":[{"embeddable":true,"href":"https:\/\/www.visit-ulcinj.com\/blog\/wp-json\/wp\/v2\/users\/1"}],"replies":[{"embeddable":true,"href":"https:\/\/www.visit-ulcinj.com\/blog\/wp-json\/wp\/v2\/comments?post=90889"}],"version-history":[{"count":1,"href":"https:\/\/www.visit-ulcinj.com\/blog\/wp-json\/wp\/v2\/posts\/90889\/revisions"}],"predecessor-version":[{"id":90891,"href":"https:\/\/www.visit-ulcinj.com\/blog\/wp-json\/wp\/v2\/posts\/90889\/revisions\/90891"}],"wp:attachment":[{"href":"https:\/\/www.visit-ulcinj.com\/blog\/wp-json\/wp\/v2\/media?parent=90889"}],"wp:term":[{"taxonomy":"category","embeddable":true,"href":"https:\/\/www.visit-ulcinj.com\/blog\/wp-json\/wp\/v2\/categories?post=90889"},{"taxonomy":"post_tag","embeddable":true,"href":"https:\/\/www.visit-ulcinj.com\/blog\/wp-json\/wp\/v2\/tags?post=90889"}],"curies":[{"name":"wp","href":"https:\/\/api.w.org\/{rel}","templated":true}]}}